{"id":48827,"date":"2026-04-27T09:12:41","date_gmt":"2026-04-27T09:12:41","guid":{"rendered":"https:\/\/www.evropskakuca.me\/?post_type=story&#038;p=48827"},"modified":"2026-04-27T09:12:43","modified_gmt":"2026-04-27T09:12:43","slug":"uz-podrsku-eu-via-ferrata-piva-otvara-vrata-novim-turistickim-iskustvima","status":"publish","type":"story","link":"https:\/\/www.evropskakuca.me\/me\/story\/uz-podrsku-eu-via-ferrata-piva-otvara-vrata-novim-turistickim-iskustvima\/","title":{"rendered":"Uz podr\u0161ku EU: Via Ferrata Piva otvara vrata novim turisti\u010dkim iskustvima"},"content":{"rendered":"\n<p>U kanjonu Pive kod Plu\u017eina dostupna je prva sertifikovana via ferrata u Crnoj Gori \u2013 posebno ure\u0111ena i osigurana penja\u010dka ruta u stijeni, opremljena sajlama, metalnim gazi\u0161tima i drugim sigurnosnim elementima.<\/p>\n\n\n\n<p>Otvorena u oktobru 2024. Via Ferrata Piva za\u0161ti\u0107ena je penja\u010dka ruta, duga 800 metara. Kategorije je srednje lake i sa maksimalnom visinom od 130 metara iznad rijeke Pive.<\/p>\n\n\n\n<p>Prosje\u010dna tura traje dva i po do tri sata i kako ka\u017eu, iz Via Ferrate Piva, nije potrebno prethodno iskustvo u penjanju, ve\u0107 je dovoljna umjerena fizi\u010dka sprema.<\/p>\n\n\n\n<figure class=\"wp-block-image size-full\"><img fetchpriority=\"high\" decoding=\"async\" width=\"890\" height=\"500\" src=\"https:\/\/www.evropskakuca.me\/wp-content\/uploads\/2026\/04\/via-ferrata-piva-sections-890x500-1.webp\" alt=\"\" class=\"wp-image-48830\" srcset=\"https:\/\/www.evropskakuca.me\/wp-content\/uploads\/2026\/04\/via-ferrata-piva-sections-890x500-1.webp 890w, https:\/\/www.evropskakuca.me\/wp-content\/uploads\/2026\/04\/via-ferrata-piva-sections-890x500-1-300x169.webp 300w, https:\/\/www.evropskakuca.me\/wp-content\/uploads\/2026\/04\/via-ferrata-piva-sections-890x500-1-768x431.webp 768w\" sizes=\"(max-width: 890px) 100vw, 890px\" \/><\/figure>\n\n\n\n<p>Ruta po\u010dinje kod mosta na rijeci Pivi, spu\u0161ta se do prirodnog izvora, prolazi iznad rijeke i zavr\u0161ava se vertikalnim usponom od 80 metara. Naj\u010de\u0161\u0107i gosti Via Ferrata Piva su iz Holandije, Njema\u010dke, Belgije, Izraela, Velike Britanije, Srbije, Hrvatske i SAD.<\/p>\n\n\n\n<p>\u201cZadovoljni smo po\u010detkom turisti\u010dke sezone i prve organizovane grupe posjetilaca stigle su ve\u0107 u martu, i to iz razli\u010ditih krajeva svijeta \u2013 uklju\u010duju\u0107i Maroko, Brazil, Venecuelu i Njema\u010dku. Ovaj avanturisti\u010dki sadr\u017eaj u kanjonu Pive kod Plu\u017eina sve vi\u0161e privla\u010di me\u0111unarodne turiste, potvr\u0111uju\u0107i rast interesovanja za aktivni turizam u ovom dijelu Crne Gore\u201d, nagla\u0161avaju u Via Ferrati Piva.<\/p>\n\n\n\n<figure class=\"wp-block-image size-full\"><img decoding=\"async\" width=\"1000\" height=\"643\" src=\"https:\/\/www.evropskakuca.me\/wp-content\/uploads\/2026\/04\/5718894_screenshot-20260410-121604_ff-e1776943557528.jpg\" alt=\"\" class=\"wp-image-48832\" srcset=\"https:\/\/www.evropskakuca.me\/wp-content\/uploads\/2026\/04\/5718894_screenshot-20260410-121604_ff-e1776943557528.jpg 1000w, https:\/\/www.evropskakuca.me\/wp-content\/uploads\/2026\/04\/5718894_screenshot-20260410-121604_ff-e1776943557528-300x193.jpg 300w, https:\/\/www.evropskakuca.me\/wp-content\/uploads\/2026\/04\/5718894_screenshot-20260410-121604_ff-e1776943557528-768x494.jpg 768w\" sizes=\"(max-width: 1000px) 100vw, 1000px\" \/><\/figure>\n\n\n\n<p>Kroz ovakve infrastrukturne projekte, kako zaklju\u010duju, unapre\u0111uje se turisti\u010dka ponuda i valorizuje prirodno naslje\u0111e, \u0161to je bio i cilj projekta Via Ferrata Piva, realizovanog uz&nbsp;<strong>podr\u0161ku Evropske unije<\/strong>&nbsp;kroz IPA program prekograni\u010dne saradnje Srbija \u2013 Crna Gora.<\/p>\n\n\n\n<p>Izvor:&nbsp;<a href=\"https:\/\/www.vijesti.me\/vijesti\/drustvo\/803955\/u-via-ferrata-piva-zadovoljni-pocetkom-sezone-prvi-gosti-stigli-iz-maroka-brazila-venezuele-njemacke\">vijesti.me<\/a><\/p>\n\n\n\n<p>Foto:&nbsp;<a href=\"https:\/\/viaferratapiva.me\/me\/\">viaferratapiva.me<\/a><\/p>\n","protected":false},"featured_media":48828,"template":"","class_list":["post-48827","story","type-story","status-publish","has-post-thumbnail","hentry"],"acf":[],"yoast_head":"<!-- This site is optimized with the Yoast SEO plugin v27.3 - https:\/\/yoast.com\/product\/yoast-seo-wordpress\/ -->\n<title>Uz podr\u0161ku EU: Via Ferrata Piva otvara vrata novim turisti\u010dkim iskustvima - Europe House<\/title>\n<meta name=\"robots\" content=\"index, follow, max-snippet:-1, max-image-preview:large, max-video-preview:-1\" \/>\n<link rel=\"canonical\" href=\"https:\/\/www.evropskakuca.me\/me\/story\/uz-podrsku-eu-via-ferrata-piva-otvara-vrata-novim-turistickim-iskustvima\/\" \/>\n<meta property=\"og:locale\" content=\"en_US\" \/>\n<meta property=\"og:type\" content=\"article\" \/>\n<meta property=\"og:title\" content=\"Uz podr\u0161ku EU: Via Ferrata Piva otvara vrata novim turisti\u010dkim iskustvima - Europe House\" \/>\n<meta property=\"og:description\" content=\"U kanjonu Pive kod Plu\u017eina dostupna je prva sertifikovana via ferrata u Crnoj Gori \u2013 posebno ure\u0111ena i osigurana penja\u010dka ruta u stijeni, opremljena sajlama, metalnim gazi\u0161tima i drugim sigurnosnim elementima. Otvorena u oktobru 2024. Via Ferrata Piva za\u0161ti\u0107ena je penja\u010dka ruta, duga 800 metara. Kategorije je srednje lake i sa maksimalnom visinom od 130 [&hellip;]\" \/>\n<meta property=\"og:url\" content=\"https:\/\/www.evropskakuca.me\/me\/story\/uz-podrsku-eu-via-ferrata-piva-otvara-vrata-novim-turistickim-iskustvima\/\" \/>\n<meta property=\"og:site_name\" content=\"Europe House\" \/>\n<meta property=\"article:publisher\" content=\"https:\/\/www.facebook.com\/evropska.kuca\" \/>\n<meta property=\"article:modified_time\" content=\"2026-04-27T09:12:43+00:00\" \/>\n<meta property=\"og:image\" content=\"https:\/\/www.evropskakuca.me\/wp-content\/uploads\/2026\/04\/5718898_screenshot-20260410-121342_ff-e1777281066127.jpg\" \/>\n\t<meta property=\"og:image:width\" content=\"1000\" \/>\n\t<meta property=\"og:image:height\" content=\"457\" \/>\n\t<meta property=\"og:image:type\" content=\"image\/jpeg\" \/>\n<meta name=\"twitter:card\" content=\"summary_large_image\" \/>\n<meta name=\"twitter:site\" content=\"@evropska_kuca\" \/>\n<meta name=\"twitter:label1\" content=\"Est. reading time\" \/>\n\t<meta name=\"twitter:data1\" content=\"2 minutes\" \/>\n<script type=\"application\/ld+json\" class=\"yoast-schema-graph\">{\"@context\":\"https:\\\/\\\/schema.org\",\"@graph\":[{\"@type\":\"WebPage\",\"@id\":\"https:\\\/\\\/www.evropskakuca.me\\\/me\\\/story\\\/uz-podrsku-eu-via-ferrata-piva-otvara-vrata-novim-turistickim-iskustvima\\\/\",\"url\":\"https:\\\/\\\/www.evropskakuca.me\\\/me\\\/story\\\/uz-podrsku-eu-via-ferrata-piva-otvara-vrata-novim-turistickim-iskustvima\\\/\",\"name\":\"Uz podr\u0161ku EU: Via Ferrata Piva otvara vrata novim turisti\u010dkim iskustvima - Europe House\",\"isPartOf\":{\"@id\":\"https:\\\/\\\/www.evropskakuca.me\\\/me\\\/#website\"},\"primaryImageOfPage\":{\"@id\":\"https:\\\/\\\/www.evropskakuca.me\\\/me\\\/story\\\/uz-podrsku-eu-via-ferrata-piva-otvara-vrata-novim-turistickim-iskustvima\\\/#primaryimage\"},\"image\":{\"@id\":\"https:\\\/\\\/www.evropskakuca.me\\\/me\\\/story\\\/uz-podrsku-eu-via-ferrata-piva-otvara-vrata-novim-turistickim-iskustvima\\\/#primaryimage\"},\"thumbnailUrl\":\"https:\\\/\\\/www.evropskakuca.me\\\/wp-content\\\/uploads\\\/2026\\\/04\\\/5718898_screenshot-20260410-121342_ff-e1777281066127.jpg\",\"datePublished\":\"2026-04-27T09:12:41+00:00\",\"dateModified\":\"2026-04-27T09:12:43+00:00\",\"breadcrumb\":{\"@id\":\"https:\\\/\\\/www.evropskakuca.me\\\/me\\\/story\\\/uz-podrsku-eu-via-ferrata-piva-otvara-vrata-novim-turistickim-iskustvima\\\/#breadcrumb\"},\"inLanguage\":\"me-ME\",\"potentialAction\":[{\"@type\":\"ReadAction\",\"target\":[\"https:\\\/\\\/www.evropskakuca.me\\\/me\\\/story\\\/uz-podrsku-eu-via-ferrata-piva-otvara-vrata-novim-turistickim-iskustvima\\\/\"]}]},{\"@type\":\"ImageObject\",\"inLanguage\":\"me-ME\",\"@id\":\"https:\\\/\\\/www.evropskakuca.me\\\/me\\\/story\\\/uz-podrsku-eu-via-ferrata-piva-otvara-vrata-novim-turistickim-iskustvima\\\/#primaryimage\",\"url\":\"https:\\\/\\\/www.evropskakuca.me\\\/wp-content\\\/uploads\\\/2026\\\/04\\\/5718898_screenshot-20260410-121342_ff-e1777281066127.jpg\",\"contentUrl\":\"https:\\\/\\\/www.evropskakuca.me\\\/wp-content\\\/uploads\\\/2026\\\/04\\\/5718898_screenshot-20260410-121342_ff-e1777281066127.jpg\",\"width\":1000,\"height\":457},{\"@type\":\"BreadcrumbList\",\"@id\":\"https:\\\/\\\/www.evropskakuca.me\\\/me\\\/story\\\/uz-podrsku-eu-via-ferrata-piva-otvara-vrata-novim-turistickim-iskustvima\\\/#breadcrumb\",\"itemListElement\":[{\"@type\":\"ListItem\",\"position\":1,\"name\":\"Home\",\"item\":\"https:\\\/\\\/www.evropskakuca.me\\\/me\\\/\"},{\"@type\":\"ListItem\",\"position\":2,\"name\":\"Uz podr\u0161ku EU: Via Ferrata Piva otvara vrata novim turisti\u010dkim iskustvima\"}]},{\"@type\":\"WebSite\",\"@id\":\"https:\\\/\\\/www.evropskakuca.me\\\/me\\\/#website\",\"url\":\"https:\\\/\\\/www.evropskakuca.me\\\/me\\\/\",\"name\":\"Evropean house\",\"description\":\"\",\"publisher\":{\"@id\":\"https:\\\/\\\/www.evropskakuca.me\\\/me\\\/#organization\"},\"potentialAction\":[{\"@type\":\"SearchAction\",\"target\":{\"@type\":\"EntryPoint\",\"urlTemplate\":\"https:\\\/\\\/www.evropskakuca.me\\\/me\\\/?s={search_term_string}\"},\"query-input\":{\"@type\":\"PropertyValueSpecification\",\"valueRequired\":true,\"valueName\":\"search_term_string\"}}],\"inLanguage\":\"me-ME\"},{\"@type\":\"Organization\",\"@id\":\"https:\\\/\\\/www.evropskakuca.me\\\/me\\\/#organization\",\"name\":\"Evropean house\",\"url\":\"https:\\\/\\\/www.evropskakuca.me\\\/me\\\/\",\"logo\":{\"@type\":\"ImageObject\",\"inLanguage\":\"me-ME\",\"@id\":\"https:\\\/\\\/www.evropskakuca.me\\\/me\\\/#\\\/schema\\\/logo\\\/image\\\/\",\"url\":\"https:\\\/\\\/www.evropskakuca.me\\\/wp-content\\\/uploads\\\/2025\\\/01\\\/evropska-kuca-logo-1.png\",\"contentUrl\":\"https:\\\/\\\/www.evropskakuca.me\\\/wp-content\\\/uploads\\\/2025\\\/01\\\/evropska-kuca-logo-1.png\",\"width\":425,\"height\":312,\"caption\":\"Evropean house\"},\"image\":{\"@id\":\"https:\\\/\\\/www.evropskakuca.me\\\/me\\\/#\\\/schema\\\/logo\\\/image\\\/\"},\"sameAs\":[\"https:\\\/\\\/www.facebook.com\\\/evropska.kuca\",\"https:\\\/\\\/x.com\\\/evropska_kuca\",\"https:\\\/\\\/www.instagram.com\\\/evropska_kuca\"]}]}<\/script>\n<!-- \/ Yoast SEO plugin. -->","yoast_head_json":{"title":"Uz podr\u0161ku EU: Via Ferrata Piva otvara vrata novim turisti\u010dkim iskustvima - Europe House","robots":{"index":"index","follow":"follow","max-snippet":"max-snippet:-1","max-image-preview":"max-image-preview:large","max-video-preview":"max-video-preview:-1"},"canonical":"https:\/\/www.evropskakuca.me\/me\/story\/uz-podrsku-eu-via-ferrata-piva-otvara-vrata-novim-turistickim-iskustvima\/","og_locale":"en_US","og_type":"article","og_title":"Uz podr\u0161ku EU: Via Ferrata Piva otvara vrata novim turisti\u010dkim iskustvima - Europe House","og_description":"U kanjonu Pive kod Plu\u017eina dostupna je prva sertifikovana via ferrata u Crnoj Gori \u2013 posebno ure\u0111ena i osigurana penja\u010dka ruta u stijeni, opremljena sajlama, metalnim gazi\u0161tima i drugim sigurnosnim elementima. Otvorena u oktobru 2024. Via Ferrata Piva za\u0161ti\u0107ena je penja\u010dka ruta, duga 800 metara. Kategorije je srednje lake i sa maksimalnom visinom od 130 [&hellip;]","og_url":"https:\/\/www.evropskakuca.me\/me\/story\/uz-podrsku-eu-via-ferrata-piva-otvara-vrata-novim-turistickim-iskustvima\/","og_site_name":"Europe House","article_publisher":"https:\/\/www.facebook.com\/evropska.kuca","article_modified_time":"2026-04-27T09:12:43+00:00","og_image":[{"width":1000,"height":457,"url":"https:\/\/www.evropskakuca.me\/wp-content\/uploads\/2026\/04\/5718898_screenshot-20260410-121342_ff-e1777281066127.jpg","type":"image\/jpeg"}],"twitter_card":"summary_large_image","twitter_site":"@evropska_kuca","twitter_misc":{"Est. reading time":"2 minutes"},"schema":{"@context":"https:\/\/schema.org","@graph":[{"@type":"WebPage","@id":"https:\/\/www.evropskakuca.me\/me\/story\/uz-podrsku-eu-via-ferrata-piva-otvara-vrata-novim-turistickim-iskustvima\/","url":"https:\/\/www.evropskakuca.me\/me\/story\/uz-podrsku-eu-via-ferrata-piva-otvara-vrata-novim-turistickim-iskustvima\/","name":"Uz podr\u0161ku EU: Via Ferrata Piva otvara vrata novim turisti\u010dkim iskustvima - Europe House","isPartOf":{"@id":"https:\/\/www.evropskakuca.me\/me\/#website"},"primaryImageOfPage":{"@id":"https:\/\/www.evropskakuca.me\/me\/story\/uz-podrsku-eu-via-ferrata-piva-otvara-vrata-novim-turistickim-iskustvima\/#primaryimage"},"image":{"@id":"https:\/\/www.evropskakuca.me\/me\/story\/uz-podrsku-eu-via-ferrata-piva-otvara-vrata-novim-turistickim-iskustvima\/#primaryimage"},"thumbnailUrl":"https:\/\/www.evropskakuca.me\/wp-content\/uploads\/2026\/04\/5718898_screenshot-20260410-121342_ff-e1777281066127.jpg","datePublished":"2026-04-27T09:12:41+00:00","dateModified":"2026-04-27T09:12:43+00:00","breadcrumb":{"@id":"https:\/\/www.evropskakuca.me\/me\/story\/uz-podrsku-eu-via-ferrata-piva-otvara-vrata-novim-turistickim-iskustvima\/#breadcrumb"},"inLanguage":"me-ME","potentialAction":[{"@type":"ReadAction","target":["https:\/\/www.evropskakuca.me\/me\/story\/uz-podrsku-eu-via-ferrata-piva-otvara-vrata-novim-turistickim-iskustvima\/"]}]},{"@type":"ImageObject","inLanguage":"me-ME","@id":"https:\/\/www.evropskakuca.me\/me\/story\/uz-podrsku-eu-via-ferrata-piva-otvara-vrata-novim-turistickim-iskustvima\/#primaryimage","url":"https:\/\/www.evropskakuca.me\/wp-content\/uploads\/2026\/04\/5718898_screenshot-20260410-121342_ff-e1777281066127.jpg","contentUrl":"https:\/\/www.evropskakuca.me\/wp-content\/uploads\/2026\/04\/5718898_screenshot-20260410-121342_ff-e1777281066127.jpg","width":1000,"height":457},{"@type":"BreadcrumbList","@id":"https:\/\/www.evropskakuca.me\/me\/story\/uz-podrsku-eu-via-ferrata-piva-otvara-vrata-novim-turistickim-iskustvima\/#breadcrumb","itemListElement":[{"@type":"ListItem","position":1,"name":"Home","item":"https:\/\/www.evropskakuca.me\/me\/"},{"@type":"ListItem","position":2,"name":"Uz podr\u0161ku EU: Via Ferrata Piva otvara vrata novim turisti\u010dkim iskustvima"}]},{"@type":"WebSite","@id":"https:\/\/www.evropskakuca.me\/me\/#website","url":"https:\/\/www.evropskakuca.me\/me\/","name":"Evropean house","description":"","publisher":{"@id":"https:\/\/www.evropskakuca.me\/me\/#organization"},"potentialAction":[{"@type":"SearchAction","target":{"@type":"EntryPoint","urlTemplate":"https:\/\/www.evropskakuca.me\/me\/?s={search_term_string}"},"query-input":{"@type":"PropertyValueSpecification","valueRequired":true,"valueName":"search_term_string"}}],"inLanguage":"me-ME"},{"@type":"Organization","@id":"https:\/\/www.evropskakuca.me\/me\/#organization","name":"Evropean house","url":"https:\/\/www.evropskakuca.me\/me\/","logo":{"@type":"ImageObject","inLanguage":"me-ME","@id":"https:\/\/www.evropskakuca.me\/me\/#\/schema\/logo\/image\/","url":"https:\/\/www.evropskakuca.me\/wp-content\/uploads\/2025\/01\/evropska-kuca-logo-1.png","contentUrl":"https:\/\/www.evropskakuca.me\/wp-content\/uploads\/2025\/01\/evropska-kuca-logo-1.png","width":425,"height":312,"caption":"Evropean house"},"image":{"@id":"https:\/\/www.evropskakuca.me\/me\/#\/schema\/logo\/image\/"},"sameAs":["https:\/\/www.facebook.com\/evropska.kuca","https:\/\/x.com\/evropska_kuca","https:\/\/www.instagram.com\/evropska_kuca"]}]}},"_links":{"self":[{"href":"https:\/\/www.evropskakuca.me\/me\/wp-json\/wp\/v2\/story\/48827","targetHints":{"allow":["GET"]}}],"collection":[{"href":"https:\/\/www.evropskakuca.me\/me\/wp-json\/wp\/v2\/story"}],"about":[{"href":"https:\/\/www.evropskakuca.me\/me\/wp-json\/wp\/v2\/types\/story"}],"wp:featuredmedia":[{"embeddable":true,"href":"https:\/\/www.evropskakuca.me\/me\/wp-json\/wp\/v2\/media\/48828"}],"wp:attachment":[{"href":"https:\/\/www.evropskakuca.me\/me\/wp-json\/wp\/v2\/media?parent=48827"}],"curies":[{"name":"wp","href":"https:\/\/api.w.org\/{rel}","templated":true}]}}