{"id":47267,"date":"2026-01-14T13:02:52","date_gmt":"2026-01-14T13:02:52","guid":{"rendered":"https:\/\/www.evropskakuca.me\/?post_type=story&#038;p=47267"},"modified":"2026-01-14T13:02:54","modified_gmt":"2026-01-14T13:02:54","slug":"dvije-obale-jedna-prica-nova-dimenzija-saradnje-pluzina-i-foce","status":"publish","type":"story","link":"https:\/\/www.evropskakuca.me\/me\/story\/dvije-obale-jedna-prica-nova-dimenzija-saradnje-pluzina-i-foce\/","title":{"rendered":"Dvije obale, jedna pri\u010da: nova dimenzija saradnje Plu\u017eina i Fo\u010de"},"content":{"rendered":"\n<p>Na granici Crne Gore i Bosne i Hercegovine, op\u0161tine Plu\u017eine i Fo\u010da razvijaju novu dimenziju saradnje sa ciljem da stvore jedinstvenu turisti\u010dku ponudu zasnovanu na prirodnim ljepotama i kulturnom naslje\u0111u regiona. Ovaj zajedni\u010dki pristup pove\u0107ava vidljivost destinacije, privla\u010di ve\u0107i broj posjetilaca i ja\u010da temelje odr\u017eivog turizma.<\/p>\n\n\n\n<p>Pivsko jezero, rijeka Drina i veli\u010danstveni planinski pejza\u017ei postaju sredi\u0161te novih sadr\u017eaja, me\u0111u kojima je i avanturisti\u010dki park, ure\u0111eni vidikovci i unaprije\u0111ena turisti\u010dka signalizacija koja olak\u0161ava kretanje posjetilaca i otkriva manje poznate lokalitete. Digitalni alati doprinose modernijoj prezentaciji destinacije, \u010dime se region pribli\u017eava potrebama savremenih turista.<\/p>\n\n\n\n<p>Projektni menad\u017eer Op\u0161tine Plu\u017eine, Bo\u017eidar Kne\u017eevi\u0107, isti\u010de da su ve\u0107 realizovani va\u017eni koraci: nabavljena su elektri\u010dna bicikla za razvoj MTB turizma u obje op\u0161tine, obezbije\u0111ena je oprema za spasavanje na vodi i organizovana zajedni\u010dka terenska vje\u017eba lokalnih slu\u017ebi za\u0161tite i spa\u0161avanja. U narednom periodu planirana je promotivna tura za turoperatore, medije i influensere, kao i zajedni\u010dki nastup na Sajmu turizma u Beogradu 2026. godine. Poseban fokus stavlja se na ja\u010danje kapaciteta slu\u017ebi za\u0161tite i spa\u0161avanja, \u0161to donosi ve\u0107u sigurnost posjetiocima i doprinosi o\u010duvanju prirodne ba\u0161tine, klju\u010dnog resursa za obje op\u0161tine.<\/p>\n\n\n\n<figure class=\"wp-block-image aligncenter size-full\"><img fetchpriority=\"high\" decoding=\"async\" width=\"470\" height=\"421\" src=\"https:\/\/www.evropskakuca.me\/wp-content\/uploads\/2026\/01\/9.-T.A.R.A.png\" alt=\"\" class=\"wp-image-47270\" srcset=\"https:\/\/www.evropskakuca.me\/wp-content\/uploads\/2026\/01\/9.-T.A.R.A.png 470w, https:\/\/www.evropskakuca.me\/wp-content\/uploads\/2026\/01\/9.-T.A.R.A-300x269.png 300w\" sizes=\"(max-width: 470px) 100vw, 470px\" \/><\/figure>\n\n\n\n<p>Direktorica Turisti\u010dke organizacije Fo\u010de, Spomenka Popadi\u0107, nagla\u0161ava da projekat ve\u0107 donosi vidljive promjene u gradu. Osvjetljavanjem mostova i Sat-kule isti\u010de se istorijsko naslje\u0111e, dok elektri\u010dna bicikla, ve\u0107 u upotrebi, promovi\u0161u odr\u017eivi i aktivni turizam. Kao neko ko \u017eivi u Fo\u010di, svjedo\u010di kako projekat mijenja svakodnevni ambijent grada i pribli\u017eava ga savremenim turisti\u010dkim trendovima.<\/p>\n\n\n\n<p>Kreiranjem novih i nadogradnjom postoje\u0107ih, projekat \u0107e obogatiti turisti\u010dki sadr\u017eaj u prekograni\u010dnom podru\u010dju i doprinijeti pove\u0107anju broja turista i posjetilaca, kao i pove\u0107anju prihoda lokalne i nacionalne privrede.<\/p>\n\n\n\n<p>Investicije kao \u0161to su instalacija avanturisti\u010dkog parka u Plu\u017einama, LED osvjetljenje glavnih turisti\u010dkih atrakcija u Fo\u010di ili nabavka e-bicikala u obje op\u0161tine su sastavni dio aktivnosti koje \u0107e biti uskla\u0111ene sa integralnom strategijom razvoja turizma za Plu\u017eine i Fo\u010du, na kojoj \u0107e projekat raditi. Postavljanje signalizacionih tabli i platformi za razgledanje na klju\u010dnim turisti\u010dkim lokacijama u obje op\u0161tine, zajedno sa solarnim klupama za punjenje mobilnih ure\u0111aja, u\u010dini\u0107e boravak turista i posjetilaca prijatnijim i zanimiljivijim. Pored aktivnosti koje doprinose novom i prijatnijem iskustvu, projekat je vodio ra\u010duna i o sigurnosti posjetilaca koju nadogra\u0111uje nabavkom opreme za spa\u0161avanje na Pivskom jezeru i rijeci Drini, kao i organizacijom vje\u017ebi i boljom koordinacjiom.<\/p>\n\n\n\n<figure class=\"wp-block-image aligncenter size-large\"><img decoding=\"async\" width=\"1024\" height=\"1024\" src=\"https:\/\/www.evropskakuca.me\/wp-content\/uploads\/2026\/01\/9.-TARA-Sajam-1024x1024.jpg\" alt=\"\" class=\"wp-image-47272\" srcset=\"https:\/\/www.evropskakuca.me\/wp-content\/uploads\/2026\/01\/9.-TARA-Sajam-1024x1024.jpg 1024w, https:\/\/www.evropskakuca.me\/wp-content\/uploads\/2026\/01\/9.-TARA-Sajam-300x300.jpg 300w, https:\/\/www.evropskakuca.me\/wp-content\/uploads\/2026\/01\/9.-TARA-Sajam-150x150.jpg 150w, https:\/\/www.evropskakuca.me\/wp-content\/uploads\/2026\/01\/9.-TARA-Sajam-768x768.jpg 768w, https:\/\/www.evropskakuca.me\/wp-content\/uploads\/2026\/01\/9.-TARA-Sajam.jpg 1440w\" sizes=\"(max-width: 1024px) 100vw, 1024px\" \/><\/figure>\n\n\n\n<p>Projekat finansira Evropska unija u okviru IPA III Programa prekograni\u010dne saradnje Bosna i Hercegovina \u2013 Crna Gora 2021\u20132027., a realizacija traje od 1. decembra 2024.godine do 30. novembra 2026. godine. Realizuje ga Op\u0161tina Plu\u017eine, u saradnji sa Op\u0161tinom Fo\u010da, Turisti\u010dkom organizacijom Op\u0161tine Fo\u010da i Parkom prirode Piva. Ukupna vrijednost projekta je ne\u0161to manje od 530 hiljada eura. Vrijednost EU podr\u0161ke projektu je preko 447 hiljada eura, dok je bud\u017eet za crnogorske partnere ne\u0161to vi\u0161e od 268 hiljada eura.<\/p>\n\n\n\n<p><em>Autori: Direkcija za bilateralne prekograni\u010dne programe i Antena, Nik\u0161i\u0107<\/em><\/p>\n\n\n\n<p><em>Ovaj tekst objavljen je u 17. broju \u010dasopisa Eurokaz.<\/em><\/p>\n","protected":false},"featured_media":47268,"template":"","class_list":["post-47267","story","type-story","status-publish","has-post-thumbnail","hentry"],"acf":[],"yoast_head":"<!-- This site is optimized with the Yoast SEO plugin v27.3 - https:\/\/yoast.com\/product\/yoast-seo-wordpress\/ -->\n<title>Dvije obale, jedna pri\u010da: nova dimenzija saradnje Plu\u017eina i Fo\u010de - Europe House<\/title>\n<meta name=\"robots\" content=\"index, follow, max-snippet:-1, max-image-preview:large, max-video-preview:-1\" \/>\n<link rel=\"canonical\" href=\"https:\/\/www.evropskakuca.me\/me\/story\/dvije-obale-jedna-prica-nova-dimenzija-saradnje-pluzina-i-foce\/\" \/>\n<meta property=\"og:locale\" content=\"en_US\" \/>\n<meta property=\"og:type\" content=\"article\" \/>\n<meta property=\"og:title\" content=\"Dvije obale, jedna pri\u010da: nova dimenzija saradnje Plu\u017eina i Fo\u010de - Europe House\" \/>\n<meta property=\"og:description\" content=\"Na granici Crne Gore i Bosne i Hercegovine, op\u0161tine Plu\u017eine i Fo\u010da razvijaju novu dimenziju saradnje sa ciljem da stvore jedinstvenu turisti\u010dku ponudu zasnovanu na prirodnim ljepotama i kulturnom naslje\u0111u regiona. Ovaj zajedni\u010dki pristup pove\u0107ava vidljivost destinacije, privla\u010di ve\u0107i broj posjetilaca i ja\u010da temelje odr\u017eivog turizma. Pivsko jezero, rijeka Drina i veli\u010danstveni planinski pejza\u017ei postaju [&hellip;]\" \/>\n<meta property=\"og:url\" content=\"https:\/\/www.evropskakuca.me\/me\/story\/dvije-obale-jedna-prica-nova-dimenzija-saradnje-pluzina-i-foce\/\" \/>\n<meta property=\"og:site_name\" content=\"Europe House\" \/>\n<meta property=\"article:publisher\" content=\"https:\/\/www.facebook.com\/evropska.kuca\" \/>\n<meta property=\"article:modified_time\" content=\"2026-01-14T13:02:54+00:00\" \/>\n<meta property=\"og:image\" content=\"https:\/\/www.evropskakuca.me\/wp-content\/uploads\/2026\/01\/9.-Tara-Pluzine.jpg\" \/>\n\t<meta property=\"og:image:width\" content=\"1437\" \/>\n\t<meta property=\"og:image:height\" content=\"809\" \/>\n\t<meta property=\"og:image:type\" content=\"image\/jpeg\" \/>\n<meta name=\"twitter:card\" content=\"summary_large_image\" \/>\n<meta name=\"twitter:site\" content=\"@evropska_kuca\" \/>\n<meta name=\"twitter:label1\" content=\"Est. reading time\" \/>\n\t<meta name=\"twitter:data1\" content=\"3 minutes\" \/>\n<script type=\"application\/ld+json\" class=\"yoast-schema-graph\">{\"@context\":\"https:\\\/\\\/schema.org\",\"@graph\":[{\"@type\":\"WebPage\",\"@id\":\"https:\\\/\\\/www.evropskakuca.me\\\/me\\\/story\\\/dvije-obale-jedna-prica-nova-dimenzija-saradnje-pluzina-i-foce\\\/\",\"url\":\"https:\\\/\\\/www.evropskakuca.me\\\/me\\\/story\\\/dvije-obale-jedna-prica-nova-dimenzija-saradnje-pluzina-i-foce\\\/\",\"name\":\"Dvije obale, jedna pri\u010da: nova dimenzija saradnje Plu\u017eina i Fo\u010de - Europe House\",\"isPartOf\":{\"@id\":\"https:\\\/\\\/www.evropskakuca.me\\\/me\\\/#website\"},\"primaryImageOfPage\":{\"@id\":\"https:\\\/\\\/www.evropskakuca.me\\\/me\\\/story\\\/dvije-obale-jedna-prica-nova-dimenzija-saradnje-pluzina-i-foce\\\/#primaryimage\"},\"image\":{\"@id\":\"https:\\\/\\\/www.evropskakuca.me\\\/me\\\/story\\\/dvije-obale-jedna-prica-nova-dimenzija-saradnje-pluzina-i-foce\\\/#primaryimage\"},\"thumbnailUrl\":\"https:\\\/\\\/www.evropskakuca.me\\\/wp-content\\\/uploads\\\/2026\\\/01\\\/9.-Tara-Pluzine.jpg\",\"datePublished\":\"2026-01-14T13:02:52+00:00\",\"dateModified\":\"2026-01-14T13:02:54+00:00\",\"breadcrumb\":{\"@id\":\"https:\\\/\\\/www.evropskakuca.me\\\/me\\\/story\\\/dvije-obale-jedna-prica-nova-dimenzija-saradnje-pluzina-i-foce\\\/#breadcrumb\"},\"inLanguage\":\"me-ME\",\"potentialAction\":[{\"@type\":\"ReadAction\",\"target\":[\"https:\\\/\\\/www.evropskakuca.me\\\/me\\\/story\\\/dvije-obale-jedna-prica-nova-dimenzija-saradnje-pluzina-i-foce\\\/\"]}]},{\"@type\":\"ImageObject\",\"inLanguage\":\"me-ME\",\"@id\":\"https:\\\/\\\/www.evropskakuca.me\\\/me\\\/story\\\/dvije-obale-jedna-prica-nova-dimenzija-saradnje-pluzina-i-foce\\\/#primaryimage\",\"url\":\"https:\\\/\\\/www.evropskakuca.me\\\/wp-content\\\/uploads\\\/2026\\\/01\\\/9.-Tara-Pluzine.jpg\",\"contentUrl\":\"https:\\\/\\\/www.evropskakuca.me\\\/wp-content\\\/uploads\\\/2026\\\/01\\\/9.-Tara-Pluzine.jpg\",\"width\":1437,\"height\":809},{\"@type\":\"BreadcrumbList\",\"@id\":\"https:\\\/\\\/www.evropskakuca.me\\\/me\\\/story\\\/dvije-obale-jedna-prica-nova-dimenzija-saradnje-pluzina-i-foce\\\/#breadcrumb\",\"itemListElement\":[{\"@type\":\"ListItem\",\"position\":1,\"name\":\"Home\",\"item\":\"https:\\\/\\\/www.evropskakuca.me\\\/me\\\/\"},{\"@type\":\"ListItem\",\"position\":2,\"name\":\"Dvije obale, jedna pri\u010da: nova dimenzija saradnje Plu\u017eina i Fo\u010de\"}]},{\"@type\":\"WebSite\",\"@id\":\"https:\\\/\\\/www.evropskakuca.me\\\/me\\\/#website\",\"url\":\"https:\\\/\\\/www.evropskakuca.me\\\/me\\\/\",\"name\":\"Evropean house\",\"description\":\"\",\"publisher\":{\"@id\":\"https:\\\/\\\/www.evropskakuca.me\\\/me\\\/#organization\"},\"potentialAction\":[{\"@type\":\"SearchAction\",\"target\":{\"@type\":\"EntryPoint\",\"urlTemplate\":\"https:\\\/\\\/www.evropskakuca.me\\\/me\\\/?s={search_term_string}\"},\"query-input\":{\"@type\":\"PropertyValueSpecification\",\"valueRequired\":true,\"valueName\":\"search_term_string\"}}],\"inLanguage\":\"me-ME\"},{\"@type\":\"Organization\",\"@id\":\"https:\\\/\\\/www.evropskakuca.me\\\/me\\\/#organization\",\"name\":\"Evropean house\",\"url\":\"https:\\\/\\\/www.evropskakuca.me\\\/me\\\/\",\"logo\":{\"@type\":\"ImageObject\",\"inLanguage\":\"me-ME\",\"@id\":\"https:\\\/\\\/www.evropskakuca.me\\\/me\\\/#\\\/schema\\\/logo\\\/image\\\/\",\"url\":\"https:\\\/\\\/www.evropskakuca.me\\\/wp-content\\\/uploads\\\/2025\\\/01\\\/evropska-kuca-logo-1.png\",\"contentUrl\":\"https:\\\/\\\/www.evropskakuca.me\\\/wp-content\\\/uploads\\\/2025\\\/01\\\/evropska-kuca-logo-1.png\",\"width\":425,\"height\":312,\"caption\":\"Evropean house\"},\"image\":{\"@id\":\"https:\\\/\\\/www.evropskakuca.me\\\/me\\\/#\\\/schema\\\/logo\\\/image\\\/\"},\"sameAs\":[\"https:\\\/\\\/www.facebook.com\\\/evropska.kuca\",\"https:\\\/\\\/x.com\\\/evropska_kuca\",\"https:\\\/\\\/www.instagram.com\\\/evropska_kuca\"]}]}<\/script>\n<!-- \/ Yoast SEO plugin. -->","yoast_head_json":{"title":"Dvije obale, jedna pri\u010da: nova dimenzija saradnje Plu\u017eina i Fo\u010de - Europe House","robots":{"index":"index","follow":"follow","max-snippet":"max-snippet:-1","max-image-preview":"max-image-preview:large","max-video-preview":"max-video-preview:-1"},"canonical":"https:\/\/www.evropskakuca.me\/me\/story\/dvije-obale-jedna-prica-nova-dimenzija-saradnje-pluzina-i-foce\/","og_locale":"en_US","og_type":"article","og_title":"Dvije obale, jedna pri\u010da: nova dimenzija saradnje Plu\u017eina i Fo\u010de - Europe House","og_description":"Na granici Crne Gore i Bosne i Hercegovine, op\u0161tine Plu\u017eine i Fo\u010da razvijaju novu dimenziju saradnje sa ciljem da stvore jedinstvenu turisti\u010dku ponudu zasnovanu na prirodnim ljepotama i kulturnom naslje\u0111u regiona. Ovaj zajedni\u010dki pristup pove\u0107ava vidljivost destinacije, privla\u010di ve\u0107i broj posjetilaca i ja\u010da temelje odr\u017eivog turizma. Pivsko jezero, rijeka Drina i veli\u010danstveni planinski pejza\u017ei postaju [&hellip;]","og_url":"https:\/\/www.evropskakuca.me\/me\/story\/dvije-obale-jedna-prica-nova-dimenzija-saradnje-pluzina-i-foce\/","og_site_name":"Europe House","article_publisher":"https:\/\/www.facebook.com\/evropska.kuca","article_modified_time":"2026-01-14T13:02:54+00:00","og_image":[{"width":1437,"height":809,"url":"https:\/\/www.evropskakuca.me\/wp-content\/uploads\/2026\/01\/9.-Tara-Pluzine.jpg","type":"image\/jpeg"}],"twitter_card":"summary_large_image","twitter_site":"@evropska_kuca","twitter_misc":{"Est. reading time":"3 minutes"},"schema":{"@context":"https:\/\/schema.org","@graph":[{"@type":"WebPage","@id":"https:\/\/www.evropskakuca.me\/me\/story\/dvije-obale-jedna-prica-nova-dimenzija-saradnje-pluzina-i-foce\/","url":"https:\/\/www.evropskakuca.me\/me\/story\/dvije-obale-jedna-prica-nova-dimenzija-saradnje-pluzina-i-foce\/","name":"Dvije obale, jedna pri\u010da: nova dimenzija saradnje Plu\u017eina i Fo\u010de - Europe House","isPartOf":{"@id":"https:\/\/www.evropskakuca.me\/me\/#website"},"primaryImageOfPage":{"@id":"https:\/\/www.evropskakuca.me\/me\/story\/dvije-obale-jedna-prica-nova-dimenzija-saradnje-pluzina-i-foce\/#primaryimage"},"image":{"@id":"https:\/\/www.evropskakuca.me\/me\/story\/dvije-obale-jedna-prica-nova-dimenzija-saradnje-pluzina-i-foce\/#primaryimage"},"thumbnailUrl":"https:\/\/www.evropskakuca.me\/wp-content\/uploads\/2026\/01\/9.-Tara-Pluzine.jpg","datePublished":"2026-01-14T13:02:52+00:00","dateModified":"2026-01-14T13:02:54+00:00","breadcrumb":{"@id":"https:\/\/www.evropskakuca.me\/me\/story\/dvije-obale-jedna-prica-nova-dimenzija-saradnje-pluzina-i-foce\/#breadcrumb"},"inLanguage":"me-ME","potentialAction":[{"@type":"ReadAction","target":["https:\/\/www.evropskakuca.me\/me\/story\/dvije-obale-jedna-prica-nova-dimenzija-saradnje-pluzina-i-foce\/"]}]},{"@type":"ImageObject","inLanguage":"me-ME","@id":"https:\/\/www.evropskakuca.me\/me\/story\/dvije-obale-jedna-prica-nova-dimenzija-saradnje-pluzina-i-foce\/#primaryimage","url":"https:\/\/www.evropskakuca.me\/wp-content\/uploads\/2026\/01\/9.-Tara-Pluzine.jpg","contentUrl":"https:\/\/www.evropskakuca.me\/wp-content\/uploads\/2026\/01\/9.-Tara-Pluzine.jpg","width":1437,"height":809},{"@type":"BreadcrumbList","@id":"https:\/\/www.evropskakuca.me\/me\/story\/dvije-obale-jedna-prica-nova-dimenzija-saradnje-pluzina-i-foce\/#breadcrumb","itemListElement":[{"@type":"ListItem","position":1,"name":"Home","item":"https:\/\/www.evropskakuca.me\/me\/"},{"@type":"ListItem","position":2,"name":"Dvije obale, jedna pri\u010da: nova dimenzija saradnje Plu\u017eina i Fo\u010de"}]},{"@type":"WebSite","@id":"https:\/\/www.evropskakuca.me\/me\/#website","url":"https:\/\/www.evropskakuca.me\/me\/","name":"Evropean house","description":"","publisher":{"@id":"https:\/\/www.evropskakuca.me\/me\/#organization"},"potentialAction":[{"@type":"SearchAction","target":{"@type":"EntryPoint","urlTemplate":"https:\/\/www.evropskakuca.me\/me\/?s={search_term_string}"},"query-input":{"@type":"PropertyValueSpecification","valueRequired":true,"valueName":"search_term_string"}}],"inLanguage":"me-ME"},{"@type":"Organization","@id":"https:\/\/www.evropskakuca.me\/me\/#organization","name":"Evropean house","url":"https:\/\/www.evropskakuca.me\/me\/","logo":{"@type":"ImageObject","inLanguage":"me-ME","@id":"https:\/\/www.evropskakuca.me\/me\/#\/schema\/logo\/image\/","url":"https:\/\/www.evropskakuca.me\/wp-content\/uploads\/2025\/01\/evropska-kuca-logo-1.png","contentUrl":"https:\/\/www.evropskakuca.me\/wp-content\/uploads\/2025\/01\/evropska-kuca-logo-1.png","width":425,"height":312,"caption":"Evropean house"},"image":{"@id":"https:\/\/www.evropskakuca.me\/me\/#\/schema\/logo\/image\/"},"sameAs":["https:\/\/www.facebook.com\/evropska.kuca","https:\/\/x.com\/evropska_kuca","https:\/\/www.instagram.com\/evropska_kuca"]}]}},"_links":{"self":[{"href":"https:\/\/www.evropskakuca.me\/me\/wp-json\/wp\/v2\/story\/47267","targetHints":{"allow":["GET"]}}],"collection":[{"href":"https:\/\/www.evropskakuca.me\/me\/wp-json\/wp\/v2\/story"}],"about":[{"href":"https:\/\/www.evropskakuca.me\/me\/wp-json\/wp\/v2\/types\/story"}],"wp:featuredmedia":[{"embeddable":true,"href":"https:\/\/www.evropskakuca.me\/me\/wp-json\/wp\/v2\/media\/47268"}],"wp:attachment":[{"href":"https:\/\/www.evropskakuca.me\/me\/wp-json\/wp\/v2\/media?parent=47267"}],"curies":[{"name":"wp","href":"https:\/\/api.w.org\/{rel}","templated":true}]}}