{"id":47197,"date":"2026-01-12T10:30:00","date_gmt":"2026-01-12T10:30:00","guid":{"rendered":"https:\/\/www.evropskakuca.me\/?post_type=story&#038;p=47197"},"modified":"2026-01-12T10:32:38","modified_gmt":"2026-01-12T10:32:38","slug":"eu-ulaze-175-miliona-eura-u-unaprjedenje-zeljeznicke-pruge-bar-golubovci","status":"publish","type":"story","link":"https:\/\/www.evropskakuca.me\/me\/story\/eu-ulaze-175-miliona-eura-u-unaprjedenje-zeljeznicke-pruge-bar-golubovci\/","title":{"rendered":"EU ula\u017ee 175 miliona eura u unaprje\u0111enje \u017eeljezni\u010dke pruge Bar-Golubovci"},"content":{"rendered":"\n<ul class=\"wp-block-list\">\n<li><strong>Evropska unija opredjeljuje 175 miliona eura za modernizaciju \u017eeljezni\u010dke pruge Bar-Golubovci, strate\u0161kog dijela \u017deljezni\u010dkog koridora 4 na pro\u0161irenoj osnovnoj TEN-T mre\u017ei.<\/strong><\/li>\n\n\n\n<li><strong>EIB \u0107e obezbijediti kredit od 63 miliona eura, uz grant EU od 112,6 miliona eura.<\/strong><\/li>\n\n\n\n<li><strong>Modernizacija \u0107e pove\u0107ati brzinu, pouzdanost, bezbjednost i kapacitet \u017eelezni\u010dkog prevoza.<\/strong><\/li>\n<\/ul>\n\n\n\n<p><\/p>\n\n\n\n<p>U cilju ja\u010danja regionalne povezanosti i integracije, Evropska unija obezbje\u0111uje finansijski paket od 175,6 miliona eura za rekonstrukciju 39 kilometara \u017eeljezni\u010dke pruge Bar-Golubovci, klju\u010dne dionice \u017deljezni\u010dkog koridora 4 na pro\u0161irenoj osnovnoj TEN-T mre\u017ei. Ovaj zna\u010dajni koridor povezuje Beograd sa Lukom Bar, spajaju\u0107i Crnu Goru i Zapadni Balkan sa Centralnom Evropom. Modernizacija \u0107e pove\u0107ati brzinu, pouzdanost, bezbjednost i kapacitet \u017eeljezni\u010dke infrastrukture. Projekat \u0107e pobo\u0161ati kvalitet usluge, omogu\u0107avaju\u0107i prevoz 1,3 miliona putnika i 1,85 miliona tona tereta godi\u0161nje. Tako\u0111e, unaprijedi\u0107e multimodalni transport, otpornost na klimatske promjene i zelenu tranziciju Crne Gore preusmjeravanjem saobra\u0107aja sa drumskog na \u017eeljezni\u010dki.<\/p>\n\n\n\n<p>Ovaj finanijski paket obuhvata kredit od 63 miliona eura Evropske investicione banke (EIB Global) i EU grant Evropske komisije od 112,6 miliona eura u okviru Investicionog okvira za Zapadni Balkan, \u0161to predstavlja zna\u010dajnu investiciju koja potvr\u0111uje sna\u017enu posve\u0107enost EU Crnoj Gori. Ukupna vrijednost projekta procijenjena na 230,8 miliona eura bi\u0107e finansirana i kreditom od 50 miliona eura Evropske banke za obnovu i razvoj, kao i sa 5,2 miliona eura od strane Vlade Crne Gore.<\/p>\n\n\n\n<p>\u201eOva investicija je jo\u0161 jedan opipljiv korak ka uskla\u0111ivanju klju\u010dne infrastrukture Crne Gore sa standardima EU i ubrzavanju puta ka pristupanju\u201c, izjavio je&nbsp;potpredsjednik EIB-a <strong>Robert de Groot<\/strong>.&nbsp;\u201eOvim najnovijim sporazumima podr\u0161ka EIB Globala sektoru saobra\u0107aja u Crnoj Gori dosti\u0107i \u0107e 500 miliona eura, \u010dime se direktno unaprje\u0111uje regionalna povezanost, podsti\u010du trgovina i turizam i doprinosi stvaranju integrisanijeg zajedni\u010dkog regionalnog tr\u017ei\u0161ta.\u201c<\/p>\n\n\n\n<p>\u201eZaklju\u010denjem ugovora o zajmu od 63 miliona eura sa Evropskom investicionom bankom, obezbije\u0111en je stabilan i povoljan izvor finansiranja za jedan od klju\u010dnih infrastrukturnih projekata u sektoru \u017eeljeznice\u201c, izjavio je&nbsp;ministar finansija Crne Gore <strong>Novica Vukovi\u0107<\/strong>. \u201eUgovor o zajmu je u potpunosti uskla\u0111en sa srednjoro\u010dnim okvirom fiskalne politike i strategijom upravljanja javnim dugom, a istovremeno omogu\u0107ava realizaciju projekta od sna\u017enog razvojnog zna\u010daja i od evropske va\u017enosti. Saradnja sa EIB-om jo\u0161 jednom potvr\u0111uje povjerenje ove institucije u fiskalnu stabilnost Crne Gore i sposobnost dr\u017eave da odgovorno upravlja velikim infrastrukturnim investicijama.\u201c<\/p>\n\n\n\n<figure class=\"wp-block-image size-large\"><img fetchpriority=\"high\" decoding=\"async\" width=\"1024\" height=\"707\" src=\"https:\/\/www.evropskakuca.me\/wp-content\/uploads\/2026\/01\/Sl4-1024x707.jpg\" alt=\"\" class=\"wp-image-47189\" srcset=\"https:\/\/www.evropskakuca.me\/wp-content\/uploads\/2026\/01\/Sl4-1024x707.jpg 1024w, https:\/\/www.evropskakuca.me\/wp-content\/uploads\/2026\/01\/Sl4-300x207.jpg 300w, https:\/\/www.evropskakuca.me\/wp-content\/uploads\/2026\/01\/Sl4-768x530.jpg 768w, https:\/\/www.evropskakuca.me\/wp-content\/uploads\/2026\/01\/Sl4.jpg 1080w\" sizes=\"(max-width: 1024px) 100vw, 1024px\" \/><\/figure>\n\n\n\n<p>Savjetodavni program Evropske komisije i EIB pod nazivom JASPERS pru\u017eio je tehni\u010dku podr\u0161ku koja je obezbijedila pripremu projekta u skladu sa ekolo\u0161kim, socijalnim i tehni\u010dkim standardima EU.<\/p>\n\n\n\n<p>\u201eModerna, odr\u017eiva infrastruktura je u srcu evropske budu\u0107nosti Crne Gore. Ulaganjem u \u017eeljeznicu ula\u017eemo u zeleniji transport, bolju povezanost i sna\u017eniju ekonomsku integraciju sa regionom i EU. Uz jednu od najve\u0107ih pojedina\u010dnih donacija od poreskih obveznika EU i uz pomo\u0107 na\u0161ih partnera, kona\u010dno je vrijeme da po\u010dne dugo o\u010dekivana rekonstrukcija pruge Bar\u2013Golubovci\u201c, kazao je&nbsp;ambasador EU u Crnoj Gori <strong>Johan Satler<\/strong>.<\/p>\n\n\n\n<p>\u201eOvaj projekat predstavlja jednu od najva\u017enijih investicija u \u017eeljezni\u010dku infrastrukturu Crne Gore u posljednjih nekoliko decenija i jasan signal povjerenja na\u0161ih evropskih partnera\u201c, kazala je&nbsp;ministarka saobra\u0107aja <strong>Maja Vuki\u0107evi\u0107<\/strong>. \u201eNa\u0161a dugogodi\u0161nja saradnja sa Evropskom investicionom bankom bila je klju\u010dna za modernizaciju barsko-beogradskog \u017eeljezni\u010dkog koridora, koji je okosnica odr\u017eivog transporta u Crnoj Gori. Unapre\u0111enjem dionice Bar\u2013Golubovci ne samo da pobolj\u0161avamo bezbjednost, efikasnost i kvalitet usluge, ve\u0107 i ja\u010damo ulogu Crne Gore kao klju\u010dnog transportnog \u010dvori\u0161ta izme\u0111u Zapadnog Balkana i Evropske unije. Ova investicija direktno podr\u017eava na\u0161u zelenu tranziciju, ekonomski razvoj i ciljeve pristupanja EU.\u201c<\/p>\n\n\n\n<p><strong>Dodatne informacije<\/strong><\/p>\n\n\n\n<p><strong>O EIB-u i EIB Globalu<\/strong><\/p>\n\n\n\n<p>EIB je institucija za dugoro\u010dno finansiranje Evropske unije koja je u vlasni\u0161tvu njenih zemalja \u010dlanica. Ista \u010dini dugoro\u010dno finansiranje dostupnim za sigurno ulaganje kako bi doprinijela ciljevima politike EU. EIB podr\u017eava projekte u \u010detiri prioritetne oblasti: infrastrukturi, inovacijama, klimi i \u017eivotnoj sredini i malim i srednjim preduze\u0107ima. EIB Global je specijalizovani ogranak EIB Grupe, posve\u0107en pove\u0107anju uticaja me\u0111unarodnih partnerstava i razvojnih finansija, kao i klju\u010dni partner&nbsp;<a href=\"https:\/\/commission.europa.eu\/strategy-and-policy\/priorities-2019-2024\/stronger-europe-world\/global-gateway_en\">Global Gateway<\/a>. Cilj je da se do kraja 2027. godine podr\u017ee investicije u vrijednosti od 100 milijardi eura, \u0161to predstavlja oko tre\u0107inu ukupnog cilja ove inicijative EU. U okviru Tima Evrope, EIB Global podsti\u010de sna\u017ena, fokusirana partnerstva zajedno sa drugim institucijama za finansiranje razvoja i gra\u0111anskim dru\u0161tvom. EIB Global pribli\u017eava EIB Grupu lokalnom stanovni\u0161tvu, kompanijama i institucijama kroz svoje&nbsp;<a href=\"https:\/\/www.eib.org\/infocentre\/contact\/offices\/index.htm\">kancelarije \u0161irom svijeta<\/a>.<\/p>\n\n\n\n<p><strong>O EIB-u u Crnoj Gori<\/strong><\/p>\n\n\n\n<p>EU Banka je dugogodi\u0161nji aktivni partner Crne Gore, obezbijediv\u0161i zemlji gotovo 1,1 milijardu eura kredita, uglavnom kroz podr\u0161ku malim i srednjim preduze\u0107ima, obrazovanju i saobra\u0107ajnoj infrastrukturi. Da biste saznali vi\u0161e informacija o projektima EIB-a u Crnoj Gori, pogledajte:&nbsp;<a href=\"https:\/\/www.eib.org\/projects\/regions\/enlargement\/the-western-balkans\/montenegro\/index.htm\">https:\/\/www.eib.org\/en\/projects\/regions\/enlargement\/the-western-balkans\/montenegro\/index.htm<\/a>.&nbsp;Za detaljne informacije o aktivnostima EIB-a na Zapadnom Balkanu, posjetite&nbsp;<a href=\"http:\/\/www.eib.org\/publications\/the-eib-in-the-western-balkans\">www.eib.org\/en\/publications\/the-eib-in-the-western-balkans<\/a>.<\/p>\n","protected":false},"featured_media":47187,"template":"","class_list":["post-47197","story","type-story","status-publish","has-post-thumbnail","hentry"],"acf":[],"yoast_head":"<!-- This site is optimized with the Yoast SEO plugin v27.3 - https:\/\/yoast.com\/product\/yoast-seo-wordpress\/ -->\n<title>EU ula\u017ee 175 miliona eura u unaprje\u0111enje \u017eeljezni\u010dke pruge Bar-Golubovci - Europe House<\/title>\n<meta name=\"robots\" content=\"index, follow, max-snippet:-1, max-image-preview:large, max-video-preview:-1\" \/>\n<link rel=\"canonical\" href=\"https:\/\/www.evropskakuca.me\/me\/story\/eu-ulaze-175-miliona-eura-u-unaprjedenje-zeljeznicke-pruge-bar-golubovci\/\" \/>\n<meta property=\"og:locale\" content=\"en_US\" \/>\n<meta property=\"og:type\" content=\"article\" \/>\n<meta property=\"og:title\" content=\"EU ula\u017ee 175 miliona eura u unaprje\u0111enje \u017eeljezni\u010dke pruge Bar-Golubovci - Europe House\" \/>\n<meta property=\"og:description\" content=\"U cilju ja\u010danja regionalne povezanosti i integracije, Evropska unija obezbje\u0111uje finansijski paket od 175,6 miliona eura za rekonstrukciju 39 kilometara \u017eeljezni\u010dke pruge Bar-Golubovci, klju\u010dne dionice \u017deljezni\u010dkog koridora 4 na pro\u0161irenoj osnovnoj TEN-T mre\u017ei. Ovaj zna\u010dajni koridor povezuje Beograd sa Lukom Bar, spajaju\u0107i Crnu Goru i Zapadni Balkan sa Centralnom Evropom. Modernizacija \u0107e pove\u0107ati brzinu, pouzdanost, [&hellip;]\" \/>\n<meta property=\"og:url\" content=\"https:\/\/www.evropskakuca.me\/me\/story\/eu-ulaze-175-miliona-eura-u-unaprjedenje-zeljeznicke-pruge-bar-golubovci\/\" \/>\n<meta property=\"og:site_name\" content=\"Europe House\" \/>\n<meta property=\"article:publisher\" content=\"https:\/\/www.facebook.com\/evropska.kuca\" \/>\n<meta property=\"article:modified_time\" content=\"2026-01-12T10:32:38+00:00\" \/>\n<meta property=\"og:image\" content=\"https:\/\/www.evropskakuca.me\/wp-content\/uploads\/2026\/01\/train.jpg\" \/>\n\t<meta property=\"og:image:width\" content=\"1920\" \/>\n\t<meta property=\"og:image:height\" content=\"1080\" \/>\n\t<meta property=\"og:image:type\" content=\"image\/jpeg\" \/>\n<meta name=\"twitter:card\" content=\"summary_large_image\" \/>\n<meta name=\"twitter:site\" content=\"@evropska_kuca\" \/>\n<meta name=\"twitter:label1\" content=\"Est. reading time\" \/>\n\t<meta name=\"twitter:data1\" content=\"4 minutes\" \/>\n<script type=\"application\/ld+json\" class=\"yoast-schema-graph\">{\"@context\":\"https:\\\/\\\/schema.org\",\"@graph\":[{\"@type\":\"WebPage\",\"@id\":\"https:\\\/\\\/www.evropskakuca.me\\\/me\\\/story\\\/eu-ulaze-175-miliona-eura-u-unaprjedenje-zeljeznicke-pruge-bar-golubovci\\\/\",\"url\":\"https:\\\/\\\/www.evropskakuca.me\\\/me\\\/story\\\/eu-ulaze-175-miliona-eura-u-unaprjedenje-zeljeznicke-pruge-bar-golubovci\\\/\",\"name\":\"EU ula\u017ee 175 miliona eura u unaprje\u0111enje \u017eeljezni\u010dke pruge Bar-Golubovci - Europe House\",\"isPartOf\":{\"@id\":\"https:\\\/\\\/www.evropskakuca.me\\\/me\\\/#website\"},\"primaryImageOfPage\":{\"@id\":\"https:\\\/\\\/www.evropskakuca.me\\\/me\\\/story\\\/eu-ulaze-175-miliona-eura-u-unaprjedenje-zeljeznicke-pruge-bar-golubovci\\\/#primaryimage\"},\"image\":{\"@id\":\"https:\\\/\\\/www.evropskakuca.me\\\/me\\\/story\\\/eu-ulaze-175-miliona-eura-u-unaprjedenje-zeljeznicke-pruge-bar-golubovci\\\/#primaryimage\"},\"thumbnailUrl\":\"https:\\\/\\\/www.evropskakuca.me\\\/wp-content\\\/uploads\\\/2026\\\/01\\\/train.jpg\",\"datePublished\":\"2026-01-12T10:30:00+00:00\",\"dateModified\":\"2026-01-12T10:32:38+00:00\",\"breadcrumb\":{\"@id\":\"https:\\\/\\\/www.evropskakuca.me\\\/me\\\/story\\\/eu-ulaze-175-miliona-eura-u-unaprjedenje-zeljeznicke-pruge-bar-golubovci\\\/#breadcrumb\"},\"inLanguage\":\"me-ME\",\"potentialAction\":[{\"@type\":\"ReadAction\",\"target\":[\"https:\\\/\\\/www.evropskakuca.me\\\/me\\\/story\\\/eu-ulaze-175-miliona-eura-u-unaprjedenje-zeljeznicke-pruge-bar-golubovci\\\/\"]}]},{\"@type\":\"ImageObject\",\"inLanguage\":\"me-ME\",\"@id\":\"https:\\\/\\\/www.evropskakuca.me\\\/me\\\/story\\\/eu-ulaze-175-miliona-eura-u-unaprjedenje-zeljeznicke-pruge-bar-golubovci\\\/#primaryimage\",\"url\":\"https:\\\/\\\/www.evropskakuca.me\\\/wp-content\\\/uploads\\\/2026\\\/01\\\/train.jpg\",\"contentUrl\":\"https:\\\/\\\/www.evropskakuca.me\\\/wp-content\\\/uploads\\\/2026\\\/01\\\/train.jpg\",\"width\":1920,\"height\":1080},{\"@type\":\"BreadcrumbList\",\"@id\":\"https:\\\/\\\/www.evropskakuca.me\\\/me\\\/story\\\/eu-ulaze-175-miliona-eura-u-unaprjedenje-zeljeznicke-pruge-bar-golubovci\\\/#breadcrumb\",\"itemListElement\":[{\"@type\":\"ListItem\",\"position\":1,\"name\":\"Home\",\"item\":\"https:\\\/\\\/www.evropskakuca.me\\\/me\\\/\"},{\"@type\":\"ListItem\",\"position\":2,\"name\":\"EU ula\u017ee 175 miliona eura u unaprje\u0111enje \u017eeljezni\u010dke pruge Bar-Golubovci\"}]},{\"@type\":\"WebSite\",\"@id\":\"https:\\\/\\\/www.evropskakuca.me\\\/me\\\/#website\",\"url\":\"https:\\\/\\\/www.evropskakuca.me\\\/me\\\/\",\"name\":\"Evropean house\",\"description\":\"\",\"publisher\":{\"@id\":\"https:\\\/\\\/www.evropskakuca.me\\\/me\\\/#organization\"},\"potentialAction\":[{\"@type\":\"SearchAction\",\"target\":{\"@type\":\"EntryPoint\",\"urlTemplate\":\"https:\\\/\\\/www.evropskakuca.me\\\/me\\\/?s={search_term_string}\"},\"query-input\":{\"@type\":\"PropertyValueSpecification\",\"valueRequired\":true,\"valueName\":\"search_term_string\"}}],\"inLanguage\":\"me-ME\"},{\"@type\":\"Organization\",\"@id\":\"https:\\\/\\\/www.evropskakuca.me\\\/me\\\/#organization\",\"name\":\"Evropean house\",\"url\":\"https:\\\/\\\/www.evropskakuca.me\\\/me\\\/\",\"logo\":{\"@type\":\"ImageObject\",\"inLanguage\":\"me-ME\",\"@id\":\"https:\\\/\\\/www.evropskakuca.me\\\/me\\\/#\\\/schema\\\/logo\\\/image\\\/\",\"url\":\"https:\\\/\\\/www.evropskakuca.me\\\/wp-content\\\/uploads\\\/2025\\\/01\\\/evropska-kuca-logo-1.png\",\"contentUrl\":\"https:\\\/\\\/www.evropskakuca.me\\\/wp-content\\\/uploads\\\/2025\\\/01\\\/evropska-kuca-logo-1.png\",\"width\":425,\"height\":312,\"caption\":\"Evropean house\"},\"image\":{\"@id\":\"https:\\\/\\\/www.evropskakuca.me\\\/me\\\/#\\\/schema\\\/logo\\\/image\\\/\"},\"sameAs\":[\"https:\\\/\\\/www.facebook.com\\\/evropska.kuca\",\"https:\\\/\\\/x.com\\\/evropska_kuca\",\"https:\\\/\\\/www.instagram.com\\\/evropska_kuca\"]}]}<\/script>\n<!-- \/ Yoast SEO plugin. -->","yoast_head_json":{"title":"EU ula\u017ee 175 miliona eura u unaprje\u0111enje \u017eeljezni\u010dke pruge Bar-Golubovci - Europe House","robots":{"index":"index","follow":"follow","max-snippet":"max-snippet:-1","max-image-preview":"max-image-preview:large","max-video-preview":"max-video-preview:-1"},"canonical":"https:\/\/www.evropskakuca.me\/me\/story\/eu-ulaze-175-miliona-eura-u-unaprjedenje-zeljeznicke-pruge-bar-golubovci\/","og_locale":"en_US","og_type":"article","og_title":"EU ula\u017ee 175 miliona eura u unaprje\u0111enje \u017eeljezni\u010dke pruge Bar-Golubovci - Europe House","og_description":"U cilju ja\u010danja regionalne povezanosti i integracije, Evropska unija obezbje\u0111uje finansijski paket od 175,6 miliona eura za rekonstrukciju 39 kilometara \u017eeljezni\u010dke pruge Bar-Golubovci, klju\u010dne dionice \u017deljezni\u010dkog koridora 4 na pro\u0161irenoj osnovnoj TEN-T mre\u017ei. Ovaj zna\u010dajni koridor povezuje Beograd sa Lukom Bar, spajaju\u0107i Crnu Goru i Zapadni Balkan sa Centralnom Evropom. Modernizacija \u0107e pove\u0107ati brzinu, pouzdanost, [&hellip;]","og_url":"https:\/\/www.evropskakuca.me\/me\/story\/eu-ulaze-175-miliona-eura-u-unaprjedenje-zeljeznicke-pruge-bar-golubovci\/","og_site_name":"Europe House","article_publisher":"https:\/\/www.facebook.com\/evropska.kuca","article_modified_time":"2026-01-12T10:32:38+00:00","og_image":[{"width":1920,"height":1080,"url":"https:\/\/www.evropskakuca.me\/wp-content\/uploads\/2026\/01\/train.jpg","type":"image\/jpeg"}],"twitter_card":"summary_large_image","twitter_site":"@evropska_kuca","twitter_misc":{"Est. reading time":"4 minutes"},"schema":{"@context":"https:\/\/schema.org","@graph":[{"@type":"WebPage","@id":"https:\/\/www.evropskakuca.me\/me\/story\/eu-ulaze-175-miliona-eura-u-unaprjedenje-zeljeznicke-pruge-bar-golubovci\/","url":"https:\/\/www.evropskakuca.me\/me\/story\/eu-ulaze-175-miliona-eura-u-unaprjedenje-zeljeznicke-pruge-bar-golubovci\/","name":"EU ula\u017ee 175 miliona eura u unaprje\u0111enje \u017eeljezni\u010dke pruge Bar-Golubovci - Europe House","isPartOf":{"@id":"https:\/\/www.evropskakuca.me\/me\/#website"},"primaryImageOfPage":{"@id":"https:\/\/www.evropskakuca.me\/me\/story\/eu-ulaze-175-miliona-eura-u-unaprjedenje-zeljeznicke-pruge-bar-golubovci\/#primaryimage"},"image":{"@id":"https:\/\/www.evropskakuca.me\/me\/story\/eu-ulaze-175-miliona-eura-u-unaprjedenje-zeljeznicke-pruge-bar-golubovci\/#primaryimage"},"thumbnailUrl":"https:\/\/www.evropskakuca.me\/wp-content\/uploads\/2026\/01\/train.jpg","datePublished":"2026-01-12T10:30:00+00:00","dateModified":"2026-01-12T10:32:38+00:00","breadcrumb":{"@id":"https:\/\/www.evropskakuca.me\/me\/story\/eu-ulaze-175-miliona-eura-u-unaprjedenje-zeljeznicke-pruge-bar-golubovci\/#breadcrumb"},"inLanguage":"me-ME","potentialAction":[{"@type":"ReadAction","target":["https:\/\/www.evropskakuca.me\/me\/story\/eu-ulaze-175-miliona-eura-u-unaprjedenje-zeljeznicke-pruge-bar-golubovci\/"]}]},{"@type":"ImageObject","inLanguage":"me-ME","@id":"https:\/\/www.evropskakuca.me\/me\/story\/eu-ulaze-175-miliona-eura-u-unaprjedenje-zeljeznicke-pruge-bar-golubovci\/#primaryimage","url":"https:\/\/www.evropskakuca.me\/wp-content\/uploads\/2026\/01\/train.jpg","contentUrl":"https:\/\/www.evropskakuca.me\/wp-content\/uploads\/2026\/01\/train.jpg","width":1920,"height":1080},{"@type":"BreadcrumbList","@id":"https:\/\/www.evropskakuca.me\/me\/story\/eu-ulaze-175-miliona-eura-u-unaprjedenje-zeljeznicke-pruge-bar-golubovci\/#breadcrumb","itemListElement":[{"@type":"ListItem","position":1,"name":"Home","item":"https:\/\/www.evropskakuca.me\/me\/"},{"@type":"ListItem","position":2,"name":"EU ula\u017ee 175 miliona eura u unaprje\u0111enje \u017eeljezni\u010dke pruge Bar-Golubovci"}]},{"@type":"WebSite","@id":"https:\/\/www.evropskakuca.me\/me\/#website","url":"https:\/\/www.evropskakuca.me\/me\/","name":"Evropean house","description":"","publisher":{"@id":"https:\/\/www.evropskakuca.me\/me\/#organization"},"potentialAction":[{"@type":"SearchAction","target":{"@type":"EntryPoint","urlTemplate":"https:\/\/www.evropskakuca.me\/me\/?s={search_term_string}"},"query-input":{"@type":"PropertyValueSpecification","valueRequired":true,"valueName":"search_term_string"}}],"inLanguage":"me-ME"},{"@type":"Organization","@id":"https:\/\/www.evropskakuca.me\/me\/#organization","name":"Evropean house","url":"https:\/\/www.evropskakuca.me\/me\/","logo":{"@type":"ImageObject","inLanguage":"me-ME","@id":"https:\/\/www.evropskakuca.me\/me\/#\/schema\/logo\/image\/","url":"https:\/\/www.evropskakuca.me\/wp-content\/uploads\/2025\/01\/evropska-kuca-logo-1.png","contentUrl":"https:\/\/www.evropskakuca.me\/wp-content\/uploads\/2025\/01\/evropska-kuca-logo-1.png","width":425,"height":312,"caption":"Evropean house"},"image":{"@id":"https:\/\/www.evropskakuca.me\/me\/#\/schema\/logo\/image\/"},"sameAs":["https:\/\/www.facebook.com\/evropska.kuca","https:\/\/x.com\/evropska_kuca","https:\/\/www.instagram.com\/evropska_kuca"]}]}},"_links":{"self":[{"href":"https:\/\/www.evropskakuca.me\/me\/wp-json\/wp\/v2\/story\/47197","targetHints":{"allow":["GET"]}}],"collection":[{"href":"https:\/\/www.evropskakuca.me\/me\/wp-json\/wp\/v2\/story"}],"about":[{"href":"https:\/\/www.evropskakuca.me\/me\/wp-json\/wp\/v2\/types\/story"}],"wp:featuredmedia":[{"embeddable":true,"href":"https:\/\/www.evropskakuca.me\/me\/wp-json\/wp\/v2\/media\/47187"}],"wp:attachment":[{"href":"https:\/\/www.evropskakuca.me\/me\/wp-json\/wp\/v2\/media?parent=47197"}],"curies":[{"name":"wp","href":"https:\/\/api.w.org\/{rel}","templated":true}]}}