{"id":46827,"date":"2025-12-09T11:59:49","date_gmt":"2025-12-09T11:59:49","guid":{"rendered":"https:\/\/www.evropskakuca.me\/?post_type=story&#038;p=46827"},"modified":"2025-12-09T14:29:49","modified_gmt":"2025-12-09T14:29:49","slug":"digitalna-transformacija-uz-eu-podrsku-kroz-montedih","status":"publish","type":"story","link":"https:\/\/www.evropskakuca.me\/me\/story\/digitalna-transformacija-uz-eu-podrsku-kroz-montedih\/","title":{"rendered":"Digitalna transformacija uz EU podr\u0161ku kroz\u00a0MONTEDIH"},"content":{"rendered":"\n<p><strong>MONTEDIH <\/strong>(Montenegrin Digital Innovation Hub) je \u010detvorogodi\u0161nji projekat koji ima za cilj da podr\u017ei digitalnu transformaciju malih i srednjih preduze\u0107a, javnih institucija i startup-ova u Crnoj Gori, kroz primjenu najsavremenijih digitalnih tehnologija.<\/p>\n\n\n\n<p>Kroz podr\u0161ku Evropske unije i Njema\u010dke vlade, u okviru projekta EU4Digital, MONTEDIH doprinosi ja\u010danju regionalne i evropske saradnje.<\/p>\n\n\n\n<figure class=\"wp-block-gallery has-nested-images columns-default is-cropped wp-block-gallery-1 is-layout-flex wp-block-gallery-is-layout-flex\">\n<figure class=\"wp-block-image size-large\"><img fetchpriority=\"high\" decoding=\"async\" width=\"1024\" height=\"683\" data-id=\"46828\" src=\"https:\/\/www.evropskakuca.me\/wp-content\/uploads\/2025\/12\/FRO_6077-1024x683.jpg\" alt=\"\" class=\"wp-image-46828\" srcset=\"https:\/\/www.evropskakuca.me\/wp-content\/uploads\/2025\/12\/FRO_6077-1024x683.jpg 1024w, https:\/\/www.evropskakuca.me\/wp-content\/uploads\/2025\/12\/FRO_6077-300x200.jpg 300w, https:\/\/www.evropskakuca.me\/wp-content\/uploads\/2025\/12\/FRO_6077-768x512.jpg 768w, https:\/\/www.evropskakuca.me\/wp-content\/uploads\/2025\/12\/FRO_6077-1536x1024.jpg 1536w, https:\/\/www.evropskakuca.me\/wp-content\/uploads\/2025\/12\/FRO_6077-2048x1365.jpg 2048w\" sizes=\"(max-width: 1024px) 100vw, 1024px\" \/><\/figure>\n\n\n\n<figure class=\"wp-block-image size-large\"><img decoding=\"async\" width=\"1024\" height=\"683\" data-id=\"46830\" src=\"https:\/\/www.evropskakuca.me\/wp-content\/uploads\/2025\/12\/FRO_6104-1024x683.jpg\" alt=\"\" class=\"wp-image-46830\" srcset=\"https:\/\/www.evropskakuca.me\/wp-content\/uploads\/2025\/12\/FRO_6104-1024x683.jpg 1024w, https:\/\/www.evropskakuca.me\/wp-content\/uploads\/2025\/12\/FRO_6104-300x200.jpg 300w, https:\/\/www.evropskakuca.me\/wp-content\/uploads\/2025\/12\/FRO_6104-768x512.jpg 768w, https:\/\/www.evropskakuca.me\/wp-content\/uploads\/2025\/12\/FRO_6104-1536x1024.jpg 1536w, https:\/\/www.evropskakuca.me\/wp-content\/uploads\/2025\/12\/FRO_6104-2048x1365.jpg 2048w\" sizes=\"(max-width: 1024px) 100vw, 1024px\" \/><\/figure>\n<\/figure>\n\n\n\n<p>&#8221;Udru\u017eenim snagama digitalnih hubova pove\u0107avamo kapacitete kompanija i institucija da odgovore na sve dinami\u010dnije izazove tr\u017ei\u0161ta&#8221;, kazala je direktorica GIZ-a za Crnu Goru, <strong>Tanja Bo\u0161kovi\u0107<\/strong>.<\/p>\n\n\n\n<figure class=\"wp-block-image size-large\"><img decoding=\"async\" width=\"1024\" height=\"556\" src=\"https:\/\/www.evropskakuca.me\/wp-content\/uploads\/2025\/12\/1765281132917320-1024x556.jpg\" alt=\"\" class=\"wp-image-46834\" srcset=\"https:\/\/www.evropskakuca.me\/wp-content\/uploads\/2025\/12\/1765281132917320-1024x556.jpg 1024w, https:\/\/www.evropskakuca.me\/wp-content\/uploads\/2025\/12\/1765281132917320-300x163.jpg 300w, https:\/\/www.evropskakuca.me\/wp-content\/uploads\/2025\/12\/1765281132917320-768x417.jpg 768w, https:\/\/www.evropskakuca.me\/wp-content\/uploads\/2025\/12\/1765281132917320-1536x834.jpg 1536w, https:\/\/www.evropskakuca.me\/wp-content\/uploads\/2025\/12\/1765281132917320-2048x1112.jpg 2048w\" sizes=\"(max-width: 1024px) 100vw, 1024px\" \/><\/figure>\n\n\n\n<p>Projekat realizuje Univerzitet Crne Gore, zajedno sa partnerima: Privredna komora Crne Gore, Univerzitet Donja Gorica (UDG), Institut za savremene tehnologije, ICT Cortex, Tehnopolis i Centar za finansije.<\/p>\n\n\n\n<p><strong>Fokus na savremene tehnologije<\/strong><\/p>\n\n\n\n<p>Klju\u010dna misija MONTEDIH-a jeste omogu\u0107avanje digitalne transformacije zasnovane na tehnologijama koje su prepoznate kao strate\u0161ki va\u017ene na evropskom nivou.&nbsp;<\/p>\n\n\n\n<p>\u201eUpravo tu je klju\u010dna razlika izme\u0111u MONTEDIH-a i klasi\u010dnih inovacionih hubova \u2013 na\u0161 fokus su savremene tehnologije&#8221;, istakao je prof. dr <strong>Igor Radusinovi\u0107<\/strong>, iz Univerziteta Crne Gore.<\/p>\n\n\n\n<figure class=\"wp-block-image size-large\"><img loading=\"lazy\" decoding=\"async\" width=\"1024\" height=\"683\" src=\"https:\/\/www.evropskakuca.me\/wp-content\/uploads\/2025\/12\/FRO_6130-1024x683.jpg\" alt=\"\" class=\"wp-image-46836\" srcset=\"https:\/\/www.evropskakuca.me\/wp-content\/uploads\/2025\/12\/FRO_6130-1024x683.jpg 1024w, https:\/\/www.evropskakuca.me\/wp-content\/uploads\/2025\/12\/FRO_6130-300x200.jpg 300w, https:\/\/www.evropskakuca.me\/wp-content\/uploads\/2025\/12\/FRO_6130-768x512.jpg 768w, https:\/\/www.evropskakuca.me\/wp-content\/uploads\/2025\/12\/FRO_6130-1536x1024.jpg 1536w, https:\/\/www.evropskakuca.me\/wp-content\/uploads\/2025\/12\/FRO_6130-2048x1365.jpg 2048w\" sizes=\"(max-width: 1024px) 100vw, 1024px\" \/><\/figure>\n\n\n\n<p><strong>Dvosmjerna saradnja sa privredom i javnom upravom<\/strong><\/p>\n\n\n\n<p>MONTEDIH funkcioni\u0161e kao platforma za dvosmjernu komunikaciju izme\u0111u konzorcijuma, malih i srednjih preduze\u0107a i javne uprave.<\/p>\n\n\n\n<p>Sa jedne strane, korisnicima se nude konkretne usluge, ekspertiza i iskustvo u razvoju digitalno-inovacionih rje\u0161enja, dok se sa druge strane, od partnera iz javnog sektora dobijaju dragocjeni uvidi u stvarne izazove i probleme sa kojima se suo\u010davaju.<\/p>\n\n\n\n<figure class=\"wp-block-gallery has-nested-images columns-default is-cropped wp-block-gallery-2 is-layout-flex wp-block-gallery-is-layout-flex\">\n<figure class=\"wp-block-image size-large\"><img loading=\"lazy\" decoding=\"async\" width=\"1024\" height=\"683\" data-id=\"46838\" src=\"https:\/\/www.evropskakuca.me\/wp-content\/uploads\/2025\/12\/FRO_6161-1024x683.jpg\" alt=\"\" class=\"wp-image-46838\" srcset=\"https:\/\/www.evropskakuca.me\/wp-content\/uploads\/2025\/12\/FRO_6161-1024x683.jpg 1024w, https:\/\/www.evropskakuca.me\/wp-content\/uploads\/2025\/12\/FRO_6161-300x200.jpg 300w, https:\/\/www.evropskakuca.me\/wp-content\/uploads\/2025\/12\/FRO_6161-768x512.jpg 768w, https:\/\/www.evropskakuca.me\/wp-content\/uploads\/2025\/12\/FRO_6161-1536x1024.jpg 1536w, https:\/\/www.evropskakuca.me\/wp-content\/uploads\/2025\/12\/FRO_6161-2048x1365.jpg 2048w\" sizes=\"(max-width: 1024px) 100vw, 1024px\" \/><\/figure>\n\n\n\n<figure class=\"wp-block-image size-large\"><img loading=\"lazy\" decoding=\"async\" width=\"1024\" height=\"683\" data-id=\"46840\" src=\"https:\/\/www.evropskakuca.me\/wp-content\/uploads\/2025\/12\/FRO_6252-1024x683.jpg\" alt=\"\" class=\"wp-image-46840\" srcset=\"https:\/\/www.evropskakuca.me\/wp-content\/uploads\/2025\/12\/FRO_6252-1024x683.jpg 1024w, https:\/\/www.evropskakuca.me\/wp-content\/uploads\/2025\/12\/FRO_6252-300x200.jpg 300w, https:\/\/www.evropskakuca.me\/wp-content\/uploads\/2025\/12\/FRO_6252-768x512.jpg 768w, https:\/\/www.evropskakuca.me\/wp-content\/uploads\/2025\/12\/FRO_6252-1536x1024.jpg 1536w, https:\/\/www.evropskakuca.me\/wp-content\/uploads\/2025\/12\/FRO_6252-2048x1365.jpg 2048w\" sizes=\"(max-width: 1024px) 100vw, 1024px\" \/><\/figure>\n<\/figure>\n\n\n\n<p>Vje\u0161ta\u010dka inteligencija i ma\u0161insko u\u010denje posebno su efikasni u situacijama gdje organizacije raspola\u017eu velikom koli\u010dinom podataka \u010dija obrada zahtijeva zna\u010dajan ljudski anga\u017eman.<\/p>\n\n\n\n<p>\u201eEfikasna primjena vje\u0161ta\u010dke inteligencije mo\u017ee zna\u010dajno da pobolj\u0161a performanse rada i smanji potrebu za velikim ljudskim naporom&#8221;, dodaje dr Radusinovi\u0107.<\/p>\n\n\n\n<p>MONTEDIH je dio mre\u017ee od vi\u0161e od 150 evropskih digitalnih inovacionih hubova (EDIH).<\/p>\n\n\n\n<p>Za podr\u0161ku kroz MONTEDIH mogu se obratiti mikro, mala i srednja preduze\u0107a, startupovi i javne institucije.<\/p>\n\n\n\n<p>\u201eKorisnici mogu o\u010dekivati podr\u0161ku u vidu \u0161irokog dijapazona servisa koji su dostupni kroz MONTEDIH&#8221;, objasnila je dr <strong>Slavica Tomovi\u0107<\/strong>, iz UCG.<\/p>\n\n\n\n<figure class=\"wp-block-image size-large\"><img loading=\"lazy\" decoding=\"async\" width=\"1024\" height=\"683\" src=\"https:\/\/www.evropskakuca.me\/wp-content\/uploads\/2025\/12\/FRO_6191-1024x683.jpg\" alt=\"\" class=\"wp-image-46842\" srcset=\"https:\/\/www.evropskakuca.me\/wp-content\/uploads\/2025\/12\/FRO_6191-1024x683.jpg 1024w, https:\/\/www.evropskakuca.me\/wp-content\/uploads\/2025\/12\/FRO_6191-300x200.jpg 300w, https:\/\/www.evropskakuca.me\/wp-content\/uploads\/2025\/12\/FRO_6191-768x512.jpg 768w, https:\/\/www.evropskakuca.me\/wp-content\/uploads\/2025\/12\/FRO_6191-1536x1024.jpg 1536w, https:\/\/www.evropskakuca.me\/wp-content\/uploads\/2025\/12\/FRO_6191-2048x1365.jpg 2048w\" sizes=\"(max-width: 1024px) 100vw, 1024px\" \/><\/figure>\n\n\n\n<p>Ovi servisi su podijeljeni u \u010detiri kategorije: obuke i edukacije, testiranje tehnologija prije investicije, pomo\u0107 u pristupu nacionalnim i evropskim izvorima finansiranja, umre\u017eavanje sa relevantnim akterima.<\/p>\n\n\n\n<p>\u201ePoma\u017eemo korisnicima da identifikuju i iskoriste razli\u010dite izvore finansiranja za projekte digitalne transformacije, kako kroz nacionalne, tako i kroz evropske programe&#8221;, istakla je dr Tomovi\u0107.<\/p>\n\n\n\n<p>MONTEDIH je prvi zvani\u010dno prepoznati digitalni inovacioni hub u Crnoj Gori \u2013 mjesto gdje kompanije mogu dobiti digitalna rje\u0161enja, znanje, tehnologiju i nove poslovne prilike.<\/p>\n\n\n\n<p>\u201eIskoristite talenat, znanje, tehnologiju i partnerstva koja MONTEDIH nudi i podignite nivo svog poslovanja&#8221;, poru\u010dila je Bo\u0161kovi\u0107.<\/p>\n\n\n\n<p>Projekat finansira Evropska unija i Vlada Njema\u010dke, a implementira GIZ kroz projekat EU4Digital. Ukupan bud\u017eet projekta iznosi 2 miliona eura.<\/p>\n\n\n\n<figure class=\"wp-block-embed is-type-video is-provider-youtube wp-block-embed-youtube wp-embed-aspect-16-9 wp-has-aspect-ratio\"><div class=\"wp-block-embed__wrapper\">\n<iframe title=\"Digitalna transformacija uz EU podr\u0161ku kroz MONTEDIH\" width=\"800\" height=\"450\" src=\"https:\/\/www.youtube.com\/embed\/sw_K9DjssWw?feature=oembed\" frameborder=\"0\" allow=\"accelerometer; autoplay; clipboard-write; encrypted-media; gyroscope; picture-in-picture; web-share\" referrerpolicy=\"strict-origin-when-cross-origin\" allowfullscreen><\/iframe>\n<\/div><\/figure>\n","protected":false},"featured_media":46832,"template":"","class_list":["post-46827","story","type-story","status-publish","has-post-thumbnail","hentry"],"acf":[],"yoast_head":"<!-- This site is optimized with the Yoast SEO plugin v27.3 - https:\/\/yoast.com\/product\/yoast-seo-wordpress\/ -->\n<title>Digitalna transformacija uz EU podr\u0161ku kroz\u00a0MONTEDIH - Europe House<\/title>\n<meta name=\"robots\" content=\"index, follow, max-snippet:-1, max-image-preview:large, max-video-preview:-1\" \/>\n<link rel=\"canonical\" href=\"https:\/\/www.evropskakuca.me\/me\/story\/digitalna-transformacija-uz-eu-podrsku-kroz-montedih\/\" \/>\n<meta property=\"og:locale\" content=\"en_US\" \/>\n<meta property=\"og:type\" content=\"article\" \/>\n<meta property=\"og:title\" content=\"Digitalna transformacija uz EU podr\u0161ku kroz\u00a0MONTEDIH - Europe House\" \/>\n<meta property=\"og:description\" content=\"MONTEDIH (Montenegrin Digital Innovation Hub) je \u010detvorogodi\u0161nji projekat koji ima za cilj da podr\u017ei digitalnu transformaciju malih i srednjih preduze\u0107a, javnih institucija i startup-ova u Crnoj Gori, kroz primjenu najsavremenijih digitalnih tehnologija. Kroz podr\u0161ku Evropske unije i Njema\u010dke vlade, u okviru projekta EU4Digital, MONTEDIH doprinosi ja\u010danju regionalne i evropske saradnje. &#8221;Udru\u017eenim snagama digitalnih hubova pove\u0107avamo [&hellip;]\" \/>\n<meta property=\"og:url\" content=\"https:\/\/www.evropskakuca.me\/me\/story\/digitalna-transformacija-uz-eu-podrsku-kroz-montedih\/\" \/>\n<meta property=\"og:site_name\" content=\"Europe House\" \/>\n<meta property=\"article:publisher\" content=\"https:\/\/www.facebook.com\/evropska.kuca\" \/>\n<meta property=\"article:modified_time\" content=\"2025-12-09T14:29:49+00:00\" \/>\n<meta property=\"og:image\" content=\"https:\/\/www.evropskakuca.me\/wp-content\/uploads\/2025\/12\/FRO_6122-scaled.jpg\" \/>\n\t<meta property=\"og:image:width\" content=\"2560\" \/>\n\t<meta property=\"og:image:height\" content=\"1707\" \/>\n\t<meta property=\"og:image:type\" content=\"image\/jpeg\" \/>\n<meta name=\"twitter:card\" content=\"summary_large_image\" \/>\n<meta name=\"twitter:site\" content=\"@evropska_kuca\" \/>\n<meta name=\"twitter:label1\" content=\"Est. reading time\" \/>\n\t<meta name=\"twitter:data1\" content=\"4 minutes\" \/>\n<script type=\"application\/ld+json\" class=\"yoast-schema-graph\">{\"@context\":\"https:\\\/\\\/schema.org\",\"@graph\":[{\"@type\":\"WebPage\",\"@id\":\"https:\\\/\\\/www.evropskakuca.me\\\/me\\\/story\\\/digitalna-transformacija-uz-eu-podrsku-kroz-montedih\\\/\",\"url\":\"https:\\\/\\\/www.evropskakuca.me\\\/me\\\/story\\\/digitalna-transformacija-uz-eu-podrsku-kroz-montedih\\\/\",\"name\":\"Digitalna transformacija uz EU podr\u0161ku kroz\u00a0MONTEDIH - Europe House\",\"isPartOf\":{\"@id\":\"https:\\\/\\\/www.evropskakuca.me\\\/me\\\/#website\"},\"primaryImageOfPage\":{\"@id\":\"https:\\\/\\\/www.evropskakuca.me\\\/me\\\/story\\\/digitalna-transformacija-uz-eu-podrsku-kroz-montedih\\\/#primaryimage\"},\"image\":{\"@id\":\"https:\\\/\\\/www.evropskakuca.me\\\/me\\\/story\\\/digitalna-transformacija-uz-eu-podrsku-kroz-montedih\\\/#primaryimage\"},\"thumbnailUrl\":\"https:\\\/\\\/www.evropskakuca.me\\\/wp-content\\\/uploads\\\/2025\\\/12\\\/FRO_6122-scaled.jpg\",\"datePublished\":\"2025-12-09T11:59:49+00:00\",\"dateModified\":\"2025-12-09T14:29:49+00:00\",\"breadcrumb\":{\"@id\":\"https:\\\/\\\/www.evropskakuca.me\\\/me\\\/story\\\/digitalna-transformacija-uz-eu-podrsku-kroz-montedih\\\/#breadcrumb\"},\"inLanguage\":\"me-ME\",\"potentialAction\":[{\"@type\":\"ReadAction\",\"target\":[\"https:\\\/\\\/www.evropskakuca.me\\\/me\\\/story\\\/digitalna-transformacija-uz-eu-podrsku-kroz-montedih\\\/\"]}]},{\"@type\":\"ImageObject\",\"inLanguage\":\"me-ME\",\"@id\":\"https:\\\/\\\/www.evropskakuca.me\\\/me\\\/story\\\/digitalna-transformacija-uz-eu-podrsku-kroz-montedih\\\/#primaryimage\",\"url\":\"https:\\\/\\\/www.evropskakuca.me\\\/wp-content\\\/uploads\\\/2025\\\/12\\\/FRO_6122-scaled.jpg\",\"contentUrl\":\"https:\\\/\\\/www.evropskakuca.me\\\/wp-content\\\/uploads\\\/2025\\\/12\\\/FRO_6122-scaled.jpg\",\"width\":2560,\"height\":1707},{\"@type\":\"BreadcrumbList\",\"@id\":\"https:\\\/\\\/www.evropskakuca.me\\\/me\\\/story\\\/digitalna-transformacija-uz-eu-podrsku-kroz-montedih\\\/#breadcrumb\",\"itemListElement\":[{\"@type\":\"ListItem\",\"position\":1,\"name\":\"Home\",\"item\":\"https:\\\/\\\/www.evropskakuca.me\\\/me\\\/\"},{\"@type\":\"ListItem\",\"position\":2,\"name\":\"Digitalna transformacija uz EU podr\u0161ku kroz\u00a0MONTEDIH\"}]},{\"@type\":\"WebSite\",\"@id\":\"https:\\\/\\\/www.evropskakuca.me\\\/me\\\/#website\",\"url\":\"https:\\\/\\\/www.evropskakuca.me\\\/me\\\/\",\"name\":\"Evropean house\",\"description\":\"\",\"publisher\":{\"@id\":\"https:\\\/\\\/www.evropskakuca.me\\\/me\\\/#organization\"},\"potentialAction\":[{\"@type\":\"SearchAction\",\"target\":{\"@type\":\"EntryPoint\",\"urlTemplate\":\"https:\\\/\\\/www.evropskakuca.me\\\/me\\\/?s={search_term_string}\"},\"query-input\":{\"@type\":\"PropertyValueSpecification\",\"valueRequired\":true,\"valueName\":\"search_term_string\"}}],\"inLanguage\":\"me-ME\"},{\"@type\":\"Organization\",\"@id\":\"https:\\\/\\\/www.evropskakuca.me\\\/me\\\/#organization\",\"name\":\"Evropean house\",\"url\":\"https:\\\/\\\/www.evropskakuca.me\\\/me\\\/\",\"logo\":{\"@type\":\"ImageObject\",\"inLanguage\":\"me-ME\",\"@id\":\"https:\\\/\\\/www.evropskakuca.me\\\/me\\\/#\\\/schema\\\/logo\\\/image\\\/\",\"url\":\"https:\\\/\\\/www.evropskakuca.me\\\/wp-content\\\/uploads\\\/2025\\\/01\\\/evropska-kuca-logo-1.png\",\"contentUrl\":\"https:\\\/\\\/www.evropskakuca.me\\\/wp-content\\\/uploads\\\/2025\\\/01\\\/evropska-kuca-logo-1.png\",\"width\":425,\"height\":312,\"caption\":\"Evropean house\"},\"image\":{\"@id\":\"https:\\\/\\\/www.evropskakuca.me\\\/me\\\/#\\\/schema\\\/logo\\\/image\\\/\"},\"sameAs\":[\"https:\\\/\\\/www.facebook.com\\\/evropska.kuca\",\"https:\\\/\\\/x.com\\\/evropska_kuca\",\"https:\\\/\\\/www.instagram.com\\\/evropska_kuca\"]}]}<\/script>\n<!-- \/ Yoast SEO plugin. -->","yoast_head_json":{"title":"Digitalna transformacija uz EU podr\u0161ku kroz\u00a0MONTEDIH - Europe House","robots":{"index":"index","follow":"follow","max-snippet":"max-snippet:-1","max-image-preview":"max-image-preview:large","max-video-preview":"max-video-preview:-1"},"canonical":"https:\/\/www.evropskakuca.me\/me\/story\/digitalna-transformacija-uz-eu-podrsku-kroz-montedih\/","og_locale":"en_US","og_type":"article","og_title":"Digitalna transformacija uz EU podr\u0161ku kroz\u00a0MONTEDIH - Europe House","og_description":"MONTEDIH (Montenegrin Digital Innovation Hub) je \u010detvorogodi\u0161nji projekat koji ima za cilj da podr\u017ei digitalnu transformaciju malih i srednjih preduze\u0107a, javnih institucija i startup-ova u Crnoj Gori, kroz primjenu najsavremenijih digitalnih tehnologija. Kroz podr\u0161ku Evropske unije i Njema\u010dke vlade, u okviru projekta EU4Digital, MONTEDIH doprinosi ja\u010danju regionalne i evropske saradnje. &#8221;Udru\u017eenim snagama digitalnih hubova pove\u0107avamo [&hellip;]","og_url":"https:\/\/www.evropskakuca.me\/me\/story\/digitalna-transformacija-uz-eu-podrsku-kroz-montedih\/","og_site_name":"Europe House","article_publisher":"https:\/\/www.facebook.com\/evropska.kuca","article_modified_time":"2025-12-09T14:29:49+00:00","og_image":[{"width":2560,"height":1707,"url":"https:\/\/www.evropskakuca.me\/wp-content\/uploads\/2025\/12\/FRO_6122-scaled.jpg","type":"image\/jpeg"}],"twitter_card":"summary_large_image","twitter_site":"@evropska_kuca","twitter_misc":{"Est. reading time":"4 minutes"},"schema":{"@context":"https:\/\/schema.org","@graph":[{"@type":"WebPage","@id":"https:\/\/www.evropskakuca.me\/me\/story\/digitalna-transformacija-uz-eu-podrsku-kroz-montedih\/","url":"https:\/\/www.evropskakuca.me\/me\/story\/digitalna-transformacija-uz-eu-podrsku-kroz-montedih\/","name":"Digitalna transformacija uz EU podr\u0161ku kroz\u00a0MONTEDIH - Europe House","isPartOf":{"@id":"https:\/\/www.evropskakuca.me\/me\/#website"},"primaryImageOfPage":{"@id":"https:\/\/www.evropskakuca.me\/me\/story\/digitalna-transformacija-uz-eu-podrsku-kroz-montedih\/#primaryimage"},"image":{"@id":"https:\/\/www.evropskakuca.me\/me\/story\/digitalna-transformacija-uz-eu-podrsku-kroz-montedih\/#primaryimage"},"thumbnailUrl":"https:\/\/www.evropskakuca.me\/wp-content\/uploads\/2025\/12\/FRO_6122-scaled.jpg","datePublished":"2025-12-09T11:59:49+00:00","dateModified":"2025-12-09T14:29:49+00:00","breadcrumb":{"@id":"https:\/\/www.evropskakuca.me\/me\/story\/digitalna-transformacija-uz-eu-podrsku-kroz-montedih\/#breadcrumb"},"inLanguage":"me-ME","potentialAction":[{"@type":"ReadAction","target":["https:\/\/www.evropskakuca.me\/me\/story\/digitalna-transformacija-uz-eu-podrsku-kroz-montedih\/"]}]},{"@type":"ImageObject","inLanguage":"me-ME","@id":"https:\/\/www.evropskakuca.me\/me\/story\/digitalna-transformacija-uz-eu-podrsku-kroz-montedih\/#primaryimage","url":"https:\/\/www.evropskakuca.me\/wp-content\/uploads\/2025\/12\/FRO_6122-scaled.jpg","contentUrl":"https:\/\/www.evropskakuca.me\/wp-content\/uploads\/2025\/12\/FRO_6122-scaled.jpg","width":2560,"height":1707},{"@type":"BreadcrumbList","@id":"https:\/\/www.evropskakuca.me\/me\/story\/digitalna-transformacija-uz-eu-podrsku-kroz-montedih\/#breadcrumb","itemListElement":[{"@type":"ListItem","position":1,"name":"Home","item":"https:\/\/www.evropskakuca.me\/me\/"},{"@type":"ListItem","position":2,"name":"Digitalna transformacija uz EU podr\u0161ku kroz\u00a0MONTEDIH"}]},{"@type":"WebSite","@id":"https:\/\/www.evropskakuca.me\/me\/#website","url":"https:\/\/www.evropskakuca.me\/me\/","name":"Evropean house","description":"","publisher":{"@id":"https:\/\/www.evropskakuca.me\/me\/#organization"},"potentialAction":[{"@type":"SearchAction","target":{"@type":"EntryPoint","urlTemplate":"https:\/\/www.evropskakuca.me\/me\/?s={search_term_string}"},"query-input":{"@type":"PropertyValueSpecification","valueRequired":true,"valueName":"search_term_string"}}],"inLanguage":"me-ME"},{"@type":"Organization","@id":"https:\/\/www.evropskakuca.me\/me\/#organization","name":"Evropean house","url":"https:\/\/www.evropskakuca.me\/me\/","logo":{"@type":"ImageObject","inLanguage":"me-ME","@id":"https:\/\/www.evropskakuca.me\/me\/#\/schema\/logo\/image\/","url":"https:\/\/www.evropskakuca.me\/wp-content\/uploads\/2025\/01\/evropska-kuca-logo-1.png","contentUrl":"https:\/\/www.evropskakuca.me\/wp-content\/uploads\/2025\/01\/evropska-kuca-logo-1.png","width":425,"height":312,"caption":"Evropean house"},"image":{"@id":"https:\/\/www.evropskakuca.me\/me\/#\/schema\/logo\/image\/"},"sameAs":["https:\/\/www.facebook.com\/evropska.kuca","https:\/\/x.com\/evropska_kuca","https:\/\/www.instagram.com\/evropska_kuca"]}]}},"_links":{"self":[{"href":"https:\/\/www.evropskakuca.me\/me\/wp-json\/wp\/v2\/story\/46827","targetHints":{"allow":["GET"]}}],"collection":[{"href":"https:\/\/www.evropskakuca.me\/me\/wp-json\/wp\/v2\/story"}],"about":[{"href":"https:\/\/www.evropskakuca.me\/me\/wp-json\/wp\/v2\/types\/story"}],"wp:featuredmedia":[{"embeddable":true,"href":"https:\/\/www.evropskakuca.me\/me\/wp-json\/wp\/v2\/media\/46832"}],"wp:attachment":[{"href":"https:\/\/www.evropskakuca.me\/me\/wp-json\/wp\/v2\/media?parent=46827"}],"curies":[{"name":"wp","href":"https:\/\/api.w.org\/{rel}","templated":true}]}}