{"id":46164,"date":"2025-10-23T08:46:55","date_gmt":"2025-10-23T08:46:55","guid":{"rendered":"https:\/\/www.evropskakuca.me\/?post_type=story&#038;p=46164"},"modified":"2025-10-23T08:46:57","modified_gmt":"2025-10-23T08:46:57","slug":"kroz-eu-podrsku-tivat-dobio-novi-digitalni-mamograf","status":"publish","type":"story","link":"https:\/\/www.evropskakuca.me\/me\/story\/kroz-eu-podrsku-tivat-dobio-novi-digitalni-mamograf\/","title":{"rendered":"Kroz EU podr\u0161ku Tivat dobio novi digitalni mamograf"},"content":{"rendered":"\n<p>Oktobar je mjesec ru\u017ei\u010daste vrpce. Mjesec koji sna\u017eno podsje\u0107a koliko je va\u017eno brinuti o sopstvenom zdravlju. Ru\u017ei\u010dasta vrpca, simbol borbe protiv raka dojke, nosi poruku da prevencija spa\u0161ava \u017eivote. Blagovremeno otkrivena promjena na dojci mo\u017ee biti presudna u lije\u010denju i oporavku. U Crnoj Gori od raka dojke godi\u0161nje oboli oko 400 \u017eena. Zato ru\u017ei\u010dasti oktobar postaje prilika za poziv svakoj \u017eeni da zastane, oslu\u0161ne svoje tijelo i uradi preventivni pregled.<\/p>\n\n\n\n<p>U Domu zdravlja Tivat od ovog mjeseca u funkciji je savremeni digitalni mamograf, vrijedan blizu 175 hiljada eura. Zahvaljuju\u0107i projektu RISE-UP, finansiranom kroz Interreg IPA CBC program Hrvatska \u2013 Bosna i Hercegovina \u2013 Crna Gora 2021-2027, Tivat se pridru\u017eio gradovima koji svojim gra\u0111ankama omogu\u0107avaju najprecizniju i najpouzdaniju dijagnostiku promjena na dojkama.<\/p>\n\n\n\n<p>\u201eMamografija je zlatni standard u dijagnostici raznih promjena na dojci. \u0160to se ranije prepozna promjena i otkrije karcinom dojke, izle\u010denje je na vrlo visokom nivou. Na \u017ealost Crna Gora je na vrhu ljestvice oboljevanja od karcinoma dojke\u201c, isti\u010de direktorica Doma zdravlja Tivat dr&nbsp;<strong>Danica Stevovi\u0107<\/strong>.<\/p>\n\n\n\n<figure class=\"wp-block-image size-large\"><img fetchpriority=\"high\" decoding=\"async\" width=\"1024\" height=\"774\" src=\"https:\/\/www.evropskakuca.me\/wp-content\/uploads\/2025\/10\/Dom-zdravlja-Tivat-_-Danica-Stevovic-1068x807-1-1024x774.jpg\" alt=\"\" class=\"wp-image-46171\" srcset=\"https:\/\/www.evropskakuca.me\/wp-content\/uploads\/2025\/10\/Dom-zdravlja-Tivat-_-Danica-Stevovic-1068x807-1-1024x774.jpg 1024w, https:\/\/www.evropskakuca.me\/wp-content\/uploads\/2025\/10\/Dom-zdravlja-Tivat-_-Danica-Stevovic-1068x807-1-300x227.jpg 300w, https:\/\/www.evropskakuca.me\/wp-content\/uploads\/2025\/10\/Dom-zdravlja-Tivat-_-Danica-Stevovic-1068x807-1-768x580.jpg 768w, https:\/\/www.evropskakuca.me\/wp-content\/uploads\/2025\/10\/Dom-zdravlja-Tivat-_-Danica-Stevovic-1068x807-1.jpg 1068w\" sizes=\"(max-width: 1024px) 100vw, 1024px\" \/><\/figure>\n\n\n\n<p>Medicinska sestra&nbsp;<strong>Tamara Stojanovi\u0107<\/strong>&nbsp;iz radiolo\u0161ke slu\u017ebe ka\u017ee da je mamografija bezbolna procedura koja traje svega nekoliko minuta, a mo\u017ee da spasi ne\u010diji \u017eivot.<\/p>\n\n\n\n<p>\u201ePozivamo sve \u017eene sa navr\u0161enih 40 godina \u017eivota da se jave u radiolo\u0161ku slu\u017ebu sa uputom od izabranog ljekara ili ginekologa\u201c, poru\u010duje Tamara i dodaje da se pregledi zakazuju svakodnevno.<\/p>\n\n\n\n<figure class=\"wp-block-image size-large\"><img decoding=\"async\" width=\"1024\" height=\"683\" src=\"https:\/\/www.evropskakuca.me\/wp-content\/uploads\/2025\/10\/Dom-zdravlja-Tivat-_-Tamara-Stojanovic-1068x712-1-1024x683.jpg\" alt=\"\" class=\"wp-image-46169\" srcset=\"https:\/\/www.evropskakuca.me\/wp-content\/uploads\/2025\/10\/Dom-zdravlja-Tivat-_-Tamara-Stojanovic-1068x712-1-1024x683.jpg 1024w, https:\/\/www.evropskakuca.me\/wp-content\/uploads\/2025\/10\/Dom-zdravlja-Tivat-_-Tamara-Stojanovic-1068x712-1-300x200.jpg 300w, https:\/\/www.evropskakuca.me\/wp-content\/uploads\/2025\/10\/Dom-zdravlja-Tivat-_-Tamara-Stojanovic-1068x712-1-768x512.jpg 768w, https:\/\/www.evropskakuca.me\/wp-content\/uploads\/2025\/10\/Dom-zdravlja-Tivat-_-Tamara-Stojanovic-1068x712-1.jpg 1068w\" sizes=\"(max-width: 1024px) 100vw, 1024px\" \/><\/figure>\n\n\n\n<p>Gra\u0111anke Tivta ve\u0107 su prepoznale zna\u010daj mamografske dijagnostike. \u201eAko na vrijeme preveniramo, onda ne lije\u010dimo\u201c, ka\u017ee Sandra, jedna od ispitanica u anketi, dok njena sugra\u0111anka Tanja poru\u010duje da \u201epregledi nisu ni bolni ni nedostupni, kako se \u010desto misli\u201c. Tiv\u0107anka Lidija jo\u0161 jednom podsje\u0107a: \u201eprevencija nije va\u017ena samo u borbi protiv maligniteta, ve\u0107 i protiv drugih bolesti\u201c.<\/p>\n\n\n\n<p>Dom zdravlja Tivat, kroz RISE-UP projekat, dodatno potvr\u0111uje posve\u0107enost unapre\u0111enju zdravstvene za\u0161tite i ja\u010danju preventivne medicine. Nabavka digitalnog mamografa dio je \u0161ireg nastojanja da ta ustanova osavremeni svoje usluge i u\u010dini zdravstvenu za\u0161titu dostupnijom. Kroz projekat RISE-UP, nabavljena su i nova sanitetska i patrona\u017ena vozila, kao i oprema za mikrobiologiju. Kroz jo\u0161 jedan EU projekat \u201eBefore time\u201d, \u010diji je cilj ja\u010danje prevencije i ranog otkrivanja raka grli\u0107a materice, obezbje\u0111ena je i savremena ginekolo\u0161ka oprema.<\/p>\n\n\n\n<figure class=\"wp-block-image size-large\"><img decoding=\"async\" width=\"1024\" height=\"820\" src=\"https:\/\/www.evropskakuca.me\/wp-content\/uploads\/2025\/10\/mamograf-1068x855-1-1024x820.jpg\" alt=\"\" class=\"wp-image-46167\" srcset=\"https:\/\/www.evropskakuca.me\/wp-content\/uploads\/2025\/10\/mamograf-1068x855-1-1024x820.jpg 1024w, https:\/\/www.evropskakuca.me\/wp-content\/uploads\/2025\/10\/mamograf-1068x855-1-300x240.jpg 300w, https:\/\/www.evropskakuca.me\/wp-content\/uploads\/2025\/10\/mamograf-1068x855-1-768x615.jpg 768w, https:\/\/www.evropskakuca.me\/wp-content\/uploads\/2025\/10\/mamograf-1068x855-1.jpg 1068w\" sizes=\"(max-width: 1024px) 100vw, 1024px\" \/><\/figure>\n\n\n\n<p>U vremenu kada statistike o karcinomu dojke upozoravaju, tivatski primjer pokazuje da ulaganje u prevenciju i savremenu dijagnostiku nije luksuz, ve\u0107 potreba. Novi digitalni mamograf i savremena ginegolo\u0161ka oprema u Tivtu, ne donose samo tehni\u010dki napredak, ve\u0107 i jasnu poruku da je briga o zdravlju \u017eena prioritet.<\/p>\n\n\n\n<p>Autorka: An\u0111elika Durutovi\u0107<\/p>\n\n\n\n<p>Izvor teksta: ME4EU<\/p>\n","protected":false},"featured_media":46165,"template":"","class_list":["post-46164","story","type-story","status-publish","has-post-thumbnail","hentry"],"acf":[],"yoast_head":"<!-- This site is optimized with the Yoast SEO plugin v27.3 - https:\/\/yoast.com\/product\/yoast-seo-wordpress\/ -->\n<title>Kroz EU podr\u0161ku Tivat dobio novi digitalni mamograf - Europe House<\/title>\n<meta name=\"robots\" content=\"index, follow, max-snippet:-1, max-image-preview:large, max-video-preview:-1\" \/>\n<link rel=\"canonical\" href=\"https:\/\/www.evropskakuca.me\/me\/story\/kroz-eu-podrsku-tivat-dobio-novi-digitalni-mamograf\/\" \/>\n<meta property=\"og:locale\" content=\"en_US\" \/>\n<meta property=\"og:type\" content=\"article\" \/>\n<meta property=\"og:title\" content=\"Kroz EU podr\u0161ku Tivat dobio novi digitalni mamograf - Europe House\" \/>\n<meta property=\"og:description\" content=\"Oktobar je mjesec ru\u017ei\u010daste vrpce. Mjesec koji sna\u017eno podsje\u0107a koliko je va\u017eno brinuti o sopstvenom zdravlju. Ru\u017ei\u010dasta vrpca, simbol borbe protiv raka dojke, nosi poruku da prevencija spa\u0161ava \u017eivote. Blagovremeno otkrivena promjena na dojci mo\u017ee biti presudna u lije\u010denju i oporavku. U Crnoj Gori od raka dojke godi\u0161nje oboli oko 400 \u017eena. Zato ru\u017ei\u010dasti oktobar [&hellip;]\" \/>\n<meta property=\"og:url\" content=\"https:\/\/www.evropskakuca.me\/me\/story\/kroz-eu-podrsku-tivat-dobio-novi-digitalni-mamograf\/\" \/>\n<meta property=\"og:site_name\" content=\"Europe House\" \/>\n<meta property=\"article:publisher\" content=\"https:\/\/www.facebook.com\/evropska.kuca\" \/>\n<meta property=\"article:modified_time\" content=\"2025-10-23T08:46:57+00:00\" \/>\n<meta property=\"og:image\" content=\"https:\/\/www.evropskakuca.me\/wp-content\/uploads\/2025\/10\/DZ-Tivat-1068x712-1-e1761209105625.jpg\" \/>\n\t<meta property=\"og:image:width\" content=\"1068\" \/>\n\t<meta property=\"og:image:height\" content=\"450\" \/>\n\t<meta property=\"og:image:type\" content=\"image\/jpeg\" \/>\n<meta name=\"twitter:card\" content=\"summary_large_image\" \/>\n<meta name=\"twitter:site\" content=\"@evropska_kuca\" \/>\n<meta name=\"twitter:label1\" content=\"Est. reading time\" \/>\n\t<meta name=\"twitter:data1\" content=\"3 minutes\" \/>\n<script type=\"application\/ld+json\" class=\"yoast-schema-graph\">{\"@context\":\"https:\\\/\\\/schema.org\",\"@graph\":[{\"@type\":\"WebPage\",\"@id\":\"https:\\\/\\\/www.evropskakuca.me\\\/me\\\/story\\\/kroz-eu-podrsku-tivat-dobio-novi-digitalni-mamograf\\\/\",\"url\":\"https:\\\/\\\/www.evropskakuca.me\\\/me\\\/story\\\/kroz-eu-podrsku-tivat-dobio-novi-digitalni-mamograf\\\/\",\"name\":\"Kroz EU podr\u0161ku Tivat dobio novi digitalni mamograf - Europe House\",\"isPartOf\":{\"@id\":\"https:\\\/\\\/www.evropskakuca.me\\\/me\\\/#website\"},\"primaryImageOfPage\":{\"@id\":\"https:\\\/\\\/www.evropskakuca.me\\\/me\\\/story\\\/kroz-eu-podrsku-tivat-dobio-novi-digitalni-mamograf\\\/#primaryimage\"},\"image\":{\"@id\":\"https:\\\/\\\/www.evropskakuca.me\\\/me\\\/story\\\/kroz-eu-podrsku-tivat-dobio-novi-digitalni-mamograf\\\/#primaryimage\"},\"thumbnailUrl\":\"https:\\\/\\\/www.evropskakuca.me\\\/wp-content\\\/uploads\\\/2025\\\/10\\\/DZ-Tivat-1068x712-1-e1761209105625.jpg\",\"datePublished\":\"2025-10-23T08:46:55+00:00\",\"dateModified\":\"2025-10-23T08:46:57+00:00\",\"breadcrumb\":{\"@id\":\"https:\\\/\\\/www.evropskakuca.me\\\/me\\\/story\\\/kroz-eu-podrsku-tivat-dobio-novi-digitalni-mamograf\\\/#breadcrumb\"},\"inLanguage\":\"me-ME\",\"potentialAction\":[{\"@type\":\"ReadAction\",\"target\":[\"https:\\\/\\\/www.evropskakuca.me\\\/me\\\/story\\\/kroz-eu-podrsku-tivat-dobio-novi-digitalni-mamograf\\\/\"]}]},{\"@type\":\"ImageObject\",\"inLanguage\":\"me-ME\",\"@id\":\"https:\\\/\\\/www.evropskakuca.me\\\/me\\\/story\\\/kroz-eu-podrsku-tivat-dobio-novi-digitalni-mamograf\\\/#primaryimage\",\"url\":\"https:\\\/\\\/www.evropskakuca.me\\\/wp-content\\\/uploads\\\/2025\\\/10\\\/DZ-Tivat-1068x712-1-e1761209105625.jpg\",\"contentUrl\":\"https:\\\/\\\/www.evropskakuca.me\\\/wp-content\\\/uploads\\\/2025\\\/10\\\/DZ-Tivat-1068x712-1-e1761209105625.jpg\",\"width\":1068,\"height\":450},{\"@type\":\"BreadcrumbList\",\"@id\":\"https:\\\/\\\/www.evropskakuca.me\\\/me\\\/story\\\/kroz-eu-podrsku-tivat-dobio-novi-digitalni-mamograf\\\/#breadcrumb\",\"itemListElement\":[{\"@type\":\"ListItem\",\"position\":1,\"name\":\"Home\",\"item\":\"https:\\\/\\\/www.evropskakuca.me\\\/me\\\/\"},{\"@type\":\"ListItem\",\"position\":2,\"name\":\"Kroz EU podr\u0161ku Tivat dobio novi digitalni mamograf\"}]},{\"@type\":\"WebSite\",\"@id\":\"https:\\\/\\\/www.evropskakuca.me\\\/me\\\/#website\",\"url\":\"https:\\\/\\\/www.evropskakuca.me\\\/me\\\/\",\"name\":\"Evropean house\",\"description\":\"\",\"publisher\":{\"@id\":\"https:\\\/\\\/www.evropskakuca.me\\\/me\\\/#organization\"},\"potentialAction\":[{\"@type\":\"SearchAction\",\"target\":{\"@type\":\"EntryPoint\",\"urlTemplate\":\"https:\\\/\\\/www.evropskakuca.me\\\/me\\\/?s={search_term_string}\"},\"query-input\":{\"@type\":\"PropertyValueSpecification\",\"valueRequired\":true,\"valueName\":\"search_term_string\"}}],\"inLanguage\":\"me-ME\"},{\"@type\":\"Organization\",\"@id\":\"https:\\\/\\\/www.evropskakuca.me\\\/me\\\/#organization\",\"name\":\"Evropean house\",\"url\":\"https:\\\/\\\/www.evropskakuca.me\\\/me\\\/\",\"logo\":{\"@type\":\"ImageObject\",\"inLanguage\":\"me-ME\",\"@id\":\"https:\\\/\\\/www.evropskakuca.me\\\/me\\\/#\\\/schema\\\/logo\\\/image\\\/\",\"url\":\"https:\\\/\\\/www.evropskakuca.me\\\/wp-content\\\/uploads\\\/2025\\\/01\\\/evropska-kuca-logo-1.png\",\"contentUrl\":\"https:\\\/\\\/www.evropskakuca.me\\\/wp-content\\\/uploads\\\/2025\\\/01\\\/evropska-kuca-logo-1.png\",\"width\":425,\"height\":312,\"caption\":\"Evropean house\"},\"image\":{\"@id\":\"https:\\\/\\\/www.evropskakuca.me\\\/me\\\/#\\\/schema\\\/logo\\\/image\\\/\"},\"sameAs\":[\"https:\\\/\\\/www.facebook.com\\\/evropska.kuca\",\"https:\\\/\\\/x.com\\\/evropska_kuca\",\"https:\\\/\\\/www.instagram.com\\\/evropska_kuca\"]}]}<\/script>\n<!-- \/ Yoast SEO plugin. -->","yoast_head_json":{"title":"Kroz EU podr\u0161ku Tivat dobio novi digitalni mamograf - Europe House","robots":{"index":"index","follow":"follow","max-snippet":"max-snippet:-1","max-image-preview":"max-image-preview:large","max-video-preview":"max-video-preview:-1"},"canonical":"https:\/\/www.evropskakuca.me\/me\/story\/kroz-eu-podrsku-tivat-dobio-novi-digitalni-mamograf\/","og_locale":"en_US","og_type":"article","og_title":"Kroz EU podr\u0161ku Tivat dobio novi digitalni mamograf - Europe House","og_description":"Oktobar je mjesec ru\u017ei\u010daste vrpce. Mjesec koji sna\u017eno podsje\u0107a koliko je va\u017eno brinuti o sopstvenom zdravlju. Ru\u017ei\u010dasta vrpca, simbol borbe protiv raka dojke, nosi poruku da prevencija spa\u0161ava \u017eivote. Blagovremeno otkrivena promjena na dojci mo\u017ee biti presudna u lije\u010denju i oporavku. U Crnoj Gori od raka dojke godi\u0161nje oboli oko 400 \u017eena. Zato ru\u017ei\u010dasti oktobar [&hellip;]","og_url":"https:\/\/www.evropskakuca.me\/me\/story\/kroz-eu-podrsku-tivat-dobio-novi-digitalni-mamograf\/","og_site_name":"Europe House","article_publisher":"https:\/\/www.facebook.com\/evropska.kuca","article_modified_time":"2025-10-23T08:46:57+00:00","og_image":[{"width":1068,"height":450,"url":"https:\/\/www.evropskakuca.me\/wp-content\/uploads\/2025\/10\/DZ-Tivat-1068x712-1-e1761209105625.jpg","type":"image\/jpeg"}],"twitter_card":"summary_large_image","twitter_site":"@evropska_kuca","twitter_misc":{"Est. reading time":"3 minutes"},"schema":{"@context":"https:\/\/schema.org","@graph":[{"@type":"WebPage","@id":"https:\/\/www.evropskakuca.me\/me\/story\/kroz-eu-podrsku-tivat-dobio-novi-digitalni-mamograf\/","url":"https:\/\/www.evropskakuca.me\/me\/story\/kroz-eu-podrsku-tivat-dobio-novi-digitalni-mamograf\/","name":"Kroz EU podr\u0161ku Tivat dobio novi digitalni mamograf - Europe House","isPartOf":{"@id":"https:\/\/www.evropskakuca.me\/me\/#website"},"primaryImageOfPage":{"@id":"https:\/\/www.evropskakuca.me\/me\/story\/kroz-eu-podrsku-tivat-dobio-novi-digitalni-mamograf\/#primaryimage"},"image":{"@id":"https:\/\/www.evropskakuca.me\/me\/story\/kroz-eu-podrsku-tivat-dobio-novi-digitalni-mamograf\/#primaryimage"},"thumbnailUrl":"https:\/\/www.evropskakuca.me\/wp-content\/uploads\/2025\/10\/DZ-Tivat-1068x712-1-e1761209105625.jpg","datePublished":"2025-10-23T08:46:55+00:00","dateModified":"2025-10-23T08:46:57+00:00","breadcrumb":{"@id":"https:\/\/www.evropskakuca.me\/me\/story\/kroz-eu-podrsku-tivat-dobio-novi-digitalni-mamograf\/#breadcrumb"},"inLanguage":"me-ME","potentialAction":[{"@type":"ReadAction","target":["https:\/\/www.evropskakuca.me\/me\/story\/kroz-eu-podrsku-tivat-dobio-novi-digitalni-mamograf\/"]}]},{"@type":"ImageObject","inLanguage":"me-ME","@id":"https:\/\/www.evropskakuca.me\/me\/story\/kroz-eu-podrsku-tivat-dobio-novi-digitalni-mamograf\/#primaryimage","url":"https:\/\/www.evropskakuca.me\/wp-content\/uploads\/2025\/10\/DZ-Tivat-1068x712-1-e1761209105625.jpg","contentUrl":"https:\/\/www.evropskakuca.me\/wp-content\/uploads\/2025\/10\/DZ-Tivat-1068x712-1-e1761209105625.jpg","width":1068,"height":450},{"@type":"BreadcrumbList","@id":"https:\/\/www.evropskakuca.me\/me\/story\/kroz-eu-podrsku-tivat-dobio-novi-digitalni-mamograf\/#breadcrumb","itemListElement":[{"@type":"ListItem","position":1,"name":"Home","item":"https:\/\/www.evropskakuca.me\/me\/"},{"@type":"ListItem","position":2,"name":"Kroz EU podr\u0161ku Tivat dobio novi digitalni mamograf"}]},{"@type":"WebSite","@id":"https:\/\/www.evropskakuca.me\/me\/#website","url":"https:\/\/www.evropskakuca.me\/me\/","name":"Evropean house","description":"","publisher":{"@id":"https:\/\/www.evropskakuca.me\/me\/#organization"},"potentialAction":[{"@type":"SearchAction","target":{"@type":"EntryPoint","urlTemplate":"https:\/\/www.evropskakuca.me\/me\/?s={search_term_string}"},"query-input":{"@type":"PropertyValueSpecification","valueRequired":true,"valueName":"search_term_string"}}],"inLanguage":"me-ME"},{"@type":"Organization","@id":"https:\/\/www.evropskakuca.me\/me\/#organization","name":"Evropean house","url":"https:\/\/www.evropskakuca.me\/me\/","logo":{"@type":"ImageObject","inLanguage":"me-ME","@id":"https:\/\/www.evropskakuca.me\/me\/#\/schema\/logo\/image\/","url":"https:\/\/www.evropskakuca.me\/wp-content\/uploads\/2025\/01\/evropska-kuca-logo-1.png","contentUrl":"https:\/\/www.evropskakuca.me\/wp-content\/uploads\/2025\/01\/evropska-kuca-logo-1.png","width":425,"height":312,"caption":"Evropean house"},"image":{"@id":"https:\/\/www.evropskakuca.me\/me\/#\/schema\/logo\/image\/"},"sameAs":["https:\/\/www.facebook.com\/evropska.kuca","https:\/\/x.com\/evropska_kuca","https:\/\/www.instagram.com\/evropska_kuca"]}]}},"_links":{"self":[{"href":"https:\/\/www.evropskakuca.me\/me\/wp-json\/wp\/v2\/story\/46164","targetHints":{"allow":["GET"]}}],"collection":[{"href":"https:\/\/www.evropskakuca.me\/me\/wp-json\/wp\/v2\/story"}],"about":[{"href":"https:\/\/www.evropskakuca.me\/me\/wp-json\/wp\/v2\/types\/story"}],"wp:featuredmedia":[{"embeddable":true,"href":"https:\/\/www.evropskakuca.me\/me\/wp-json\/wp\/v2\/media\/46165"}],"wp:attachment":[{"href":"https:\/\/www.evropskakuca.me\/me\/wp-json\/wp\/v2\/media?parent=46164"}],"curies":[{"name":"wp","href":"https:\/\/api.w.org\/{rel}","templated":true}]}}