{"id":45637,"date":"2025-09-12T10:31:27","date_gmt":"2025-09-12T10:31:27","guid":{"rendered":"https:\/\/www.evropskakuca.me\/?post_type=story&#038;p=45637"},"modified":"2025-09-12T10:39:37","modified_gmt":"2025-09-12T10:39:37","slug":"nova-oprema-za-dom-zdravlja-u-tivtu","status":"publish","type":"story","link":"https:\/\/www.evropskakuca.me\/me\/story\/nova-oprema-za-dom-zdravlja-u-tivtu\/","title":{"rendered":"EU projekat \u201cBefore time\u201d: Nova oprema za Dom zdravlja u Tivtu"},"content":{"rendered":"\n<p>Dom zdravlja Tivat modernizovao je prostorije izabranog doktora za \u017eene najsavremenijom medicinskom opremom kroz&nbsp;<strong>EU projekat&nbsp;<\/strong>\u201cBefore time \u2013 Osna\u017eivanje \u017eena i zajednice za za\u0161titu od raka grli\u0107a materice\u201d.<\/p>\n\n\n\n<p>U okviru projekta nabavljena je vrijedna oprema: ginekolo\u0161ka stolica sa integrisanim kolposkopom, monitorom i grija\u010dima, ultrazvu\u010dni aparat sa 3D\/4D softverom i termalnim printerom, prenosiva WI-FI ultrazvu\u010dna sonda, stoni sterilizator, kao i farmaceutski fri\u017eider koji omogu\u0107ava \u010duvanje HPV i drugih vakcina u najoptimalnijim uslovima.<\/p>\n\n\n\n<p>Projekat \u201cBefore time\u201d sufinansiran je iz&nbsp;<strong>programa Interreg VI-A IPA Croatia-Bosnia and Herzegovina-Montenegro<\/strong>, po\u010deo je u septembru 2024. i traja\u0107e do februara 2027.<\/p>\n\n\n\n<p>Glavni cilj projekta, kako obja\u0161njavaju u tivatskom Domu zdravlja, je ja\u010danje prevencije i ranog otkrivanja predstadijuma bolesti, prije nego \u0161to se razvije invazivni rak grli\u0107a materice.<\/p>\n\n\n\n<figure class=\"wp-block-image size-large\"><img fetchpriority=\"high\" decoding=\"async\" width=\"1024\" height=\"728\" src=\"https:\/\/www.evropskakuca.me\/wp-content\/uploads\/2025\/09\/2-1-1024x728.jpg\" alt=\"\" class=\"wp-image-45640\" srcset=\"https:\/\/www.evropskakuca.me\/wp-content\/uploads\/2025\/09\/2-1-1024x728.jpg 1024w, https:\/\/www.evropskakuca.me\/wp-content\/uploads\/2025\/09\/2-1-300x213.jpg 300w, https:\/\/www.evropskakuca.me\/wp-content\/uploads\/2025\/09\/2-1-768x546.jpg 768w, https:\/\/www.evropskakuca.me\/wp-content\/uploads\/2025\/09\/2-1-1536x1091.jpg 1536w, https:\/\/www.evropskakuca.me\/wp-content\/uploads\/2025\/09\/2-1.jpg 1973w\" sizes=\"(max-width: 1024px) 100vw, 1024px\" \/><\/figure>\n\n\n\n<p>\u201cNa\u0161a misija je da zdravlje u\u010dinimo dostupnijim, sigurnijim i savremenijim. Nova oprema donosi vrhunsku brigu i udobnost, ali i podsjetnik da je najva\u017enije da budete redovni na pregledima. Briga o sebi je najbolja prevencija \u2013 a mi smo tu da Vas podr\u017eimo na tom putu\u201d, istakla je direktorica DZ Tivat dr <strong>Danica Stevovi\u0107<\/strong>.<\/p>\n\n\n\n<p>DZ Tivat sprovodi projekat u partnerstvu sa Zavodom za javno zdravstvo Zadar, DZ Mostar, Institutom za javno zdravlje Crne Gore, Hrvatskim zavodom za javno zdravstvo Zagreb i Institutom perspektiva ekonomije Mediterana Split.<\/p>\n\n\n\n<figure class=\"wp-block-image size-full\"><img decoding=\"async\" width=\"850\" height=\"560\" src=\"https:\/\/www.evropskakuca.me\/wp-content\/uploads\/2025\/09\/3.webp\" alt=\"\" class=\"wp-image-45642\" srcset=\"https:\/\/www.evropskakuca.me\/wp-content\/uploads\/2025\/09\/3.webp 850w, https:\/\/www.evropskakuca.me\/wp-content\/uploads\/2025\/09\/3-300x198.webp 300w, https:\/\/www.evropskakuca.me\/wp-content\/uploads\/2025\/09\/3-768x506.webp 768w\" sizes=\"(max-width: 850px) 100vw, 850px\" \/><\/figure>\n\n\n\n<p>\u201cZahvaljuju\u0107i u\u010de\u0161\u0107u u ovom me\u0111unarodnom projektu Dom zdravlja Tivat opremio je prostorije ginekologije najsavremenijom medicinskom opremom, koja zna\u010dajno unapre\u0111uje kvalitet i dostupnost zdravstvenih usluga. Ova oprema donosi br\u017ee i preciznije dijagnosti\u010dke procedure, obezbje\u0111uje maksimalan komfor pacijenata i motivi\u0161e ve\u0107i broj \u017eena da se odazovu preventivnim pregledima\u201d, nagla\u0161avaju u toj ustanovi.<\/p>\n\n\n\n<p>Aktivnosti u sklopu projekta obuhvataju edukaciju i informisanje gra\u0111ana, promociju vakcinacije protiv HPV virusa, zna\u010daj redovnih ginekolo\u0161kih pregleda, kao i razvoj i testiranje protokola za pilot projekat samouzorkovanja za HPV testiranje.<\/p>\n\n\n\n<p>Izvor:&nbsp;<a href=\"https:\/\/dztivat.com\/savremena-medicinska-oprema-u-domu-zdravlja-tivat-za-maksimalni-komfor-i-brigu-o-pacijentima\/\">dztivat.com<\/a><\/p>\n\n\n\n<p><\/p>\n","protected":false},"featured_media":45638,"template":"","class_list":["post-45637","story","type-story","status-publish","has-post-thumbnail","hentry"],"acf":[],"yoast_head":"<!-- This site is optimized with the Yoast SEO plugin v27.3 - https:\/\/yoast.com\/product\/yoast-seo-wordpress\/ -->\n<title>EU projekat \u201cBefore time\u201d: Nova oprema za Dom zdravlja u Tivtu - Europe House<\/title>\n<meta name=\"robots\" content=\"index, follow, max-snippet:-1, max-image-preview:large, max-video-preview:-1\" \/>\n<link rel=\"canonical\" href=\"https:\/\/www.evropskakuca.me\/me\/story\/nova-oprema-za-dom-zdravlja-u-tivtu\/\" \/>\n<meta property=\"og:locale\" content=\"en_US\" \/>\n<meta property=\"og:type\" content=\"article\" \/>\n<meta property=\"og:title\" content=\"EU projekat \u201cBefore time\u201d: Nova oprema za Dom zdravlja u Tivtu - Europe House\" \/>\n<meta property=\"og:description\" content=\"Dom zdravlja Tivat modernizovao je prostorije izabranog doktora za \u017eene najsavremenijom medicinskom opremom kroz&nbsp;EU projekat&nbsp;\u201cBefore time \u2013 Osna\u017eivanje \u017eena i zajednice za za\u0161titu od raka grli\u0107a materice\u201d. U okviru projekta nabavljena je vrijedna oprema: ginekolo\u0161ka stolica sa integrisanim kolposkopom, monitorom i grija\u010dima, ultrazvu\u010dni aparat sa 3D\/4D softverom i termalnim printerom, prenosiva WI-FI ultrazvu\u010dna sonda, stoni [&hellip;]\" \/>\n<meta property=\"og:url\" content=\"https:\/\/www.evropskakuca.me\/me\/story\/nova-oprema-za-dom-zdravlja-u-tivtu\/\" \/>\n<meta property=\"og:site_name\" content=\"Europe House\" \/>\n<meta property=\"article:publisher\" content=\"https:\/\/www.facebook.com\/evropska.kuca\" \/>\n<meta property=\"article:modified_time\" content=\"2025-09-12T10:39:37+00:00\" \/>\n<meta property=\"og:image\" content=\"https:\/\/www.evropskakuca.me\/wp-content\/uploads\/2025\/09\/1-1-e1757672989456.jpg\" \/>\n\t<meta property=\"og:image:width\" content=\"1024\" \/>\n\t<meta property=\"og:image:height\" content=\"450\" \/>\n\t<meta property=\"og:image:type\" content=\"image\/jpeg\" \/>\n<meta name=\"twitter:card\" content=\"summary_large_image\" \/>\n<meta name=\"twitter:site\" content=\"@evropska_kuca\" \/>\n<meta name=\"twitter:label1\" content=\"Est. reading time\" \/>\n\t<meta name=\"twitter:data1\" content=\"2 minutes\" \/>\n<script type=\"application\/ld+json\" class=\"yoast-schema-graph\">{\"@context\":\"https:\\\/\\\/schema.org\",\"@graph\":[{\"@type\":\"WebPage\",\"@id\":\"https:\\\/\\\/www.evropskakuca.me\\\/me\\\/story\\\/nova-oprema-za-dom-zdravlja-u-tivtu\\\/\",\"url\":\"https:\\\/\\\/www.evropskakuca.me\\\/me\\\/story\\\/nova-oprema-za-dom-zdravlja-u-tivtu\\\/\",\"name\":\"EU projekat \u201cBefore time\u201d: Nova oprema za Dom zdravlja u Tivtu - Europe House\",\"isPartOf\":{\"@id\":\"https:\\\/\\\/www.evropskakuca.me\\\/me\\\/#website\"},\"primaryImageOfPage\":{\"@id\":\"https:\\\/\\\/www.evropskakuca.me\\\/me\\\/story\\\/nova-oprema-za-dom-zdravlja-u-tivtu\\\/#primaryimage\"},\"image\":{\"@id\":\"https:\\\/\\\/www.evropskakuca.me\\\/me\\\/story\\\/nova-oprema-za-dom-zdravlja-u-tivtu\\\/#primaryimage\"},\"thumbnailUrl\":\"https:\\\/\\\/www.evropskakuca.me\\\/wp-content\\\/uploads\\\/2025\\\/09\\\/1-1-e1757672989456.jpg\",\"datePublished\":\"2025-09-12T10:31:27+00:00\",\"dateModified\":\"2025-09-12T10:39:37+00:00\",\"breadcrumb\":{\"@id\":\"https:\\\/\\\/www.evropskakuca.me\\\/me\\\/story\\\/nova-oprema-za-dom-zdravlja-u-tivtu\\\/#breadcrumb\"},\"inLanguage\":\"me-ME\",\"potentialAction\":[{\"@type\":\"ReadAction\",\"target\":[\"https:\\\/\\\/www.evropskakuca.me\\\/me\\\/story\\\/nova-oprema-za-dom-zdravlja-u-tivtu\\\/\"]}]},{\"@type\":\"ImageObject\",\"inLanguage\":\"me-ME\",\"@id\":\"https:\\\/\\\/www.evropskakuca.me\\\/me\\\/story\\\/nova-oprema-za-dom-zdravlja-u-tivtu\\\/#primaryimage\",\"url\":\"https:\\\/\\\/www.evropskakuca.me\\\/wp-content\\\/uploads\\\/2025\\\/09\\\/1-1-e1757672989456.jpg\",\"contentUrl\":\"https:\\\/\\\/www.evropskakuca.me\\\/wp-content\\\/uploads\\\/2025\\\/09\\\/1-1-e1757672989456.jpg\",\"width\":1024,\"height\":450,\"caption\":\"www.veri.me\"},{\"@type\":\"BreadcrumbList\",\"@id\":\"https:\\\/\\\/www.evropskakuca.me\\\/me\\\/story\\\/nova-oprema-za-dom-zdravlja-u-tivtu\\\/#breadcrumb\",\"itemListElement\":[{\"@type\":\"ListItem\",\"position\":1,\"name\":\"Home\",\"item\":\"https:\\\/\\\/www.evropskakuca.me\\\/me\\\/\"},{\"@type\":\"ListItem\",\"position\":2,\"name\":\"EU projekat \u201cBefore time\u201d: Nova oprema za Dom zdravlja u Tivtu\"}]},{\"@type\":\"WebSite\",\"@id\":\"https:\\\/\\\/www.evropskakuca.me\\\/me\\\/#website\",\"url\":\"https:\\\/\\\/www.evropskakuca.me\\\/me\\\/\",\"name\":\"Evropean house\",\"description\":\"\",\"publisher\":{\"@id\":\"https:\\\/\\\/www.evropskakuca.me\\\/me\\\/#organization\"},\"potentialAction\":[{\"@type\":\"SearchAction\",\"target\":{\"@type\":\"EntryPoint\",\"urlTemplate\":\"https:\\\/\\\/www.evropskakuca.me\\\/me\\\/?s={search_term_string}\"},\"query-input\":{\"@type\":\"PropertyValueSpecification\",\"valueRequired\":true,\"valueName\":\"search_term_string\"}}],\"inLanguage\":\"me-ME\"},{\"@type\":\"Organization\",\"@id\":\"https:\\\/\\\/www.evropskakuca.me\\\/me\\\/#organization\",\"name\":\"Evropean house\",\"url\":\"https:\\\/\\\/www.evropskakuca.me\\\/me\\\/\",\"logo\":{\"@type\":\"ImageObject\",\"inLanguage\":\"me-ME\",\"@id\":\"https:\\\/\\\/www.evropskakuca.me\\\/me\\\/#\\\/schema\\\/logo\\\/image\\\/\",\"url\":\"https:\\\/\\\/www.evropskakuca.me\\\/wp-content\\\/uploads\\\/2025\\\/01\\\/evropska-kuca-logo-1.png\",\"contentUrl\":\"https:\\\/\\\/www.evropskakuca.me\\\/wp-content\\\/uploads\\\/2025\\\/01\\\/evropska-kuca-logo-1.png\",\"width\":425,\"height\":312,\"caption\":\"Evropean house\"},\"image\":{\"@id\":\"https:\\\/\\\/www.evropskakuca.me\\\/me\\\/#\\\/schema\\\/logo\\\/image\\\/\"},\"sameAs\":[\"https:\\\/\\\/www.facebook.com\\\/evropska.kuca\",\"https:\\\/\\\/x.com\\\/evropska_kuca\",\"https:\\\/\\\/www.instagram.com\\\/evropska_kuca\"]}]}<\/script>\n<!-- \/ Yoast SEO plugin. -->","yoast_head_json":{"title":"EU projekat \u201cBefore time\u201d: Nova oprema za Dom zdravlja u Tivtu - Europe House","robots":{"index":"index","follow":"follow","max-snippet":"max-snippet:-1","max-image-preview":"max-image-preview:large","max-video-preview":"max-video-preview:-1"},"canonical":"https:\/\/www.evropskakuca.me\/me\/story\/nova-oprema-za-dom-zdravlja-u-tivtu\/","og_locale":"en_US","og_type":"article","og_title":"EU projekat \u201cBefore time\u201d: Nova oprema za Dom zdravlja u Tivtu - Europe House","og_description":"Dom zdravlja Tivat modernizovao je prostorije izabranog doktora za \u017eene najsavremenijom medicinskom opremom kroz&nbsp;EU projekat&nbsp;\u201cBefore time \u2013 Osna\u017eivanje \u017eena i zajednice za za\u0161titu od raka grli\u0107a materice\u201d. U okviru projekta nabavljena je vrijedna oprema: ginekolo\u0161ka stolica sa integrisanim kolposkopom, monitorom i grija\u010dima, ultrazvu\u010dni aparat sa 3D\/4D softverom i termalnim printerom, prenosiva WI-FI ultrazvu\u010dna sonda, stoni [&hellip;]","og_url":"https:\/\/www.evropskakuca.me\/me\/story\/nova-oprema-za-dom-zdravlja-u-tivtu\/","og_site_name":"Europe House","article_publisher":"https:\/\/www.facebook.com\/evropska.kuca","article_modified_time":"2025-09-12T10:39:37+00:00","og_image":[{"width":1024,"height":450,"url":"https:\/\/www.evropskakuca.me\/wp-content\/uploads\/2025\/09\/1-1-e1757672989456.jpg","type":"image\/jpeg"}],"twitter_card":"summary_large_image","twitter_site":"@evropska_kuca","twitter_misc":{"Est. reading time":"2 minutes"},"schema":{"@context":"https:\/\/schema.org","@graph":[{"@type":"WebPage","@id":"https:\/\/www.evropskakuca.me\/me\/story\/nova-oprema-za-dom-zdravlja-u-tivtu\/","url":"https:\/\/www.evropskakuca.me\/me\/story\/nova-oprema-za-dom-zdravlja-u-tivtu\/","name":"EU projekat \u201cBefore time\u201d: Nova oprema za Dom zdravlja u Tivtu - Europe House","isPartOf":{"@id":"https:\/\/www.evropskakuca.me\/me\/#website"},"primaryImageOfPage":{"@id":"https:\/\/www.evropskakuca.me\/me\/story\/nova-oprema-za-dom-zdravlja-u-tivtu\/#primaryimage"},"image":{"@id":"https:\/\/www.evropskakuca.me\/me\/story\/nova-oprema-za-dom-zdravlja-u-tivtu\/#primaryimage"},"thumbnailUrl":"https:\/\/www.evropskakuca.me\/wp-content\/uploads\/2025\/09\/1-1-e1757672989456.jpg","datePublished":"2025-09-12T10:31:27+00:00","dateModified":"2025-09-12T10:39:37+00:00","breadcrumb":{"@id":"https:\/\/www.evropskakuca.me\/me\/story\/nova-oprema-za-dom-zdravlja-u-tivtu\/#breadcrumb"},"inLanguage":"me-ME","potentialAction":[{"@type":"ReadAction","target":["https:\/\/www.evropskakuca.me\/me\/story\/nova-oprema-za-dom-zdravlja-u-tivtu\/"]}]},{"@type":"ImageObject","inLanguage":"me-ME","@id":"https:\/\/www.evropskakuca.me\/me\/story\/nova-oprema-za-dom-zdravlja-u-tivtu\/#primaryimage","url":"https:\/\/www.evropskakuca.me\/wp-content\/uploads\/2025\/09\/1-1-e1757672989456.jpg","contentUrl":"https:\/\/www.evropskakuca.me\/wp-content\/uploads\/2025\/09\/1-1-e1757672989456.jpg","width":1024,"height":450,"caption":"www.veri.me"},{"@type":"BreadcrumbList","@id":"https:\/\/www.evropskakuca.me\/me\/story\/nova-oprema-za-dom-zdravlja-u-tivtu\/#breadcrumb","itemListElement":[{"@type":"ListItem","position":1,"name":"Home","item":"https:\/\/www.evropskakuca.me\/me\/"},{"@type":"ListItem","position":2,"name":"EU projekat \u201cBefore time\u201d: Nova oprema za Dom zdravlja u Tivtu"}]},{"@type":"WebSite","@id":"https:\/\/www.evropskakuca.me\/me\/#website","url":"https:\/\/www.evropskakuca.me\/me\/","name":"Evropean house","description":"","publisher":{"@id":"https:\/\/www.evropskakuca.me\/me\/#organization"},"potentialAction":[{"@type":"SearchAction","target":{"@type":"EntryPoint","urlTemplate":"https:\/\/www.evropskakuca.me\/me\/?s={search_term_string}"},"query-input":{"@type":"PropertyValueSpecification","valueRequired":true,"valueName":"search_term_string"}}],"inLanguage":"me-ME"},{"@type":"Organization","@id":"https:\/\/www.evropskakuca.me\/me\/#organization","name":"Evropean house","url":"https:\/\/www.evropskakuca.me\/me\/","logo":{"@type":"ImageObject","inLanguage":"me-ME","@id":"https:\/\/www.evropskakuca.me\/me\/#\/schema\/logo\/image\/","url":"https:\/\/www.evropskakuca.me\/wp-content\/uploads\/2025\/01\/evropska-kuca-logo-1.png","contentUrl":"https:\/\/www.evropskakuca.me\/wp-content\/uploads\/2025\/01\/evropska-kuca-logo-1.png","width":425,"height":312,"caption":"Evropean house"},"image":{"@id":"https:\/\/www.evropskakuca.me\/me\/#\/schema\/logo\/image\/"},"sameAs":["https:\/\/www.facebook.com\/evropska.kuca","https:\/\/x.com\/evropska_kuca","https:\/\/www.instagram.com\/evropska_kuca"]}]}},"_links":{"self":[{"href":"https:\/\/www.evropskakuca.me\/me\/wp-json\/wp\/v2\/story\/45637","targetHints":{"allow":["GET"]}}],"collection":[{"href":"https:\/\/www.evropskakuca.me\/me\/wp-json\/wp\/v2\/story"}],"about":[{"href":"https:\/\/www.evropskakuca.me\/me\/wp-json\/wp\/v2\/types\/story"}],"wp:featuredmedia":[{"embeddable":true,"href":"https:\/\/www.evropskakuca.me\/me\/wp-json\/wp\/v2\/media\/45638"}],"wp:attachment":[{"href":"https:\/\/www.evropskakuca.me\/me\/wp-json\/wp\/v2\/media?parent=45637"}],"curies":[{"name":"wp","href":"https:\/\/api.w.org\/{rel}","templated":true}]}}