{"id":45635,"date":"2025-09-11T09:46:52","date_gmt":"2025-09-11T09:46:52","guid":{"rendered":"https:\/\/www.evropskakuca.me\/story\/care-for-the-elderly-brings-security-and-support-to-the-most-vulnerable\/"},"modified":"2025-09-11T09:56:26","modified_gmt":"2025-09-11T09:56:26","slug":"care-for-the-elderly-brings-security-and-support-to-the-most-vulnerable","status":"publish","type":"story","link":"https:\/\/www.evropskakuca.me\/me\/story\/care-for-the-elderly-brings-security-and-support-to-the-most-vulnerable\/","title":{"rendered":"\u201eBriga o starijima\u201d donosi sigurnost i podr\u0161ku najugro\u017eenijima"},"content":{"rendered":"\n<p>Crveni krst Ro\u017eaje krajem avgusta po\u010deo je realizaciju projekta \u201e<strong>Briga o starijima<\/strong>\u201c, \u010diji je cilj da unaprijedi kvalitet \u017eivota 35 starijih osoba u ruralnim i gradskim podru\u010djima te op\u0161tine. Projekat je usmjeren na gra\u0111ane starije od 65 godina, a kroz njega \u0107e biti obezbije\u0111en bolji pristup zdravstvenim i psiho-socijalnim uslugama, posebno onima kojima su one najte\u017ee dostupne.<\/p>\n\n\n\n<p>Za potrebe projekta formiran je tim od pet mladih volontera Crvenog krsta, obu\u010denih za pru\u017eanje prve pomo\u0107i, osnove zdravstvene i psiho-socijalne podr\u0161ke, kao i komunikaciju sa starijima.<\/p>\n\n\n\n<p>\u201eU saradnji sa doktorom, posje\u0107ujemo starije u ruralnim podru\u010djima i tom prilikom obavljamo medicinske preglede za korisnike kojima je te\u0161ko da do\u0111u do Doma zdravlja zbog nepristupa\u010dnih prevoznih sredstava ili ekonomskih problema. Uz asistenciju na\u0161ih obu\u010denih volontera, pru\u017eamo pomo\u0107 u mjerenju pritiska i nivoa glukoze u krvi, kao i u nabavci lijekova. Tako\u0111e, poma\u017eemo u ku\u0107nim poslovima kao \u0161to su pranje su\u0111a, usisavanje prostorija, uno\u0161enje i slaganje drva, kao i obavljanju drugih sitnijih poslova u doma\u0107instvu\u201c, ka\u017eu u Crvenom krstu Ro\u017eaje.<\/p>\n\n\n\n<figure class=\"wp-block-gallery has-nested-images columns-default is-cropped wp-block-gallery-1 is-layout-flex wp-block-gallery-is-layout-flex\">\n<figure class=\"wp-block-image size-large\"><img fetchpriority=\"high\" decoding=\"async\" width=\"500\" height=\"500\" data-id=\"45629\" src=\"https:\/\/www.evropskakuca.me\/wp-content\/uploads\/2025\/09\/538033891_1327969918989882_6765218212370094757_n-500x500-1.jpg\" alt=\"\" class=\"wp-image-45629\" srcset=\"https:\/\/www.evropskakuca.me\/wp-content\/uploads\/2025\/09\/538033891_1327969918989882_6765218212370094757_n-500x500-1.jpg 500w, https:\/\/www.evropskakuca.me\/wp-content\/uploads\/2025\/09\/538033891_1327969918989882_6765218212370094757_n-500x500-1-300x300.jpg 300w, https:\/\/www.evropskakuca.me\/wp-content\/uploads\/2025\/09\/538033891_1327969918989882_6765218212370094757_n-500x500-1-150x150.jpg 150w\" sizes=\"(max-width: 500px) 100vw, 500px\" \/><\/figure>\n\n\n\n<figure class=\"wp-block-image size-large\"><img decoding=\"async\" width=\"500\" height=\"500\" data-id=\"45627\" src=\"https:\/\/www.evropskakuca.me\/wp-content\/uploads\/2025\/09\/539513600_1327965492323658_8673522520878689938_n-500x500-1.jpg\" alt=\"\" class=\"wp-image-45627\" srcset=\"https:\/\/www.evropskakuca.me\/wp-content\/uploads\/2025\/09\/539513600_1327965492323658_8673522520878689938_n-500x500-1.jpg 500w, https:\/\/www.evropskakuca.me\/wp-content\/uploads\/2025\/09\/539513600_1327965492323658_8673522520878689938_n-500x500-1-300x300.jpg 300w, https:\/\/www.evropskakuca.me\/wp-content\/uploads\/2025\/09\/539513600_1327965492323658_8673522520878689938_n-500x500-1-150x150.jpg 150w\" sizes=\"(max-width: 500px) 100vw, 500px\" \/><\/figure>\n<\/figure>\n\n\n\n<p>Projekat ,,Briga o starijima\u201d finansira se sredstvima Fonda za aktivno gra\u0111anstvo (fAKT), u okviru grant \u0161eme \u201eZajednica u akciji\u201c, koja podr\u017eava konkretne gra\u0111anske inicijative usmjerene na rje\u0161avanje neposrednih potreba zajednice. Ova \u0161ema dio je trogodi\u0161njeg programa \u201ePodr\u017eani = Osna\u017eeni\u201c koji fAKT realizuje u partnerstvu sa Zakladom \u201eSlagalica\u201c iz Hrvatske, uz podr\u0161ku&nbsp;<strong>Evropske unije&nbsp;<\/strong>i Ministarstva javne uprave. Projekat ,,Briga o starijima\u201d u Ro\u017eajama traja\u0107e do 20. novembra 2025.<\/p>\n\n\n\n<p>Osim posjeta domovima starijih lica, u okviru projekta bi\u0107e organizovane radionice i prezentacije na teme zdravog starenja, sa akcentom na zna\u010daj o\u010duvanja mentalnog zdravlja, kao i brojni izleti.<\/p>\n\n\n\n<p>\u201eOrganizujemo zajedni\u010dke izlete na Plavsko jezero, Brezova\u010dko brdo i planinarski dom \u0160tedim sa ciljem razmjene iskustava i unapre\u0111enja me\u0111usobne informisanosti u svakodnevnim potrebama koje na\u0161i korisnici imaju\u201d, navode iz Crvenog krsta.<\/p>\n\n\n\n<figure class=\"wp-block-image aligncenter size-full\"><img decoding=\"async\" width=\"500\" height=\"500\" src=\"https:\/\/www.evropskakuca.me\/wp-content\/uploads\/2025\/09\/539949714_1327969965656544_3228947677262362693_n-500x500-1.jpg\" alt=\"\" class=\"wp-image-45631\" srcset=\"https:\/\/www.evropskakuca.me\/wp-content\/uploads\/2025\/09\/539949714_1327969965656544_3228947677262362693_n-500x500-1.jpg 500w, https:\/\/www.evropskakuca.me\/wp-content\/uploads\/2025\/09\/539949714_1327969965656544_3228947677262362693_n-500x500-1-300x300.jpg 300w, https:\/\/www.evropskakuca.me\/wp-content\/uploads\/2025\/09\/539949714_1327969965656544_3228947677262362693_n-500x500-1-150x150.jpg 150w\" sizes=\"(max-width: 500px) 100vw, 500px\" \/><\/figure>\n\n\n\n<p>Prema podacima MONSTAT-a i UNDP-a, Ro\u017eaje je jedna od najsiroma\u0161nijih crnogorskih op\u0161tina, sa posebno visokim nivoom rizika od siroma\u0161tva u ruralnoj populaciji. Blizu 17 % ukupne populacije Crne Gore \u010dine osobe starije od 65 godina. U Ro\u017eajama starijih od 65 godina je oko 4&nbsp;200 od kojih 30&nbsp;% njih nema redovan pristup zdravstvenim uslugama, a 41&nbsp;% je dru\u0161tveno isklju\u010deno, ka\u017eu u Crvenom krstu tog grada.<\/p>\n\n\n\n<p>\u201eU Ro\u017eajama ne postoji Dom starih, niti klubovi za starije i institucije usmjerene na njihove potrebe. U ruralnim selima sjevera, lo\u0161i putevi i potpuni nedostatak prevoza uslovljavaju da mnogi stariji ne odlaze kod ljekara mjesecima, iako preko 70&nbsp;% njih boluje od hroni\u010dnih bolesti poput hipertenzije i dijabetesa \u2013 koje ostaju nelije\u010dene. Na\u0161a baza za tri predhodne godine rada u okviru sli\u010dnih projekata, evidentirala je u seoskim 65 i u urbanim podru\u010djima 40 korisnika za koje je od velikog zna\u010daja ova vrsta pomo\u0107i\u201c, zaklju\u010duju u Crvenom krstu.<\/p>\n\n\n\n<p>Projekat \u201eBriga o starijima\u201d ne donosi samo konkretne rezultate u vidu zdravstvene i socijalne podr\u0161ke starijima, ve\u0107 i stvara \u0161iru dru\u0161tvenu vrijednost \u2013 podsti\u010de solidarnost, smanjuje izolaciju i unapre\u0111uje kvalitet \u017eivota \u010ditavih porodica. Time se gradi zajednica u kojoj starija populacija nije prepu\u0161tena sama sebi, ve\u0107 dobija pa\u017enju, brigu i podr\u0161ku koja im omogu\u0107ava dostojanstvenije i zdravije starenje.<\/p>\n\n\n\n<p>Izvor teksta: ME4EU<\/p>\n\n\n\n<p>Izvor fotografija: \u00a0<a href=\"https:\/\/www.facebook.com\/crveni.rozaje\/posts\/pfbid02ENakwtbM9396PDStNSNKNdTStFAM34eGVNjz3EUkYZpnj6biXguUdMPxtWiFu6wHl?rdid=0AbtSJ4qaBEpeoES#\">Crveni krst Ro\u017eaje<\/a><\/p>\n\n\n\n<p><\/p>\n","protected":false},"featured_media":45626,"template":"","class_list":["post-45635","story","type-story","status-publish","has-post-thumbnail","hentry"],"acf":[],"yoast_head":"<!-- This site is optimized with the Yoast SEO plugin v27.3 - https:\/\/yoast.com\/product\/yoast-seo-wordpress\/ -->\n<title>\u201eBriga o starijima\u201d donosi sigurnost i podr\u0161ku najugro\u017eenijima - Europe House<\/title>\n<meta name=\"robots\" content=\"index, follow, max-snippet:-1, max-image-preview:large, max-video-preview:-1\" \/>\n<link rel=\"canonical\" href=\"https:\/\/www.evropskakuca.me\/me\/story\/care-for-the-elderly-brings-security-and-support-to-the-most-vulnerable\/\" \/>\n<meta property=\"og:locale\" content=\"en_US\" \/>\n<meta property=\"og:type\" content=\"article\" \/>\n<meta property=\"og:title\" content=\"\u201eBriga o starijima\u201d donosi sigurnost i podr\u0161ku najugro\u017eenijima - Europe House\" \/>\n<meta property=\"og:description\" content=\"Crveni krst Ro\u017eaje krajem avgusta po\u010deo je realizaciju projekta \u201eBriga o starijima\u201c, \u010diji je cilj da unaprijedi kvalitet \u017eivota 35 starijih osoba u ruralnim i gradskim podru\u010djima te op\u0161tine. Projekat je usmjeren na gra\u0111ane starije od 65 godina, a kroz njega \u0107e biti obezbije\u0111en bolji pristup zdravstvenim i psiho-socijalnim uslugama, posebno onima kojima su one [&hellip;]\" \/>\n<meta property=\"og:url\" content=\"https:\/\/www.evropskakuca.me\/me\/story\/care-for-the-elderly-brings-security-and-support-to-the-most-vulnerable\/\" \/>\n<meta property=\"og:site_name\" content=\"Europe House\" \/>\n<meta property=\"article:publisher\" content=\"https:\/\/www.facebook.com\/evropska.kuca\" \/>\n<meta property=\"article:modified_time\" content=\"2025-09-11T09:56:26+00:00\" \/>\n<meta property=\"og:image\" content=\"https:\/\/www.evropskakuca.me\/wp-content\/uploads\/2025\/09\/538801719_1327970108989863_5134436379749901575_n-1068x1068-1-e1757584120428.jpg\" \/>\n\t<meta property=\"og:image:width\" content=\"1068\" \/>\n\t<meta property=\"og:image:height\" content=\"1068\" \/>\n\t<meta property=\"og:image:type\" content=\"image\/jpeg\" \/>\n<meta name=\"twitter:card\" content=\"summary_large_image\" \/>\n<meta name=\"twitter:site\" content=\"@evropska_kuca\" \/>\n<meta name=\"twitter:label1\" content=\"Est. reading time\" \/>\n\t<meta name=\"twitter:data1\" content=\"4 minutes\" \/>\n<script type=\"application\/ld+json\" class=\"yoast-schema-graph\">{\"@context\":\"https:\\\/\\\/schema.org\",\"@graph\":[{\"@type\":\"WebPage\",\"@id\":\"https:\\\/\\\/www.evropskakuca.me\\\/me\\\/story\\\/care-for-the-elderly-brings-security-and-support-to-the-most-vulnerable\\\/\",\"url\":\"https:\\\/\\\/www.evropskakuca.me\\\/me\\\/story\\\/care-for-the-elderly-brings-security-and-support-to-the-most-vulnerable\\\/\",\"name\":\"\u201eBriga o starijima\u201d donosi sigurnost i podr\u0161ku najugro\u017eenijima - Europe House\",\"isPartOf\":{\"@id\":\"https:\\\/\\\/www.evropskakuca.me\\\/me\\\/#website\"},\"primaryImageOfPage\":{\"@id\":\"https:\\\/\\\/www.evropskakuca.me\\\/me\\\/story\\\/care-for-the-elderly-brings-security-and-support-to-the-most-vulnerable\\\/#primaryimage\"},\"image\":{\"@id\":\"https:\\\/\\\/www.evropskakuca.me\\\/me\\\/story\\\/care-for-the-elderly-brings-security-and-support-to-the-most-vulnerable\\\/#primaryimage\"},\"thumbnailUrl\":\"https:\\\/\\\/www.evropskakuca.me\\\/wp-content\\\/uploads\\\/2025\\\/09\\\/538801719_1327970108989863_5134436379749901575_n-1068x1068-1-e1757584120428.jpg\",\"datePublished\":\"2025-09-11T09:46:52+00:00\",\"dateModified\":\"2025-09-11T09:56:26+00:00\",\"breadcrumb\":{\"@id\":\"https:\\\/\\\/www.evropskakuca.me\\\/me\\\/story\\\/care-for-the-elderly-brings-security-and-support-to-the-most-vulnerable\\\/#breadcrumb\"},\"inLanguage\":\"me-ME\",\"potentialAction\":[{\"@type\":\"ReadAction\",\"target\":[\"https:\\\/\\\/www.evropskakuca.me\\\/me\\\/story\\\/care-for-the-elderly-brings-security-and-support-to-the-most-vulnerable\\\/\"]}]},{\"@type\":\"ImageObject\",\"inLanguage\":\"me-ME\",\"@id\":\"https:\\\/\\\/www.evropskakuca.me\\\/me\\\/story\\\/care-for-the-elderly-brings-security-and-support-to-the-most-vulnerable\\\/#primaryimage\",\"url\":\"https:\\\/\\\/www.evropskakuca.me\\\/wp-content\\\/uploads\\\/2025\\\/09\\\/538801719_1327970108989863_5134436379749901575_n-1068x1068-1-e1757584120428.jpg\",\"contentUrl\":\"https:\\\/\\\/www.evropskakuca.me\\\/wp-content\\\/uploads\\\/2025\\\/09\\\/538801719_1327970108989863_5134436379749901575_n-1068x1068-1-e1757584120428.jpg\",\"width\":1068,\"height\":1068},{\"@type\":\"BreadcrumbList\",\"@id\":\"https:\\\/\\\/www.evropskakuca.me\\\/me\\\/story\\\/care-for-the-elderly-brings-security-and-support-to-the-most-vulnerable\\\/#breadcrumb\",\"itemListElement\":[{\"@type\":\"ListItem\",\"position\":1,\"name\":\"Home\",\"item\":\"https:\\\/\\\/www.evropskakuca.me\\\/me\\\/\"},{\"@type\":\"ListItem\",\"position\":2,\"name\":\"\u201eBriga o starijima\u201d donosi sigurnost i podr\u0161ku najugro\u017eenijima\"}]},{\"@type\":\"WebSite\",\"@id\":\"https:\\\/\\\/www.evropskakuca.me\\\/me\\\/#website\",\"url\":\"https:\\\/\\\/www.evropskakuca.me\\\/me\\\/\",\"name\":\"Evropean house\",\"description\":\"\",\"publisher\":{\"@id\":\"https:\\\/\\\/www.evropskakuca.me\\\/me\\\/#organization\"},\"potentialAction\":[{\"@type\":\"SearchAction\",\"target\":{\"@type\":\"EntryPoint\",\"urlTemplate\":\"https:\\\/\\\/www.evropskakuca.me\\\/me\\\/?s={search_term_string}\"},\"query-input\":{\"@type\":\"PropertyValueSpecification\",\"valueRequired\":true,\"valueName\":\"search_term_string\"}}],\"inLanguage\":\"me-ME\"},{\"@type\":\"Organization\",\"@id\":\"https:\\\/\\\/www.evropskakuca.me\\\/me\\\/#organization\",\"name\":\"Evropean house\",\"url\":\"https:\\\/\\\/www.evropskakuca.me\\\/me\\\/\",\"logo\":{\"@type\":\"ImageObject\",\"inLanguage\":\"me-ME\",\"@id\":\"https:\\\/\\\/www.evropskakuca.me\\\/me\\\/#\\\/schema\\\/logo\\\/image\\\/\",\"url\":\"https:\\\/\\\/www.evropskakuca.me\\\/wp-content\\\/uploads\\\/2025\\\/01\\\/evropska-kuca-logo-1.png\",\"contentUrl\":\"https:\\\/\\\/www.evropskakuca.me\\\/wp-content\\\/uploads\\\/2025\\\/01\\\/evropska-kuca-logo-1.png\",\"width\":425,\"height\":312,\"caption\":\"Evropean house\"},\"image\":{\"@id\":\"https:\\\/\\\/www.evropskakuca.me\\\/me\\\/#\\\/schema\\\/logo\\\/image\\\/\"},\"sameAs\":[\"https:\\\/\\\/www.facebook.com\\\/evropska.kuca\",\"https:\\\/\\\/x.com\\\/evropska_kuca\",\"https:\\\/\\\/www.instagram.com\\\/evropska_kuca\"]}]}<\/script>\n<!-- \/ Yoast SEO plugin. -->","yoast_head_json":{"title":"\u201eBriga o starijima\u201d donosi sigurnost i podr\u0161ku najugro\u017eenijima - Europe House","robots":{"index":"index","follow":"follow","max-snippet":"max-snippet:-1","max-image-preview":"max-image-preview:large","max-video-preview":"max-video-preview:-1"},"canonical":"https:\/\/www.evropskakuca.me\/me\/story\/care-for-the-elderly-brings-security-and-support-to-the-most-vulnerable\/","og_locale":"en_US","og_type":"article","og_title":"\u201eBriga o starijima\u201d donosi sigurnost i podr\u0161ku najugro\u017eenijima - Europe House","og_description":"Crveni krst Ro\u017eaje krajem avgusta po\u010deo je realizaciju projekta \u201eBriga o starijima\u201c, \u010diji je cilj da unaprijedi kvalitet \u017eivota 35 starijih osoba u ruralnim i gradskim podru\u010djima te op\u0161tine. Projekat je usmjeren na gra\u0111ane starije od 65 godina, a kroz njega \u0107e biti obezbije\u0111en bolji pristup zdravstvenim i psiho-socijalnim uslugama, posebno onima kojima su one [&hellip;]","og_url":"https:\/\/www.evropskakuca.me\/me\/story\/care-for-the-elderly-brings-security-and-support-to-the-most-vulnerable\/","og_site_name":"Europe House","article_publisher":"https:\/\/www.facebook.com\/evropska.kuca","article_modified_time":"2025-09-11T09:56:26+00:00","og_image":[{"width":1068,"height":1068,"url":"https:\/\/www.evropskakuca.me\/wp-content\/uploads\/2025\/09\/538801719_1327970108989863_5134436379749901575_n-1068x1068-1-e1757584120428.jpg","type":"image\/jpeg"}],"twitter_card":"summary_large_image","twitter_site":"@evropska_kuca","twitter_misc":{"Est. reading time":"4 minutes"},"schema":{"@context":"https:\/\/schema.org","@graph":[{"@type":"WebPage","@id":"https:\/\/www.evropskakuca.me\/me\/story\/care-for-the-elderly-brings-security-and-support-to-the-most-vulnerable\/","url":"https:\/\/www.evropskakuca.me\/me\/story\/care-for-the-elderly-brings-security-and-support-to-the-most-vulnerable\/","name":"\u201eBriga o starijima\u201d donosi sigurnost i podr\u0161ku najugro\u017eenijima - Europe House","isPartOf":{"@id":"https:\/\/www.evropskakuca.me\/me\/#website"},"primaryImageOfPage":{"@id":"https:\/\/www.evropskakuca.me\/me\/story\/care-for-the-elderly-brings-security-and-support-to-the-most-vulnerable\/#primaryimage"},"image":{"@id":"https:\/\/www.evropskakuca.me\/me\/story\/care-for-the-elderly-brings-security-and-support-to-the-most-vulnerable\/#primaryimage"},"thumbnailUrl":"https:\/\/www.evropskakuca.me\/wp-content\/uploads\/2025\/09\/538801719_1327970108989863_5134436379749901575_n-1068x1068-1-e1757584120428.jpg","datePublished":"2025-09-11T09:46:52+00:00","dateModified":"2025-09-11T09:56:26+00:00","breadcrumb":{"@id":"https:\/\/www.evropskakuca.me\/me\/story\/care-for-the-elderly-brings-security-and-support-to-the-most-vulnerable\/#breadcrumb"},"inLanguage":"me-ME","potentialAction":[{"@type":"ReadAction","target":["https:\/\/www.evropskakuca.me\/me\/story\/care-for-the-elderly-brings-security-and-support-to-the-most-vulnerable\/"]}]},{"@type":"ImageObject","inLanguage":"me-ME","@id":"https:\/\/www.evropskakuca.me\/me\/story\/care-for-the-elderly-brings-security-and-support-to-the-most-vulnerable\/#primaryimage","url":"https:\/\/www.evropskakuca.me\/wp-content\/uploads\/2025\/09\/538801719_1327970108989863_5134436379749901575_n-1068x1068-1-e1757584120428.jpg","contentUrl":"https:\/\/www.evropskakuca.me\/wp-content\/uploads\/2025\/09\/538801719_1327970108989863_5134436379749901575_n-1068x1068-1-e1757584120428.jpg","width":1068,"height":1068},{"@type":"BreadcrumbList","@id":"https:\/\/www.evropskakuca.me\/me\/story\/care-for-the-elderly-brings-security-and-support-to-the-most-vulnerable\/#breadcrumb","itemListElement":[{"@type":"ListItem","position":1,"name":"Home","item":"https:\/\/www.evropskakuca.me\/me\/"},{"@type":"ListItem","position":2,"name":"\u201eBriga o starijima\u201d donosi sigurnost i podr\u0161ku najugro\u017eenijima"}]},{"@type":"WebSite","@id":"https:\/\/www.evropskakuca.me\/me\/#website","url":"https:\/\/www.evropskakuca.me\/me\/","name":"Evropean house","description":"","publisher":{"@id":"https:\/\/www.evropskakuca.me\/me\/#organization"},"potentialAction":[{"@type":"SearchAction","target":{"@type":"EntryPoint","urlTemplate":"https:\/\/www.evropskakuca.me\/me\/?s={search_term_string}"},"query-input":{"@type":"PropertyValueSpecification","valueRequired":true,"valueName":"search_term_string"}}],"inLanguage":"me-ME"},{"@type":"Organization","@id":"https:\/\/www.evropskakuca.me\/me\/#organization","name":"Evropean house","url":"https:\/\/www.evropskakuca.me\/me\/","logo":{"@type":"ImageObject","inLanguage":"me-ME","@id":"https:\/\/www.evropskakuca.me\/me\/#\/schema\/logo\/image\/","url":"https:\/\/www.evropskakuca.me\/wp-content\/uploads\/2025\/01\/evropska-kuca-logo-1.png","contentUrl":"https:\/\/www.evropskakuca.me\/wp-content\/uploads\/2025\/01\/evropska-kuca-logo-1.png","width":425,"height":312,"caption":"Evropean house"},"image":{"@id":"https:\/\/www.evropskakuca.me\/me\/#\/schema\/logo\/image\/"},"sameAs":["https:\/\/www.facebook.com\/evropska.kuca","https:\/\/x.com\/evropska_kuca","https:\/\/www.instagram.com\/evropska_kuca"]}]}},"_links":{"self":[{"href":"https:\/\/www.evropskakuca.me\/me\/wp-json\/wp\/v2\/story\/45635","targetHints":{"allow":["GET"]}}],"collection":[{"href":"https:\/\/www.evropskakuca.me\/me\/wp-json\/wp\/v2\/story"}],"about":[{"href":"https:\/\/www.evropskakuca.me\/me\/wp-json\/wp\/v2\/types\/story"}],"wp:featuredmedia":[{"embeddable":true,"href":"https:\/\/www.evropskakuca.me\/me\/wp-json\/wp\/v2\/media\/45626"}],"wp:attachment":[{"href":"https:\/\/www.evropskakuca.me\/me\/wp-json\/wp\/v2\/media?parent=45635"}],"curies":[{"name":"wp","href":"https:\/\/api.w.org\/{rel}","templated":true}]}}