{"id":45579,"date":"2025-09-05T11:46:03","date_gmt":"2025-09-05T11:46:03","guid":{"rendered":"https:\/\/www.evropskakuca.me\/story\/ulcinjs-fire-and-rescue-service-receives-equipment-worth-e35000\/"},"modified":"2025-09-05T11:48:15","modified_gmt":"2025-09-05T11:48:15","slug":"ulcinjs-fire-and-rescue-service-receives-equipment-worth-e35000","status":"publish","type":"story","link":"https:\/\/www.evropskakuca.me\/me\/story\/ulcinjs-fire-and-rescue-service-receives-equipment-worth-e35000\/","title":{"rendered":"Slu\u017eba za\u0161tite i spasavanja u Ulcinju dobila opremu vrijednu 35 hiljada eura"},"content":{"rendered":"\n<p>Nakon ljeta obilje\u017eenog brojnim po\u017earima, svaka nova investicija u savremenu opremu za za\u0161titu i spasavanje predstavlja va\u017ean korak u ja\u010danju bezbjednosti gra\u0111ana i imovine. U okviru realizacije projekta&nbsp;<strong>Fire free MED \u2013 FRE<\/strong>, Slu\u017eba za\u0161tite i spasavanja u Ulcinju dobila je dron DJI Matrice 350 RTK i pomo\u0107nu opremu za detekciju po\u017eara \u2013 termalne kamere, reflektor, zvu\u010dnik i padobran.<\/p>\n\n\n\n<p>Projekat je kofinansirala&nbsp;<strong>Evropska unija<\/strong>&nbsp;preko&nbsp;<strong>Interreg Euro-MED<\/strong>&nbsp;programa, a vrijednost drona sa prate\u0107om opremon iznosi preko 35 hiljada eura.<\/p>\n\n\n\n<p>Asistent koordinatora projekta&nbsp;<strong>Aleksandar \u0160krelja<\/strong>&nbsp;naveo je da je tema projekta spre\u010davanje, odnosno ubla\u017eavanje uticaja klimatskih promjena, koje se manifestuju u vidu \u0161umskih po\u017eara.<\/p>\n\n\n\n<p>\u201cOsim ove opreme, bi\u0107e ura\u0111en i softver koji \u0107e pomo\u0107i da se dron jo\u0161 bolje i efikasnije koristi. Ovaj dron \u0107e se koristiti u akcijama spasavanja, odnosno prilikom ga\u0161enja po\u017eara, a on \u0107e Slu\u017ebi za\u0161tite i spasavanja slu\u017eiti i radi posmatranja nepristupa\u010dnih terena i mogu\u0107e evakuacije\u201d, kazao je \u0160krelja.<\/p>\n\n\n\n<figure class=\"wp-block-image size-large\"><img fetchpriority=\"high\" decoding=\"async\" width=\"1024\" height=\"684\" src=\"https:\/\/www.evropskakuca.me\/wp-content\/uploads\/2025\/09\/1000021768-1024x684.jpg\" alt=\"\" class=\"wp-image-45576\" srcset=\"https:\/\/www.evropskakuca.me\/wp-content\/uploads\/2025\/09\/1000021768-1024x684.jpg 1024w, https:\/\/www.evropskakuca.me\/wp-content\/uploads\/2025\/09\/1000021768-300x200.jpg 300w, https:\/\/www.evropskakuca.me\/wp-content\/uploads\/2025\/09\/1000021768-768x513.jpg 768w, https:\/\/www.evropskakuca.me\/wp-content\/uploads\/2025\/09\/1000021768-1536x1025.jpg 1536w, https:\/\/www.evropskakuca.me\/wp-content\/uploads\/2025\/09\/1000021768.jpg 1600w\" sizes=\"(max-width: 1024px) 100vw, 1024px\" \/><\/figure>\n\n\n\n<p>Na\u010delnik Slu\u017ebe spasavanja&nbsp;<strong>Abdulah Nimanbegu<\/strong>&nbsp;rekao je da je u pitanju jedan od najmodernijih dronova na tr\u017ei\u0161tu koji \u0107e umnogome unaprijediti rad vatrogasne jedinice.<\/p>\n\n\n\n<p>\u201cDron ima dosta funkcija koje \u0107e nam olak\u0161ati intervencije. Pored ostalog, posjeduje i zvu\u010dnik i mikrofon preko kojeg mo\u017eemo komunicirati sa osobama na nepristupa\u010dnom terenu dok ne stignu pripadnici Slu\u017eba za\u0161tite i spasavanja\u201d, naglasio je Nimanbegu.<\/p>\n\n\n\n<p>Predsjednik Op\u0161tine&nbsp;<strong>Genci Nimanbegu<\/strong>&nbsp;kazao je da je nabavka drona rezultat saradnje Ministarstva finansija, Ministarstva evropskih poslova i Op\u0161tine Ulcinj, odnosno njene IPA kancelarije.<\/p>\n\n\n\n<p>\u201cOvo su konkretni doprinosi za pobolj\u0161anje stanja u na\u0161oj op\u0161tini. Nadam se da \u0107e pripadnici Slu\u017ebe za\u0161tite i spasavanja dobro sagledati mogu\u0107nosti koje ima dron. Op\u0161tina je do sada preko raznih projekata, pribavila opremu za vatrogasce vrijednu oko 160 hiljada eura tako da imamo kvalitetnu Slu\u017ebu koja sigurno daje svoj doprinos u prevenciji od po\u017eara i poplava i bi\u0107emo ubudu\u0107e jo\u0161 aktivniji u tom pravcu\u201d, kazao je Nimanbegu.<\/p>\n\n\n\n<p>Predstavnica Ministarstva evropskih poslova&nbsp;<strong>Borka Lje\u0161kovi\u0107<\/strong>&nbsp;kazala je da je taj resor zadovoljan realizacijom jednog takvog projekta.<\/p>\n\n\n\n<p>\u201cMislim da je suvi\u0161no govoriti o va\u017enosti ove opreme nakon sezone koja je bila puna izazova i po\u017eara. Mi smo tako\u0111e zadovoljni tim \u0161to mo\u017eemo da podr\u017eimo Op\u0161tinu Ulcinj koja je izuzetno aktivna u projektima Evropske unije koji se finansiraju kroz IPA 3 fondove. Vjerujem da \u0107e nastaviti ovako dobrim tempom da rade i da koriste fondove na izuzetno dobre na\u010dine u korist zajednice\u201d, naglasila je Lje\u0161kovi\u0107.<\/p>\n\n\n\n<figure class=\"wp-block-image size-large\"><img decoding=\"async\" width=\"1024\" height=\"684\" src=\"https:\/\/www.evropskakuca.me\/wp-content\/uploads\/2025\/09\/1000021765-1024x684.jpg\" alt=\"\" class=\"wp-image-45574\" srcset=\"https:\/\/www.evropskakuca.me\/wp-content\/uploads\/2025\/09\/1000021765-1024x684.jpg 1024w, https:\/\/www.evropskakuca.me\/wp-content\/uploads\/2025\/09\/1000021765-300x200.jpg 300w, https:\/\/www.evropskakuca.me\/wp-content\/uploads\/2025\/09\/1000021765-768x513.jpg 768w, https:\/\/www.evropskakuca.me\/wp-content\/uploads\/2025\/09\/1000021765-1536x1025.jpg 1536w, https:\/\/www.evropskakuca.me\/wp-content\/uploads\/2025\/09\/1000021765.jpg 1600w\" sizes=\"(max-width: 1024px) 100vw, 1024px\" \/><\/figure>\n\n\n\n<p><strong>Kristina Du\u0161aj<\/strong>&nbsp;iz Ministarstva finansija, kazala je da je raduju projekti koji su neophodni Crnoj Gori, posebno imaju\u0107i u vidu proteklu po\u017earnu sezonu.<\/p>\n\n\n\n<p>\u201cTako da se radujemo ovakvim projektima i radimo na tome konstantno da \u0161to vi\u0161e sredstava povla\u010dimo od EU za na\u0161u dr\u017eavu, za njenu dobrobit i za korist na\u0161ih korisnika\u201d, zaklju\u010dila je ona.<\/p>\n\n\n\n<p>Iz Odjeljenja Op\u0161tine za EU projekte saop\u0161teno je da \u0107e dron i odgovaraju\u0107i softver slu\u017eiti za monitoring podru\u010dja visokog rizika od po\u017eara, pravovremeno upozoravanje nadle\u017enih slu\u017ebi i pomo\u0107 u koordinaciji intervencija, \u0161to doprinosi smanjenju rizika po \u017eivote, o\u010duvanju prirode i smanjenju materijalne \u0161tete. Istovremeno, razvija se i softverska platforma FRED, koja integri\u0161e napredne ICT alate za prevenciju, nadzor i analizu po\u017eara pomo\u0107u vje\u0161ta\u010dke inteligencije.<\/p>\n\n\n\n<p>\u201cProjekat Fire Free MED objedinuje partnere iz sedam zemalja- Hrvatske, Slovenije, Bosne i Hercegovine, Gr\u010dke, Italije, Portugala i Crne Gore u zajedni\u010dkim naporima za smanjenje rizika od \u0161umskih po\u017eara kroz inovativne tehnologije\u201d, saop\u0161teno je iz Odjeljenja za EU projekte Op\u0161tine Ulcinj.<\/p>\n\n\n\n<p>Tekst i fotografije preuzeti sa: ME4EU<\/p>\n","protected":false},"featured_media":45573,"template":"","class_list":["post-45579","story","type-story","status-publish","has-post-thumbnail","hentry"],"acf":[],"yoast_head":"<!-- This site is optimized with the Yoast SEO plugin v27.3 - https:\/\/yoast.com\/product\/yoast-seo-wordpress\/ -->\n<title>Slu\u017eba za\u0161tite i spasavanja u Ulcinju dobila opremu vrijednu 35 hiljada eura - Europe House<\/title>\n<meta name=\"robots\" content=\"index, follow, max-snippet:-1, max-image-preview:large, max-video-preview:-1\" \/>\n<link rel=\"canonical\" href=\"https:\/\/www.evropskakuca.me\/me\/story\/ulcinjs-fire-and-rescue-service-receives-equipment-worth-e35000\/\" \/>\n<meta property=\"og:locale\" content=\"en_US\" \/>\n<meta property=\"og:type\" content=\"article\" \/>\n<meta property=\"og:title\" content=\"Slu\u017eba za\u0161tite i spasavanja u Ulcinju dobila opremu vrijednu 35 hiljada eura - Europe House\" \/>\n<meta property=\"og:description\" content=\"Nakon ljeta obilje\u017eenog brojnim po\u017earima, svaka nova investicija u savremenu opremu za za\u0161titu i spasavanje predstavlja va\u017ean korak u ja\u010danju bezbjednosti gra\u0111ana i imovine. U okviru realizacije projekta&nbsp;Fire free MED \u2013 FRE, Slu\u017eba za\u0161tite i spasavanja u Ulcinju dobila je dron DJI Matrice 350 RTK i pomo\u0107nu opremu za detekciju po\u017eara \u2013 termalne kamere, reflektor, [&hellip;]\" \/>\n<meta property=\"og:url\" content=\"https:\/\/www.evropskakuca.me\/me\/story\/ulcinjs-fire-and-rescue-service-receives-equipment-worth-e35000\/\" \/>\n<meta property=\"og:site_name\" content=\"Europe House\" \/>\n<meta property=\"article:publisher\" content=\"https:\/\/www.facebook.com\/evropska.kuca\" \/>\n<meta property=\"article:modified_time\" content=\"2025-09-05T11:48:15+00:00\" \/>\n<meta property=\"og:image\" content=\"https:\/\/www.evropskakuca.me\/wp-content\/uploads\/2025\/09\/1000021766-1068x713-1.jpg\" \/>\n\t<meta property=\"og:image:width\" content=\"1068\" \/>\n\t<meta property=\"og:image:height\" content=\"713\" \/>\n\t<meta property=\"og:image:type\" content=\"image\/jpeg\" \/>\n<meta name=\"twitter:card\" content=\"summary_large_image\" \/>\n<meta name=\"twitter:site\" content=\"@evropska_kuca\" \/>\n<meta name=\"twitter:label1\" content=\"Est. reading time\" \/>\n\t<meta name=\"twitter:data1\" content=\"4 minutes\" \/>\n<script type=\"application\/ld+json\" class=\"yoast-schema-graph\">{\"@context\":\"https:\\\/\\\/schema.org\",\"@graph\":[{\"@type\":\"WebPage\",\"@id\":\"https:\\\/\\\/www.evropskakuca.me\\\/me\\\/story\\\/ulcinjs-fire-and-rescue-service-receives-equipment-worth-e35000\\\/\",\"url\":\"https:\\\/\\\/www.evropskakuca.me\\\/me\\\/story\\\/ulcinjs-fire-and-rescue-service-receives-equipment-worth-e35000\\\/\",\"name\":\"Slu\u017eba za\u0161tite i spasavanja u Ulcinju dobila opremu vrijednu 35 hiljada eura - Europe House\",\"isPartOf\":{\"@id\":\"https:\\\/\\\/www.evropskakuca.me\\\/me\\\/#website\"},\"primaryImageOfPage\":{\"@id\":\"https:\\\/\\\/www.evropskakuca.me\\\/me\\\/story\\\/ulcinjs-fire-and-rescue-service-receives-equipment-worth-e35000\\\/#primaryimage\"},\"image\":{\"@id\":\"https:\\\/\\\/www.evropskakuca.me\\\/me\\\/story\\\/ulcinjs-fire-and-rescue-service-receives-equipment-worth-e35000\\\/#primaryimage\"},\"thumbnailUrl\":\"https:\\\/\\\/www.evropskakuca.me\\\/wp-content\\\/uploads\\\/2025\\\/09\\\/1000021766-1068x713-1.jpg\",\"datePublished\":\"2025-09-05T11:46:03+00:00\",\"dateModified\":\"2025-09-05T11:48:15+00:00\",\"breadcrumb\":{\"@id\":\"https:\\\/\\\/www.evropskakuca.me\\\/me\\\/story\\\/ulcinjs-fire-and-rescue-service-receives-equipment-worth-e35000\\\/#breadcrumb\"},\"inLanguage\":\"me-ME\",\"potentialAction\":[{\"@type\":\"ReadAction\",\"target\":[\"https:\\\/\\\/www.evropskakuca.me\\\/me\\\/story\\\/ulcinjs-fire-and-rescue-service-receives-equipment-worth-e35000\\\/\"]}]},{\"@type\":\"ImageObject\",\"inLanguage\":\"me-ME\",\"@id\":\"https:\\\/\\\/www.evropskakuca.me\\\/me\\\/story\\\/ulcinjs-fire-and-rescue-service-receives-equipment-worth-e35000\\\/#primaryimage\",\"url\":\"https:\\\/\\\/www.evropskakuca.me\\\/wp-content\\\/uploads\\\/2025\\\/09\\\/1000021766-1068x713-1.jpg\",\"contentUrl\":\"https:\\\/\\\/www.evropskakuca.me\\\/wp-content\\\/uploads\\\/2025\\\/09\\\/1000021766-1068x713-1.jpg\",\"width\":1068,\"height\":713},{\"@type\":\"BreadcrumbList\",\"@id\":\"https:\\\/\\\/www.evropskakuca.me\\\/me\\\/story\\\/ulcinjs-fire-and-rescue-service-receives-equipment-worth-e35000\\\/#breadcrumb\",\"itemListElement\":[{\"@type\":\"ListItem\",\"position\":1,\"name\":\"Home\",\"item\":\"https:\\\/\\\/www.evropskakuca.me\\\/me\\\/\"},{\"@type\":\"ListItem\",\"position\":2,\"name\":\"Slu\u017eba za\u0161tite i spasavanja u Ulcinju dobila opremu vrijednu 35 hiljada eura\"}]},{\"@type\":\"WebSite\",\"@id\":\"https:\\\/\\\/www.evropskakuca.me\\\/me\\\/#website\",\"url\":\"https:\\\/\\\/www.evropskakuca.me\\\/me\\\/\",\"name\":\"Evropean house\",\"description\":\"\",\"publisher\":{\"@id\":\"https:\\\/\\\/www.evropskakuca.me\\\/me\\\/#organization\"},\"potentialAction\":[{\"@type\":\"SearchAction\",\"target\":{\"@type\":\"EntryPoint\",\"urlTemplate\":\"https:\\\/\\\/www.evropskakuca.me\\\/me\\\/?s={search_term_string}\"},\"query-input\":{\"@type\":\"PropertyValueSpecification\",\"valueRequired\":true,\"valueName\":\"search_term_string\"}}],\"inLanguage\":\"me-ME\"},{\"@type\":\"Organization\",\"@id\":\"https:\\\/\\\/www.evropskakuca.me\\\/me\\\/#organization\",\"name\":\"Evropean house\",\"url\":\"https:\\\/\\\/www.evropskakuca.me\\\/me\\\/\",\"logo\":{\"@type\":\"ImageObject\",\"inLanguage\":\"me-ME\",\"@id\":\"https:\\\/\\\/www.evropskakuca.me\\\/me\\\/#\\\/schema\\\/logo\\\/image\\\/\",\"url\":\"https:\\\/\\\/www.evropskakuca.me\\\/wp-content\\\/uploads\\\/2025\\\/01\\\/evropska-kuca-logo-1.png\",\"contentUrl\":\"https:\\\/\\\/www.evropskakuca.me\\\/wp-content\\\/uploads\\\/2025\\\/01\\\/evropska-kuca-logo-1.png\",\"width\":425,\"height\":312,\"caption\":\"Evropean house\"},\"image\":{\"@id\":\"https:\\\/\\\/www.evropskakuca.me\\\/me\\\/#\\\/schema\\\/logo\\\/image\\\/\"},\"sameAs\":[\"https:\\\/\\\/www.facebook.com\\\/evropska.kuca\",\"https:\\\/\\\/x.com\\\/evropska_kuca\",\"https:\\\/\\\/www.instagram.com\\\/evropska_kuca\"]}]}<\/script>\n<!-- \/ Yoast SEO plugin. -->","yoast_head_json":{"title":"Slu\u017eba za\u0161tite i spasavanja u Ulcinju dobila opremu vrijednu 35 hiljada eura - Europe House","robots":{"index":"index","follow":"follow","max-snippet":"max-snippet:-1","max-image-preview":"max-image-preview:large","max-video-preview":"max-video-preview:-1"},"canonical":"https:\/\/www.evropskakuca.me\/me\/story\/ulcinjs-fire-and-rescue-service-receives-equipment-worth-e35000\/","og_locale":"en_US","og_type":"article","og_title":"Slu\u017eba za\u0161tite i spasavanja u Ulcinju dobila opremu vrijednu 35 hiljada eura - Europe House","og_description":"Nakon ljeta obilje\u017eenog brojnim po\u017earima, svaka nova investicija u savremenu opremu za za\u0161titu i spasavanje predstavlja va\u017ean korak u ja\u010danju bezbjednosti gra\u0111ana i imovine. U okviru realizacije projekta&nbsp;Fire free MED \u2013 FRE, Slu\u017eba za\u0161tite i spasavanja u Ulcinju dobila je dron DJI Matrice 350 RTK i pomo\u0107nu opremu za detekciju po\u017eara \u2013 termalne kamere, reflektor, [&hellip;]","og_url":"https:\/\/www.evropskakuca.me\/me\/story\/ulcinjs-fire-and-rescue-service-receives-equipment-worth-e35000\/","og_site_name":"Europe House","article_publisher":"https:\/\/www.facebook.com\/evropska.kuca","article_modified_time":"2025-09-05T11:48:15+00:00","og_image":[{"width":1068,"height":713,"url":"https:\/\/www.evropskakuca.me\/wp-content\/uploads\/2025\/09\/1000021766-1068x713-1.jpg","type":"image\/jpeg"}],"twitter_card":"summary_large_image","twitter_site":"@evropska_kuca","twitter_misc":{"Est. reading time":"4 minutes"},"schema":{"@context":"https:\/\/schema.org","@graph":[{"@type":"WebPage","@id":"https:\/\/www.evropskakuca.me\/me\/story\/ulcinjs-fire-and-rescue-service-receives-equipment-worth-e35000\/","url":"https:\/\/www.evropskakuca.me\/me\/story\/ulcinjs-fire-and-rescue-service-receives-equipment-worth-e35000\/","name":"Slu\u017eba za\u0161tite i spasavanja u Ulcinju dobila opremu vrijednu 35 hiljada eura - Europe House","isPartOf":{"@id":"https:\/\/www.evropskakuca.me\/me\/#website"},"primaryImageOfPage":{"@id":"https:\/\/www.evropskakuca.me\/me\/story\/ulcinjs-fire-and-rescue-service-receives-equipment-worth-e35000\/#primaryimage"},"image":{"@id":"https:\/\/www.evropskakuca.me\/me\/story\/ulcinjs-fire-and-rescue-service-receives-equipment-worth-e35000\/#primaryimage"},"thumbnailUrl":"https:\/\/www.evropskakuca.me\/wp-content\/uploads\/2025\/09\/1000021766-1068x713-1.jpg","datePublished":"2025-09-05T11:46:03+00:00","dateModified":"2025-09-05T11:48:15+00:00","breadcrumb":{"@id":"https:\/\/www.evropskakuca.me\/me\/story\/ulcinjs-fire-and-rescue-service-receives-equipment-worth-e35000\/#breadcrumb"},"inLanguage":"me-ME","potentialAction":[{"@type":"ReadAction","target":["https:\/\/www.evropskakuca.me\/me\/story\/ulcinjs-fire-and-rescue-service-receives-equipment-worth-e35000\/"]}]},{"@type":"ImageObject","inLanguage":"me-ME","@id":"https:\/\/www.evropskakuca.me\/me\/story\/ulcinjs-fire-and-rescue-service-receives-equipment-worth-e35000\/#primaryimage","url":"https:\/\/www.evropskakuca.me\/wp-content\/uploads\/2025\/09\/1000021766-1068x713-1.jpg","contentUrl":"https:\/\/www.evropskakuca.me\/wp-content\/uploads\/2025\/09\/1000021766-1068x713-1.jpg","width":1068,"height":713},{"@type":"BreadcrumbList","@id":"https:\/\/www.evropskakuca.me\/me\/story\/ulcinjs-fire-and-rescue-service-receives-equipment-worth-e35000\/#breadcrumb","itemListElement":[{"@type":"ListItem","position":1,"name":"Home","item":"https:\/\/www.evropskakuca.me\/me\/"},{"@type":"ListItem","position":2,"name":"Slu\u017eba za\u0161tite i spasavanja u Ulcinju dobila opremu vrijednu 35 hiljada eura"}]},{"@type":"WebSite","@id":"https:\/\/www.evropskakuca.me\/me\/#website","url":"https:\/\/www.evropskakuca.me\/me\/","name":"Evropean house","description":"","publisher":{"@id":"https:\/\/www.evropskakuca.me\/me\/#organization"},"potentialAction":[{"@type":"SearchAction","target":{"@type":"EntryPoint","urlTemplate":"https:\/\/www.evropskakuca.me\/me\/?s={search_term_string}"},"query-input":{"@type":"PropertyValueSpecification","valueRequired":true,"valueName":"search_term_string"}}],"inLanguage":"me-ME"},{"@type":"Organization","@id":"https:\/\/www.evropskakuca.me\/me\/#organization","name":"Evropean house","url":"https:\/\/www.evropskakuca.me\/me\/","logo":{"@type":"ImageObject","inLanguage":"me-ME","@id":"https:\/\/www.evropskakuca.me\/me\/#\/schema\/logo\/image\/","url":"https:\/\/www.evropskakuca.me\/wp-content\/uploads\/2025\/01\/evropska-kuca-logo-1.png","contentUrl":"https:\/\/www.evropskakuca.me\/wp-content\/uploads\/2025\/01\/evropska-kuca-logo-1.png","width":425,"height":312,"caption":"Evropean house"},"image":{"@id":"https:\/\/www.evropskakuca.me\/me\/#\/schema\/logo\/image\/"},"sameAs":["https:\/\/www.facebook.com\/evropska.kuca","https:\/\/x.com\/evropska_kuca","https:\/\/www.instagram.com\/evropska_kuca"]}]}},"_links":{"self":[{"href":"https:\/\/www.evropskakuca.me\/me\/wp-json\/wp\/v2\/story\/45579","targetHints":{"allow":["GET"]}}],"collection":[{"href":"https:\/\/www.evropskakuca.me\/me\/wp-json\/wp\/v2\/story"}],"about":[{"href":"https:\/\/www.evropskakuca.me\/me\/wp-json\/wp\/v2\/types\/story"}],"wp:featuredmedia":[{"embeddable":true,"href":"https:\/\/www.evropskakuca.me\/me\/wp-json\/wp\/v2\/media\/45573"}],"wp:attachment":[{"href":"https:\/\/www.evropskakuca.me\/me\/wp-json\/wp\/v2\/media?parent=45579"}],"curies":[{"name":"wp","href":"https:\/\/api.w.org\/{rel}","templated":true}]}}