{"id":45522,"date":"2025-08-29T12:23:42","date_gmt":"2025-08-29T12:23:42","guid":{"rendered":"https:\/\/www.evropskakuca.me\/story\/visionaries-from-the-neighbourhood\/"},"modified":"2025-08-29T12:30:54","modified_gmt":"2025-08-29T12:30:54","slug":"visionaries-from-the-neighbourhood","status":"publish","type":"story","link":"https:\/\/www.evropskakuca.me\/me\/story\/visionaries-from-the-neighbourhood\/","title":{"rendered":"Vizionari iz kom\u0161iluka: Zapo\u010dni promjenu tamo gdje \u017eivi\u0161"},"content":{"rendered":"\n<p>U zanatskoj radionici nadomak barske marine, Miroslavka Bokovac sa porodicom o\u017eivljava drevnu vje\u0161tinu izrade drvenih brodova. U Mojkovcu, Goran Rabrenovi\u0107 iz \u201eUdru\u017eenja gra\u0111ana Polja\u201c vodi projekte koji vra\u0107aju \u017eivot planinskim stazama i podsti\u010du razvoj seoskog turizma. Dvoje entuzijasta iz razli\u010ditih djelova zemlje, sa razli\u010ditim \u017eivotnim pri\u010dama, povezuje ista misija: \u010duvanje autenti\u010dnih vrijednosti i unapre\u0111enje zajednica u kojima \u017eive.<\/p>\n\n\n\n<figure class=\"wp-block-image size-large\"><img fetchpriority=\"high\" decoding=\"async\" width=\"1024\" height=\"576\" src=\"https:\/\/www.evropskakuca.me\/wp-content\/uploads\/2025\/08\/reload_sail-1024x576.jpg\" alt=\"\" class=\"wp-image-45519\" srcset=\"https:\/\/www.evropskakuca.me\/wp-content\/uploads\/2025\/08\/reload_sail-1024x576.jpg 1024w, https:\/\/www.evropskakuca.me\/wp-content\/uploads\/2025\/08\/reload_sail-300x169.jpg 300w, https:\/\/www.evropskakuca.me\/wp-content\/uploads\/2025\/08\/reload_sail-768x432.jpg 768w, https:\/\/www.evropskakuca.me\/wp-content\/uploads\/2025\/08\/reload_sail-1536x864.jpg 1536w, https:\/\/www.evropskakuca.me\/wp-content\/uploads\/2025\/08\/reload_sail-2048x1152.jpg 2048w\" sizes=\"(max-width: 1024px) 100vw, 1024px\" \/><\/figure>\n\n\n\n<p><strong>Kad se tradicija pretvori u brend<\/strong><\/p>\n\n\n\n<p>Miroslavka Bokovac nije brodograditeljka, ali jeste vizionarka. Kada se pridru\u017eila porodi\u010dnoj radionici u Baru, donijela je novu energiju i ideju \u2013 da tradicionalna kalafatska vje\u0161tina ne pripada pro\u0161losti, ve\u0107 budu\u0107nosti Crne Gore kao autenti\u010dne turisti\u010dke destinacije. U svijetu brzih jahti i plastike, drveni brod iz radionice Bokovac postao je simbol kvaliteta.&nbsp;<\/p>\n\n\n\n<p>Zahvaljuju\u0107i ReLOaD programu, kalafatska radionica je dodatno oja\u010dala prepoznatljivost kroz obuku mladih i kulturne doga\u0111aje poput regate u Boki. Najve\u0107i rezultat? Prenos znanja na mla\u0111e generacije.&nbsp;<\/p>\n\n\n\n<figure class=\"wp-block-image size-large\"><img decoding=\"async\" width=\"1024\" height=\"576\" src=\"https:\/\/www.evropskakuca.me\/wp-content\/uploads\/2025\/08\/6-1-1024x576.jpg\" alt=\"\" class=\"wp-image-45518\" srcset=\"https:\/\/www.evropskakuca.me\/wp-content\/uploads\/2025\/08\/6-1-1024x576.jpg 1024w, https:\/\/www.evropskakuca.me\/wp-content\/uploads\/2025\/08\/6-1-300x169.jpg 300w, https:\/\/www.evropskakuca.me\/wp-content\/uploads\/2025\/08\/6-1-768x432.jpg 768w, https:\/\/www.evropskakuca.me\/wp-content\/uploads\/2025\/08\/6-1-1536x864.jpg 1536w, https:\/\/www.evropskakuca.me\/wp-content\/uploads\/2025\/08\/6-1.jpg 1920w\" sizes=\"(max-width: 1024px) 100vw, 1024px\" \/><\/figure>\n\n\n\n<p>\u201eStekli smo znanja za kvalitetno pisanje i vo\u0111enje projekata, kao i za kori\u0161\u0107enje drugih fondova. Tako\u0111e smo na\u0161u pri\u010du podijelili sa \u0161irom zajednicom i dobili potvrdu da lokalno umije\u0107e i crnogorsko drvo imaju svjetski potencijal \u2013 pe\u010datiranu i prekookeanskim narud\u017ebinama brodova.&#8221;<\/p>\n\n\n\n<p>&#8220;Najva\u017enije, kroz ovaj program uspjeli smo da pribli\u017eimo brodogradnju mladima. Ove barke su ponos crnogorske pomorske ba\u0161tine i novim nara\u0161tajima moramo pokazati da tradicija nije uvijek teret, ve\u0107 mo\u017ee biti impuls da postanu izvrsni jedrili\u010dari, vesla\u010di i brodograditelji\u201d ka\u017ee Miroslavka.<\/p>\n\n\n\n<p><strong>Kad se planinska staza pretvori u pokreta\u010da razvoja<\/strong><\/p>\n\n\n\n<p>Goran Rabrenovi\u0107 zna svaki prevoj Sinjajevine. No, zna i da prirodne ljepote same po sebi nisu dovoljne da zadr\u017ee turiste ili podstaknu odr\u017eivi razvoj sela. Kroz projekat Udru\u017eenja gra\u0111ana Polja, koji je podr\u017eao ReLOaD, kreirana je tematska planinska staza \u201eIzvori\u0161ta\u201c duga sedam kilometara. Postavljeni su vidikovci, bivaci i signalizacija, a kreirani su i digitalni trekovi, koji su ustupljeni lokalnoj turisti\u010dkoj organizaciji. Na stazi kroz raznolike pejza\u017ee, otkrivate bogate izvore vode stalne temperature, upoznajete lokalne legende i pri\u010de, a djeli\u0107 iskustva dostupan je&nbsp;<a href=\"https:\/\/www.youtube.com\/watch?v=5yyaEIqDGEs\" target=\"_blank\" rel=\"noreferrer noopener\"><strong>u promo videu<\/strong><\/a><strong>.<\/strong><\/p>\n\n\n\n<figure class=\"wp-block-image size-large\"><img decoding=\"async\" width=\"1024\" height=\"643\" src=\"https:\/\/www.evropskakuca.me\/wp-content\/uploads\/2025\/08\/staza_na_bjelasici-1024x643.jpg\" alt=\"\" class=\"wp-image-45516\" srcset=\"https:\/\/www.evropskakuca.me\/wp-content\/uploads\/2025\/08\/staza_na_bjelasici-1024x643.jpg 1024w, https:\/\/www.evropskakuca.me\/wp-content\/uploads\/2025\/08\/staza_na_bjelasici-300x188.jpg 300w, https:\/\/www.evropskakuca.me\/wp-content\/uploads\/2025\/08\/staza_na_bjelasici-768x482.jpg 768w, https:\/\/www.evropskakuca.me\/wp-content\/uploads\/2025\/08\/staza_na_bjelasici-1536x965.jpg 1536w, https:\/\/www.evropskakuca.me\/wp-content\/uploads\/2025\/08\/staza_na_bjelasici-2048x1286.jpg 2048w\" sizes=\"(max-width: 1024px) 100vw, 1024px\" \/><\/figure>\n\n\n\n<p>\u201eOvo nije samo ure\u0111ena staza, ve\u0107 nova prilika za ljude iz na\u0161eg kraja da ostanu ovdje, da rade i da gostima poka\u017eu ono najbolje \u0161to imamo\u201c, <em>ka\u017ee Goran.<\/em><\/p>\n\n\n\n<p>Njegova ideja, preto\u010dena u projekat nevladine organizacije, donijela je bogatije iskustvo za turiste i konkretne koristi za svako seosko doma\u0107instvo u rejonu: \u201cProjekat je uklju\u010dio i edukaciju \u2013 \u010dlanovi i \u010dlanice okolnih doma\u0107instava nau\u010dili su kako da postanu uspje\u0161ni doma\u0107ini, kako da komuniciraju na engleskom jeziku i predstave svoju ponudu na pravi na\u010din.\u201d<\/p>\n\n\n\n<figure class=\"wp-block-image size-large\"><img loading=\"lazy\" decoding=\"async\" width=\"1024\" height=\"678\" src=\"https:\/\/www.evropskakuca.me\/wp-content\/uploads\/2025\/08\/vidikovac_sanac-1024x678.jpg\" alt=\"\" class=\"wp-image-45514\" srcset=\"https:\/\/www.evropskakuca.me\/wp-content\/uploads\/2025\/08\/vidikovac_sanac-1024x678.jpg 1024w, https:\/\/www.evropskakuca.me\/wp-content\/uploads\/2025\/08\/vidikovac_sanac-300x199.jpg 300w, https:\/\/www.evropskakuca.me\/wp-content\/uploads\/2025\/08\/vidikovac_sanac-768x509.jpg 768w, https:\/\/www.evropskakuca.me\/wp-content\/uploads\/2025\/08\/vidikovac_sanac-1536x1017.jpg 1536w, https:\/\/www.evropskakuca.me\/wp-content\/uploads\/2025\/08\/vidikovac_sanac-2048x1356.jpg 2048w\" sizes=\"(max-width: 1024px) 100vw, 1024px\" \/><\/figure>\n\n\n\n<p><strong>Zajedno za zajednicu<\/strong><\/p>\n\n\n\n<p>Primjeri Miroslavke i Gorana pokazuju da kada se nevladine organizacije osna\u017ee i pove\u017eu s lokalnim vlastima i me\u0111unarodnim partnerima \u2013 rezultati ne izostaju. Njihovi poduhvati su samo dva od 139 primjera uspje\u0161nih inicijativa sprovedenih u prethodne dvije faze ReLOaD programa, \u010dija je su\u0161tina odgovor na stvarne potrebe zajednica i kreiranje odr\u017eivih rje\u0161enja kroz saradnju.<\/p>\n\n\n\n<p>Nova prilika za NVO koje \u017eele da slijede njihov primjer sti\u017ee po\u010detkom naredne godine, kada \u0107e biti otvoren novi javni poziv u okviru tre\u0107e faze&nbsp;<a href=\"https:\/\/www.undp.org\/cnr\/montenegro\/projects\/reload3\"><strong>Regionalnog programa lokalne demokratije na Zapadnom Balkanu (ReLOaD)<\/strong><\/a>&nbsp;koji finansira Evropska unija, a sprovodi UNDP u partnerstvu sa 11 op\u0161tina. Za one koji vjeruju u mo\u0107 zajedni\u0161tva i lokalne inicijative, to je poziv da se uklju\u010de i grade promjene.<\/p>\n","protected":false},"featured_media":45513,"template":"","class_list":["post-45522","story","type-story","status-publish","has-post-thumbnail","hentry"],"acf":[],"yoast_head":"<!-- This site is optimized with the Yoast SEO plugin v27.3 - https:\/\/yoast.com\/product\/yoast-seo-wordpress\/ -->\n<title>Vizionari iz kom\u0161iluka: Zapo\u010dni promjenu tamo gdje \u017eivi\u0161 - Europe House<\/title>\n<meta name=\"robots\" content=\"index, follow, max-snippet:-1, max-image-preview:large, max-video-preview:-1\" \/>\n<link rel=\"canonical\" href=\"https:\/\/www.evropskakuca.me\/me\/story\/visionaries-from-the-neighbourhood\/\" \/>\n<meta property=\"og:locale\" content=\"en_US\" \/>\n<meta property=\"og:type\" content=\"article\" \/>\n<meta property=\"og:title\" content=\"Vizionari iz kom\u0161iluka: Zapo\u010dni promjenu tamo gdje \u017eivi\u0161 - Europe House\" \/>\n<meta property=\"og:description\" content=\"U zanatskoj radionici nadomak barske marine, Miroslavka Bokovac sa porodicom o\u017eivljava drevnu vje\u0161tinu izrade drvenih brodova. U Mojkovcu, Goran Rabrenovi\u0107 iz \u201eUdru\u017eenja gra\u0111ana Polja\u201c vodi projekte koji vra\u0107aju \u017eivot planinskim stazama i podsti\u010du razvoj seoskog turizma. Dvoje entuzijasta iz razli\u010ditih djelova zemlje, sa razli\u010ditim \u017eivotnim pri\u010dama, povezuje ista misija: \u010duvanje autenti\u010dnih vrijednosti i unapre\u0111enje zajednica [&hellip;]\" \/>\n<meta property=\"og:url\" content=\"https:\/\/www.evropskakuca.me\/me\/story\/visionaries-from-the-neighbourhood\/\" \/>\n<meta property=\"og:site_name\" content=\"Europe House\" \/>\n<meta property=\"article:publisher\" content=\"https:\/\/www.facebook.com\/evropska.kuca\" \/>\n<meta property=\"article:modified_time\" content=\"2025-08-29T12:30:54+00:00\" \/>\n<meta property=\"og:image\" content=\"https:\/\/www.evropskakuca.me\/wp-content\/uploads\/2025\/08\/1_10-1-e1756470485832.jpg\" \/>\n\t<meta property=\"og:image:width\" content=\"2560\" \/>\n\t<meta property=\"og:image:height\" content=\"1118\" \/>\n\t<meta property=\"og:image:type\" content=\"image\/jpeg\" \/>\n<meta name=\"twitter:card\" content=\"summary_large_image\" \/>\n<meta name=\"twitter:site\" content=\"@evropska_kuca\" \/>\n<meta name=\"twitter:label1\" content=\"Est. reading time\" \/>\n\t<meta name=\"twitter:data1\" content=\"4 minutes\" \/>\n<script type=\"application\/ld+json\" class=\"yoast-schema-graph\">{\"@context\":\"https:\\\/\\\/schema.org\",\"@graph\":[{\"@type\":\"WebPage\",\"@id\":\"https:\\\/\\\/www.evropskakuca.me\\\/me\\\/story\\\/visionaries-from-the-neighbourhood\\\/\",\"url\":\"https:\\\/\\\/www.evropskakuca.me\\\/me\\\/story\\\/visionaries-from-the-neighbourhood\\\/\",\"name\":\"Vizionari iz kom\u0161iluka: Zapo\u010dni promjenu tamo gdje \u017eivi\u0161 - Europe House\",\"isPartOf\":{\"@id\":\"https:\\\/\\\/www.evropskakuca.me\\\/me\\\/#website\"},\"primaryImageOfPage\":{\"@id\":\"https:\\\/\\\/www.evropskakuca.me\\\/me\\\/story\\\/visionaries-from-the-neighbourhood\\\/#primaryimage\"},\"image\":{\"@id\":\"https:\\\/\\\/www.evropskakuca.me\\\/me\\\/story\\\/visionaries-from-the-neighbourhood\\\/#primaryimage\"},\"thumbnailUrl\":\"https:\\\/\\\/www.evropskakuca.me\\\/wp-content\\\/uploads\\\/2025\\\/08\\\/1_10-1-e1756470485832.jpg\",\"datePublished\":\"2025-08-29T12:23:42+00:00\",\"dateModified\":\"2025-08-29T12:30:54+00:00\",\"breadcrumb\":{\"@id\":\"https:\\\/\\\/www.evropskakuca.me\\\/me\\\/story\\\/visionaries-from-the-neighbourhood\\\/#breadcrumb\"},\"inLanguage\":\"me-ME\",\"potentialAction\":[{\"@type\":\"ReadAction\",\"target\":[\"https:\\\/\\\/www.evropskakuca.me\\\/me\\\/story\\\/visionaries-from-the-neighbourhood\\\/\"]}]},{\"@type\":\"ImageObject\",\"inLanguage\":\"me-ME\",\"@id\":\"https:\\\/\\\/www.evropskakuca.me\\\/me\\\/story\\\/visionaries-from-the-neighbourhood\\\/#primaryimage\",\"url\":\"https:\\\/\\\/www.evropskakuca.me\\\/wp-content\\\/uploads\\\/2025\\\/08\\\/1_10-1-e1756470485832.jpg\",\"contentUrl\":\"https:\\\/\\\/www.evropskakuca.me\\\/wp-content\\\/uploads\\\/2025\\\/08\\\/1_10-1-e1756470485832.jpg\",\"width\":2560,\"height\":1118},{\"@type\":\"BreadcrumbList\",\"@id\":\"https:\\\/\\\/www.evropskakuca.me\\\/me\\\/story\\\/visionaries-from-the-neighbourhood\\\/#breadcrumb\",\"itemListElement\":[{\"@type\":\"ListItem\",\"position\":1,\"name\":\"Home\",\"item\":\"https:\\\/\\\/www.evropskakuca.me\\\/me\\\/\"},{\"@type\":\"ListItem\",\"position\":2,\"name\":\"Vizionari iz kom\u0161iluka: Zapo\u010dni promjenu tamo gdje \u017eivi\u0161\"}]},{\"@type\":\"WebSite\",\"@id\":\"https:\\\/\\\/www.evropskakuca.me\\\/me\\\/#website\",\"url\":\"https:\\\/\\\/www.evropskakuca.me\\\/me\\\/\",\"name\":\"Evropean house\",\"description\":\"\",\"publisher\":{\"@id\":\"https:\\\/\\\/www.evropskakuca.me\\\/me\\\/#organization\"},\"potentialAction\":[{\"@type\":\"SearchAction\",\"target\":{\"@type\":\"EntryPoint\",\"urlTemplate\":\"https:\\\/\\\/www.evropskakuca.me\\\/me\\\/?s={search_term_string}\"},\"query-input\":{\"@type\":\"PropertyValueSpecification\",\"valueRequired\":true,\"valueName\":\"search_term_string\"}}],\"inLanguage\":\"me-ME\"},{\"@type\":\"Organization\",\"@id\":\"https:\\\/\\\/www.evropskakuca.me\\\/me\\\/#organization\",\"name\":\"Evropean house\",\"url\":\"https:\\\/\\\/www.evropskakuca.me\\\/me\\\/\",\"logo\":{\"@type\":\"ImageObject\",\"inLanguage\":\"me-ME\",\"@id\":\"https:\\\/\\\/www.evropskakuca.me\\\/me\\\/#\\\/schema\\\/logo\\\/image\\\/\",\"url\":\"https:\\\/\\\/www.evropskakuca.me\\\/wp-content\\\/uploads\\\/2025\\\/01\\\/evropska-kuca-logo-1.png\",\"contentUrl\":\"https:\\\/\\\/www.evropskakuca.me\\\/wp-content\\\/uploads\\\/2025\\\/01\\\/evropska-kuca-logo-1.png\",\"width\":425,\"height\":312,\"caption\":\"Evropean house\"},\"image\":{\"@id\":\"https:\\\/\\\/www.evropskakuca.me\\\/me\\\/#\\\/schema\\\/logo\\\/image\\\/\"},\"sameAs\":[\"https:\\\/\\\/www.facebook.com\\\/evropska.kuca\",\"https:\\\/\\\/x.com\\\/evropska_kuca\",\"https:\\\/\\\/www.instagram.com\\\/evropska_kuca\"]}]}<\/script>\n<!-- \/ Yoast SEO plugin. -->","yoast_head_json":{"title":"Vizionari iz kom\u0161iluka: Zapo\u010dni promjenu tamo gdje \u017eivi\u0161 - Europe House","robots":{"index":"index","follow":"follow","max-snippet":"max-snippet:-1","max-image-preview":"max-image-preview:large","max-video-preview":"max-video-preview:-1"},"canonical":"https:\/\/www.evropskakuca.me\/me\/story\/visionaries-from-the-neighbourhood\/","og_locale":"en_US","og_type":"article","og_title":"Vizionari iz kom\u0161iluka: Zapo\u010dni promjenu tamo gdje \u017eivi\u0161 - Europe House","og_description":"U zanatskoj radionici nadomak barske marine, Miroslavka Bokovac sa porodicom o\u017eivljava drevnu vje\u0161tinu izrade drvenih brodova. U Mojkovcu, Goran Rabrenovi\u0107 iz \u201eUdru\u017eenja gra\u0111ana Polja\u201c vodi projekte koji vra\u0107aju \u017eivot planinskim stazama i podsti\u010du razvoj seoskog turizma. Dvoje entuzijasta iz razli\u010ditih djelova zemlje, sa razli\u010ditim \u017eivotnim pri\u010dama, povezuje ista misija: \u010duvanje autenti\u010dnih vrijednosti i unapre\u0111enje zajednica [&hellip;]","og_url":"https:\/\/www.evropskakuca.me\/me\/story\/visionaries-from-the-neighbourhood\/","og_site_name":"Europe House","article_publisher":"https:\/\/www.facebook.com\/evropska.kuca","article_modified_time":"2025-08-29T12:30:54+00:00","og_image":[{"width":2560,"height":1118,"url":"https:\/\/www.evropskakuca.me\/wp-content\/uploads\/2025\/08\/1_10-1-e1756470485832.jpg","type":"image\/jpeg"}],"twitter_card":"summary_large_image","twitter_site":"@evropska_kuca","twitter_misc":{"Est. reading time":"4 minutes"},"schema":{"@context":"https:\/\/schema.org","@graph":[{"@type":"WebPage","@id":"https:\/\/www.evropskakuca.me\/me\/story\/visionaries-from-the-neighbourhood\/","url":"https:\/\/www.evropskakuca.me\/me\/story\/visionaries-from-the-neighbourhood\/","name":"Vizionari iz kom\u0161iluka: Zapo\u010dni promjenu tamo gdje \u017eivi\u0161 - Europe House","isPartOf":{"@id":"https:\/\/www.evropskakuca.me\/me\/#website"},"primaryImageOfPage":{"@id":"https:\/\/www.evropskakuca.me\/me\/story\/visionaries-from-the-neighbourhood\/#primaryimage"},"image":{"@id":"https:\/\/www.evropskakuca.me\/me\/story\/visionaries-from-the-neighbourhood\/#primaryimage"},"thumbnailUrl":"https:\/\/www.evropskakuca.me\/wp-content\/uploads\/2025\/08\/1_10-1-e1756470485832.jpg","datePublished":"2025-08-29T12:23:42+00:00","dateModified":"2025-08-29T12:30:54+00:00","breadcrumb":{"@id":"https:\/\/www.evropskakuca.me\/me\/story\/visionaries-from-the-neighbourhood\/#breadcrumb"},"inLanguage":"me-ME","potentialAction":[{"@type":"ReadAction","target":["https:\/\/www.evropskakuca.me\/me\/story\/visionaries-from-the-neighbourhood\/"]}]},{"@type":"ImageObject","inLanguage":"me-ME","@id":"https:\/\/www.evropskakuca.me\/me\/story\/visionaries-from-the-neighbourhood\/#primaryimage","url":"https:\/\/www.evropskakuca.me\/wp-content\/uploads\/2025\/08\/1_10-1-e1756470485832.jpg","contentUrl":"https:\/\/www.evropskakuca.me\/wp-content\/uploads\/2025\/08\/1_10-1-e1756470485832.jpg","width":2560,"height":1118},{"@type":"BreadcrumbList","@id":"https:\/\/www.evropskakuca.me\/me\/story\/visionaries-from-the-neighbourhood\/#breadcrumb","itemListElement":[{"@type":"ListItem","position":1,"name":"Home","item":"https:\/\/www.evropskakuca.me\/me\/"},{"@type":"ListItem","position":2,"name":"Vizionari iz kom\u0161iluka: Zapo\u010dni promjenu tamo gdje \u017eivi\u0161"}]},{"@type":"WebSite","@id":"https:\/\/www.evropskakuca.me\/me\/#website","url":"https:\/\/www.evropskakuca.me\/me\/","name":"Evropean house","description":"","publisher":{"@id":"https:\/\/www.evropskakuca.me\/me\/#organization"},"potentialAction":[{"@type":"SearchAction","target":{"@type":"EntryPoint","urlTemplate":"https:\/\/www.evropskakuca.me\/me\/?s={search_term_string}"},"query-input":{"@type":"PropertyValueSpecification","valueRequired":true,"valueName":"search_term_string"}}],"inLanguage":"me-ME"},{"@type":"Organization","@id":"https:\/\/www.evropskakuca.me\/me\/#organization","name":"Evropean house","url":"https:\/\/www.evropskakuca.me\/me\/","logo":{"@type":"ImageObject","inLanguage":"me-ME","@id":"https:\/\/www.evropskakuca.me\/me\/#\/schema\/logo\/image\/","url":"https:\/\/www.evropskakuca.me\/wp-content\/uploads\/2025\/01\/evropska-kuca-logo-1.png","contentUrl":"https:\/\/www.evropskakuca.me\/wp-content\/uploads\/2025\/01\/evropska-kuca-logo-1.png","width":425,"height":312,"caption":"Evropean house"},"image":{"@id":"https:\/\/www.evropskakuca.me\/me\/#\/schema\/logo\/image\/"},"sameAs":["https:\/\/www.facebook.com\/evropska.kuca","https:\/\/x.com\/evropska_kuca","https:\/\/www.instagram.com\/evropska_kuca"]}]}},"_links":{"self":[{"href":"https:\/\/www.evropskakuca.me\/me\/wp-json\/wp\/v2\/story\/45522","targetHints":{"allow":["GET"]}}],"collection":[{"href":"https:\/\/www.evropskakuca.me\/me\/wp-json\/wp\/v2\/story"}],"about":[{"href":"https:\/\/www.evropskakuca.me\/me\/wp-json\/wp\/v2\/types\/story"}],"wp:featuredmedia":[{"embeddable":true,"href":"https:\/\/www.evropskakuca.me\/me\/wp-json\/wp\/v2\/media\/45513"}],"wp:attachment":[{"href":"https:\/\/www.evropskakuca.me\/me\/wp-json\/wp\/v2\/media?parent=45522"}],"curies":[{"name":"wp","href":"https:\/\/api.w.org\/{rel}","templated":true}]}}