{"id":44993,"date":"2024-12-19T15:35:00","date_gmt":"2024-12-19T15:35:00","guid":{"rendered":"https:\/\/www.evropskakuca.me\/?post_type=story&#038;p=44993"},"modified":"2025-06-30T12:46:24","modified_gmt":"2025-06-30T12:46:24","slug":"uz-eu-podrsku-u-sklopu-kccg-otvorene-dvije-nove-klinike","status":"publish","type":"story","link":"https:\/\/www.evropskakuca.me\/me\/story\/uz-eu-podrsku-u-sklopu-kccg-otvorene-dvije-nove-klinike\/","title":{"rendered":"Uz EU podr\u0161ku u sklopu KCCG otvorene dvije nove klinike"},"content":{"rendered":"\n<p>\u201c<strong><em>Otvaranje klinika za infektivne bolesti i dermatovenerologiju simbolizuje, ne samo na\u0161u spremnost, ve\u0107 i zajedni\u010dko uvjerenje u napredak i brigu za svakog gra\u0111ana Crne Gore<\/em><\/strong>\u201d, kazao je ambasador EU u Crnoj Gori&nbsp;<strong>Johan Satler<\/strong>&nbsp;na sve\u010danom otvaranju novoizgra\u0111enog objekta klinika za infektivne bolesti I dermatovenerologiju u sklopu Klini\u010dkog centra Core Gore.<\/p>\n\n\n\n<p>\u201e<strong><em>Ponosan sam \u0161to je EU mogla da pru\u017ei finansijku i tehni\u010dku podr\u0161ku ovom va\u017enom projektu. Izgradnja klinika ko\u0161tala je 10 miliona eura od \u010dega je EU obezbijedila 85%. Odluku o finansiranju donijeli smo tokom pandemije COVID19, kako bismo ja\u010dali crnogorski zdravstveni sistem, unaprijedili kvalitet zdravstvenih usluga i pove\u0107ali otpornost na budu\u0107e zdravstvene rizike. Tokom pandemije dovr\u0161ili smo i mnoge druge projekte uklju\u010duju\u0107i i modernizaciju laboratorija u Ulcinju, u Baru, Budvi, Kotoru, Cetinju, Nik\u0161i\u0107u, Beranama i u Bijelom Polju, kao i podr\u0161ku vakcinacije\u201c<\/em><\/strong>, podsjetio je ambasador Satler.<\/p>\n\n\n\n<figure class=\"wp-block-image size-large\"><img fetchpriority=\"high\" decoding=\"async\" width=\"1024\" height=\"683\" src=\"https:\/\/www.evropskakuca.me\/wp-content\/uploads\/2025\/06\/1734935077xr9jer9pvkeku2be-i_1920x1280-1024x683.jpg\" alt=\"\" class=\"wp-image-44996\" srcset=\"https:\/\/www.evropskakuca.me\/wp-content\/uploads\/2025\/06\/1734935077xr9jer9pvkeku2be-i_1920x1280-1024x683.jpg 1024w, https:\/\/www.evropskakuca.me\/wp-content\/uploads\/2025\/06\/1734935077xr9jer9pvkeku2be-i_1920x1280-300x200.jpg 300w, https:\/\/www.evropskakuca.me\/wp-content\/uploads\/2025\/06\/1734935077xr9jer9pvkeku2be-i_1920x1280-768x512.jpg 768w, https:\/\/www.evropskakuca.me\/wp-content\/uploads\/2025\/06\/1734935077xr9jer9pvkeku2be-i_1920x1280-1536x1024.jpg 1536w, https:\/\/www.evropskakuca.me\/wp-content\/uploads\/2025\/06\/1734935077xr9jer9pvkeku2be-i_1920x1280.jpg 1920w\" sizes=\"(max-width: 1024px) 100vw, 1024px\" \/><\/figure>\n\n\n\n<p>On je izrazio uvjerenje da gra\u0111ani Crne Gore s pravom te\u017ee evropskim standardima.<\/p>\n\n\n\n<p><strong><em>\u201eEU aktivno radi na prevenciji zdravstvenih problema postavljaju\u0107i visoki standard, po\u010dev\u0161i od kontrole duvana do bezbijednosti hrane i za\u0161titi \u017eivotne sredine. S obzirom na pozitivan zamah u pregovorima o pristupu u Evropsku uniju mislim da je ova sedmica bila odli\u010dna u ovom pogledu. Ohrabrujem institucije da inteziviraju rad na reformama posebno u ispunjavanju zavr\u0161nih mjerila u poglavljima vezanim za zdravstvo i drugim oblastima\u201c<\/em><\/strong>, poru\u010dio je ambasador Satler.<\/p>\n\n\n\n<p>Zahvaljuju\u0107i se svima koji su u\u010destvovali u realizaciji ovog vrijednog projekta, ambasador EU je rekao da je novi objekat pravi primjer timskog rada kojim se mo\u017ee sve posti\u0107i.<\/p>\n\n\n\n<p><strong><em>\u201eNadamo se da svijet vi\u0161e nikada ne\u0107e iskusiti zdravstvenu krizu poput COVID19, ali&nbsp; \u010dinjenica je da su otpornost i priprema najbolji na\u010din da osiguramo budu\u0107nost. Ove klinike simbolizuju, ne samo na\u0161u spremnost, ve\u0107 i zajedni\u010dko uvjerenje u napredak i brigu za svakog gra\u0111ana Crne Gore. Stoga ra\u010dunajte na nas, ra\u010dunajte na punu podr\u0161ku EU u zajedni\u010dkoj misiji da gradimo zdraviju, sigurniju i bogatiju budu\u0107nost za Crnu Goru i Evropu\u201c<\/em><\/strong>, poru\u010dio je ambasador Satler.<\/p>\n\n\n\n<p><strong><em>\u201cDanas na\u0161a obe\u0107anja potvr\u0111ujemo djelom. Posve\u0107enost, odgovornost i nadasve realnu ambiciju dokazujemo jo\u0161 jednim krupnim korakom za na\u0161e zdravstvo \u2013 sa velikom rado\u0161\u0107u danas otvaramo Kliniku za infektivne bolesti i Kliniku za dermatovenerologiju\u201d<\/em><\/strong>, kazao je predsjednik Vlade Crne Gore&nbsp;<strong>Milojko Spaji\u0107<\/strong>.<\/p>\n\n\n\n<figure class=\"wp-block-image size-large\"><img decoding=\"async\" width=\"1024\" height=\"683\" src=\"https:\/\/www.evropskakuca.me\/wp-content\/uploads\/2025\/06\/1734935077qsuwogmvwbpjpxu5-i_1920x1280-1024x683.jpg\" alt=\"\" class=\"wp-image-44998\" srcset=\"https:\/\/www.evropskakuca.me\/wp-content\/uploads\/2025\/06\/1734935077qsuwogmvwbpjpxu5-i_1920x1280-1024x683.jpg 1024w, https:\/\/www.evropskakuca.me\/wp-content\/uploads\/2025\/06\/1734935077qsuwogmvwbpjpxu5-i_1920x1280-300x200.jpg 300w, https:\/\/www.evropskakuca.me\/wp-content\/uploads\/2025\/06\/1734935077qsuwogmvwbpjpxu5-i_1920x1280-768x512.jpg 768w, https:\/\/www.evropskakuca.me\/wp-content\/uploads\/2025\/06\/1734935077qsuwogmvwbpjpxu5-i_1920x1280-1536x1024.jpg 1536w, https:\/\/www.evropskakuca.me\/wp-content\/uploads\/2025\/06\/1734935077qsuwogmvwbpjpxu5-i_1920x1280.jpg 1920w\" sizes=\"(max-width: 1024px) 100vw, 1024px\" \/><\/figure>\n\n\n\n<p>Premijer je naglasio da su nam za izgradnju jake dr\u017eave, potrebni projekti poput ovog, koji \u0107e oja\u010dati zdravstvenu za\u0161titu i poru\u010dio da \u0107e Vlada nastojati da sve \u0161to zna\u010di standard na polju zdravstva u razvijenim dr\u017eavama \u010dlanicama Evropske unije, bude dostupno svim gra\u0111ankama i gra\u0111anima Crne Gore.<\/p>\n\n\n\n<p>&nbsp;\u201c<strong>U ime Vlade Crne Gore i u svoje li\u010dno ime, izra\u017eavam veliku zahvalnost Evropskoj uniji, \u0161to je posredstvom IPA programa, pomogla realizaciju ovog projekta, neizmjerno bitnog za sve gra\u0111anke i gra\u0111ane Crne Gore\u201d<\/strong>, kazao je crnogorski premijer.<\/p>\n\n\n\n<p>Ministar zdravlja&nbsp;<strong>dr Vojislav \u0160imun<\/strong>&nbsp;istakao je da je&nbsp; izgradnja ove moderne klinike, jasan pokazatelj da je Vlada Crne Gore promijenila odnos prema zdravstvenom sistemu i da ulaganje u zdravstvo \u010dvrsto dr\u017ei me\u0111u svojim najve\u0107im prioritetima.<\/p>\n\n\n\n<p><strong><em>\u201cGradimo temelje za novi pristup zdravstvenoj za\u0161titi \u2013 pristup koji stavlja pacijenta u sredi\u0161te pa\u017enje i koji pru\u017ea dostojanstvene radne uslove za na\u0161e ljekare, medicinsko osoblje i sve zaposlene. Simboli\u010dno, upravo na dan kada Klini\u010dki centar Crne Gore obilje\u017eava veliki jubilej-50 godina postojanja, ovaj trenutak simbolizuje ne samo zavr\u0161etak jednog zna\u010dajnog projekta, ve\u0107 i po\u010detak nove ere u zdravstvenoj za\u0161titi na\u0161e zemlje. Moderne ambulante, dijagnosti\u010dki centri i komforne i opremljene bolesni\u010dke sobe, zna\u010dajno \u0107e unaprijediti kvalitet lije\u010denja i skratiti vrijeme oporavka pacijenata. Dakle, ovo nije samo ulaganje u infrastrukturu ve\u0107 i u budu\u0107nost i u zdravlje na\u0161e nacije. Pandemija nas je podsjetila koliko je va\u017eno imati sna\u017ean, efikasan i moderan zdravstveni sistem, koji mo\u017ee odgovoriti na sve izazove i potrebe. Ova klinika upravo je odraz te potrebe i na\u0161eg odgovora\u201d<\/em><\/strong>, naglasio je dr \u0160imun.<\/p>\n\n\n\n<figure class=\"wp-block-image size-large\"><img decoding=\"async\" width=\"1024\" height=\"683\" src=\"https:\/\/www.evropskakuca.me\/wp-content\/uploads\/2025\/06\/1734935077t6kigjrssldcnhpq-i_1920x1280-1024x683.jpg\" alt=\"\" class=\"wp-image-45000\" srcset=\"https:\/\/www.evropskakuca.me\/wp-content\/uploads\/2025\/06\/1734935077t6kigjrssldcnhpq-i_1920x1280-1024x683.jpg 1024w, https:\/\/www.evropskakuca.me\/wp-content\/uploads\/2025\/06\/1734935077t6kigjrssldcnhpq-i_1920x1280-300x200.jpg 300w, https:\/\/www.evropskakuca.me\/wp-content\/uploads\/2025\/06\/1734935077t6kigjrssldcnhpq-i_1920x1280-768x512.jpg 768w, https:\/\/www.evropskakuca.me\/wp-content\/uploads\/2025\/06\/1734935077t6kigjrssldcnhpq-i_1920x1280-1536x1024.jpg 1536w, https:\/\/www.evropskakuca.me\/wp-content\/uploads\/2025\/06\/1734935077t6kigjrssldcnhpq-i_1920x1280.jpg 1920w\" sizes=\"(max-width: 1024px) 100vw, 1024px\" \/><\/figure>\n\n\n\n<p>On je naveo da Ministarstvo zdravlja i Vlada Crne Gore trenutno realizuju 20 projekata ukupne vrijednosti od oko 145 miliona eura.<\/p>\n\n\n\n<p><strong><em>\u201cNa ovom putu nismo sami. Evropska unija je bila na\u0161 klju\u010dni partner, sa gotovo 9 miliona eura koje je izdvojila za&nbsp; izgradnju i opremanje ovih klinika. Ova podr\u0161ka pokazuje koliko je zdravlje zajedni\u010dka vrijednost i koliko su solidarnost i saradnja va\u017eni\u201d,<\/em><\/strong>&nbsp;poru\u010dio je minister \u0160imun.<\/p>\n\n\n\n<p>Na dan kada najve\u0107a zdravstvena ustanova obilje\u017eava pola vijeka od useljenja u novu zgradu, direktor&nbsp;<strong>dr Aleksandar Radovi\u0107<\/strong>&nbsp; podsjetio je na razvojni put KCCG i dostugnu\u0107a koja su stvarale generacije crnogorskih ljekara, ali i prezentovao sliku KCCG danas, kao referentna ustanova tercijarnogh nivoa zdravstvene za\u0161tite za cijelu dr\u017eavu i sekundarnog nivoa za Podgoricu, Tuzi, Zetu, Danilovgrad i Kola\u0161in.<\/p>\n\n\n\n<p>Govore\u0107i o zna\u010daju novoizgra\u0161enih klinika za pacijente dr Radovi\u0107 je kazao da Klinika za dermatovenerologiju prvi put na jednom mjestu posjeduje polikilini\u010dki i stacionarni dio koji u potpunosti odgovara evropskim standardima pru\u017eanja zdravstvenih usluga. Klinika je opremljena najsavremenijom medicinskom opremom. Stacionarni dio posjeduje ukupno 32 bolni\u010dkih kreveta, sa dvije izolacione sobe i sobe za pedijatrijsku populaciju. I poliklini\u010dki i stacionarni dio su prilago\u0111eni licima sa invaliditetom. Na klinici je zaposleno 10 ljekara i 12 medicinskih sestara.<\/p>\n\n\n\n<figure class=\"wp-block-gallery has-nested-images columns-default is-cropped wp-block-gallery-1 is-layout-flex wp-block-gallery-is-layout-flex\">\n<figure class=\"wp-block-image size-large\"><img loading=\"lazy\" decoding=\"async\" width=\"1024\" height=\"683\" data-id=\"45004\" src=\"https:\/\/www.evropskakuca.me\/wp-content\/uploads\/2025\/06\/1734935077syvymae98leluav0-i_1920x1280-1024x683.jpg\" alt=\"\" class=\"wp-image-45004\" srcset=\"https:\/\/www.evropskakuca.me\/wp-content\/uploads\/2025\/06\/1734935077syvymae98leluav0-i_1920x1280-1024x683.jpg 1024w, https:\/\/www.evropskakuca.me\/wp-content\/uploads\/2025\/06\/1734935077syvymae98leluav0-i_1920x1280-300x200.jpg 300w, https:\/\/www.evropskakuca.me\/wp-content\/uploads\/2025\/06\/1734935077syvymae98leluav0-i_1920x1280-768x512.jpg 768w, https:\/\/www.evropskakuca.me\/wp-content\/uploads\/2025\/06\/1734935077syvymae98leluav0-i_1920x1280-1536x1024.jpg 1536w, https:\/\/www.evropskakuca.me\/wp-content\/uploads\/2025\/06\/1734935077syvymae98leluav0-i_1920x1280.jpg 1920w\" sizes=\"(max-width: 1024px) 100vw, 1024px\" \/><\/figure>\n\n\n\n<figure class=\"wp-block-image size-large\"><img loading=\"lazy\" decoding=\"async\" width=\"1024\" height=\"683\" data-id=\"45002\" src=\"https:\/\/www.evropskakuca.me\/wp-content\/uploads\/2025\/06\/1734935077twliweua5gqowftk-i_1920x1280-1024x683.jpg\" alt=\"\" class=\"wp-image-45002\" srcset=\"https:\/\/www.evropskakuca.me\/wp-content\/uploads\/2025\/06\/1734935077twliweua5gqowftk-i_1920x1280-1024x683.jpg 1024w, https:\/\/www.evropskakuca.me\/wp-content\/uploads\/2025\/06\/1734935077twliweua5gqowftk-i_1920x1280-300x200.jpg 300w, https:\/\/www.evropskakuca.me\/wp-content\/uploads\/2025\/06\/1734935077twliweua5gqowftk-i_1920x1280-768x512.jpg 768w, https:\/\/www.evropskakuca.me\/wp-content\/uploads\/2025\/06\/1734935077twliweua5gqowftk-i_1920x1280-1536x1024.jpg 1536w, https:\/\/www.evropskakuca.me\/wp-content\/uploads\/2025\/06\/1734935077twliweua5gqowftk-i_1920x1280.jpg 1920w\" sizes=\"(max-width: 1024px) 100vw, 1024px\" \/><\/figure>\n<\/figure>\n\n\n\n<p><strong><em>\u201cSa druge strane, prvi put od 1974. godine i Klinika za infektivne bolesti dobija novi, savremeni prostor za rad. Poznato je da su na\u0161e kolege i na\u0161i \u010dlanovi porodica do sada lije\u010deni u neprikladnim uslovima na Kru\u0161evcu, zbog \u010dega ovaj trenutak zaista predstavlja prekretnicu. Prvi put, Klinika za infektivne bolesti ima svoju intenzivnu jedinicu. Kapacitet Klinike za infektivne bolesti smo, sa dosada\u0161nje 22 bolesni\u010dke postelje vi\u0161e nego duplirali \u2013 sada imamo 51 bolesni\u010dku postelju. Na klinici radi 13 specijalista infektologije, \u010detiri specijalizanta i 25 medicinskih sestara i tehni\u010dara\u201d<\/em><\/strong>&nbsp;naveo je dr Radovi\u0107 I poru\u010dio da se nastavlja sa novim infrastrukturnim projektima.<\/p>\n\n\n\n<p>Kako je kazao, u toku je izrada projekata za PET CT sa novom Klinikom za hematologiju, dok je cilj da se 2025. godine zavr\u0161i i glavni projekat za novi Univerzitetski klini\u010dki centar.<\/p>\n\n\n\n<p><strong><em>\u201cOsim toga, planirano je i otvaranje konkursa za idejno rje\u0161enje postoje\u0107ih, ali i novih odjeljenja u okviru Instituta za bolesti djece i to: neonatologije, pedijatrije, banke mlijeka i Centra za vje\u0161ta\u010dku oplodnju\u201d,<\/em><\/strong>&nbsp;najavio je direktor KCCG.<\/p>\n\n\n\n<figure class=\"wp-block-image size-large\"><img loading=\"lazy\" decoding=\"async\" width=\"1024\" height=\"683\" src=\"https:\/\/www.evropskakuca.me\/wp-content\/uploads\/2025\/06\/Detalj-sa-izlozbenih-fotografija-1536x1024-1-1024x683.jpg\" alt=\"\" class=\"wp-image-45006\" srcset=\"https:\/\/www.evropskakuca.me\/wp-content\/uploads\/2025\/06\/Detalj-sa-izlozbenih-fotografija-1536x1024-1-1024x683.jpg 1024w, https:\/\/www.evropskakuca.me\/wp-content\/uploads\/2025\/06\/Detalj-sa-izlozbenih-fotografija-1536x1024-1-300x200.jpg 300w, https:\/\/www.evropskakuca.me\/wp-content\/uploads\/2025\/06\/Detalj-sa-izlozbenih-fotografija-1536x1024-1-768x512.jpg 768w, https:\/\/www.evropskakuca.me\/wp-content\/uploads\/2025\/06\/Detalj-sa-izlozbenih-fotografija-1536x1024-1.jpg 1536w\" sizes=\"(max-width: 1024px) 100vw, 1024px\" \/><\/figure>\n\n\n\n<p>KCCG je povodom jubileja, uprili\u010dio postavku 50 fotografija za 50 godina postojanja objekta Klini\u010dkog centra, koje je za ovu priliku ustupio list Pobjeda.<\/p>\n","protected":false},"featured_media":44994,"template":"","class_list":["post-44993","story","type-story","status-publish","has-post-thumbnail","hentry"],"acf":[],"yoast_head":"<!-- This site is optimized with the Yoast SEO plugin v27.3 - https:\/\/yoast.com\/product\/yoast-seo-wordpress\/ -->\n<title>Uz EU podr\u0161ku u sklopu KCCG otvorene dvije nove klinike - Europe House<\/title>\n<meta name=\"robots\" content=\"index, follow, max-snippet:-1, max-image-preview:large, max-video-preview:-1\" \/>\n<link rel=\"canonical\" href=\"https:\/\/www.evropskakuca.me\/me\/story\/uz-eu-podrsku-u-sklopu-kccg-otvorene-dvije-nove-klinike\/\" \/>\n<meta property=\"og:locale\" content=\"en_US\" \/>\n<meta property=\"og:type\" content=\"article\" \/>\n<meta property=\"og:title\" content=\"Uz EU podr\u0161ku u sklopu KCCG otvorene dvije nove klinike - Europe House\" \/>\n<meta property=\"og:description\" content=\"\u201cOtvaranje klinika za infektivne bolesti i dermatovenerologiju simbolizuje, ne samo na\u0161u spremnost, ve\u0107 i zajedni\u010dko uvjerenje u napredak i brigu za svakog gra\u0111ana Crne Gore\u201d, kazao je ambasador EU u Crnoj Gori&nbsp;Johan Satler&nbsp;na sve\u010danom otvaranju novoizgra\u0111enog objekta klinika za infektivne bolesti I dermatovenerologiju u sklopu Klini\u010dkog centra Core Gore. \u201ePonosan sam \u0161to je EU mogla [&hellip;]\" \/>\n<meta property=\"og:url\" content=\"https:\/\/www.evropskakuca.me\/me\/story\/uz-eu-podrsku-u-sklopu-kccg-otvorene-dvije-nove-klinike\/\" \/>\n<meta property=\"og:site_name\" content=\"Europe House\" \/>\n<meta property=\"article:publisher\" content=\"https:\/\/www.facebook.com\/evropska.kuca\" \/>\n<meta property=\"article:modified_time\" content=\"2025-06-30T12:46:24+00:00\" \/>\n<meta property=\"og:image\" content=\"https:\/\/www.evropskakuca.me\/wp-content\/uploads\/2025\/06\/1734935077lpjoaiqdrwqfhsoj-i_747x498.jpg\" \/>\n\t<meta property=\"og:image:width\" content=\"747\" \/>\n\t<meta property=\"og:image:height\" content=\"498\" \/>\n\t<meta property=\"og:image:type\" content=\"image\/jpeg\" \/>\n<meta name=\"twitter:card\" content=\"summary_large_image\" \/>\n<meta name=\"twitter:site\" content=\"@evropska_kuca\" \/>\n<meta name=\"twitter:label1\" content=\"Est. reading time\" \/>\n\t<meta name=\"twitter:data1\" content=\"6 minutes\" \/>\n<script type=\"application\/ld+json\" class=\"yoast-schema-graph\">{\"@context\":\"https:\\\/\\\/schema.org\",\"@graph\":[{\"@type\":\"WebPage\",\"@id\":\"https:\\\/\\\/www.evropskakuca.me\\\/me\\\/story\\\/uz-eu-podrsku-u-sklopu-kccg-otvorene-dvije-nove-klinike\\\/\",\"url\":\"https:\\\/\\\/www.evropskakuca.me\\\/me\\\/story\\\/uz-eu-podrsku-u-sklopu-kccg-otvorene-dvije-nove-klinike\\\/\",\"name\":\"Uz EU podr\u0161ku u sklopu KCCG otvorene dvije nove klinike - Europe House\",\"isPartOf\":{\"@id\":\"https:\\\/\\\/www.evropskakuca.me\\\/me\\\/#website\"},\"primaryImageOfPage\":{\"@id\":\"https:\\\/\\\/www.evropskakuca.me\\\/me\\\/story\\\/uz-eu-podrsku-u-sklopu-kccg-otvorene-dvije-nove-klinike\\\/#primaryimage\"},\"image\":{\"@id\":\"https:\\\/\\\/www.evropskakuca.me\\\/me\\\/story\\\/uz-eu-podrsku-u-sklopu-kccg-otvorene-dvije-nove-klinike\\\/#primaryimage\"},\"thumbnailUrl\":\"https:\\\/\\\/www.evropskakuca.me\\\/wp-content\\\/uploads\\\/2025\\\/06\\\/1734935077lpjoaiqdrwqfhsoj-i_747x498.jpg\",\"datePublished\":\"2024-12-19T15:35:00+00:00\",\"dateModified\":\"2025-06-30T12:46:24+00:00\",\"breadcrumb\":{\"@id\":\"https:\\\/\\\/www.evropskakuca.me\\\/me\\\/story\\\/uz-eu-podrsku-u-sklopu-kccg-otvorene-dvije-nove-klinike\\\/#breadcrumb\"},\"inLanguage\":\"me-ME\",\"potentialAction\":[{\"@type\":\"ReadAction\",\"target\":[\"https:\\\/\\\/www.evropskakuca.me\\\/me\\\/story\\\/uz-eu-podrsku-u-sklopu-kccg-otvorene-dvije-nove-klinike\\\/\"]}]},{\"@type\":\"ImageObject\",\"inLanguage\":\"me-ME\",\"@id\":\"https:\\\/\\\/www.evropskakuca.me\\\/me\\\/story\\\/uz-eu-podrsku-u-sklopu-kccg-otvorene-dvije-nove-klinike\\\/#primaryimage\",\"url\":\"https:\\\/\\\/www.evropskakuca.me\\\/wp-content\\\/uploads\\\/2025\\\/06\\\/1734935077lpjoaiqdrwqfhsoj-i_747x498.jpg\",\"contentUrl\":\"https:\\\/\\\/www.evropskakuca.me\\\/wp-content\\\/uploads\\\/2025\\\/06\\\/1734935077lpjoaiqdrwqfhsoj-i_747x498.jpg\",\"width\":747,\"height\":498},{\"@type\":\"BreadcrumbList\",\"@id\":\"https:\\\/\\\/www.evropskakuca.me\\\/me\\\/story\\\/uz-eu-podrsku-u-sklopu-kccg-otvorene-dvije-nove-klinike\\\/#breadcrumb\",\"itemListElement\":[{\"@type\":\"ListItem\",\"position\":1,\"name\":\"Home\",\"item\":\"https:\\\/\\\/www.evropskakuca.me\\\/me\\\/\"},{\"@type\":\"ListItem\",\"position\":2,\"name\":\"Uz EU podr\u0161ku u sklopu KCCG otvorene dvije nove klinike\"}]},{\"@type\":\"WebSite\",\"@id\":\"https:\\\/\\\/www.evropskakuca.me\\\/me\\\/#website\",\"url\":\"https:\\\/\\\/www.evropskakuca.me\\\/me\\\/\",\"name\":\"Evropean house\",\"description\":\"\",\"publisher\":{\"@id\":\"https:\\\/\\\/www.evropskakuca.me\\\/me\\\/#organization\"},\"potentialAction\":[{\"@type\":\"SearchAction\",\"target\":{\"@type\":\"EntryPoint\",\"urlTemplate\":\"https:\\\/\\\/www.evropskakuca.me\\\/me\\\/?s={search_term_string}\"},\"query-input\":{\"@type\":\"PropertyValueSpecification\",\"valueRequired\":true,\"valueName\":\"search_term_string\"}}],\"inLanguage\":\"me-ME\"},{\"@type\":\"Organization\",\"@id\":\"https:\\\/\\\/www.evropskakuca.me\\\/me\\\/#organization\",\"name\":\"Evropean house\",\"url\":\"https:\\\/\\\/www.evropskakuca.me\\\/me\\\/\",\"logo\":{\"@type\":\"ImageObject\",\"inLanguage\":\"me-ME\",\"@id\":\"https:\\\/\\\/www.evropskakuca.me\\\/me\\\/#\\\/schema\\\/logo\\\/image\\\/\",\"url\":\"https:\\\/\\\/www.evropskakuca.me\\\/wp-content\\\/uploads\\\/2025\\\/01\\\/evropska-kuca-logo-1.png\",\"contentUrl\":\"https:\\\/\\\/www.evropskakuca.me\\\/wp-content\\\/uploads\\\/2025\\\/01\\\/evropska-kuca-logo-1.png\",\"width\":425,\"height\":312,\"caption\":\"Evropean house\"},\"image\":{\"@id\":\"https:\\\/\\\/www.evropskakuca.me\\\/me\\\/#\\\/schema\\\/logo\\\/image\\\/\"},\"sameAs\":[\"https:\\\/\\\/www.facebook.com\\\/evropska.kuca\",\"https:\\\/\\\/x.com\\\/evropska_kuca\",\"https:\\\/\\\/www.instagram.com\\\/evropska_kuca\"]}]}<\/script>\n<!-- \/ Yoast SEO plugin. -->","yoast_head_json":{"title":"Uz EU podr\u0161ku u sklopu KCCG otvorene dvije nove klinike - Europe House","robots":{"index":"index","follow":"follow","max-snippet":"max-snippet:-1","max-image-preview":"max-image-preview:large","max-video-preview":"max-video-preview:-1"},"canonical":"https:\/\/www.evropskakuca.me\/me\/story\/uz-eu-podrsku-u-sklopu-kccg-otvorene-dvije-nove-klinike\/","og_locale":"en_US","og_type":"article","og_title":"Uz EU podr\u0161ku u sklopu KCCG otvorene dvije nove klinike - Europe House","og_description":"\u201cOtvaranje klinika za infektivne bolesti i dermatovenerologiju simbolizuje, ne samo na\u0161u spremnost, ve\u0107 i zajedni\u010dko uvjerenje u napredak i brigu za svakog gra\u0111ana Crne Gore\u201d, kazao je ambasador EU u Crnoj Gori&nbsp;Johan Satler&nbsp;na sve\u010danom otvaranju novoizgra\u0111enog objekta klinika za infektivne bolesti I dermatovenerologiju u sklopu Klini\u010dkog centra Core Gore. \u201ePonosan sam \u0161to je EU mogla [&hellip;]","og_url":"https:\/\/www.evropskakuca.me\/me\/story\/uz-eu-podrsku-u-sklopu-kccg-otvorene-dvije-nove-klinike\/","og_site_name":"Europe House","article_publisher":"https:\/\/www.facebook.com\/evropska.kuca","article_modified_time":"2025-06-30T12:46:24+00:00","og_image":[{"width":747,"height":498,"url":"https:\/\/www.evropskakuca.me\/wp-content\/uploads\/2025\/06\/1734935077lpjoaiqdrwqfhsoj-i_747x498.jpg","type":"image\/jpeg"}],"twitter_card":"summary_large_image","twitter_site":"@evropska_kuca","twitter_misc":{"Est. reading time":"6 minutes"},"schema":{"@context":"https:\/\/schema.org","@graph":[{"@type":"WebPage","@id":"https:\/\/www.evropskakuca.me\/me\/story\/uz-eu-podrsku-u-sklopu-kccg-otvorene-dvije-nove-klinike\/","url":"https:\/\/www.evropskakuca.me\/me\/story\/uz-eu-podrsku-u-sklopu-kccg-otvorene-dvije-nove-klinike\/","name":"Uz EU podr\u0161ku u sklopu KCCG otvorene dvije nove klinike - Europe House","isPartOf":{"@id":"https:\/\/www.evropskakuca.me\/me\/#website"},"primaryImageOfPage":{"@id":"https:\/\/www.evropskakuca.me\/me\/story\/uz-eu-podrsku-u-sklopu-kccg-otvorene-dvije-nove-klinike\/#primaryimage"},"image":{"@id":"https:\/\/www.evropskakuca.me\/me\/story\/uz-eu-podrsku-u-sklopu-kccg-otvorene-dvije-nove-klinike\/#primaryimage"},"thumbnailUrl":"https:\/\/www.evropskakuca.me\/wp-content\/uploads\/2025\/06\/1734935077lpjoaiqdrwqfhsoj-i_747x498.jpg","datePublished":"2024-12-19T15:35:00+00:00","dateModified":"2025-06-30T12:46:24+00:00","breadcrumb":{"@id":"https:\/\/www.evropskakuca.me\/me\/story\/uz-eu-podrsku-u-sklopu-kccg-otvorene-dvije-nove-klinike\/#breadcrumb"},"inLanguage":"me-ME","potentialAction":[{"@type":"ReadAction","target":["https:\/\/www.evropskakuca.me\/me\/story\/uz-eu-podrsku-u-sklopu-kccg-otvorene-dvije-nove-klinike\/"]}]},{"@type":"ImageObject","inLanguage":"me-ME","@id":"https:\/\/www.evropskakuca.me\/me\/story\/uz-eu-podrsku-u-sklopu-kccg-otvorene-dvije-nove-klinike\/#primaryimage","url":"https:\/\/www.evropskakuca.me\/wp-content\/uploads\/2025\/06\/1734935077lpjoaiqdrwqfhsoj-i_747x498.jpg","contentUrl":"https:\/\/www.evropskakuca.me\/wp-content\/uploads\/2025\/06\/1734935077lpjoaiqdrwqfhsoj-i_747x498.jpg","width":747,"height":498},{"@type":"BreadcrumbList","@id":"https:\/\/www.evropskakuca.me\/me\/story\/uz-eu-podrsku-u-sklopu-kccg-otvorene-dvije-nove-klinike\/#breadcrumb","itemListElement":[{"@type":"ListItem","position":1,"name":"Home","item":"https:\/\/www.evropskakuca.me\/me\/"},{"@type":"ListItem","position":2,"name":"Uz EU podr\u0161ku u sklopu KCCG otvorene dvije nove klinike"}]},{"@type":"WebSite","@id":"https:\/\/www.evropskakuca.me\/me\/#website","url":"https:\/\/www.evropskakuca.me\/me\/","name":"Evropean house","description":"","publisher":{"@id":"https:\/\/www.evropskakuca.me\/me\/#organization"},"potentialAction":[{"@type":"SearchAction","target":{"@type":"EntryPoint","urlTemplate":"https:\/\/www.evropskakuca.me\/me\/?s={search_term_string}"},"query-input":{"@type":"PropertyValueSpecification","valueRequired":true,"valueName":"search_term_string"}}],"inLanguage":"me-ME"},{"@type":"Organization","@id":"https:\/\/www.evropskakuca.me\/me\/#organization","name":"Evropean house","url":"https:\/\/www.evropskakuca.me\/me\/","logo":{"@type":"ImageObject","inLanguage":"me-ME","@id":"https:\/\/www.evropskakuca.me\/me\/#\/schema\/logo\/image\/","url":"https:\/\/www.evropskakuca.me\/wp-content\/uploads\/2025\/01\/evropska-kuca-logo-1.png","contentUrl":"https:\/\/www.evropskakuca.me\/wp-content\/uploads\/2025\/01\/evropska-kuca-logo-1.png","width":425,"height":312,"caption":"Evropean house"},"image":{"@id":"https:\/\/www.evropskakuca.me\/me\/#\/schema\/logo\/image\/"},"sameAs":["https:\/\/www.facebook.com\/evropska.kuca","https:\/\/x.com\/evropska_kuca","https:\/\/www.instagram.com\/evropska_kuca"]}]}},"_links":{"self":[{"href":"https:\/\/www.evropskakuca.me\/me\/wp-json\/wp\/v2\/story\/44993","targetHints":{"allow":["GET"]}}],"collection":[{"href":"https:\/\/www.evropskakuca.me\/me\/wp-json\/wp\/v2\/story"}],"about":[{"href":"https:\/\/www.evropskakuca.me\/me\/wp-json\/wp\/v2\/types\/story"}],"wp:featuredmedia":[{"embeddable":true,"href":"https:\/\/www.evropskakuca.me\/me\/wp-json\/wp\/v2\/media\/44994"}],"wp:attachment":[{"href":"https:\/\/www.evropskakuca.me\/me\/wp-json\/wp\/v2\/media?parent=44993"}],"curies":[{"name":"wp","href":"https:\/\/api.w.org\/{rel}","templated":true}]}}