{"id":44824,"date":"2025-06-13T10:44:17","date_gmt":"2025-06-13T10:44:17","guid":{"rendered":"https:\/\/www.evropskakuca.me\/?post_type=story&#038;p=44824"},"modified":"2025-06-13T10:46:00","modified_gmt":"2025-06-13T10:46:00","slug":"novi-evropski-habovi-za-digitalne-inovacije","status":"publish","type":"story","link":"https:\/\/www.evropskakuca.me\/me\/story\/novi-evropski-habovi-za-digitalne-inovacije\/","title":{"rendered":"Novi Evropski habovi za digitalne inovacije za ja\u010danje digitalne transformacije na ZB"},"content":{"rendered":"\n<p class=\"has-text-align-center\"><\/p>\n\n\n\n<p>Od januara 2025. godine, mre\u017ea Evropskih habova za digitalne inovacije (EDIH) se pro\u0161iruje i uklju\u010di\u0107e nove habove \u0161irom Zapadnog Balkana.<\/p>\n\n\n\n<p>Pro\u0161irivanje mre\u017ee je dio \u0161ireg Plana rasta EU za Zapadni Balkan, koji ima za cilj da pomogne regionu da se integri\u0161e u Jedinstveno digitalno tr\u017ei\u0161te EU. Priklju\u010divanjem mre\u017ei EDIH, korisnici iz regiona za pro\u0161irivanje dobijaju rani pristup digitalnim alatima, platformama za dijeljenje znanja i mogu\u0107nostima za finansiranje \u010dak i prije formalnog pristupanja EU. Koristi \u0107e biti opipljive, a posebno za MSP, startap-kompanije i javne institucije koje te\u017ee ka digitalnoj i zelenoj transformaciji.<\/p>\n\n\n\n<p><em>\u201eMi poma\u017eemo i javnim institucijama i preduze\u0107ima da koriste digitalne alate koji rje\u0161avaju realne probleme kao \u0161to su efikasnija organizacija usluga da bi se doprlo do novih tr\u017ei\u0161ta. Mi im olak\u0161avamo da se pove\u017eu, da posluju preko granica, kao \u0161to to jedinstveno digitalno tr\u017ei\u0161te i treba da \u010dini<\/em>\u201c, ka\u017ee prof. dr Slavica Tomovi\u0107, vanredni profesor na Elektrotehni\u010dkom fakultetu Univerziteta Crne Gore. Ovakvo de\u0161avanje ozna\u010dava va\u017ean korak za rad na digitalnoj transformaciji Evropske unije u regionu za pro\u0161irivanje i otvara uzbudljive nove mogu\u0107nosti za lokalna preduze\u0107a, javne ustanove i startap-kompanije da postanu dio rastu\u0107eg digitalnog ekosistema Evrope.<\/p>\n\n\n\n<p>Evropski habovi za digitalne inovacije (EDIH) funkcioni\u0161u kao jedno\u0161alterski sistem koji poma\u017ee kompanijama i organizacijama iz javnog sektora da odgovore digitalnim izazovima i pobolj\u0161aju svoju konkurentnost. Oni nude spektar usluga koje uklju\u010duju pristup tehni\u010dkoj ekspertizi, obukama, razvoju vje\u0161tina, savjetima u vezi finansiranja i mogu\u0107nost da se \u201etestira pre nego \u0161to se investira\u201c u digitalne tehnologije. Dalje, oni podr\u017eavaju zelenu tranziciju poma\u017eu\u0107i organizacijama da primijene odr\u017eive i cirkularne digitalne prakse.<\/p>\n\n\n\n<figure class=\"wp-block-image size-large\"><img fetchpriority=\"high\" decoding=\"async\" width=\"1024\" height=\"576\" src=\"https:\/\/www.evropskakuca.me\/wp-content\/uploads\/2025\/06\/EUDIH-KS-2-1024x576.png\" alt=\"\" class=\"wp-image-44829\" srcset=\"https:\/\/www.evropskakuca.me\/wp-content\/uploads\/2025\/06\/EUDIH-KS-2-1024x576.png 1024w, https:\/\/www.evropskakuca.me\/wp-content\/uploads\/2025\/06\/EUDIH-KS-2-300x169.png 300w, https:\/\/www.evropskakuca.me\/wp-content\/uploads\/2025\/06\/EUDIH-KS-2-768x432.png 768w, https:\/\/www.evropskakuca.me\/wp-content\/uploads\/2025\/06\/EUDIH-KS-2-1536x864.png 1536w, https:\/\/www.evropskakuca.me\/wp-content\/uploads\/2025\/06\/EUDIH-KS-2.png 1920w\" sizes=\"(max-width: 1024px) 100vw, 1024px\" \/><\/figure>\n\n\n\n<p>Podr\u017eani od strane programa \u201eDigitalna Evropa\u201c (DEP), habovi su kofinansirani \u2013 50% od strane DEP-a, a ostatak iz nacionalnih, regionalnih ili privatnih izvora. Njihova misija je da osiguraju da nijedan region ne bude izostavljen u digitalnom dobu.<\/p>\n\n\n\n<p>U Sjevernoj Makedoniji, INNOFEIT EDIH je prvi evropski hab za digitalne inovacije u dr\u017eavi. Izgra\u0111en na \u010dvrstim temeljima INNOFEITDIH-a, on okuplja akademsku zajednicu, privredu, poslovna udru\u017eenja i javne \u010dinitelje. U naredne \u010detiri godine, INNOFEIT EDIH \u0107e pru\u017eati besplatne digitalne usluge vrijedne 2 miliona evra MSP-ima i organizacijama iz javnog sektora uz pomo\u0107 svojih klju\u010dnih usluga.<\/p>\n\n\n\n<p>\u201e<em>U<\/em>&nbsp;<em>dana\u0161njem brzo promjenljivom digitalnom okru\u017eenju, dr\u017eanje koraka sa najnovijim tehnologijama je klju\u010dno za preduze\u0107a i javne organizacije. Integracija Sjeverne Makedonije u&nbsp;mre\u017eu EU habova za digitalne inovacije&nbsp;kroz INNOFEIT EDIH daje jedinstvenu mogu\u0107nost za MSP i OJS da pobolj\u0161aju svoju konkurentnost i da stimuli\u0161u dru\u0161tveni napredak<\/em>.\u201c ka\u017ee Dimitar Taskovski iz INNOFEIT-a iz Sjeverne Makedonije.<\/p>\n\n\n\n<p>Na Kosovu, konzorcijum koji upravlja projektom DIG-4K je sa\u010dinjen od nekoliko \u010dinitelja koji predstavljaju gra\u0111ansko dru\u0161tvo, poslovni i akademski sektor \u2013 Park za inovacije i obuku (ITP) kao vode\u0107eg partnera, a Edutask, Inovativni centar Mejkerspejs Prizren, Univerzitet UBT, Univerzitet Uk\u0161in Hoti, QUANTIX, ALT SHPK, Obrazovanje CACTTUS kao partnere za realizaciju i Ministarstvo ekonomije Kosova i Kosovsku istra\u017eiva\u010dku i obrazovnu mre\u017eu (KREN) kao pridru\u017ene partnere.<\/p>\n\n\n\n<figure class=\"wp-block-image size-large\"><img decoding=\"async\" width=\"1024\" height=\"576\" src=\"https:\/\/www.evropskakuca.me\/wp-content\/uploads\/2025\/06\/EUDIH-MNE-1024x576.png\" alt=\"\" class=\"wp-image-44827\" srcset=\"https:\/\/www.evropskakuca.me\/wp-content\/uploads\/2025\/06\/EUDIH-MNE-1024x576.png 1024w, https:\/\/www.evropskakuca.me\/wp-content\/uploads\/2025\/06\/EUDIH-MNE-300x169.png 300w, https:\/\/www.evropskakuca.me\/wp-content\/uploads\/2025\/06\/EUDIH-MNE-768x432.png 768w, https:\/\/www.evropskakuca.me\/wp-content\/uploads\/2025\/06\/EUDIH-MNE-1536x864.png 1536w, https:\/\/www.evropskakuca.me\/wp-content\/uploads\/2025\/06\/EUDIH-MNE-2048x1152.png 2048w\" sizes=\"(max-width: 1024px) 100vw, 1024px\" \/><\/figure>\n\n\n\n<p><em>\u201eIntegracija Kosova u&nbsp;mre\u017eu EU habova za digitalne inovacije&nbsp;(EDIH) nudi transformativnu mogu\u0107nost za preduze\u0107a, obrazovne ustanove i \u010dinitelje iz javnog sektora. Kroz projekat&nbsp;\u201eDIG-4K\u201c, korisnici \u0107e ste\u0107i pristup ekspertskom znanju, resursima i finansijskim sredstvima za ubrzavanje digitalne transformacije\u201c,&nbsp;ka\u017ee Arsim Nimanaj iz GIZ Kosovo, daju\u0107i dodatne konkretne informacije kako korisnici mogu da ostvare korist od ovog \u010dlanstva.&nbsp;\u201eSavjetodavne usluge \u0107e pomo\u0107i preduze\u0107ima i institucijama da realizuju digitalne strategije, optimizuju procese i pobolj\u0161aju konkurentnost. Akademija za digitalne vje\u0161tine \u0107e premostiti jazove u vje\u0161tinama kroz obuke, sertifikaciju i prakti\u010dne radionice, osiguravaju\u0107i radnu snagu spremnu za budu\u0107nost. Laboratorija za pristup i testiranje tehnologije \u0107e obezbijediti prostor za inovacije, omogu\u0107avaju\u0107i preduze\u0107ima da izra\u0111uju prototipe i da testiraju VI, sajber-bezbjednost i zelene tehnologije. Finansijska i investicijska podr\u0161ka \u0107e voditi \u010dinitelje ka osiguravanju finansijskih resursa, ja\u010daju\u0107i njihovu sposobnost za razvoj i odr\u017eavanje projekata. Me\u0111unarodno umre\u017eavanje i saradnja \u0107e otvoriti pristup globalnim tr\u017ei\u0161tima i partnerstvima, ja\u010daju\u0107i digitalni ekosistem Kosova. Dodatno, rad na uve\u0107avanju i odr\u017eavanju uspje\u0161nih digitalnih rje\u0161enja \u0107e osigurati dugoro\u010dni uticaj kroz vidljivost, pristup tr\u017ei\u0161tu i kontinuiranu evaluaciju\u201c,&nbsp;zaklju\u010duje Nimanaj.<\/em><\/p>\n\n\n\n<p>Digitalna transformacija, po\u010dev\u0161i od poljoprivede koja koristi vje\u0161ta\u010dku inteligenciju do pametnih javnih usluga, podr\u017eana u habovima koji su sada dio&nbsp;<a href=\"https:\/\/european-digital-innovation-hubs.ec.europa.eu\/edih-catalogue?f%5B0%5D=country%3ASerbia&amp;f%5B1%5D=edih_soe%3Aedih\">mre\u017ee EDIH<\/a>, \u0107e podr\u017eavati inkluzivni rast, odr\u017eivost i pripremi\u0107e region za budu\u0107nost rada i biznisa.<\/p>\n\n\n\n<p>Za lokalne organizacije sa Zapadnog Balkana, priklju\u010divanje mre\u017ei EDIH zna\u010di biti dio sveevropskog pokreta ka inovacijama, efikasnosti i odr\u017eivosti.<\/p>\n\n\n\n<p>Vi\u0161e informacija u vezi Plana rasta Evropske Unije za Zapadni Balkan mo\u017eete da prona\u0111ete&nbsp;<a href=\"https:\/\/www.evropskakuca.me\/me\/plan-rasta\/\">ovdje<\/a>.<\/p>\n\n\n\n<p>Izvor teksta: We Balkans<\/p>\n","protected":false},"featured_media":44825,"template":"","class_list":["post-44824","story","type-story","status-publish","has-post-thumbnail","hentry"],"acf":[],"yoast_head":"<!-- This site is optimized with the Yoast SEO plugin v27.3 - https:\/\/yoast.com\/product\/yoast-seo-wordpress\/ -->\n<title>Novi Evropski habovi za digitalne inovacije za ja\u010danje digitalne transformacije na ZB - Europe House<\/title>\n<meta name=\"robots\" content=\"index, follow, max-snippet:-1, max-image-preview:large, max-video-preview:-1\" \/>\n<link rel=\"canonical\" href=\"https:\/\/www.evropskakuca.me\/me\/story\/novi-evropski-habovi-za-digitalne-inovacije\/\" \/>\n<meta property=\"og:locale\" content=\"en_US\" \/>\n<meta property=\"og:type\" content=\"article\" \/>\n<meta property=\"og:title\" content=\"Novi Evropski habovi za digitalne inovacije za ja\u010danje digitalne transformacije na ZB - Europe House\" \/>\n<meta property=\"og:description\" content=\"Od januara 2025. godine, mre\u017ea Evropskih habova za digitalne inovacije (EDIH) se pro\u0161iruje i uklju\u010di\u0107e nove habove \u0161irom Zapadnog Balkana. Pro\u0161irivanje mre\u017ee je dio \u0161ireg Plana rasta EU za Zapadni Balkan, koji ima za cilj da pomogne regionu da se integri\u0161e u Jedinstveno digitalno tr\u017ei\u0161te EU. Priklju\u010divanjem mre\u017ei EDIH, korisnici iz regiona za pro\u0161irivanje dobijaju [&hellip;]\" \/>\n<meta property=\"og:url\" content=\"https:\/\/www.evropskakuca.me\/me\/story\/novi-evropski-habovi-za-digitalne-inovacije\/\" \/>\n<meta property=\"og:site_name\" content=\"Europe House\" \/>\n<meta property=\"article:publisher\" content=\"https:\/\/www.facebook.com\/evropska.kuca\" \/>\n<meta property=\"article:modified_time\" content=\"2025-06-13T10:46:00+00:00\" \/>\n<meta property=\"og:image\" content=\"https:\/\/www.evropskakuca.me\/wp-content\/uploads\/2025\/06\/EUDIH-NMK-1-1024x576.png\" \/>\n\t<meta property=\"og:image:width\" content=\"1024\" \/>\n\t<meta property=\"og:image:height\" content=\"576\" \/>\n\t<meta property=\"og:image:type\" content=\"image\/png\" \/>\n<meta name=\"twitter:card\" content=\"summary_large_image\" \/>\n<meta name=\"twitter:site\" content=\"@evropska_kuca\" \/>\n<meta name=\"twitter:label1\" content=\"Est. reading time\" \/>\n\t<meta name=\"twitter:data1\" content=\"4 minutes\" \/>\n<script type=\"application\/ld+json\" class=\"yoast-schema-graph\">{\"@context\":\"https:\\\/\\\/schema.org\",\"@graph\":[{\"@type\":\"WebPage\",\"@id\":\"https:\\\/\\\/www.evropskakuca.me\\\/me\\\/story\\\/novi-evropski-habovi-za-digitalne-inovacije\\\/\",\"url\":\"https:\\\/\\\/www.evropskakuca.me\\\/me\\\/story\\\/novi-evropski-habovi-za-digitalne-inovacije\\\/\",\"name\":\"Novi Evropski habovi za digitalne inovacije za ja\u010danje digitalne transformacije na ZB - Europe House\",\"isPartOf\":{\"@id\":\"https:\\\/\\\/www.evropskakuca.me\\\/me\\\/#website\"},\"primaryImageOfPage\":{\"@id\":\"https:\\\/\\\/www.evropskakuca.me\\\/me\\\/story\\\/novi-evropski-habovi-za-digitalne-inovacije\\\/#primaryimage\"},\"image\":{\"@id\":\"https:\\\/\\\/www.evropskakuca.me\\\/me\\\/story\\\/novi-evropski-habovi-za-digitalne-inovacije\\\/#primaryimage\"},\"thumbnailUrl\":\"https:\\\/\\\/www.evropskakuca.me\\\/wp-content\\\/uploads\\\/2025\\\/06\\\/EUDIH-NMK-1.png\",\"datePublished\":\"2025-06-13T10:44:17+00:00\",\"dateModified\":\"2025-06-13T10:46:00+00:00\",\"breadcrumb\":{\"@id\":\"https:\\\/\\\/www.evropskakuca.me\\\/me\\\/story\\\/novi-evropski-habovi-za-digitalne-inovacije\\\/#breadcrumb\"},\"inLanguage\":\"me-ME\",\"potentialAction\":[{\"@type\":\"ReadAction\",\"target\":[\"https:\\\/\\\/www.evropskakuca.me\\\/me\\\/story\\\/novi-evropski-habovi-za-digitalne-inovacije\\\/\"]}]},{\"@type\":\"ImageObject\",\"inLanguage\":\"me-ME\",\"@id\":\"https:\\\/\\\/www.evropskakuca.me\\\/me\\\/story\\\/novi-evropski-habovi-za-digitalne-inovacije\\\/#primaryimage\",\"url\":\"https:\\\/\\\/www.evropskakuca.me\\\/wp-content\\\/uploads\\\/2025\\\/06\\\/EUDIH-NMK-1.png\",\"contentUrl\":\"https:\\\/\\\/www.evropskakuca.me\\\/wp-content\\\/uploads\\\/2025\\\/06\\\/EUDIH-NMK-1.png\",\"width\":1920,\"height\":1080},{\"@type\":\"BreadcrumbList\",\"@id\":\"https:\\\/\\\/www.evropskakuca.me\\\/me\\\/story\\\/novi-evropski-habovi-za-digitalne-inovacije\\\/#breadcrumb\",\"itemListElement\":[{\"@type\":\"ListItem\",\"position\":1,\"name\":\"Home\",\"item\":\"https:\\\/\\\/www.evropskakuca.me\\\/me\\\/\"},{\"@type\":\"ListItem\",\"position\":2,\"name\":\"Novi Evropski habovi za digitalne inovacije za ja\u010danje digitalne transformacije na ZB\"}]},{\"@type\":\"WebSite\",\"@id\":\"https:\\\/\\\/www.evropskakuca.me\\\/me\\\/#website\",\"url\":\"https:\\\/\\\/www.evropskakuca.me\\\/me\\\/\",\"name\":\"Evropean house\",\"description\":\"\",\"publisher\":{\"@id\":\"https:\\\/\\\/www.evropskakuca.me\\\/me\\\/#organization\"},\"potentialAction\":[{\"@type\":\"SearchAction\",\"target\":{\"@type\":\"EntryPoint\",\"urlTemplate\":\"https:\\\/\\\/www.evropskakuca.me\\\/me\\\/?s={search_term_string}\"},\"query-input\":{\"@type\":\"PropertyValueSpecification\",\"valueRequired\":true,\"valueName\":\"search_term_string\"}}],\"inLanguage\":\"me-ME\"},{\"@type\":\"Organization\",\"@id\":\"https:\\\/\\\/www.evropskakuca.me\\\/me\\\/#organization\",\"name\":\"Evropean house\",\"url\":\"https:\\\/\\\/www.evropskakuca.me\\\/me\\\/\",\"logo\":{\"@type\":\"ImageObject\",\"inLanguage\":\"me-ME\",\"@id\":\"https:\\\/\\\/www.evropskakuca.me\\\/me\\\/#\\\/schema\\\/logo\\\/image\\\/\",\"url\":\"https:\\\/\\\/www.evropskakuca.me\\\/wp-content\\\/uploads\\\/2025\\\/01\\\/evropska-kuca-logo-1.png\",\"contentUrl\":\"https:\\\/\\\/www.evropskakuca.me\\\/wp-content\\\/uploads\\\/2025\\\/01\\\/evropska-kuca-logo-1.png\",\"width\":425,\"height\":312,\"caption\":\"Evropean house\"},\"image\":{\"@id\":\"https:\\\/\\\/www.evropskakuca.me\\\/me\\\/#\\\/schema\\\/logo\\\/image\\\/\"},\"sameAs\":[\"https:\\\/\\\/www.facebook.com\\\/evropska.kuca\",\"https:\\\/\\\/x.com\\\/evropska_kuca\",\"https:\\\/\\\/www.instagram.com\\\/evropska_kuca\"]}]}<\/script>\n<!-- \/ Yoast SEO plugin. -->","yoast_head_json":{"title":"Novi Evropski habovi za digitalne inovacije za ja\u010danje digitalne transformacije na ZB - Europe House","robots":{"index":"index","follow":"follow","max-snippet":"max-snippet:-1","max-image-preview":"max-image-preview:large","max-video-preview":"max-video-preview:-1"},"canonical":"https:\/\/www.evropskakuca.me\/me\/story\/novi-evropski-habovi-za-digitalne-inovacije\/","og_locale":"en_US","og_type":"article","og_title":"Novi Evropski habovi za digitalne inovacije za ja\u010danje digitalne transformacije na ZB - Europe House","og_description":"Od januara 2025. godine, mre\u017ea Evropskih habova za digitalne inovacije (EDIH) se pro\u0161iruje i uklju\u010di\u0107e nove habove \u0161irom Zapadnog Balkana. Pro\u0161irivanje mre\u017ee je dio \u0161ireg Plana rasta EU za Zapadni Balkan, koji ima za cilj da pomogne regionu da se integri\u0161e u Jedinstveno digitalno tr\u017ei\u0161te EU. Priklju\u010divanjem mre\u017ei EDIH, korisnici iz regiona za pro\u0161irivanje dobijaju [&hellip;]","og_url":"https:\/\/www.evropskakuca.me\/me\/story\/novi-evropski-habovi-za-digitalne-inovacije\/","og_site_name":"Europe House","article_publisher":"https:\/\/www.facebook.com\/evropska.kuca","article_modified_time":"2025-06-13T10:46:00+00:00","og_image":[{"width":1024,"height":576,"url":"https:\/\/www.evropskakuca.me\/wp-content\/uploads\/2025\/06\/EUDIH-NMK-1-1024x576.png","type":"image\/png"}],"twitter_card":"summary_large_image","twitter_site":"@evropska_kuca","twitter_misc":{"Est. reading time":"4 minutes"},"schema":{"@context":"https:\/\/schema.org","@graph":[{"@type":"WebPage","@id":"https:\/\/www.evropskakuca.me\/me\/story\/novi-evropski-habovi-za-digitalne-inovacije\/","url":"https:\/\/www.evropskakuca.me\/me\/story\/novi-evropski-habovi-za-digitalne-inovacije\/","name":"Novi Evropski habovi za digitalne inovacije za ja\u010danje digitalne transformacije na ZB - Europe House","isPartOf":{"@id":"https:\/\/www.evropskakuca.me\/me\/#website"},"primaryImageOfPage":{"@id":"https:\/\/www.evropskakuca.me\/me\/story\/novi-evropski-habovi-za-digitalne-inovacije\/#primaryimage"},"image":{"@id":"https:\/\/www.evropskakuca.me\/me\/story\/novi-evropski-habovi-za-digitalne-inovacije\/#primaryimage"},"thumbnailUrl":"https:\/\/www.evropskakuca.me\/wp-content\/uploads\/2025\/06\/EUDIH-NMK-1.png","datePublished":"2025-06-13T10:44:17+00:00","dateModified":"2025-06-13T10:46:00+00:00","breadcrumb":{"@id":"https:\/\/www.evropskakuca.me\/me\/story\/novi-evropski-habovi-za-digitalne-inovacije\/#breadcrumb"},"inLanguage":"me-ME","potentialAction":[{"@type":"ReadAction","target":["https:\/\/www.evropskakuca.me\/me\/story\/novi-evropski-habovi-za-digitalne-inovacije\/"]}]},{"@type":"ImageObject","inLanguage":"me-ME","@id":"https:\/\/www.evropskakuca.me\/me\/story\/novi-evropski-habovi-za-digitalne-inovacije\/#primaryimage","url":"https:\/\/www.evropskakuca.me\/wp-content\/uploads\/2025\/06\/EUDIH-NMK-1.png","contentUrl":"https:\/\/www.evropskakuca.me\/wp-content\/uploads\/2025\/06\/EUDIH-NMK-1.png","width":1920,"height":1080},{"@type":"BreadcrumbList","@id":"https:\/\/www.evropskakuca.me\/me\/story\/novi-evropski-habovi-za-digitalne-inovacije\/#breadcrumb","itemListElement":[{"@type":"ListItem","position":1,"name":"Home","item":"https:\/\/www.evropskakuca.me\/me\/"},{"@type":"ListItem","position":2,"name":"Novi Evropski habovi za digitalne inovacije za ja\u010danje digitalne transformacije na ZB"}]},{"@type":"WebSite","@id":"https:\/\/www.evropskakuca.me\/me\/#website","url":"https:\/\/www.evropskakuca.me\/me\/","name":"Evropean house","description":"","publisher":{"@id":"https:\/\/www.evropskakuca.me\/me\/#organization"},"potentialAction":[{"@type":"SearchAction","target":{"@type":"EntryPoint","urlTemplate":"https:\/\/www.evropskakuca.me\/me\/?s={search_term_string}"},"query-input":{"@type":"PropertyValueSpecification","valueRequired":true,"valueName":"search_term_string"}}],"inLanguage":"me-ME"},{"@type":"Organization","@id":"https:\/\/www.evropskakuca.me\/me\/#organization","name":"Evropean house","url":"https:\/\/www.evropskakuca.me\/me\/","logo":{"@type":"ImageObject","inLanguage":"me-ME","@id":"https:\/\/www.evropskakuca.me\/me\/#\/schema\/logo\/image\/","url":"https:\/\/www.evropskakuca.me\/wp-content\/uploads\/2025\/01\/evropska-kuca-logo-1.png","contentUrl":"https:\/\/www.evropskakuca.me\/wp-content\/uploads\/2025\/01\/evropska-kuca-logo-1.png","width":425,"height":312,"caption":"Evropean house"},"image":{"@id":"https:\/\/www.evropskakuca.me\/me\/#\/schema\/logo\/image\/"},"sameAs":["https:\/\/www.facebook.com\/evropska.kuca","https:\/\/x.com\/evropska_kuca","https:\/\/www.instagram.com\/evropska_kuca"]}]}},"_links":{"self":[{"href":"https:\/\/www.evropskakuca.me\/me\/wp-json\/wp\/v2\/story\/44824","targetHints":{"allow":["GET"]}}],"collection":[{"href":"https:\/\/www.evropskakuca.me\/me\/wp-json\/wp\/v2\/story"}],"about":[{"href":"https:\/\/www.evropskakuca.me\/me\/wp-json\/wp\/v2\/types\/story"}],"wp:featuredmedia":[{"embeddable":true,"href":"https:\/\/www.evropskakuca.me\/me\/wp-json\/wp\/v2\/media\/44825"}],"wp:attachment":[{"href":"https:\/\/www.evropskakuca.me\/me\/wp-json\/wp\/v2\/media?parent=44824"}],"curies":[{"name":"wp","href":"https:\/\/api.w.org\/{rel}","templated":true}]}}