{"id":28242,"date":"2024-01-29T13:47:31","date_gmt":"2024-01-29T13:47:31","guid":{"rendered":"https:\/\/evropskakuca.me\/?post_type=story&amp;p=28242"},"modified":"2024-01-29T13:47:31","modified_gmt":"2024-01-29T13:47:31","slug":"lokalnim-inicijativama-do-globalnih-standard","status":"publish","type":"story","link":"https:\/\/www.evropskakuca.me\/me\/story\/lokalnim-inicijativama-do-globalnih-standard\/","title":{"rendered":"Lokalnim inicijativama do globalnih standarda"},"content":{"rendered":"<p style=\"text-align: center;\"><strong>Unapre\u0111enje bezbjednosti i modernizacija Forenzi\u010dkog centra u Crnoj Gori<\/strong><\/p>\n<p>Forenzi\u010dki centar Crne Gore, kao klju\u010dna institucija za obezbje\u0111ivanje dokaza u krivi\u010dnim postupcima, tokom proteklih godina se suo\u010davao sa izazovima u vezi sa ispitivanjem eksplozivnih materija.\u00a0\u00a0U svijetlu ovih izazova, Program Ujedinjenih nacija za razvoj (UNDP) u Crnoj Gori je tokom protekle dvije godine zajedno sa Forenzi\u010dkim centrom radio na unapre\u0111enju njihovih kapaciteta i sprovo\u0111enja me\u0111unarodnih standarda.<\/p>\n<p><a href=\"https:\/\/www.gov.me\/dokumenta\/cf105122-2c9b-4816-b152-8487b5f59063\">Procjena Vladinog Biroa za operativnu koordinaciju<\/a>\u00a0da u Crnoj Gori i ostalim zemljama Zapadnog Balkana i dalje postoje zna\u010dajne koli\u010dine vatrenog oru\u017eja preostalog iz ratnih sukoba na prostoru biv\u0161e Jugoslavije podstakla je UNDP u Crnoj Gori i Forenzi\u010dki centar da sprovedu projekat \u201eUnapre\u0111enje kapaciteta Uprave policije u oblasti lanca odgovornosti, uvi\u0111aja i forenzi\u010dkih laboratorija, na operativnom i istra\u017enom polju, na otkrivanju i procesuiranju ilegalne trgovine eksplozivima\u201c. Projekat je, prema ocjeni zaposlenih u Forenzi\u010dkom centru, bio od izuzetnog zna\u010daja za podizanje nivoa rada Forenzi\u010dkog centra. Pored doprinosa izgradnji kapaciteta Forenzi\u010dkog centra, projekat je uticao i na raznovrsnost uvi\u0111ajnih i laboratorijskih metoda, efikasnost i brzinu sprovo\u0111enja uvi\u0111aja, pouzdanost analize prikupljenih dokaza na terenu, ali i bezbjednost zaposlenih. Sproveden\u00a0je uz finansijski doprinos Njema\u010dke, Holandije, \u0160vedske, Francuske, Ujedinjenog Kraljevstva i Norve\u0161ke, kao i uz podr\u0161ku Evropske unije (EU), putem\u00a0<a href=\"https:\/\/mptf.undp.org\/fund\/slw00\">Multi-partnerskog povjerila\u010dkog fonda za podr\u0161ku sprovo\u0111enja Mape puta za kontrolu malog i lakog naoru\u017eanja na Zapadnom Balkanu.<\/a><\/p>\n\n<p><strong>Bezbjednost na prvom mjestu<\/strong><\/p>\n<p>Laboratorije za ispitivanje eksploziva su prije po\u010detka projekta bile smje\u0161tene u Forenzi\u010dkom centru, \u0161to je posebno rizi\u010dno s obzirom na opasnost koju eksplozivne materije predstavljaju. Me\u0111utim, oprema nabavljena kroz ovaj projekat, poput specijalizovanih kontejnera za laboratoriju i skladi\u0161tenje eksploziva, detonacione komore, omogu\u0107ila je Forenzi\u010dkom centru da izmjesti analize eksplozivnih materija iz njihovih prostorija na odgovaraju\u0107u namjensku lokaciju. Ovo je rad zaposlenih u Forenzi\u010dkom centru u\u010dinilo znatno bezbjednijim i uskla\u0111enim sa najvi\u0161im standardima za analizu i \u010duvanje eksplozivnih materija i sredstava.<\/p>\n<p><em>\u201eOvakve analize su se i ranije radile kvalitetno, ali ne i bezbjedno. Sada kona\u010dno mo\u017eemo da ka\u017eemo da se ove vrste analiza u Crnoj Gori, uz pomo\u0107 donirane opreme, rade na siguran i tehnolo\u0161ki napredan na\u010din. Ostvareni su uspjesi u podizanju limita detekcije, osjetljivosti, odre\u0111ivanje detonacione brzine i ispravnosti elektri\u010dnih detonatora, \u0161to direktno uti\u010de na kvalitet vje\u0161ta\u010denja, a samim tim i na kvalitet izre\u010dene presude\u201c, rekla je na\u010delnica Forenzi\u010dkog centra,\u00a0<strong>Sandra Kova\u010devi\u0107<\/strong>.<\/em><\/p>\n<p><strong>Modernizacija Forenzi\u010dkog centra<\/strong><\/p>\n<p>Osim pove\u0107anja bezbjednosti, su\u0161tina projekta je bila i modernizacija rada Forenzi\u010dkog centra, \u0161to se odnosi na svaki aspekt rada, uklju\u010duju\u0107i prijem, analizu, tuma\u010denje i izradu vje\u0161ta\u010denja. Uticaj projekta ogleda se u pravilnom obezbje\u0111ivanju i skladi\u0161tenju dokaznog materijala i obradi uz pomo\u0107 najmodernije instrumentalne opreme, \u010dime se mo\u017ee adekvatno odgovoriti na zahtjeve pravosudnih organa.<\/p>\n<p>Upotrebom 3D skenera i drona obrada mjesta izvr\u0161enja krivi\u010dnog djela dobila je novu dimenziju. Kova\u010devi\u0107 obja\u0161njava da je digitalizacija dokumentovanja mjesta izvr\u0161enja krivi\u010dnog djela pokrenuta upotrebom 3D skenera koji je, uz specijalisti\u010dku obuku, obezbije\u0111en kroz projekat, \u0161to je pionirski korak u Crnoj Gori.<\/p>\n<p><em>\u201eRezultati primjene 3D skenera na uvi\u0111ajima su odli\u010dni, i upravo zbog njegove \u0161iroke primjene \u0107emo predlo\u017eiti uklju\u010divanje ovog ure\u0111aja u rad cjelokupnog sistema policije\u201c, poja\u0161njava Kova\u010devi\u0107.<\/em><\/p>\n\n<p>Ka\u017ee da upotreba 3D skenera mo\u017ee biti zna\u010dajna i u sudskim postupcma kada je potrebno izvr\u0161iti rekonstrukciju doga\u0111aja, a ovaj tehnolo\u0161ki napredak povec\u0301ava preciznost i efikasnost forenzi\u010dkog rada i ima inovativnu dimenziju.<\/p>\n<p><em>\u201eKada 3D skenerom snimite uvi\u0111aj, kroz softversko modeliranje mo\u017eete u bilo kojoj fazi da se vratite na mjesto izvr\u0161enja krivi\u010dnog djela i vidite da li je, na osnovu izjava svjedoka, novih okolnosti i dokaza, ne\u0161to mogu\u0107e ili ne\u201c, navela je Kova\u010devi\u0107.<\/em><\/p>\n<p>Forenzi\u010dkom centru je, osim 3D skenera, kroz projekat obezbje\u0111en i dron, koji se tako\u0111e koristi u vr\u0161enju uvi\u0111aja i te\u0161kih krivi\u010dnih djela, kao i odgovaraju\u0107a specijalisti\u010dka obuka. Kova\u010devi\u0107 ka\u017ee da se u njegovu korist i sama uvjerila na terenu.<\/p>\n<p><em>\u201eCrna Gora je planinsko podru\u010dje i imali smo situacije u kojima postoji mogu\u0107nost da je dokaz odba\u010den niz neku padinu ili nepristupa\u010dan teren. Prije nego \u0161to odlu\u010dimo da li ekipu slati na tako nepristupa\u010dan teren, upotrebom drona mo\u017eemo prvo pregledati teren. Tu su, na primjer, i situacije sa planta\u017eama droga, gdje se radi o hektarima, a dron nam omogu\u0107ava pregled podru\u010dja\u201c, poru\u010duju iz Forenzi\u010dkog centra.<\/em><\/p>\n<p>Sama oprema, me\u0111utim, nije dovoljna za podizanje kvaliteta u bilo kojoj laboratoriji, isti\u010de Kova\u010devi\u0107. Zbog toga je sproveden \u010ditav set obuka na polju kriminalisti\u010dko-tehni\u010dke obrade lica mjesta, odnosno obuka za analizu i karakterisanje eksploziva kao dokaznog materijala.<\/p>\n\n<p><strong>Pouzdanost dokaza i akreditacija laboratorija<\/strong><\/p>\n<p>Uz unapre\u0111enje bezbjednosti i modernizaciju, projekat je omogu\u0107io ve\u0107u pouzdanost dokaza. Pored opreme i sticanja novih znanja za zaposlene, Forenzi\u010dki centar je kroz projekat dobio me\u0111unarodnu potvrdu novih metoda u pogledu primjene me\u0111unarodnog standarda ISO\/IEC 17025 i pro\u0161irio obim akreditacije u svojim laboratorijama. To, konkretno, zna\u010di da je jedan od rezultata projekta akreditacija metoda za fizi\u010dka i hemijska ispitivanja eksploziva i eksplozivnih naprava, \u010dime je kredibilitet forenzi\u010dkih dokaza dobijenih na ovaj na\u010din nesporan \u2013 i u nacionalnim sudskim postupcima i kad je u pitanju prekograni\u010dna razmjena. To je od vitalnog zna\u010daja, imaju\u0107i u vidu da je rad Forenzi\u010dkog centra klju\u010dan kako bi sud dobio valjane dokaze na kojima se temelji presuda.<\/p>\n<p><img fetchpriority=\"high\" decoding=\"async\" class=\"alignnone size-large wp-image-28243\" src=\"https:\/\/evropskakuca.me\/wp-content\/uploads\/2024\/01\/dsc03135-1024x684.jpg\" alt=\"\" width=\"1024\" height=\"684\" \/><\/p>\n<p>Akreditacija laboratorija po me\u0111unarodnim standardima zna\u010di da su dobijeni rezultati pouzdani i prihvatljivi na me\u0111unarodnom nivou. Osim toga, to zna\u010di da se svaki korak u radu Forenzi\u010dkog centra dokumentuje i prati, \u0161to sami proces rada \u010dini transparentnim i vjerodostojnim. Ova akreditacija je I dokaz posvec\u0301enosti odr\u017eavanju najvi\u0161ih standarda kvaliteta i integriteta u ostvarivanju pravde.<\/p>\n<p><em>\u201eKada zemlje EU razmjenjuju podatke sa drugim dr\u017eavama, vjeruju samo rezultatima dobijenim u akreditovanim laboratorijama i uvijek \u0107e pitati da li je rezultat koji \u017eelimo da razmijenimo iz akreditovane laboratorije. Ovo je naro\u010dito va\u017eno kad su u pitanju DNK ili otisci prstiju koji se stalno razmjenjuju kroz baze. To je povjerenje u kvalitet rada. Iako nije zakonski definisano, \u010dinjenica da smo akreditovana laboratorija na su\u0111enjima stvara povjerenje u rezultate\u201c, zaklju\u010duje Kova\u010devi\u0107.<\/em><\/p>\n<p>Tako\u0111e, realizacijom\u00a0naprednog treninga za forenzi\u010dku obradu mjesta izvr\u0161enja krivi\u010dnih djela rodno zasnovanog nasilja za 18 polaznika iz cijele Crne Gore, projekat je dao podsticaj kvalitetnijem vr\u0161enju uvi\u0111aja u ovoj oblasti i otvorio je \u0161iroku oblast unapre\u0111enja forenzi\u010dkog odgovora na ovu vrstu krivi\u010dnih djela. Stoga, saradnja UNDP-a, Forenzi\u010dkog centra i Ministarstva unutra\u0161njih poslova bi\u0107e u narednom periodu nastavljena kroz novu fazu projekta u okviru Multi-partnerskog povjerila\u010dkog fonda za podr\u0161ku sprovo\u0111enju Mape puta za kontrolu malokalibarskog i lakog naoru\u017eanja na Zapadnom Balkanu do 2024. godine. Pru\u017eaju\u0107i koordiniranu i kontinuiranu podr\u0161ku jurisdikcijama na Zapadnom Balkanu u sprovo\u0111enju\u00a0<a href=\"https:\/\/eur03.safelinks.protection.outlook.com\/?url=https%3A%2F%2Fwww.seesac.org%2Ff%2Fdocs%2Fpublications-salw-control-roadmap%2FRoadmap_brosura_20x20_BCMS_web.pdf&amp;data=05%7C01%7Cjelena.mccoy%40undp.org%7Ce205a101e31040e478fc08dbbf5d4855%7Cb3e5db5e2944483799f57488ace54319%7C0%7C0%7C638314179582668425%7CUnknown%7CTWFpbGZsb3d8eyJWIjoiMC4wLjAwMDAiLCJQIjoiV2luMzIiLCJBTiI6Ik1haWwiLCJXVCI6Mn0%3D%7C3000%7C%7C%7C&amp;sdata=7dxfPlKu72a3Syjzx9TKHSLMjL9pxHEHtQeyEK1ZxxE%3D&amp;reserved=0\">Mape puta\u00a0<\/a>i uz anga\u017eman UNDP-a, Kancelarije UN za borbu protiv droge i kriminala, donatora i partnera, Fond pospje\u0161uje uzajamnu saradnju nadle\u017enih organa u regionu u ostvarivanju ciljeva Mape puta.<\/p>\n<p><strong>Doprinos ciljevima Mape puta<\/strong><\/p>\n<p>Smanjenje rizika od nekontrolisane proliferacije na lokalnom i regionalnom nivou, kao i rizika od nedozvoljenog posjedovanja, zloupotrebe i trgovine vatrenim oru\u017ejem, municijom i eksplozivima u fokusu je Mape puta za kontrolu malokalibarskog i lakog naoru\u017eanja na Zapadnom Balkanu do 2024, koju su zajedni\u010dki razvile vlade regiona uz podr\u0161ku UNDP SEESAC. Brojnim aktivnostima sprovedenim uz podr\u0161ku UNDP-a, me\u0111u kojima je i smanjenje broja komada oru\u017eja uni\u0161tavanjem, Crna Gora je ve\u0107 doprinijela ispunjavanju ciljeva Mape puta. Sada je, standardizacijom forenzi\u010dkih radnih procesa, napravljen dodatan napredak, naro\u010dito prema ispunjavanju cilja koji se odnosi na obezbje\u0111enje standardizacije procedura i praksi u oblasti kontrole naoru\u017eanja i istrage vatrenog oru\u017eja, municije i eksploziva.<\/p>\n<p>Tako\u0111e, pove\u0107anje raznovrsnosti i kvaliteta forenzi\u010dkih dokaza i obavje\u0161tajnih podataka doprinije\u0107e jo\u0161 jednom zna\u010dajnom cilju Mape puta, a to je da krivi\u010dne istrage u vezi s eksplozivima budu utemeljene na \u010dinjenicama i kriminalisti\u010dko-obavje\u0161tajnim podacima.<\/p>\n<p>Kona\u010dno, pru\u017eanje raznovrsnijih i pouzdanijih forenzi\u010dkih dokaza i obavje\u0161tajnih podataka pove\u0107a\u0107e efektivnost krivi\u010dnih postupaka povezanih s vatrenim oru\u017ejem, municijom i eksplozivima, i u Crnoj Gori i na me\u0111unarodnom nivou, doprinose\u0107i na taj na\u010din smanjenju nedozvoljenih tokova vatrenog oru\u017eja, municije i eksploziva i van granica Zapadnog Balkana.<\/p>\n","protected":false},"featured_media":40573,"template":"","class_list":["post-28242","story","type-story","status-publish","has-post-thumbnail","hentry"],"acf":[],"yoast_head":"<!-- This site is optimized with the Yoast SEO plugin v27.3 - https:\/\/yoast.com\/product\/yoast-seo-wordpress\/ -->\n<title>Lokalnim inicijativama do globalnih standarda - Europe House<\/title>\n<meta name=\"robots\" content=\"index, follow, max-snippet:-1, max-image-preview:large, max-video-preview:-1\" \/>\n<link rel=\"canonical\" href=\"https:\/\/www.evropskakuca.me\/me\/story\/lokalnim-inicijativama-do-globalnih-standard\/\" \/>\n<meta property=\"og:locale\" content=\"en_US\" \/>\n<meta property=\"og:type\" content=\"article\" \/>\n<meta property=\"og:title\" content=\"Lokalnim inicijativama do globalnih standarda - Europe House\" \/>\n<meta property=\"og:description\" content=\"Unapre\u0111enje bezbjednosti i modernizacija Forenzi\u010dkog centra u Crnoj Gori Forenzi\u010dki centar Crne Gore, kao klju\u010dna institucija za obezbje\u0111ivanje dokaza u krivi\u010dnim postupcima, tokom proteklih godina se suo\u010davao sa izazovima u vezi sa ispitivanjem eksplozivnih materija.\u00a0\u00a0U svijetlu ovih izazova, Program Ujedinjenih nacija za razvoj (UNDP) u Crnoj Gori je tokom protekle dvije godine zajedno sa Forenzi\u010dkim [&hellip;]\" \/>\n<meta property=\"og:url\" content=\"https:\/\/www.evropskakuca.me\/me\/story\/lokalnim-inicijativama-do-globalnih-standard\/\" \/>\n<meta property=\"og:site_name\" content=\"Europe House\" \/>\n<meta property=\"article:publisher\" content=\"https:\/\/www.facebook.com\/evropska.kuca\" \/>\n<meta property=\"og:image\" content=\"https:\/\/www.evropskakuca.me\/wp-content\/uploads\/2024\/01\/dsc03135.jpg\" \/>\n\t<meta property=\"og:image:width\" content=\"2560\" \/>\n\t<meta property=\"og:image:height\" content=\"1710\" \/>\n\t<meta property=\"og:image:type\" content=\"image\/jpeg\" \/>\n<meta name=\"twitter:card\" content=\"summary_large_image\" \/>\n<meta name=\"twitter:site\" content=\"@evropska_kuca\" \/>\n<meta name=\"twitter:label1\" content=\"Est. reading time\" \/>\n\t<meta name=\"twitter:data1\" content=\"6 minutes\" \/>\n<script type=\"application\/ld+json\" class=\"yoast-schema-graph\">{\"@context\":\"https:\\\/\\\/schema.org\",\"@graph\":[{\"@type\":\"WebPage\",\"@id\":\"https:\\\/\\\/www.evropskakuca.me\\\/me\\\/story\\\/lokalnim-inicijativama-do-globalnih-standard\\\/\",\"url\":\"https:\\\/\\\/www.evropskakuca.me\\\/me\\\/story\\\/lokalnim-inicijativama-do-globalnih-standard\\\/\",\"name\":\"Lokalnim inicijativama do globalnih standarda - Europe House\",\"isPartOf\":{\"@id\":\"https:\\\/\\\/www.evropskakuca.me\\\/me\\\/#website\"},\"primaryImageOfPage\":{\"@id\":\"https:\\\/\\\/www.evropskakuca.me\\\/me\\\/story\\\/lokalnim-inicijativama-do-globalnih-standard\\\/#primaryimage\"},\"image\":{\"@id\":\"https:\\\/\\\/www.evropskakuca.me\\\/me\\\/story\\\/lokalnim-inicijativama-do-globalnih-standard\\\/#primaryimage\"},\"thumbnailUrl\":\"https:\\\/\\\/www.evropskakuca.me\\\/wp-content\\\/uploads\\\/2024\\\/01\\\/dsc03135-e1737640995219.jpg\",\"datePublished\":\"2024-01-29T13:47:31+00:00\",\"breadcrumb\":{\"@id\":\"https:\\\/\\\/www.evropskakuca.me\\\/me\\\/story\\\/lokalnim-inicijativama-do-globalnih-standard\\\/#breadcrumb\"},\"inLanguage\":\"me-ME\",\"potentialAction\":[{\"@type\":\"ReadAction\",\"target\":[\"https:\\\/\\\/www.evropskakuca.me\\\/me\\\/story\\\/lokalnim-inicijativama-do-globalnih-standard\\\/\"]}]},{\"@type\":\"ImageObject\",\"inLanguage\":\"me-ME\",\"@id\":\"https:\\\/\\\/www.evropskakuca.me\\\/me\\\/story\\\/lokalnim-inicijativama-do-globalnih-standard\\\/#primaryimage\",\"url\":\"https:\\\/\\\/www.evropskakuca.me\\\/wp-content\\\/uploads\\\/2024\\\/01\\\/dsc03135-e1737640995219.jpg\",\"contentUrl\":\"https:\\\/\\\/www.evropskakuca.me\\\/wp-content\\\/uploads\\\/2024\\\/01\\\/dsc03135-e1737640995219.jpg\",\"width\":2560,\"height\":1207},{\"@type\":\"BreadcrumbList\",\"@id\":\"https:\\\/\\\/www.evropskakuca.me\\\/me\\\/story\\\/lokalnim-inicijativama-do-globalnih-standard\\\/#breadcrumb\",\"itemListElement\":[{\"@type\":\"ListItem\",\"position\":1,\"name\":\"Home\",\"item\":\"https:\\\/\\\/www.evropskakuca.me\\\/me\\\/\"},{\"@type\":\"ListItem\",\"position\":2,\"name\":\"Lokalnim inicijativama do globalnih standarda\"}]},{\"@type\":\"WebSite\",\"@id\":\"https:\\\/\\\/www.evropskakuca.me\\\/me\\\/#website\",\"url\":\"https:\\\/\\\/www.evropskakuca.me\\\/me\\\/\",\"name\":\"Evropean house\",\"description\":\"\",\"publisher\":{\"@id\":\"https:\\\/\\\/www.evropskakuca.me\\\/me\\\/#organization\"},\"potentialAction\":[{\"@type\":\"SearchAction\",\"target\":{\"@type\":\"EntryPoint\",\"urlTemplate\":\"https:\\\/\\\/www.evropskakuca.me\\\/me\\\/?s={search_term_string}\"},\"query-input\":{\"@type\":\"PropertyValueSpecification\",\"valueRequired\":true,\"valueName\":\"search_term_string\"}}],\"inLanguage\":\"me-ME\"},{\"@type\":\"Organization\",\"@id\":\"https:\\\/\\\/www.evropskakuca.me\\\/me\\\/#organization\",\"name\":\"Evropean house\",\"url\":\"https:\\\/\\\/www.evropskakuca.me\\\/me\\\/\",\"logo\":{\"@type\":\"ImageObject\",\"inLanguage\":\"me-ME\",\"@id\":\"https:\\\/\\\/www.evropskakuca.me\\\/me\\\/#\\\/schema\\\/logo\\\/image\\\/\",\"url\":\"https:\\\/\\\/www.evropskakuca.me\\\/wp-content\\\/uploads\\\/2025\\\/01\\\/evropska-kuca-logo-1.png\",\"contentUrl\":\"https:\\\/\\\/www.evropskakuca.me\\\/wp-content\\\/uploads\\\/2025\\\/01\\\/evropska-kuca-logo-1.png\",\"width\":425,\"height\":312,\"caption\":\"Evropean house\"},\"image\":{\"@id\":\"https:\\\/\\\/www.evropskakuca.me\\\/me\\\/#\\\/schema\\\/logo\\\/image\\\/\"},\"sameAs\":[\"https:\\\/\\\/www.facebook.com\\\/evropska.kuca\",\"https:\\\/\\\/x.com\\\/evropska_kuca\",\"https:\\\/\\\/www.instagram.com\\\/evropska_kuca\"]}]}<\/script>\n<!-- \/ Yoast SEO plugin. -->","yoast_head_json":{"title":"Lokalnim inicijativama do globalnih standarda - Europe House","robots":{"index":"index","follow":"follow","max-snippet":"max-snippet:-1","max-image-preview":"max-image-preview:large","max-video-preview":"max-video-preview:-1"},"canonical":"https:\/\/www.evropskakuca.me\/me\/story\/lokalnim-inicijativama-do-globalnih-standard\/","og_locale":"en_US","og_type":"article","og_title":"Lokalnim inicijativama do globalnih standarda - Europe House","og_description":"Unapre\u0111enje bezbjednosti i modernizacija Forenzi\u010dkog centra u Crnoj Gori Forenzi\u010dki centar Crne Gore, kao klju\u010dna institucija za obezbje\u0111ivanje dokaza u krivi\u010dnim postupcima, tokom proteklih godina se suo\u010davao sa izazovima u vezi sa ispitivanjem eksplozivnih materija.\u00a0\u00a0U svijetlu ovih izazova, Program Ujedinjenih nacija za razvoj (UNDP) u Crnoj Gori je tokom protekle dvije godine zajedno sa Forenzi\u010dkim [&hellip;]","og_url":"https:\/\/www.evropskakuca.me\/me\/story\/lokalnim-inicijativama-do-globalnih-standard\/","og_site_name":"Europe House","article_publisher":"https:\/\/www.facebook.com\/evropska.kuca","og_image":[{"width":2560,"height":1710,"url":"https:\/\/www.evropskakuca.me\/wp-content\/uploads\/2024\/01\/dsc03135.jpg","type":"image\/jpeg"}],"twitter_card":"summary_large_image","twitter_site":"@evropska_kuca","twitter_misc":{"Est. reading time":"6 minutes"},"schema":{"@context":"https:\/\/schema.org","@graph":[{"@type":"WebPage","@id":"https:\/\/www.evropskakuca.me\/me\/story\/lokalnim-inicijativama-do-globalnih-standard\/","url":"https:\/\/www.evropskakuca.me\/me\/story\/lokalnim-inicijativama-do-globalnih-standard\/","name":"Lokalnim inicijativama do globalnih standarda - Europe House","isPartOf":{"@id":"https:\/\/www.evropskakuca.me\/me\/#website"},"primaryImageOfPage":{"@id":"https:\/\/www.evropskakuca.me\/me\/story\/lokalnim-inicijativama-do-globalnih-standard\/#primaryimage"},"image":{"@id":"https:\/\/www.evropskakuca.me\/me\/story\/lokalnim-inicijativama-do-globalnih-standard\/#primaryimage"},"thumbnailUrl":"https:\/\/www.evropskakuca.me\/wp-content\/uploads\/2024\/01\/dsc03135-e1737640995219.jpg","datePublished":"2024-01-29T13:47:31+00:00","breadcrumb":{"@id":"https:\/\/www.evropskakuca.me\/me\/story\/lokalnim-inicijativama-do-globalnih-standard\/#breadcrumb"},"inLanguage":"me-ME","potentialAction":[{"@type":"ReadAction","target":["https:\/\/www.evropskakuca.me\/me\/story\/lokalnim-inicijativama-do-globalnih-standard\/"]}]},{"@type":"ImageObject","inLanguage":"me-ME","@id":"https:\/\/www.evropskakuca.me\/me\/story\/lokalnim-inicijativama-do-globalnih-standard\/#primaryimage","url":"https:\/\/www.evropskakuca.me\/wp-content\/uploads\/2024\/01\/dsc03135-e1737640995219.jpg","contentUrl":"https:\/\/www.evropskakuca.me\/wp-content\/uploads\/2024\/01\/dsc03135-e1737640995219.jpg","width":2560,"height":1207},{"@type":"BreadcrumbList","@id":"https:\/\/www.evropskakuca.me\/me\/story\/lokalnim-inicijativama-do-globalnih-standard\/#breadcrumb","itemListElement":[{"@type":"ListItem","position":1,"name":"Home","item":"https:\/\/www.evropskakuca.me\/me\/"},{"@type":"ListItem","position":2,"name":"Lokalnim inicijativama do globalnih standarda"}]},{"@type":"WebSite","@id":"https:\/\/www.evropskakuca.me\/me\/#website","url":"https:\/\/www.evropskakuca.me\/me\/","name":"Evropean house","description":"","publisher":{"@id":"https:\/\/www.evropskakuca.me\/me\/#organization"},"potentialAction":[{"@type":"SearchAction","target":{"@type":"EntryPoint","urlTemplate":"https:\/\/www.evropskakuca.me\/me\/?s={search_term_string}"},"query-input":{"@type":"PropertyValueSpecification","valueRequired":true,"valueName":"search_term_string"}}],"inLanguage":"me-ME"},{"@type":"Organization","@id":"https:\/\/www.evropskakuca.me\/me\/#organization","name":"Evropean house","url":"https:\/\/www.evropskakuca.me\/me\/","logo":{"@type":"ImageObject","inLanguage":"me-ME","@id":"https:\/\/www.evropskakuca.me\/me\/#\/schema\/logo\/image\/","url":"https:\/\/www.evropskakuca.me\/wp-content\/uploads\/2025\/01\/evropska-kuca-logo-1.png","contentUrl":"https:\/\/www.evropskakuca.me\/wp-content\/uploads\/2025\/01\/evropska-kuca-logo-1.png","width":425,"height":312,"caption":"Evropean house"},"image":{"@id":"https:\/\/www.evropskakuca.me\/me\/#\/schema\/logo\/image\/"},"sameAs":["https:\/\/www.facebook.com\/evropska.kuca","https:\/\/x.com\/evropska_kuca","https:\/\/www.instagram.com\/evropska_kuca"]}]}},"_links":{"self":[{"href":"https:\/\/www.evropskakuca.me\/me\/wp-json\/wp\/v2\/story\/28242","targetHints":{"allow":["GET"]}}],"collection":[{"href":"https:\/\/www.evropskakuca.me\/me\/wp-json\/wp\/v2\/story"}],"about":[{"href":"https:\/\/www.evropskakuca.me\/me\/wp-json\/wp\/v2\/types\/story"}],"wp:featuredmedia":[{"embeddable":true,"href":"https:\/\/www.evropskakuca.me\/me\/wp-json\/wp\/v2\/media\/40573"}],"wp:attachment":[{"href":"https:\/\/www.evropskakuca.me\/me\/wp-json\/wp\/v2\/media?parent=28242"}],"curies":[{"name":"wp","href":"https:\/\/api.w.org\/{rel}","templated":true}]}}