{"id":26142,"date":"2023-08-03T10:08:49","date_gmt":"2023-08-03T10:08:49","guid":{"rendered":"https:\/\/evropskakuca.me\/?post_type=story&#038;p=26142"},"modified":"2025-01-23T12:38:34","modified_gmt":"2025-01-23T12:38:34","slug":"pcelarstvo-kao-porodicno-nasljede","status":"publish","type":"story","link":"https:\/\/www.evropskakuca.me\/me\/story\/pcelarstvo-kao-porodicno-nasljede\/","title":{"rendered":"P\u010delarstvo &#8211; jedna pri\u010da o porodi\u010dnom naslje\u0111u"},"content":{"rendered":"<p>U Plu\u017einama, u neposrednoj blizini Pivskog manastira je neobi\u010dno tiho. Ti\u0161inu remeti jedino p\u010delinji bruj. Tu, u ovoj prirodnoj oazi, nalazi se p\u010delinjak \u017deljka Mitri\u0107a.<\/p>\n<p>\u201cTradicija\u2026\u201d, ovako po\u010dinje na\u0161 razgovor sa p\u010delarom \u017deljkom.<br \/>\nOn je, kako je kazao, p\u010delarstvo naslijedio.<br \/>\n\u201cP\u010delarstvom se bavio i moj \u0111ed i moj otac. Tako se i rodila ta ljubav prema p\u010delama\u201d, obja\u0161njava nam \u017deljko.<\/p>\n<blockquote><p>Prve ko\u0161nice je nabavio prije \u010detrdesetak godina, naselio ih p\u010delama i po\u010deo se baviti p\u010delarstvom.<\/p><\/blockquote>\n<p>U po\u010detku bilo je dosta te\u0161ko. Dosta odricanja, uspona i padova. Sve je to trebalo prebroditi da bi se do\u0161lo do ovoga \u0161to danas posjedujem \u2500 prisje\u0107a se ovaj vrijedni p\u010delar.<\/p>\n<p><img fetchpriority=\"high\" decoding=\"async\" class=\"aligncenter size-large wp-image-26149\" src=\"https:\/\/evropskakuca.me\/wp-content\/uploads\/2023\/08\/citat-1-1024x683.jpg\" alt=\"\" width=\"1024\" height=\"683\" \/><\/p>\n<p>Zahvaljuju\u0107i podr\u0161ci Evropske unije, kroz Ipard program, danas \u017deljko posjeduje dva kontejnera za prevoz ko\u0161nica, objekat i savremenu opremu za obradu meda.<\/p>\n<blockquote><p>U potrazi za dobrom \u201epas\u030com\u201c, svoje kos\u030cnice seli u razne krajeve Crne Gore, pa su u ponudi i razli\u010dite vrste meda.<\/p><\/blockquote>\n<p>&#8220;P\u010dele idu na zimovanje na primorje, a na pa\u0161u idu na planinu. Tako da se to sa kontejnerima mnogo lak\u0161e obavlja. Imamo primorski med koji p\u010dele sad ovih dana prikupljaju. U jesen imamo jedan interesantan med koji je karakteristi\u010dan za podru\u010dje Lu\u0161tice gdje p\u010dele zimi borave. To je med od maginja koji je izuzetno kvalitetan i tra\u017een. Imamo i livadski med koji p\u010dele sakupljaju u toku ljeta ovdje i na planini&#8221; \u2500 obja\u0161njava Mitri\u0107.<\/p>\n<p><img decoding=\"async\" class=\"aligncenter size-large wp-image-26151\" src=\"https:\/\/evropskakuca.me\/wp-content\/uploads\/2023\/08\/citat-2-2-1024x683.jpg\" alt=\"\" width=\"1024\" height=\"683\" \/><\/p>\n<blockquote><p>Oko stotinjak ko\u0161nica daje od tone pa do dvije tone meda.<\/p><\/blockquote>\n<p>Kako isti\u010de \u017deljko &#8220;sve zavisi od godine&#8221;.<br \/>\nBavec\u0301i se pc\u030celarstvom vec\u0301 dugi niz godina Z\u030celjko uspjes\u030cno c\u030cuva porodic\u030cnu tradiciju.<\/p>\n<p>Kako tradicija nala\u017ee, ljubav prema p\u010delarstvu ostavlja djeci u naslje\u0111e. Za sada je mla\u0111i sin uklju\u010den i dosta poma\u017ee, ali za o\u010dekivati je da se ljubav prema p\u010delama probudi malo kasnije. Kako je to kod Mitri\u0107a i ranije bivalo.<\/p>\n<p><iframe title=\"Med Mitri\u0107 - Uspje\u0161na IPARD pri\u010da\" width=\"800\" height=\"450\" src=\"https:\/\/www.youtube.com\/embed\/WYpcr1TyAwE?feature=oembed\" frameborder=\"0\" allow=\"accelerometer; autoplay; clipboard-write; encrypted-media; gyroscope; picture-in-picture; web-share\" referrerpolicy=\"strict-origin-when-cross-origin\" allowfullscreen><\/iframe><\/p>\n","protected":false},"featured_media":42601,"template":"","class_list":["post-26142","story","type-story","status-publish","has-post-thumbnail","hentry"],"acf":[],"yoast_head":"<!-- This site is optimized with the Yoast SEO plugin v27.3 - https:\/\/yoast.com\/product\/yoast-seo-wordpress\/ -->\n<title>P\u010delarstvo - jedna pri\u010da o porodi\u010dnom naslje\u0111u - Europe House<\/title>\n<meta name=\"robots\" content=\"index, follow, max-snippet:-1, max-image-preview:large, max-video-preview:-1\" \/>\n<link rel=\"canonical\" href=\"https:\/\/www.evropskakuca.me\/me\/story\/pcelarstvo-kao-porodicno-nasljede\/\" \/>\n<meta property=\"og:locale\" content=\"en_US\" \/>\n<meta property=\"og:type\" content=\"article\" \/>\n<meta property=\"og:title\" content=\"P\u010delarstvo - jedna pri\u010da o porodi\u010dnom naslje\u0111u - Europe House\" \/>\n<meta property=\"og:description\" content=\"U Plu\u017einama, u neposrednoj blizini Pivskog manastira je neobi\u010dno tiho. Ti\u0161inu remeti jedino p\u010delinji bruj. Tu, u ovoj prirodnoj oazi, nalazi se p\u010delinjak \u017deljka Mitri\u0107a. \u201cTradicija\u2026\u201d, ovako po\u010dinje na\u0161 razgovor sa p\u010delarom \u017deljkom. On je, kako je kazao, p\u010delarstvo naslijedio. \u201cP\u010delarstvom se bavio i moj \u0111ed i moj otac. Tako se i rodila ta ljubav [&hellip;]\" \/>\n<meta property=\"og:url\" content=\"https:\/\/www.evropskakuca.me\/me\/story\/pcelarstvo-kao-porodicno-nasljede\/\" \/>\n<meta property=\"og:site_name\" content=\"Europe House\" \/>\n<meta property=\"article:publisher\" content=\"https:\/\/www.facebook.com\/evropska.kuca\" \/>\n<meta property=\"article:modified_time\" content=\"2025-01-23T12:38:34+00:00\" \/>\n<meta property=\"og:image\" content=\"https:\/\/www.evropskakuca.me\/wp-content\/uploads\/2023\/08\/naslovna-8-1024x683.jpg\" \/>\n\t<meta property=\"og:image:width\" content=\"1024\" \/>\n\t<meta property=\"og:image:height\" content=\"683\" \/>\n\t<meta property=\"og:image:type\" content=\"image\/jpeg\" \/>\n<meta name=\"twitter:card\" content=\"summary_large_image\" \/>\n<meta name=\"twitter:site\" content=\"@evropska_kuca\" \/>\n<meta name=\"twitter:label1\" content=\"Est. reading time\" \/>\n\t<meta name=\"twitter:data1\" content=\"2 minutes\" \/>\n<script type=\"application\/ld+json\" class=\"yoast-schema-graph\">{\"@context\":\"https:\\\/\\\/schema.org\",\"@graph\":[{\"@type\":\"WebPage\",\"@id\":\"https:\\\/\\\/www.evropskakuca.me\\\/me\\\/story\\\/pcelarstvo-kao-porodicno-nasljede\\\/\",\"url\":\"https:\\\/\\\/www.evropskakuca.me\\\/me\\\/story\\\/pcelarstvo-kao-porodicno-nasljede\\\/\",\"name\":\"P\u010delarstvo - jedna pri\u010da o porodi\u010dnom naslje\u0111u - Europe House\",\"isPartOf\":{\"@id\":\"https:\\\/\\\/www.evropskakuca.me\\\/me\\\/#website\"},\"primaryImageOfPage\":{\"@id\":\"https:\\\/\\\/www.evropskakuca.me\\\/me\\\/story\\\/pcelarstvo-kao-porodicno-nasljede\\\/#primaryimage\"},\"image\":{\"@id\":\"https:\\\/\\\/www.evropskakuca.me\\\/me\\\/story\\\/pcelarstvo-kao-porodicno-nasljede\\\/#primaryimage\"},\"thumbnailUrl\":\"https:\\\/\\\/www.evropskakuca.me\\\/wp-content\\\/uploads\\\/2023\\\/08\\\/naslovna-8.jpg\",\"datePublished\":\"2023-08-03T10:08:49+00:00\",\"dateModified\":\"2025-01-23T12:38:34+00:00\",\"breadcrumb\":{\"@id\":\"https:\\\/\\\/www.evropskakuca.me\\\/me\\\/story\\\/pcelarstvo-kao-porodicno-nasljede\\\/#breadcrumb\"},\"inLanguage\":\"me-ME\",\"potentialAction\":[{\"@type\":\"ReadAction\",\"target\":[\"https:\\\/\\\/www.evropskakuca.me\\\/me\\\/story\\\/pcelarstvo-kao-porodicno-nasljede\\\/\"]}]},{\"@type\":\"ImageObject\",\"inLanguage\":\"me-ME\",\"@id\":\"https:\\\/\\\/www.evropskakuca.me\\\/me\\\/story\\\/pcelarstvo-kao-porodicno-nasljede\\\/#primaryimage\",\"url\":\"https:\\\/\\\/www.evropskakuca.me\\\/wp-content\\\/uploads\\\/2023\\\/08\\\/naslovna-8.jpg\",\"contentUrl\":\"https:\\\/\\\/www.evropskakuca.me\\\/wp-content\\\/uploads\\\/2023\\\/08\\\/naslovna-8.jpg\",\"width\":2500,\"height\":1667},{\"@type\":\"BreadcrumbList\",\"@id\":\"https:\\\/\\\/www.evropskakuca.me\\\/me\\\/story\\\/pcelarstvo-kao-porodicno-nasljede\\\/#breadcrumb\",\"itemListElement\":[{\"@type\":\"ListItem\",\"position\":1,\"name\":\"Home\",\"item\":\"https:\\\/\\\/www.evropskakuca.me\\\/me\\\/\"},{\"@type\":\"ListItem\",\"position\":2,\"name\":\"P\u010delarstvo &#8211; jedna pri\u010da o porodi\u010dnom naslje\u0111u\"}]},{\"@type\":\"WebSite\",\"@id\":\"https:\\\/\\\/www.evropskakuca.me\\\/me\\\/#website\",\"url\":\"https:\\\/\\\/www.evropskakuca.me\\\/me\\\/\",\"name\":\"Evropean house\",\"description\":\"\",\"publisher\":{\"@id\":\"https:\\\/\\\/www.evropskakuca.me\\\/me\\\/#organization\"},\"potentialAction\":[{\"@type\":\"SearchAction\",\"target\":{\"@type\":\"EntryPoint\",\"urlTemplate\":\"https:\\\/\\\/www.evropskakuca.me\\\/me\\\/?s={search_term_string}\"},\"query-input\":{\"@type\":\"PropertyValueSpecification\",\"valueRequired\":true,\"valueName\":\"search_term_string\"}}],\"inLanguage\":\"me-ME\"},{\"@type\":\"Organization\",\"@id\":\"https:\\\/\\\/www.evropskakuca.me\\\/me\\\/#organization\",\"name\":\"Evropean house\",\"url\":\"https:\\\/\\\/www.evropskakuca.me\\\/me\\\/\",\"logo\":{\"@type\":\"ImageObject\",\"inLanguage\":\"me-ME\",\"@id\":\"https:\\\/\\\/www.evropskakuca.me\\\/me\\\/#\\\/schema\\\/logo\\\/image\\\/\",\"url\":\"https:\\\/\\\/www.evropskakuca.me\\\/wp-content\\\/uploads\\\/2025\\\/01\\\/evropska-kuca-logo-1.png\",\"contentUrl\":\"https:\\\/\\\/www.evropskakuca.me\\\/wp-content\\\/uploads\\\/2025\\\/01\\\/evropska-kuca-logo-1.png\",\"width\":425,\"height\":312,\"caption\":\"Evropean house\"},\"image\":{\"@id\":\"https:\\\/\\\/www.evropskakuca.me\\\/me\\\/#\\\/schema\\\/logo\\\/image\\\/\"},\"sameAs\":[\"https:\\\/\\\/www.facebook.com\\\/evropska.kuca\",\"https:\\\/\\\/x.com\\\/evropska_kuca\",\"https:\\\/\\\/www.instagram.com\\\/evropska_kuca\"]}]}<\/script>\n<!-- \/ Yoast SEO plugin. -->","yoast_head_json":{"title":"P\u010delarstvo - jedna pri\u010da o porodi\u010dnom naslje\u0111u - Europe House","robots":{"index":"index","follow":"follow","max-snippet":"max-snippet:-1","max-image-preview":"max-image-preview:large","max-video-preview":"max-video-preview:-1"},"canonical":"https:\/\/www.evropskakuca.me\/me\/story\/pcelarstvo-kao-porodicno-nasljede\/","og_locale":"en_US","og_type":"article","og_title":"P\u010delarstvo - jedna pri\u010da o porodi\u010dnom naslje\u0111u - Europe House","og_description":"U Plu\u017einama, u neposrednoj blizini Pivskog manastira je neobi\u010dno tiho. Ti\u0161inu remeti jedino p\u010delinji bruj. Tu, u ovoj prirodnoj oazi, nalazi se p\u010delinjak \u017deljka Mitri\u0107a. \u201cTradicija\u2026\u201d, ovako po\u010dinje na\u0161 razgovor sa p\u010delarom \u017deljkom. On je, kako je kazao, p\u010delarstvo naslijedio. \u201cP\u010delarstvom se bavio i moj \u0111ed i moj otac. Tako se i rodila ta ljubav [&hellip;]","og_url":"https:\/\/www.evropskakuca.me\/me\/story\/pcelarstvo-kao-porodicno-nasljede\/","og_site_name":"Europe House","article_publisher":"https:\/\/www.facebook.com\/evropska.kuca","article_modified_time":"2025-01-23T12:38:34+00:00","og_image":[{"width":1024,"height":683,"url":"https:\/\/www.evropskakuca.me\/wp-content\/uploads\/2023\/08\/naslovna-8-1024x683.jpg","type":"image\/jpeg"}],"twitter_card":"summary_large_image","twitter_site":"@evropska_kuca","twitter_misc":{"Est. reading time":"2 minutes"},"schema":{"@context":"https:\/\/schema.org","@graph":[{"@type":"WebPage","@id":"https:\/\/www.evropskakuca.me\/me\/story\/pcelarstvo-kao-porodicno-nasljede\/","url":"https:\/\/www.evropskakuca.me\/me\/story\/pcelarstvo-kao-porodicno-nasljede\/","name":"P\u010delarstvo - jedna pri\u010da o porodi\u010dnom naslje\u0111u - Europe House","isPartOf":{"@id":"https:\/\/www.evropskakuca.me\/me\/#website"},"primaryImageOfPage":{"@id":"https:\/\/www.evropskakuca.me\/me\/story\/pcelarstvo-kao-porodicno-nasljede\/#primaryimage"},"image":{"@id":"https:\/\/www.evropskakuca.me\/me\/story\/pcelarstvo-kao-porodicno-nasljede\/#primaryimage"},"thumbnailUrl":"https:\/\/www.evropskakuca.me\/wp-content\/uploads\/2023\/08\/naslovna-8.jpg","datePublished":"2023-08-03T10:08:49+00:00","dateModified":"2025-01-23T12:38:34+00:00","breadcrumb":{"@id":"https:\/\/www.evropskakuca.me\/me\/story\/pcelarstvo-kao-porodicno-nasljede\/#breadcrumb"},"inLanguage":"me-ME","potentialAction":[{"@type":"ReadAction","target":["https:\/\/www.evropskakuca.me\/me\/story\/pcelarstvo-kao-porodicno-nasljede\/"]}]},{"@type":"ImageObject","inLanguage":"me-ME","@id":"https:\/\/www.evropskakuca.me\/me\/story\/pcelarstvo-kao-porodicno-nasljede\/#primaryimage","url":"https:\/\/www.evropskakuca.me\/wp-content\/uploads\/2023\/08\/naslovna-8.jpg","contentUrl":"https:\/\/www.evropskakuca.me\/wp-content\/uploads\/2023\/08\/naslovna-8.jpg","width":2500,"height":1667},{"@type":"BreadcrumbList","@id":"https:\/\/www.evropskakuca.me\/me\/story\/pcelarstvo-kao-porodicno-nasljede\/#breadcrumb","itemListElement":[{"@type":"ListItem","position":1,"name":"Home","item":"https:\/\/www.evropskakuca.me\/me\/"},{"@type":"ListItem","position":2,"name":"P\u010delarstvo &#8211; jedna pri\u010da o porodi\u010dnom naslje\u0111u"}]},{"@type":"WebSite","@id":"https:\/\/www.evropskakuca.me\/me\/#website","url":"https:\/\/www.evropskakuca.me\/me\/","name":"Evropean house","description":"","publisher":{"@id":"https:\/\/www.evropskakuca.me\/me\/#organization"},"potentialAction":[{"@type":"SearchAction","target":{"@type":"EntryPoint","urlTemplate":"https:\/\/www.evropskakuca.me\/me\/?s={search_term_string}"},"query-input":{"@type":"PropertyValueSpecification","valueRequired":true,"valueName":"search_term_string"}}],"inLanguage":"me-ME"},{"@type":"Organization","@id":"https:\/\/www.evropskakuca.me\/me\/#organization","name":"Evropean house","url":"https:\/\/www.evropskakuca.me\/me\/","logo":{"@type":"ImageObject","inLanguage":"me-ME","@id":"https:\/\/www.evropskakuca.me\/me\/#\/schema\/logo\/image\/","url":"https:\/\/www.evropskakuca.me\/wp-content\/uploads\/2025\/01\/evropska-kuca-logo-1.png","contentUrl":"https:\/\/www.evropskakuca.me\/wp-content\/uploads\/2025\/01\/evropska-kuca-logo-1.png","width":425,"height":312,"caption":"Evropean house"},"image":{"@id":"https:\/\/www.evropskakuca.me\/me\/#\/schema\/logo\/image\/"},"sameAs":["https:\/\/www.facebook.com\/evropska.kuca","https:\/\/x.com\/evropska_kuca","https:\/\/www.instagram.com\/evropska_kuca"]}]}},"_links":{"self":[{"href":"https:\/\/www.evropskakuca.me\/me\/wp-json\/wp\/v2\/story\/26142","targetHints":{"allow":["GET"]}}],"collection":[{"href":"https:\/\/www.evropskakuca.me\/me\/wp-json\/wp\/v2\/story"}],"about":[{"href":"https:\/\/www.evropskakuca.me\/me\/wp-json\/wp\/v2\/types\/story"}],"wp:featuredmedia":[{"embeddable":true,"href":"https:\/\/www.evropskakuca.me\/me\/wp-json\/wp\/v2\/media\/42601"}],"wp:attachment":[{"href":"https:\/\/www.evropskakuca.me\/me\/wp-json\/wp\/v2\/media?parent=26142"}],"curies":[{"name":"wp","href":"https:\/\/api.w.org\/{rel}","templated":true}]}}