{"id":25919,"date":"2023-07-19T13:53:58","date_gmt":"2023-07-19T13:53:58","guid":{"rendered":"https:\/\/evropskakuca.me\/?post_type=story&amp;p=25919"},"modified":"2023-07-19T13:53:58","modified_gmt":"2023-07-19T13:53:58","slug":"od-samostalne-radnje-do-porodicnog-biznisa-kroz-ipard","status":"publish","type":"story","link":"https:\/\/www.evropskakuca.me\/me\/story\/od-samostalne-radnje-do-porodicnog-biznisa-kroz-ipard\/","title":{"rendered":"Od samostalne radnje do porodi\u010dnog biznisa kroz IPARD"},"content":{"rendered":"<p>U Kli\u010devu, na obodu Nik\u0161i\u0107a, nalazi se jedna od dvije fabrike mesne industrije Goranovi\u0107. U fabrici je u\u017eurbano jutro. Dok ekipa Evropske ku\u0107e obilazi objekat, prostorije se ni\u017eu kao na traci. Savremene ma\u0161ine i radna atmosfera koju smo zatekli odaju utisak prave moderne kompanije.<\/p>\n<p>Goranovi\u0107i su izgradili rasko\u0161an porodi\u010dni biznis. No, susret s osniva\u010dem, \u0110or\u0111ijem Goranovi\u0107em, vra\u0107a nas u vrijeme kada je ova pri\u010da po\u010dela.<\/p>\n\n<p>\u201cKrenuli smo kao obi\u010dna samostalna radnja\u201d, osmjehuje se Goranovi\u0107, i dodaje: \u201cuspjeli smo da izgradimo dvije fabrike, jednu za preradu, odnosno proizvodnju finalnih proizvoda od mesa, a drugu za klani\u010dne kapacitete\u201d.<\/p>\n<p>Goranovi\u0107i su ulagali u tehnologiju, proizvo\u0111a\u010dke kapacitete a paralelno sa tim osvajali tr\u017ei\u0161ta. Prvo lokalno, zatim tr\u017ei\u0161te Crne Gore, a prije desetak godina su se okrenuli i izvozu.<\/p>\n<p><img fetchpriority=\"high\" decoding=\"async\" class=\"aligncenter size-large wp-image-25926\" src=\"https:\/\/evropskakuca.me\/wp-content\/uploads\/2023\/07\/CITAT-1-1-1024x683.jpg\" alt=\"\" width=\"1024\" height=\"683\" \/><\/p>\n<p>\u201cDanas izvozimo u nekoliko zemalja regiona: Bosnu i Hercegovinu, Srbiju, Sjevernu Makedoniju. A od prije dvije godine kada smo dobili evropski izvozni broj po\u010deli smo da izvozimo i u zemlje EU. Prvenstveno mislim na \u0160vedsku i Njema\u010dku\u201d, kazao nam je \u0110or\u0111ije.<\/p>\n<p>Ulaganja su u po\u010detku bila iz sopstvenih sredstava i komercijalnih kredita. Kada su se stvorili uslovi za apliciranje za IPARD program potra\u017eili su podr\u0161ku i od Evropske unije.<\/p>\n\n<p>\u201cNa\u0161a kompanija je do sada aplicirala za ovaj program dva puta i sada smo aplicirali tre\u0107i put. Sredstva koja smo iskoristili su nam omogu\u0107ila da uvedemo nove tehnolo\u0161ke linije, da pove\u0107amo proizvo\u0111a\u010dke kapacitete i pro\u0161irimo proizvodni asortiman. Ta sredstva nam omogu\u0107avaju sveobuhvatnu konkurentnost ne samo na doma\u0107em, ve\u0107 i na izvoznim tr\u017ei\u0161tima\u201d, naglasio je Goranovi\u0107.<\/p>\n<p><img decoding=\"async\" class=\"aligncenter size-large wp-image-25928\" src=\"https:\/\/evropskakuca.me\/wp-content\/uploads\/2023\/07\/CITAT-2-1-1024x683.jpg\" alt=\"\" width=\"1024\" height=\"683\" \/><\/p>\n<p>Mnogo im je zna\u010dila podr\u0161ka EU kroz IPARD program. Kako isti\u010de Goranovi\u0107, povrat daje vi\u0161e motiva kompanijama da ula\u017eu u nove tehnologije.<\/p>\n<p>U fabrici vlada posebna prijateljska atmosfera. Svaki zaposleni ima svoju ulogu u lancu proizvodnje.<\/p>\n<p>Ovo nije samo radno mjesto, ve\u0107 mjesto gdje su se razvile sna\u017ene veze i osje\u0107aj pripadnosti. Jasno je da je porodica temelj njihovog uspjeha.<\/p>\n<p><img decoding=\"async\" class=\"aligncenter size-large wp-image-25934\" src=\"https:\/\/evropskakuca.me\/wp-content\/uploads\/2023\/07\/OPREMABOLJA-1024x683.jpg\" alt=\"\" width=\"1024\" height=\"683\" \/><\/p>\n<p>Goranovi\u0107 nagla\u0161ava da njegova kompanija vodi ra\u010duna o svojim zaposlenima. Kroz IPARD su izgradili radni\u010dki restoran, sanitarni dio i dio za odmor. On navodi da iako im to ne donosi profit prostorije moraju biti adekvatne za njihove radnike a to su postigli kroz podr\u0161ku EU.<\/p>\n<p>Njihova uspje\u0161na pri\u010da nije zanemarila ni \u0161iru zajednicu. Mesna industrija broji oko 200 radnika, zapo\u0161ljavaju\u0107i mnoge lokalne stanovnike.<br \/>\nGoranovi\u0107i vode brigu i o za\u0161titi \u017eivotne sredine. Te su kroz IPARD program izgradili pre\u010di\u0161ta\u010d otpadnih voda.<\/p>\n<p>Kako isti\u010de \u0110or\u0111ije njihove dvije fabrike ne generi\u0161u nikakve negativne efekte na \u017eivotnu sredinu. Oni su izgradili i postrojenje koje omogu\u0107ava da kvalitet otpadnih voda zadovoljava kriterijume ispu\u0161tanja vode I kategorije. Podjednako cijenjeni kod ku\u0107e i izvan granica, Goranovi\u0107i su prepoznatljivi po spoju modernog i tradicije koje ova porodica njeguje.<\/p>\n<p><iframe title=\"Mesna industrija Goranovi\u0107 - Uspje\u0161na IPARD pri\u010da\" width=\"800\" height=\"450\" src=\"https:\/\/www.youtube.com\/embed\/Tnp6atAVCdA?feature=oembed\" frameborder=\"0\" allow=\"accelerometer; autoplay; clipboard-write; encrypted-media; gyroscope; picture-in-picture; web-share\" referrerpolicy=\"strict-origin-when-cross-origin\" allowfullscreen><\/iframe><\/p>\n","protected":false},"featured_media":39575,"template":"","class_list":["post-25919","story","type-story","status-publish","has-post-thumbnail","hentry"],"acf":[],"yoast_head":"<!-- This site is optimized with the Yoast SEO plugin v27.3 - https:\/\/yoast.com\/product\/yoast-seo-wordpress\/ -->\n<title>Od samostalne radnje do porodi\u010dnog biznisa kroz IPARD - Europe House<\/title>\n<meta name=\"robots\" content=\"index, follow, max-snippet:-1, max-image-preview:large, max-video-preview:-1\" \/>\n<link rel=\"canonical\" href=\"https:\/\/www.evropskakuca.me\/me\/story\/od-samostalne-radnje-do-porodicnog-biznisa-kroz-ipard\/\" \/>\n<meta property=\"og:locale\" content=\"en_US\" \/>\n<meta property=\"og:type\" content=\"article\" \/>\n<meta property=\"og:title\" content=\"Od samostalne radnje do porodi\u010dnog biznisa kroz IPARD - Europe House\" \/>\n<meta property=\"og:description\" content=\"U Kli\u010devu, na obodu Nik\u0161i\u0107a, nalazi se jedna od dvije fabrike mesne industrije Goranovi\u0107. U fabrici je u\u017eurbano jutro. Dok ekipa Evropske ku\u0107e obilazi objekat, prostorije se ni\u017eu kao na traci. Savremene ma\u0161ine i radna atmosfera koju smo zatekli odaju utisak prave moderne kompanije. Goranovi\u0107i su izgradili rasko\u0161an porodi\u010dni biznis. No, susret s osniva\u010dem, \u0110or\u0111ijem [&hellip;]\" \/>\n<meta property=\"og:url\" content=\"https:\/\/www.evropskakuca.me\/me\/story\/od-samostalne-radnje-do-porodicnog-biznisa-kroz-ipard\/\" \/>\n<meta property=\"og:site_name\" content=\"Europe House\" \/>\n<meta property=\"article:publisher\" content=\"https:\/\/www.facebook.com\/evropska.kuca\" \/>\n<meta property=\"og:image\" content=\"https:\/\/www.evropskakuca.me\/wp-content\/uploads\/2023\/07\/CNASLOVNA.jpg\" \/>\n\t<meta property=\"og:image:width\" content=\"2560\" \/>\n\t<meta property=\"og:image:height\" content=\"1707\" \/>\n\t<meta property=\"og:image:type\" content=\"image\/jpeg\" \/>\n<meta name=\"twitter:card\" content=\"summary_large_image\" \/>\n<meta name=\"twitter:site\" content=\"@evropska_kuca\" \/>\n<meta name=\"twitter:label1\" content=\"Est. reading time\" \/>\n\t<meta name=\"twitter:data1\" content=\"3 minutes\" \/>\n<script type=\"application\/ld+json\" class=\"yoast-schema-graph\">{\"@context\":\"https:\\\/\\\/schema.org\",\"@graph\":[{\"@type\":\"WebPage\",\"@id\":\"https:\\\/\\\/www.evropskakuca.me\\\/me\\\/story\\\/od-samostalne-radnje-do-porodicnog-biznisa-kroz-ipard\\\/\",\"url\":\"https:\\\/\\\/www.evropskakuca.me\\\/me\\\/story\\\/od-samostalne-radnje-do-porodicnog-biznisa-kroz-ipard\\\/\",\"name\":\"Od samostalne radnje do porodi\u010dnog biznisa kroz IPARD - Europe House\",\"isPartOf\":{\"@id\":\"https:\\\/\\\/www.evropskakuca.me\\\/me\\\/#website\"},\"primaryImageOfPage\":{\"@id\":\"https:\\\/\\\/www.evropskakuca.me\\\/me\\\/story\\\/od-samostalne-radnje-do-porodicnog-biznisa-kroz-ipard\\\/#primaryimage\"},\"image\":{\"@id\":\"https:\\\/\\\/www.evropskakuca.me\\\/me\\\/story\\\/od-samostalne-radnje-do-porodicnog-biznisa-kroz-ipard\\\/#primaryimage\"},\"thumbnailUrl\":\"https:\\\/\\\/www.evropskakuca.me\\\/wp-content\\\/uploads\\\/2023\\\/07\\\/CNASLOVNA.jpg\",\"datePublished\":\"2023-07-19T13:53:58+00:00\",\"breadcrumb\":{\"@id\":\"https:\\\/\\\/www.evropskakuca.me\\\/me\\\/story\\\/od-samostalne-radnje-do-porodicnog-biznisa-kroz-ipard\\\/#breadcrumb\"},\"inLanguage\":\"me-ME\",\"potentialAction\":[{\"@type\":\"ReadAction\",\"target\":[\"https:\\\/\\\/www.evropskakuca.me\\\/me\\\/story\\\/od-samostalne-radnje-do-porodicnog-biznisa-kroz-ipard\\\/\"]}]},{\"@type\":\"ImageObject\",\"inLanguage\":\"me-ME\",\"@id\":\"https:\\\/\\\/www.evropskakuca.me\\\/me\\\/story\\\/od-samostalne-radnje-do-porodicnog-biznisa-kroz-ipard\\\/#primaryimage\",\"url\":\"https:\\\/\\\/www.evropskakuca.me\\\/wp-content\\\/uploads\\\/2023\\\/07\\\/CNASLOVNA.jpg\",\"contentUrl\":\"https:\\\/\\\/www.evropskakuca.me\\\/wp-content\\\/uploads\\\/2023\\\/07\\\/CNASLOVNA.jpg\",\"width\":2560,\"height\":1707},{\"@type\":\"BreadcrumbList\",\"@id\":\"https:\\\/\\\/www.evropskakuca.me\\\/me\\\/story\\\/od-samostalne-radnje-do-porodicnog-biznisa-kroz-ipard\\\/#breadcrumb\",\"itemListElement\":[{\"@type\":\"ListItem\",\"position\":1,\"name\":\"Home\",\"item\":\"https:\\\/\\\/www.evropskakuca.me\\\/me\\\/\"},{\"@type\":\"ListItem\",\"position\":2,\"name\":\"Od samostalne radnje do porodi\u010dnog biznisa kroz IPARD\"}]},{\"@type\":\"WebSite\",\"@id\":\"https:\\\/\\\/www.evropskakuca.me\\\/me\\\/#website\",\"url\":\"https:\\\/\\\/www.evropskakuca.me\\\/me\\\/\",\"name\":\"Evropean house\",\"description\":\"\",\"publisher\":{\"@id\":\"https:\\\/\\\/www.evropskakuca.me\\\/me\\\/#organization\"},\"potentialAction\":[{\"@type\":\"SearchAction\",\"target\":{\"@type\":\"EntryPoint\",\"urlTemplate\":\"https:\\\/\\\/www.evropskakuca.me\\\/me\\\/?s={search_term_string}\"},\"query-input\":{\"@type\":\"PropertyValueSpecification\",\"valueRequired\":true,\"valueName\":\"search_term_string\"}}],\"inLanguage\":\"me-ME\"},{\"@type\":\"Organization\",\"@id\":\"https:\\\/\\\/www.evropskakuca.me\\\/me\\\/#organization\",\"name\":\"Evropean house\",\"url\":\"https:\\\/\\\/www.evropskakuca.me\\\/me\\\/\",\"logo\":{\"@type\":\"ImageObject\",\"inLanguage\":\"me-ME\",\"@id\":\"https:\\\/\\\/www.evropskakuca.me\\\/me\\\/#\\\/schema\\\/logo\\\/image\\\/\",\"url\":\"https:\\\/\\\/www.evropskakuca.me\\\/wp-content\\\/uploads\\\/2025\\\/01\\\/evropska-kuca-logo-1.png\",\"contentUrl\":\"https:\\\/\\\/www.evropskakuca.me\\\/wp-content\\\/uploads\\\/2025\\\/01\\\/evropska-kuca-logo-1.png\",\"width\":425,\"height\":312,\"caption\":\"Evropean house\"},\"image\":{\"@id\":\"https:\\\/\\\/www.evropskakuca.me\\\/me\\\/#\\\/schema\\\/logo\\\/image\\\/\"},\"sameAs\":[\"https:\\\/\\\/www.facebook.com\\\/evropska.kuca\",\"https:\\\/\\\/x.com\\\/evropska_kuca\",\"https:\\\/\\\/www.instagram.com\\\/evropska_kuca\"]}]}<\/script>\n<!-- \/ Yoast SEO plugin. -->","yoast_head_json":{"title":"Od samostalne radnje do porodi\u010dnog biznisa kroz IPARD - Europe House","robots":{"index":"index","follow":"follow","max-snippet":"max-snippet:-1","max-image-preview":"max-image-preview:large","max-video-preview":"max-video-preview:-1"},"canonical":"https:\/\/www.evropskakuca.me\/me\/story\/od-samostalne-radnje-do-porodicnog-biznisa-kroz-ipard\/","og_locale":"en_US","og_type":"article","og_title":"Od samostalne radnje do porodi\u010dnog biznisa kroz IPARD - Europe House","og_description":"U Kli\u010devu, na obodu Nik\u0161i\u0107a, nalazi se jedna od dvije fabrike mesne industrije Goranovi\u0107. U fabrici je u\u017eurbano jutro. Dok ekipa Evropske ku\u0107e obilazi objekat, prostorije se ni\u017eu kao na traci. Savremene ma\u0161ine i radna atmosfera koju smo zatekli odaju utisak prave moderne kompanije. Goranovi\u0107i su izgradili rasko\u0161an porodi\u010dni biznis. No, susret s osniva\u010dem, \u0110or\u0111ijem [&hellip;]","og_url":"https:\/\/www.evropskakuca.me\/me\/story\/od-samostalne-radnje-do-porodicnog-biznisa-kroz-ipard\/","og_site_name":"Europe House","article_publisher":"https:\/\/www.facebook.com\/evropska.kuca","og_image":[{"width":2560,"height":1707,"url":"https:\/\/www.evropskakuca.me\/wp-content\/uploads\/2023\/07\/CNASLOVNA.jpg","type":"image\/jpeg"}],"twitter_card":"summary_large_image","twitter_site":"@evropska_kuca","twitter_misc":{"Est. reading time":"3 minutes"},"schema":{"@context":"https:\/\/schema.org","@graph":[{"@type":"WebPage","@id":"https:\/\/www.evropskakuca.me\/me\/story\/od-samostalne-radnje-do-porodicnog-biznisa-kroz-ipard\/","url":"https:\/\/www.evropskakuca.me\/me\/story\/od-samostalne-radnje-do-porodicnog-biznisa-kroz-ipard\/","name":"Od samostalne radnje do porodi\u010dnog biznisa kroz IPARD - Europe House","isPartOf":{"@id":"https:\/\/www.evropskakuca.me\/me\/#website"},"primaryImageOfPage":{"@id":"https:\/\/www.evropskakuca.me\/me\/story\/od-samostalne-radnje-do-porodicnog-biznisa-kroz-ipard\/#primaryimage"},"image":{"@id":"https:\/\/www.evropskakuca.me\/me\/story\/od-samostalne-radnje-do-porodicnog-biznisa-kroz-ipard\/#primaryimage"},"thumbnailUrl":"https:\/\/www.evropskakuca.me\/wp-content\/uploads\/2023\/07\/CNASLOVNA.jpg","datePublished":"2023-07-19T13:53:58+00:00","breadcrumb":{"@id":"https:\/\/www.evropskakuca.me\/me\/story\/od-samostalne-radnje-do-porodicnog-biznisa-kroz-ipard\/#breadcrumb"},"inLanguage":"me-ME","potentialAction":[{"@type":"ReadAction","target":["https:\/\/www.evropskakuca.me\/me\/story\/od-samostalne-radnje-do-porodicnog-biznisa-kroz-ipard\/"]}]},{"@type":"ImageObject","inLanguage":"me-ME","@id":"https:\/\/www.evropskakuca.me\/me\/story\/od-samostalne-radnje-do-porodicnog-biznisa-kroz-ipard\/#primaryimage","url":"https:\/\/www.evropskakuca.me\/wp-content\/uploads\/2023\/07\/CNASLOVNA.jpg","contentUrl":"https:\/\/www.evropskakuca.me\/wp-content\/uploads\/2023\/07\/CNASLOVNA.jpg","width":2560,"height":1707},{"@type":"BreadcrumbList","@id":"https:\/\/www.evropskakuca.me\/me\/story\/od-samostalne-radnje-do-porodicnog-biznisa-kroz-ipard\/#breadcrumb","itemListElement":[{"@type":"ListItem","position":1,"name":"Home","item":"https:\/\/www.evropskakuca.me\/me\/"},{"@type":"ListItem","position":2,"name":"Od samostalne radnje do porodi\u010dnog biznisa kroz IPARD"}]},{"@type":"WebSite","@id":"https:\/\/www.evropskakuca.me\/me\/#website","url":"https:\/\/www.evropskakuca.me\/me\/","name":"Evropean house","description":"","publisher":{"@id":"https:\/\/www.evropskakuca.me\/me\/#organization"},"potentialAction":[{"@type":"SearchAction","target":{"@type":"EntryPoint","urlTemplate":"https:\/\/www.evropskakuca.me\/me\/?s={search_term_string}"},"query-input":{"@type":"PropertyValueSpecification","valueRequired":true,"valueName":"search_term_string"}}],"inLanguage":"me-ME"},{"@type":"Organization","@id":"https:\/\/www.evropskakuca.me\/me\/#organization","name":"Evropean house","url":"https:\/\/www.evropskakuca.me\/me\/","logo":{"@type":"ImageObject","inLanguage":"me-ME","@id":"https:\/\/www.evropskakuca.me\/me\/#\/schema\/logo\/image\/","url":"https:\/\/www.evropskakuca.me\/wp-content\/uploads\/2025\/01\/evropska-kuca-logo-1.png","contentUrl":"https:\/\/www.evropskakuca.me\/wp-content\/uploads\/2025\/01\/evropska-kuca-logo-1.png","width":425,"height":312,"caption":"Evropean house"},"image":{"@id":"https:\/\/www.evropskakuca.me\/me\/#\/schema\/logo\/image\/"},"sameAs":["https:\/\/www.facebook.com\/evropska.kuca","https:\/\/x.com\/evropska_kuca","https:\/\/www.instagram.com\/evropska_kuca"]}]}},"_links":{"self":[{"href":"https:\/\/www.evropskakuca.me\/me\/wp-json\/wp\/v2\/story\/25919","targetHints":{"allow":["GET"]}}],"collection":[{"href":"https:\/\/www.evropskakuca.me\/me\/wp-json\/wp\/v2\/story"}],"about":[{"href":"https:\/\/www.evropskakuca.me\/me\/wp-json\/wp\/v2\/types\/story"}],"wp:featuredmedia":[{"embeddable":true,"href":"https:\/\/www.evropskakuca.me\/me\/wp-json\/wp\/v2\/media\/39575"}],"wp:attachment":[{"href":"https:\/\/www.evropskakuca.me\/me\/wp-json\/wp\/v2\/media?parent=25919"}],"curies":[{"name":"wp","href":"https:\/\/api.w.org\/{rel}","templated":true}]}}