{"id":25482,"date":"2023-06-21T14:58:16","date_gmt":"2023-06-21T14:58:16","guid":{"rendered":"https:\/\/evropskakuca.me\/?post_type=story&#038;p=25482"},"modified":"2025-01-23T13:14:16","modified_gmt":"2025-01-23T13:14:16","slug":"najveca-plantaza-jabuka-uz-eu-podrsku","status":"publish","type":"story","link":"https:\/\/www.evropskakuca.me\/me\/story\/najveca-plantaza-jabuka-uz-eu-podrsku\/","title":{"rendered":"Najve\u0107a planta\u017ea jabuka uz EU podr\u0161ku"},"content":{"rendered":"<p>&#8220;Na\u0161e vo\u0107e&#8221; k\u2019o jabuka.<\/p>\n<p>U srcu \u017dupe Nik\u0161i\u0107ke nalazi se planta\u017ea jabuka \u201cNa\u0161e vo\u0107e\u201d. Gotovo u nedogled pru\u017eaju se redovi jabuka.<\/p>\n<p><img fetchpriority=\"high\" decoding=\"async\" class=\"aligncenter size-large wp-image-25501\" src=\"https:\/\/evropskakuca.me\/wp-content\/uploads\/2023\/06\/Nase_Voce-59-of-65-1024x683.jpg\" alt=\"\" width=\"1024\" height=\"683\" \/><\/p>\n<p>Velika sadnja jabuka je u toku, dok ne\u0161to stariji zasad jabuke pupi. &#8220;Dakle, ovo \u0107e da budu plodovi za koji mjesec kad se zavr\u0161i opra\u0161ivanje&#8221;, obja\u0161njava nam vlasnik kompanije &#8220;Na\u0161e vo\u0107e&#8221; Milan Golubovi\u0107.<\/p>\n<p>Blaga klima a plodno tlo pogodni su za uzgoj crvene sorte jabuka, otkriva nam on.<\/p>\n\n<p>Na prostoru biv\u0161e zemljoradni\u010dke zadruge &#8220;\u017dupa&#8221; danas se nalazi moderni objekat za \u010duvanje i preradu vo\u0107a i vi\u0161egodi\u0161nji zasad jabuke.<\/p>\n<p>Savremeni zasad zahtijeva velika ulaganja, ali su zato visoki prinosi i kvalitet plodova zagarantovani. Na ovom jedinstvenom imanju uzgajaju pet vrsta jabuke, zlatni i crveni deli\u0161es, gala, greni smith i novu sortu na na\u0161em tr\u017ei\u0161tu fud\u017ei.<\/p>\n<p><img decoding=\"async\" class=\"aligncenter size-large wp-image-25518\" src=\"https:\/\/evropskakuca.me\/wp-content\/uploads\/2023\/06\/Nase_Voce-33-of-65-1024x683.jpg\" alt=\"\" width=\"1024\" height=\"683\" \/><\/p>\n<p>\u201cImamo dnevne promjene temperature i do dvadeset stepeni. Dakle, u ljetnjem periodu, ujutru i tokom no\u0107i temperatura bude oko 10 stepeni a preko dana bude oko 30 stepeni. Zato dolazi do pove\u0107anog bojanja jabuke i ve\u0107e koli\u010dine \u0161e\u0107era u samom plodu. I to je ne\u0161to \u0161to mikro-lokalitet daje ovim sortama\u201d, obja\u0161njava Milan.<\/p>\n<p>Bibaum je specifi\u010dna sadnica po svom obliku. Na jednom korijenu ima dvije ose. Pri centralnoj osi kuda prolaze sokovi ima veliku koli\u010dinu jabuka zato \u0107e sok i sve hranjive materije da idu direktno u plodove. Upravo zato daje vi\u0161e jabuka prve klase.<\/p>\n<p><img decoding=\"async\" class=\"aligncenter size-large wp-image-25499\" src=\"https:\/\/evropskakuca.me\/wp-content\/uploads\/2023\/06\/Nase_Voce-52-of-65-1024x683.jpg\" alt=\"\" width=\"1024\" height=\"683\" \/><\/p>\n<p>\u201cKada zavr\u0161imo podizanje zasada, ukupno \u0107emo imati 35 hektara sa oko 125 hiljada sadnica. Najve\u0107i dio smo obezbijedili uz pomo\u0107 Evropske unije. Mi smo veliki IPARD aplikanti. Do sada smo imali tri IPARD poziva u kojima smo u\u010destvovali kroz mjeru 1 i tri poziva kroz mjeru 3. Od 35 hektara imanja, nekih 27 ili 28 smo podigli kroz IPARD\u201d, isti\u010de Golubovi\u0107.<\/p>\n<p>Kroz mjeru 3 Golubovi\u0107i su izgradili savremeni objekat za \u010duvanje vo\u0107a, kupili opremu za sortiranje jabuka kao i liniju za sokove i proizvodnju d\u017eemova.<\/p>\n\n<p>Milan ka\u017ee da im podr\u0161ka EU kroz IPARD mnogo zna\u010di. Kako nagla\u0161ava, da nije bilo nje bio bi upitan cijeli projekat, ako ne cijeli projekat, bila bi upitna dinamika projekta.<\/p>\n<p>Nihov primarni proizvod je konzumna jabuka ali su nedavno pokrenuli i proizvodnju sokova. Sokovi \u2018\u2019Na\u0161e vo\u0107e\u2019\u2019 stigli su i na rafove doma\u0107ih trgovina.<\/p>\n\n<p>\u201cPo\u0161to je vo\u0107njak mlad godi\u0161nji prinos je oko 400 tona jabuka. Kada vo\u0107njak bude stariji bi\u0107e i prinos ve\u0107i pa \u0107emo morati da se okrenemo izvozu\u201d, zaklju\u010duje Milan.<\/p>\n<p>\u201cNa\u0161e vo\u0107e\u201d k\u2019o jabuka zdravo, slatko i doma\u0107e. U planu su nove sadnice, projekti kao i nove prijave na IPARD program.<\/p>\n<p><iframe title=\"Na\u0161e Vo\u0107e - Najve\u0107a planta\u017ea jabuka uz EU podr\u0161ku\" width=\"800\" height=\"450\" src=\"https:\/\/www.youtube.com\/embed\/AbBix21Ua8I?feature=oembed\" frameborder=\"0\" allow=\"accelerometer; autoplay; clipboard-write; encrypted-media; gyroscope; picture-in-picture; web-share\" referrerpolicy=\"strict-origin-when-cross-origin\" allowfullscreen><\/iframe><\/p>\n","protected":false},"featured_media":39497,"template":"","class_list":["post-25482","story","type-story","status-publish","has-post-thumbnail","hentry"],"acf":[],"yoast_head":"<!-- This site is optimized with the Yoast SEO plugin v27.3 - https:\/\/yoast.com\/product\/yoast-seo-wordpress\/ -->\n<title>Najve\u0107a planta\u017ea jabuka uz EU podr\u0161ku - Europe House<\/title>\n<meta name=\"robots\" content=\"index, follow, max-snippet:-1, max-image-preview:large, max-video-preview:-1\" \/>\n<link rel=\"canonical\" href=\"https:\/\/www.evropskakuca.me\/me\/story\/najveca-plantaza-jabuka-uz-eu-podrsku\/\" \/>\n<meta property=\"og:locale\" content=\"en_US\" \/>\n<meta property=\"og:type\" content=\"article\" \/>\n<meta property=\"og:title\" content=\"Najve\u0107a planta\u017ea jabuka uz EU podr\u0161ku - Europe House\" \/>\n<meta property=\"og:description\" content=\"&#8220;Na\u0161e vo\u0107e&#8221; k\u2019o jabuka. U srcu \u017dupe Nik\u0161i\u0107ke nalazi se planta\u017ea jabuka \u201cNa\u0161e vo\u0107e\u201d. Gotovo u nedogled pru\u017eaju se redovi jabuka. Velika sadnja jabuka je u toku, dok ne\u0161to stariji zasad jabuke pupi. &#8220;Dakle, ovo \u0107e da budu plodovi za koji mjesec kad se zavr\u0161i opra\u0161ivanje&#8221;, obja\u0161njava nam vlasnik kompanije &#8220;Na\u0161e vo\u0107e&#8221; Milan Golubovi\u0107. Blaga [&hellip;]\" \/>\n<meta property=\"og:url\" content=\"https:\/\/www.evropskakuca.me\/me\/story\/najveca-plantaza-jabuka-uz-eu-podrsku\/\" \/>\n<meta property=\"og:site_name\" content=\"Europe House\" \/>\n<meta property=\"article:publisher\" content=\"https:\/\/www.facebook.com\/evropska.kuca\" \/>\n<meta property=\"article:modified_time\" content=\"2025-01-23T13:14:16+00:00\" \/>\n<meta property=\"og:image\" content=\"https:\/\/www.evropskakuca.me\/wp-content\/uploads\/2023\/06\/nase-vpoce-dron-1024x576.png\" \/>\n\t<meta property=\"og:image:width\" content=\"1024\" \/>\n\t<meta property=\"og:image:height\" content=\"576\" \/>\n\t<meta property=\"og:image:type\" content=\"image\/png\" \/>\n<meta name=\"twitter:card\" content=\"summary_large_image\" \/>\n<meta name=\"twitter:site\" content=\"@evropska_kuca\" \/>\n<meta name=\"twitter:label1\" content=\"Est. reading time\" \/>\n\t<meta name=\"twitter:data1\" content=\"3 minutes\" \/>\n<script type=\"application\/ld+json\" class=\"yoast-schema-graph\">{\"@context\":\"https:\\\/\\\/schema.org\",\"@graph\":[{\"@type\":\"WebPage\",\"@id\":\"https:\\\/\\\/www.evropskakuca.me\\\/me\\\/story\\\/najveca-plantaza-jabuka-uz-eu-podrsku\\\/\",\"url\":\"https:\\\/\\\/www.evropskakuca.me\\\/me\\\/story\\\/najveca-plantaza-jabuka-uz-eu-podrsku\\\/\",\"name\":\"Najve\u0107a planta\u017ea jabuka uz EU podr\u0161ku - Europe House\",\"isPartOf\":{\"@id\":\"https:\\\/\\\/www.evropskakuca.me\\\/me\\\/#website\"},\"primaryImageOfPage\":{\"@id\":\"https:\\\/\\\/www.evropskakuca.me\\\/me\\\/story\\\/najveca-plantaza-jabuka-uz-eu-podrsku\\\/#primaryimage\"},\"image\":{\"@id\":\"https:\\\/\\\/www.evropskakuca.me\\\/me\\\/story\\\/najveca-plantaza-jabuka-uz-eu-podrsku\\\/#primaryimage\"},\"thumbnailUrl\":\"https:\\\/\\\/www.evropskakuca.me\\\/wp-content\\\/uploads\\\/2023\\\/06\\\/nase-vpoce-dron.png\",\"datePublished\":\"2023-06-21T14:58:16+00:00\",\"dateModified\":\"2025-01-23T13:14:16+00:00\",\"breadcrumb\":{\"@id\":\"https:\\\/\\\/www.evropskakuca.me\\\/me\\\/story\\\/najveca-plantaza-jabuka-uz-eu-podrsku\\\/#breadcrumb\"},\"inLanguage\":\"me-ME\",\"potentialAction\":[{\"@type\":\"ReadAction\",\"target\":[\"https:\\\/\\\/www.evropskakuca.me\\\/me\\\/story\\\/najveca-plantaza-jabuka-uz-eu-podrsku\\\/\"]}]},{\"@type\":\"ImageObject\",\"inLanguage\":\"me-ME\",\"@id\":\"https:\\\/\\\/www.evropskakuca.me\\\/me\\\/story\\\/najveca-plantaza-jabuka-uz-eu-podrsku\\\/#primaryimage\",\"url\":\"https:\\\/\\\/www.evropskakuca.me\\\/wp-content\\\/uploads\\\/2023\\\/06\\\/nase-vpoce-dron.png\",\"contentUrl\":\"https:\\\/\\\/www.evropskakuca.me\\\/wp-content\\\/uploads\\\/2023\\\/06\\\/nase-vpoce-dron.png\",\"width\":1920,\"height\":1080},{\"@type\":\"BreadcrumbList\",\"@id\":\"https:\\\/\\\/www.evropskakuca.me\\\/me\\\/story\\\/najveca-plantaza-jabuka-uz-eu-podrsku\\\/#breadcrumb\",\"itemListElement\":[{\"@type\":\"ListItem\",\"position\":1,\"name\":\"Home\",\"item\":\"https:\\\/\\\/www.evropskakuca.me\\\/me\\\/\"},{\"@type\":\"ListItem\",\"position\":2,\"name\":\"Najve\u0107a planta\u017ea jabuka uz EU podr\u0161ku\"}]},{\"@type\":\"WebSite\",\"@id\":\"https:\\\/\\\/www.evropskakuca.me\\\/me\\\/#website\",\"url\":\"https:\\\/\\\/www.evropskakuca.me\\\/me\\\/\",\"name\":\"Evropean house\",\"description\":\"\",\"publisher\":{\"@id\":\"https:\\\/\\\/www.evropskakuca.me\\\/me\\\/#organization\"},\"potentialAction\":[{\"@type\":\"SearchAction\",\"target\":{\"@type\":\"EntryPoint\",\"urlTemplate\":\"https:\\\/\\\/www.evropskakuca.me\\\/me\\\/?s={search_term_string}\"},\"query-input\":{\"@type\":\"PropertyValueSpecification\",\"valueRequired\":true,\"valueName\":\"search_term_string\"}}],\"inLanguage\":\"me-ME\"},{\"@type\":\"Organization\",\"@id\":\"https:\\\/\\\/www.evropskakuca.me\\\/me\\\/#organization\",\"name\":\"Evropean house\",\"url\":\"https:\\\/\\\/www.evropskakuca.me\\\/me\\\/\",\"logo\":{\"@type\":\"ImageObject\",\"inLanguage\":\"me-ME\",\"@id\":\"https:\\\/\\\/www.evropskakuca.me\\\/me\\\/#\\\/schema\\\/logo\\\/image\\\/\",\"url\":\"https:\\\/\\\/www.evropskakuca.me\\\/wp-content\\\/uploads\\\/2025\\\/01\\\/evropska-kuca-logo-1.png\",\"contentUrl\":\"https:\\\/\\\/www.evropskakuca.me\\\/wp-content\\\/uploads\\\/2025\\\/01\\\/evropska-kuca-logo-1.png\",\"width\":425,\"height\":312,\"caption\":\"Evropean house\"},\"image\":{\"@id\":\"https:\\\/\\\/www.evropskakuca.me\\\/me\\\/#\\\/schema\\\/logo\\\/image\\\/\"},\"sameAs\":[\"https:\\\/\\\/www.facebook.com\\\/evropska.kuca\",\"https:\\\/\\\/x.com\\\/evropska_kuca\",\"https:\\\/\\\/www.instagram.com\\\/evropska_kuca\"]}]}<\/script>\n<!-- \/ Yoast SEO plugin. -->","yoast_head_json":{"title":"Najve\u0107a planta\u017ea jabuka uz EU podr\u0161ku - Europe House","robots":{"index":"index","follow":"follow","max-snippet":"max-snippet:-1","max-image-preview":"max-image-preview:large","max-video-preview":"max-video-preview:-1"},"canonical":"https:\/\/www.evropskakuca.me\/me\/story\/najveca-plantaza-jabuka-uz-eu-podrsku\/","og_locale":"en_US","og_type":"article","og_title":"Najve\u0107a planta\u017ea jabuka uz EU podr\u0161ku - Europe House","og_description":"&#8220;Na\u0161e vo\u0107e&#8221; k\u2019o jabuka. U srcu \u017dupe Nik\u0161i\u0107ke nalazi se planta\u017ea jabuka \u201cNa\u0161e vo\u0107e\u201d. Gotovo u nedogled pru\u017eaju se redovi jabuka. Velika sadnja jabuka je u toku, dok ne\u0161to stariji zasad jabuke pupi. &#8220;Dakle, ovo \u0107e da budu plodovi za koji mjesec kad se zavr\u0161i opra\u0161ivanje&#8221;, obja\u0161njava nam vlasnik kompanije &#8220;Na\u0161e vo\u0107e&#8221; Milan Golubovi\u0107. Blaga [&hellip;]","og_url":"https:\/\/www.evropskakuca.me\/me\/story\/najveca-plantaza-jabuka-uz-eu-podrsku\/","og_site_name":"Europe House","article_publisher":"https:\/\/www.facebook.com\/evropska.kuca","article_modified_time":"2025-01-23T13:14:16+00:00","og_image":[{"width":1024,"height":576,"url":"https:\/\/www.evropskakuca.me\/wp-content\/uploads\/2023\/06\/nase-vpoce-dron-1024x576.png","type":"image\/png"}],"twitter_card":"summary_large_image","twitter_site":"@evropska_kuca","twitter_misc":{"Est. reading time":"3 minutes"},"schema":{"@context":"https:\/\/schema.org","@graph":[{"@type":"WebPage","@id":"https:\/\/www.evropskakuca.me\/me\/story\/najveca-plantaza-jabuka-uz-eu-podrsku\/","url":"https:\/\/www.evropskakuca.me\/me\/story\/najveca-plantaza-jabuka-uz-eu-podrsku\/","name":"Najve\u0107a planta\u017ea jabuka uz EU podr\u0161ku - Europe House","isPartOf":{"@id":"https:\/\/www.evropskakuca.me\/me\/#website"},"primaryImageOfPage":{"@id":"https:\/\/www.evropskakuca.me\/me\/story\/najveca-plantaza-jabuka-uz-eu-podrsku\/#primaryimage"},"image":{"@id":"https:\/\/www.evropskakuca.me\/me\/story\/najveca-plantaza-jabuka-uz-eu-podrsku\/#primaryimage"},"thumbnailUrl":"https:\/\/www.evropskakuca.me\/wp-content\/uploads\/2023\/06\/nase-vpoce-dron.png","datePublished":"2023-06-21T14:58:16+00:00","dateModified":"2025-01-23T13:14:16+00:00","breadcrumb":{"@id":"https:\/\/www.evropskakuca.me\/me\/story\/najveca-plantaza-jabuka-uz-eu-podrsku\/#breadcrumb"},"inLanguage":"me-ME","potentialAction":[{"@type":"ReadAction","target":["https:\/\/www.evropskakuca.me\/me\/story\/najveca-plantaza-jabuka-uz-eu-podrsku\/"]}]},{"@type":"ImageObject","inLanguage":"me-ME","@id":"https:\/\/www.evropskakuca.me\/me\/story\/najveca-plantaza-jabuka-uz-eu-podrsku\/#primaryimage","url":"https:\/\/www.evropskakuca.me\/wp-content\/uploads\/2023\/06\/nase-vpoce-dron.png","contentUrl":"https:\/\/www.evropskakuca.me\/wp-content\/uploads\/2023\/06\/nase-vpoce-dron.png","width":1920,"height":1080},{"@type":"BreadcrumbList","@id":"https:\/\/www.evropskakuca.me\/me\/story\/najveca-plantaza-jabuka-uz-eu-podrsku\/#breadcrumb","itemListElement":[{"@type":"ListItem","position":1,"name":"Home","item":"https:\/\/www.evropskakuca.me\/me\/"},{"@type":"ListItem","position":2,"name":"Najve\u0107a planta\u017ea jabuka uz EU podr\u0161ku"}]},{"@type":"WebSite","@id":"https:\/\/www.evropskakuca.me\/me\/#website","url":"https:\/\/www.evropskakuca.me\/me\/","name":"Evropean house","description":"","publisher":{"@id":"https:\/\/www.evropskakuca.me\/me\/#organization"},"potentialAction":[{"@type":"SearchAction","target":{"@type":"EntryPoint","urlTemplate":"https:\/\/www.evropskakuca.me\/me\/?s={search_term_string}"},"query-input":{"@type":"PropertyValueSpecification","valueRequired":true,"valueName":"search_term_string"}}],"inLanguage":"me-ME"},{"@type":"Organization","@id":"https:\/\/www.evropskakuca.me\/me\/#organization","name":"Evropean house","url":"https:\/\/www.evropskakuca.me\/me\/","logo":{"@type":"ImageObject","inLanguage":"me-ME","@id":"https:\/\/www.evropskakuca.me\/me\/#\/schema\/logo\/image\/","url":"https:\/\/www.evropskakuca.me\/wp-content\/uploads\/2025\/01\/evropska-kuca-logo-1.png","contentUrl":"https:\/\/www.evropskakuca.me\/wp-content\/uploads\/2025\/01\/evropska-kuca-logo-1.png","width":425,"height":312,"caption":"Evropean house"},"image":{"@id":"https:\/\/www.evropskakuca.me\/me\/#\/schema\/logo\/image\/"},"sameAs":["https:\/\/www.facebook.com\/evropska.kuca","https:\/\/x.com\/evropska_kuca","https:\/\/www.instagram.com\/evropska_kuca"]}]}},"_links":{"self":[{"href":"https:\/\/www.evropskakuca.me\/me\/wp-json\/wp\/v2\/story\/25482","targetHints":{"allow":["GET"]}}],"collection":[{"href":"https:\/\/www.evropskakuca.me\/me\/wp-json\/wp\/v2\/story"}],"about":[{"href":"https:\/\/www.evropskakuca.me\/me\/wp-json\/wp\/v2\/types\/story"}],"wp:featuredmedia":[{"embeddable":true,"href":"https:\/\/www.evropskakuca.me\/me\/wp-json\/wp\/v2\/media\/39497"}],"wp:attachment":[{"href":"https:\/\/www.evropskakuca.me\/me\/wp-json\/wp\/v2\/media?parent=25482"}],"curies":[{"name":"wp","href":"https:\/\/api.w.org\/{rel}","templated":true}]}}