{"id":25402,"date":"2023-06-14T11:40:08","date_gmt":"2023-06-14T11:40:08","guid":{"rendered":"https:\/\/evropskakuca.me\/?post_type=story&#038;p=25402"},"modified":"2025-01-23T13:02:13","modified_gmt":"2025-01-23T13:02:13","slug":"inat-vino-i-ipard-podrska","status":"publish","type":"story","link":"https:\/\/www.evropskakuca.me\/me\/story\/inat-vino-i-ipard-podrska\/","title":{"rendered":"Vinarija Markovi\u0107: Inat, vino i IPARD podr\u0161ka"},"content":{"rendered":"<p>U Dobrskom Selu, nadomak Cetinja, gdje morski vjetrovi iz Boke Kotorske susre\u0107u hladnu planinsku klimu, nalazi se vinarija Markovi\u0107.<\/p>\n<p>Obilje sunca i svje\u017ee no\u0107i pogoduju uzgoju vinove loze.<\/p>\n<p><img fetchpriority=\"high\" decoding=\"async\" class=\"aligncenter size-large wp-image-25421\" src=\"https:\/\/evropskakuca.me\/wp-content\/uploads\/2023\/06\/Markovic-26-1024x682.jpg\" alt=\"\" width=\"1024\" height=\"682\" \/><\/p>\n<p>\u2018\u2019Imaju stihovi u \u2018\u2019Gorskom vijencu\u2019\u2019 gdje pi\u0161e da je rakija iz ovog sela najbolja rakija u Crnoj Gori. Postoje i podaci da se iz ovog sela vino slu\u017eilo na dvoru u Engleskoj\u2019\u2019, isti\u010de vlasnik vinarije Vesko Markovi\u0107.<\/p>\n\n<p>Ipak, da bi ovo imanje vremenom preraslo u uspje\u0161an posao, bilo je potrebno mnogo odricanja i podr\u0161ke sa strane. Zahvaljuju\u0107i podr\u0161ci Evropske unije, kroz IPARD program, vinarija Makovi\u0107 danas raspola\u017ee sa impresivnih 22 hektara zemlji\u0161ta i oko 7 hiljada \u010dokota vinove loze.<\/p>\n\n<p>&#8220;Mnogo nam je zna\u010dila podr\u0161ka EU. Sve \u0161to smo napravili od sadnje \u010dokota, navodnjavanja, do stubova, pa za projekat opremanja vinarije&#8230; za sve smo koristili IPARD sredstva. Radili smo i panele za proizvodnju elektri\u010dne energije, panele za toplu vodu da bi se tehnolo\u0161ki proces proizvodnje vina zaokru\u017eio&#8221;, nagla\u0161ava Vesko.<\/p>\n<p>U svom vinogradu Markovi\u0107i uzgajaju tri sorte vinove loze ali posebnu pa\u017enju privla\u010di rijetka vrsta Crna Tamjanika koju \u010duvaju kao malo vode na dlanu.<\/p>\n<p><img decoding=\"async\" class=\"aligncenter size-large wp-image-25409\" src=\"https:\/\/evropskakuca.me\/wp-content\/uploads\/2023\/06\/Markovic-48-1024x682.jpg\" alt=\"\" width=\"1024\" height=\"682\" \/><\/p>\n<p>&#8220;To je vrsta loze koja je najrje\u0111a na svijetu, upravo zato \u0161to je ona vrlo te\u0161ka za rad. Ovo je loza koja nema samooplodnju i mora da ima opra\u0161iva\u010d pored nje, a to je zbog klimatskih promjena te\u0161ko pogoditi da druga loza procvjeta u isto vrijeme kad i ova loza. Ali smo dobili diku na\u0161e vinarije &#8211; INAT&#8221;, kazao nam je Markovi\u0107.<\/p>\n\n<p>Vinarija Markovi\u0107 je uspje\u0161na IPARD pri\u010da. Pri\u010da o porodici, marljivosti, pa \u010dak i inatu. Ba\u0161 kao i Crna Tamjanika vinarija Markovi\u0107 svjedo\u010di da upornost, posve\u0107enost i ljubav daju plodove.<\/p>\n<p><iframe title=\"Vinarija Markovi\u0107 - uspje\u0161na IPARD pri\u010da\" width=\"800\" height=\"450\" src=\"https:\/\/www.youtube.com\/embed\/aAUGyvIYYzM?feature=oembed\" frameborder=\"0\" allow=\"accelerometer; autoplay; clipboard-write; encrypted-media; gyroscope; picture-in-picture; web-share\" referrerpolicy=\"strict-origin-when-cross-origin\" allowfullscreen><\/iframe><\/p>\n","protected":false},"featured_media":39333,"template":"","class_list":["post-25402","story","type-story","status-publish","has-post-thumbnail","hentry"],"acf":[],"yoast_head":"<!-- This site is optimized with the Yoast SEO plugin v27.3 - https:\/\/yoast.com\/product\/yoast-seo-wordpress\/ -->\n<title>Vinarija Markovi\u0107: Inat, vino i IPARD podr\u0161ka - Europe House<\/title>\n<meta name=\"robots\" content=\"index, follow, max-snippet:-1, max-image-preview:large, max-video-preview:-1\" \/>\n<link rel=\"canonical\" href=\"https:\/\/www.evropskakuca.me\/me\/story\/inat-vino-i-ipard-podrska\/\" \/>\n<meta property=\"og:locale\" content=\"en_US\" \/>\n<meta property=\"og:type\" content=\"article\" \/>\n<meta property=\"og:title\" content=\"Vinarija Markovi\u0107: Inat, vino i IPARD podr\u0161ka - Europe House\" \/>\n<meta property=\"og:description\" content=\"U Dobrskom Selu, nadomak Cetinja, gdje morski vjetrovi iz Boke Kotorske susre\u0107u hladnu planinsku klimu, nalazi se vinarija Markovi\u0107. Obilje sunca i svje\u017ee no\u0107i pogoduju uzgoju vinove loze. \u2018\u2019Imaju stihovi u \u2018\u2019Gorskom vijencu\u2019\u2019 gdje pi\u0161e da je rakija iz ovog sela najbolja rakija u Crnoj Gori. Postoje i podaci da se iz ovog sela vino [&hellip;]\" \/>\n<meta property=\"og:url\" content=\"https:\/\/www.evropskakuca.me\/me\/story\/inat-vino-i-ipard-podrska\/\" \/>\n<meta property=\"og:site_name\" content=\"Europe House\" \/>\n<meta property=\"article:publisher\" content=\"https:\/\/www.facebook.com\/evropska.kuca\" \/>\n<meta property=\"article:modified_time\" content=\"2025-01-23T13:02:13+00:00\" \/>\n<meta property=\"og:image\" content=\"https:\/\/www.evropskakuca.me\/wp-content\/uploads\/2023\/06\/Markovic-40.jpg\" \/>\n\t<meta property=\"og:image:width\" content=\"2000\" \/>\n\t<meta property=\"og:image:height\" content=\"1333\" \/>\n\t<meta property=\"og:image:type\" content=\"image\/jpeg\" \/>\n<meta name=\"twitter:card\" content=\"summary_large_image\" \/>\n<meta name=\"twitter:site\" content=\"@evropska_kuca\" \/>\n<meta name=\"twitter:label1\" content=\"Est. reading time\" \/>\n\t<meta name=\"twitter:data1\" content=\"2 minutes\" \/>\n<script type=\"application\/ld+json\" class=\"yoast-schema-graph\">{\"@context\":\"https:\\\/\\\/schema.org\",\"@graph\":[{\"@type\":\"WebPage\",\"@id\":\"https:\\\/\\\/www.evropskakuca.me\\\/me\\\/story\\\/inat-vino-i-ipard-podrska\\\/\",\"url\":\"https:\\\/\\\/www.evropskakuca.me\\\/me\\\/story\\\/inat-vino-i-ipard-podrska\\\/\",\"name\":\"Vinarija Markovi\u0107: Inat, vino i IPARD podr\u0161ka - Europe House\",\"isPartOf\":{\"@id\":\"https:\\\/\\\/www.evropskakuca.me\\\/me\\\/#website\"},\"primaryImageOfPage\":{\"@id\":\"https:\\\/\\\/www.evropskakuca.me\\\/me\\\/story\\\/inat-vino-i-ipard-podrska\\\/#primaryimage\"},\"image\":{\"@id\":\"https:\\\/\\\/www.evropskakuca.me\\\/me\\\/story\\\/inat-vino-i-ipard-podrska\\\/#primaryimage\"},\"thumbnailUrl\":\"https:\\\/\\\/www.evropskakuca.me\\\/wp-content\\\/uploads\\\/2023\\\/06\\\/Markovic-40.jpg\",\"datePublished\":\"2023-06-14T11:40:08+00:00\",\"dateModified\":\"2025-01-23T13:02:13+00:00\",\"breadcrumb\":{\"@id\":\"https:\\\/\\\/www.evropskakuca.me\\\/me\\\/story\\\/inat-vino-i-ipard-podrska\\\/#breadcrumb\"},\"inLanguage\":\"me-ME\",\"potentialAction\":[{\"@type\":\"ReadAction\",\"target\":[\"https:\\\/\\\/www.evropskakuca.me\\\/me\\\/story\\\/inat-vino-i-ipard-podrska\\\/\"]}]},{\"@type\":\"ImageObject\",\"inLanguage\":\"me-ME\",\"@id\":\"https:\\\/\\\/www.evropskakuca.me\\\/me\\\/story\\\/inat-vino-i-ipard-podrska\\\/#primaryimage\",\"url\":\"https:\\\/\\\/www.evropskakuca.me\\\/wp-content\\\/uploads\\\/2023\\\/06\\\/Markovic-40.jpg\",\"contentUrl\":\"https:\\\/\\\/www.evropskakuca.me\\\/wp-content\\\/uploads\\\/2023\\\/06\\\/Markovic-40.jpg\",\"width\":2000,\"height\":1333},{\"@type\":\"BreadcrumbList\",\"@id\":\"https:\\\/\\\/www.evropskakuca.me\\\/me\\\/story\\\/inat-vino-i-ipard-podrska\\\/#breadcrumb\",\"itemListElement\":[{\"@type\":\"ListItem\",\"position\":1,\"name\":\"Home\",\"item\":\"https:\\\/\\\/www.evropskakuca.me\\\/me\\\/\"},{\"@type\":\"ListItem\",\"position\":2,\"name\":\"Vinarija Markovi\u0107: Inat, vino i IPARD podr\u0161ka\"}]},{\"@type\":\"WebSite\",\"@id\":\"https:\\\/\\\/www.evropskakuca.me\\\/me\\\/#website\",\"url\":\"https:\\\/\\\/www.evropskakuca.me\\\/me\\\/\",\"name\":\"Evropean house\",\"description\":\"\",\"publisher\":{\"@id\":\"https:\\\/\\\/www.evropskakuca.me\\\/me\\\/#organization\"},\"potentialAction\":[{\"@type\":\"SearchAction\",\"target\":{\"@type\":\"EntryPoint\",\"urlTemplate\":\"https:\\\/\\\/www.evropskakuca.me\\\/me\\\/?s={search_term_string}\"},\"query-input\":{\"@type\":\"PropertyValueSpecification\",\"valueRequired\":true,\"valueName\":\"search_term_string\"}}],\"inLanguage\":\"me-ME\"},{\"@type\":\"Organization\",\"@id\":\"https:\\\/\\\/www.evropskakuca.me\\\/me\\\/#organization\",\"name\":\"Evropean house\",\"url\":\"https:\\\/\\\/www.evropskakuca.me\\\/me\\\/\",\"logo\":{\"@type\":\"ImageObject\",\"inLanguage\":\"me-ME\",\"@id\":\"https:\\\/\\\/www.evropskakuca.me\\\/me\\\/#\\\/schema\\\/logo\\\/image\\\/\",\"url\":\"https:\\\/\\\/www.evropskakuca.me\\\/wp-content\\\/uploads\\\/2025\\\/01\\\/evropska-kuca-logo-1.png\",\"contentUrl\":\"https:\\\/\\\/www.evropskakuca.me\\\/wp-content\\\/uploads\\\/2025\\\/01\\\/evropska-kuca-logo-1.png\",\"width\":425,\"height\":312,\"caption\":\"Evropean house\"},\"image\":{\"@id\":\"https:\\\/\\\/www.evropskakuca.me\\\/me\\\/#\\\/schema\\\/logo\\\/image\\\/\"},\"sameAs\":[\"https:\\\/\\\/www.facebook.com\\\/evropska.kuca\",\"https:\\\/\\\/x.com\\\/evropska_kuca\",\"https:\\\/\\\/www.instagram.com\\\/evropska_kuca\"]}]}<\/script>\n<!-- \/ Yoast SEO plugin. -->","yoast_head_json":{"title":"Vinarija Markovi\u0107: Inat, vino i IPARD podr\u0161ka - Europe House","robots":{"index":"index","follow":"follow","max-snippet":"max-snippet:-1","max-image-preview":"max-image-preview:large","max-video-preview":"max-video-preview:-1"},"canonical":"https:\/\/www.evropskakuca.me\/me\/story\/inat-vino-i-ipard-podrska\/","og_locale":"en_US","og_type":"article","og_title":"Vinarija Markovi\u0107: Inat, vino i IPARD podr\u0161ka - Europe House","og_description":"U Dobrskom Selu, nadomak Cetinja, gdje morski vjetrovi iz Boke Kotorske susre\u0107u hladnu planinsku klimu, nalazi se vinarija Markovi\u0107. Obilje sunca i svje\u017ee no\u0107i pogoduju uzgoju vinove loze. \u2018\u2019Imaju stihovi u \u2018\u2019Gorskom vijencu\u2019\u2019 gdje pi\u0161e da je rakija iz ovog sela najbolja rakija u Crnoj Gori. Postoje i podaci da se iz ovog sela vino [&hellip;]","og_url":"https:\/\/www.evropskakuca.me\/me\/story\/inat-vino-i-ipard-podrska\/","og_site_name":"Europe House","article_publisher":"https:\/\/www.facebook.com\/evropska.kuca","article_modified_time":"2025-01-23T13:02:13+00:00","og_image":[{"width":2000,"height":1333,"url":"https:\/\/www.evropskakuca.me\/wp-content\/uploads\/2023\/06\/Markovic-40.jpg","type":"image\/jpeg"}],"twitter_card":"summary_large_image","twitter_site":"@evropska_kuca","twitter_misc":{"Est. reading time":"2 minutes"},"schema":{"@context":"https:\/\/schema.org","@graph":[{"@type":"WebPage","@id":"https:\/\/www.evropskakuca.me\/me\/story\/inat-vino-i-ipard-podrska\/","url":"https:\/\/www.evropskakuca.me\/me\/story\/inat-vino-i-ipard-podrska\/","name":"Vinarija Markovi\u0107: Inat, vino i IPARD podr\u0161ka - Europe House","isPartOf":{"@id":"https:\/\/www.evropskakuca.me\/me\/#website"},"primaryImageOfPage":{"@id":"https:\/\/www.evropskakuca.me\/me\/story\/inat-vino-i-ipard-podrska\/#primaryimage"},"image":{"@id":"https:\/\/www.evropskakuca.me\/me\/story\/inat-vino-i-ipard-podrska\/#primaryimage"},"thumbnailUrl":"https:\/\/www.evropskakuca.me\/wp-content\/uploads\/2023\/06\/Markovic-40.jpg","datePublished":"2023-06-14T11:40:08+00:00","dateModified":"2025-01-23T13:02:13+00:00","breadcrumb":{"@id":"https:\/\/www.evropskakuca.me\/me\/story\/inat-vino-i-ipard-podrska\/#breadcrumb"},"inLanguage":"me-ME","potentialAction":[{"@type":"ReadAction","target":["https:\/\/www.evropskakuca.me\/me\/story\/inat-vino-i-ipard-podrska\/"]}]},{"@type":"ImageObject","inLanguage":"me-ME","@id":"https:\/\/www.evropskakuca.me\/me\/story\/inat-vino-i-ipard-podrska\/#primaryimage","url":"https:\/\/www.evropskakuca.me\/wp-content\/uploads\/2023\/06\/Markovic-40.jpg","contentUrl":"https:\/\/www.evropskakuca.me\/wp-content\/uploads\/2023\/06\/Markovic-40.jpg","width":2000,"height":1333},{"@type":"BreadcrumbList","@id":"https:\/\/www.evropskakuca.me\/me\/story\/inat-vino-i-ipard-podrska\/#breadcrumb","itemListElement":[{"@type":"ListItem","position":1,"name":"Home","item":"https:\/\/www.evropskakuca.me\/me\/"},{"@type":"ListItem","position":2,"name":"Vinarija Markovi\u0107: Inat, vino i IPARD podr\u0161ka"}]},{"@type":"WebSite","@id":"https:\/\/www.evropskakuca.me\/me\/#website","url":"https:\/\/www.evropskakuca.me\/me\/","name":"Evropean house","description":"","publisher":{"@id":"https:\/\/www.evropskakuca.me\/me\/#organization"},"potentialAction":[{"@type":"SearchAction","target":{"@type":"EntryPoint","urlTemplate":"https:\/\/www.evropskakuca.me\/me\/?s={search_term_string}"},"query-input":{"@type":"PropertyValueSpecification","valueRequired":true,"valueName":"search_term_string"}}],"inLanguage":"me-ME"},{"@type":"Organization","@id":"https:\/\/www.evropskakuca.me\/me\/#organization","name":"Evropean house","url":"https:\/\/www.evropskakuca.me\/me\/","logo":{"@type":"ImageObject","inLanguage":"me-ME","@id":"https:\/\/www.evropskakuca.me\/me\/#\/schema\/logo\/image\/","url":"https:\/\/www.evropskakuca.me\/wp-content\/uploads\/2025\/01\/evropska-kuca-logo-1.png","contentUrl":"https:\/\/www.evropskakuca.me\/wp-content\/uploads\/2025\/01\/evropska-kuca-logo-1.png","width":425,"height":312,"caption":"Evropean house"},"image":{"@id":"https:\/\/www.evropskakuca.me\/me\/#\/schema\/logo\/image\/"},"sameAs":["https:\/\/www.facebook.com\/evropska.kuca","https:\/\/x.com\/evropska_kuca","https:\/\/www.instagram.com\/evropska_kuca"]}]}},"_links":{"self":[{"href":"https:\/\/www.evropskakuca.me\/me\/wp-json\/wp\/v2\/story\/25402","targetHints":{"allow":["GET"]}}],"collection":[{"href":"https:\/\/www.evropskakuca.me\/me\/wp-json\/wp\/v2\/story"}],"about":[{"href":"https:\/\/www.evropskakuca.me\/me\/wp-json\/wp\/v2\/types\/story"}],"wp:featuredmedia":[{"embeddable":true,"href":"https:\/\/www.evropskakuca.me\/me\/wp-json\/wp\/v2\/media\/39333"}],"wp:attachment":[{"href":"https:\/\/www.evropskakuca.me\/me\/wp-json\/wp\/v2\/media?parent=25402"}],"curies":[{"name":"wp","href":"https:\/\/api.w.org\/{rel}","templated":true}]}}