{"id":25319,"date":"2023-06-08T13:03:33","date_gmt":"2023-06-08T13:03:33","guid":{"rendered":"https:\/\/evropskakuca.me\/?post_type=story&#038;p=25319"},"modified":"2025-01-23T14:17:44","modified_gmt":"2025-01-23T14:17:44","slug":"mianja-vrhunski-crnogorski-prsut-uz-eu-podrsku","status":"publish","type":"story","link":"https:\/\/www.evropskakuca.me\/me\/story\/mianja-vrhunski-crnogorski-prsut-uz-eu-podrsku\/","title":{"rendered":"MiAnja &#8211; vrhunski crnogorski pr\u0161ut uz EU podr\u0161ku"},"content":{"rendered":"<p>U Crnoj Gori, izme\u0111u planina i mora, doma\u0107a trpeza je nezamisliva bez pr\u0161uta. Porodica Vujovi\u0107 njeguje tradiciju pravljenja vrhunskog crnogorskog pr\u0161uta u Humcima, na Cetinju.<\/p>\n<p>Kada zakora\u010dite u njihovu pr\u0161utaru, osjetite spoj tradicije i modernog.<\/p>\n<p><img fetchpriority=\"high\" decoding=\"async\" class=\"aligncenter size-large wp-image-25334\" src=\"https:\/\/evropskakuca.me\/wp-content\/uploads\/2023\/06\/Mianja-26-1024x682.jpg\" alt=\"\" width=\"1024\" height=\"682\" \/><\/p>\n<p>Krenuli su sa malim objektom i proizvodnjom dimljenog pr\u0161uta, a danas godi\u0161nje proizvode do 30.000 komada pr\u0161uta. Vremenom, dodatni posao prerastao je u porodi\u010dni posao, obja\u0161njava nam vlasnik Boris Vujovi\u0107, dok desetak radnika koliko ih kompanija MiAnja danas broji, pa\u017eljivo priprema i obra\u0111uje proizvode.<\/p>\n<p>Zahvaljuju\u0107i podr\u0161ci Evropske unije, kroz IPARD program, ova vrijedna porodica je modernizovala svoj posao.<\/p>\n\n<p>\u2018\u2019Da bismo unaprijedili na\u0161u proizvodnju napravili smo liniju za rezanje i pakovanje proizvoda, kao i komoru za zrenje pr\u0161uta. Napravili smo zna\u010dajne u\u0161tede energije jer smo kroz IPARD obezbijedili i solarne panele za toplu vodu i toplotne pumpe\u2019\u2019, isti\u010de Boris.<\/p>\n<p>IPARD podr\u0161ka za razvoj posebno zna\u010di malim proizvo\u0111a\u010dima s obzirom da je mehanizacija prili\u010dno skupa, dodaje on.<br \/>\nNjihov porodi\u010dni posao je prerasao lokalne okvire i postao sinonim za kvalitet u suhomesnatim proizvodima. MiAnjine proizvode karakteri\u0161e prepoznatljiva aroma, blagi salinitet i fina vlaknasta struktura mesa. Me\u0111u prvima u Crnoj Gori su primijenili svjetski prihvatljivo su\u0161enje mesa bez dima, postav\u0161i pioniri u svojoj industriji. U tome im je mnogo pomogla IPARD podr\u0161ka.<\/p>\n<p><img decoding=\"async\" class=\"aligncenter size-large wp-image-25330\" src=\"https:\/\/evropskakuca.me\/wp-content\/uploads\/2023\/06\/Mianja-34-1024x682.jpg\" alt=\"\" width=\"1024\" height=\"682\" \/><\/p>\n<p>&#8220;Ovo je jedan od prvih pogona koji radi u kontrolisanim uslovima. Pr\u0161uti sazrijevaju u najboljim uslovima: kontrolisana je temeperatura i vla\u017enost vazduha. Tako da tokom cijele godine imaju najbolje uslove\u2019\u2019, tvrdi Boris.<\/p>\n<p>Pa\u017eljivo odabrana sirovina zajedno sa tradicionalnom recepturom, ru\u010dnom obradom i dugotrajnim procesom su\u0161enja daje pr\u0161utu karakteristi\u010dan ukus i miris koji osvaja sva\u010dije nepce.<\/p>\n\n<p>No, sve vi\u0161e izra\u017eeni problem sa radnom snagom zahtijeva automatizaciju proizvodnje. Zato su Vujovi\u0107i zapo\u010deli izgradnju novog objekta i kroz novi IPARD poziv planiraju da nabave liniju za soljenje, kao i liniju za otko\u0161tavanje pr\u0161uta, koje bi olak\u0161ale proizvodnju i tra\u017eile manje obu\u010denu radnu snagu.<\/p>\n<p>Hrabrost, znanje, ljubav i posve\u0107enost &#8211; to je tajna njihovog uspjeha. O \u010demu svjedo\u010de brojna priznanja i zlatne medalje za kvalitet i izvrsnost. Uz IPARD vjetar u le\u0111a, ova porodica nastavlja da pi\u0161e svoju uspje\u0161nu pri\u010du. Pri\u010du o Ivani, Borisu, Miji, Anji i Aleksi. Pri\u010du o porodi\u010dnoj snazi, ljubavi i tradiciji koja traje \u010detvrt vijeka.<\/p>\n<p><iframe title=\"Kompanija MiAnja - vrhunski crnogorski pr\u0161ut uz EU podr\u0161ku\" width=\"800\" height=\"450\" src=\"https:\/\/www.youtube.com\/embed\/M2ypsaSYK8g?feature=oembed\" frameborder=\"0\" allow=\"accelerometer; autoplay; clipboard-write; encrypted-media; gyroscope; picture-in-picture; web-share\" referrerpolicy=\"strict-origin-when-cross-origin\" allowfullscreen><\/iframe><\/p>\n","protected":false},"featured_media":39381,"template":"","class_list":["post-25319","story","type-story","status-publish","has-post-thumbnail","hentry"],"acf":[],"yoast_head":"<!-- This site is optimized with the Yoast SEO plugin v27.3 - https:\/\/yoast.com\/product\/yoast-seo-wordpress\/ -->\n<title>MiAnja - vrhunski crnogorski pr\u0161ut uz EU podr\u0161ku - Europe House<\/title>\n<meta name=\"robots\" content=\"index, follow, max-snippet:-1, max-image-preview:large, max-video-preview:-1\" \/>\n<link rel=\"canonical\" href=\"https:\/\/www.evropskakuca.me\/me\/story\/mianja-vrhunski-crnogorski-prsut-uz-eu-podrsku\/\" \/>\n<meta property=\"og:locale\" content=\"en_US\" \/>\n<meta property=\"og:type\" content=\"article\" \/>\n<meta property=\"og:title\" content=\"MiAnja - vrhunski crnogorski pr\u0161ut uz EU podr\u0161ku - Europe House\" \/>\n<meta property=\"og:description\" content=\"U Crnoj Gori, izme\u0111u planina i mora, doma\u0107a trpeza je nezamisliva bez pr\u0161uta. Porodica Vujovi\u0107 njeguje tradiciju pravljenja vrhunskog crnogorskog pr\u0161uta u Humcima, na Cetinju. Kada zakora\u010dite u njihovu pr\u0161utaru, osjetite spoj tradicije i modernog. Krenuli su sa malim objektom i proizvodnjom dimljenog pr\u0161uta, a danas godi\u0161nje proizvode do 30.000 komada pr\u0161uta. Vremenom, dodatni posao [&hellip;]\" \/>\n<meta property=\"og:url\" content=\"https:\/\/www.evropskakuca.me\/me\/story\/mianja-vrhunski-crnogorski-prsut-uz-eu-podrsku\/\" \/>\n<meta property=\"og:site_name\" content=\"Europe House\" \/>\n<meta property=\"article:publisher\" content=\"https:\/\/www.facebook.com\/evropska.kuca\" \/>\n<meta property=\"article:modified_time\" content=\"2025-01-23T14:17:44+00:00\" \/>\n<meta property=\"og:image\" content=\"https:\/\/www.evropskakuca.me\/wp-content\/uploads\/2023\/06\/Mianja-17-1024x682.jpg\" \/>\n\t<meta property=\"og:image:width\" content=\"1024\" \/>\n\t<meta property=\"og:image:height\" content=\"682\" \/>\n\t<meta property=\"og:image:type\" content=\"image\/jpeg\" \/>\n<meta name=\"twitter:card\" content=\"summary_large_image\" \/>\n<meta name=\"twitter:site\" content=\"@evropska_kuca\" \/>\n<meta name=\"twitter:label1\" content=\"Est. reading time\" \/>\n\t<meta name=\"twitter:data1\" content=\"3 minutes\" \/>\n<script type=\"application\/ld+json\" class=\"yoast-schema-graph\">{\"@context\":\"https:\\\/\\\/schema.org\",\"@graph\":[{\"@type\":\"WebPage\",\"@id\":\"https:\\\/\\\/www.evropskakuca.me\\\/me\\\/story\\\/mianja-vrhunski-crnogorski-prsut-uz-eu-podrsku\\\/\",\"url\":\"https:\\\/\\\/www.evropskakuca.me\\\/me\\\/story\\\/mianja-vrhunski-crnogorski-prsut-uz-eu-podrsku\\\/\",\"name\":\"MiAnja - vrhunski crnogorski pr\u0161ut uz EU podr\u0161ku - Europe House\",\"isPartOf\":{\"@id\":\"https:\\\/\\\/www.evropskakuca.me\\\/me\\\/#website\"},\"primaryImageOfPage\":{\"@id\":\"https:\\\/\\\/www.evropskakuca.me\\\/me\\\/story\\\/mianja-vrhunski-crnogorski-prsut-uz-eu-podrsku\\\/#primaryimage\"},\"image\":{\"@id\":\"https:\\\/\\\/www.evropskakuca.me\\\/me\\\/story\\\/mianja-vrhunski-crnogorski-prsut-uz-eu-podrsku\\\/#primaryimage\"},\"thumbnailUrl\":\"https:\\\/\\\/www.evropskakuca.me\\\/wp-content\\\/uploads\\\/2023\\\/06\\\/Mianja-17.jpg\",\"datePublished\":\"2023-06-08T13:03:33+00:00\",\"dateModified\":\"2025-01-23T14:17:44+00:00\",\"breadcrumb\":{\"@id\":\"https:\\\/\\\/www.evropskakuca.me\\\/me\\\/story\\\/mianja-vrhunski-crnogorski-prsut-uz-eu-podrsku\\\/#breadcrumb\"},\"inLanguage\":\"me-ME\",\"potentialAction\":[{\"@type\":\"ReadAction\",\"target\":[\"https:\\\/\\\/www.evropskakuca.me\\\/me\\\/story\\\/mianja-vrhunski-crnogorski-prsut-uz-eu-podrsku\\\/\"]}]},{\"@type\":\"ImageObject\",\"inLanguage\":\"me-ME\",\"@id\":\"https:\\\/\\\/www.evropskakuca.me\\\/me\\\/story\\\/mianja-vrhunski-crnogorski-prsut-uz-eu-podrsku\\\/#primaryimage\",\"url\":\"https:\\\/\\\/www.evropskakuca.me\\\/wp-content\\\/uploads\\\/2023\\\/06\\\/Mianja-17.jpg\",\"contentUrl\":\"https:\\\/\\\/www.evropskakuca.me\\\/wp-content\\\/uploads\\\/2023\\\/06\\\/Mianja-17.jpg\",\"width\":2000,\"height\":1333},{\"@type\":\"BreadcrumbList\",\"@id\":\"https:\\\/\\\/www.evropskakuca.me\\\/me\\\/story\\\/mianja-vrhunski-crnogorski-prsut-uz-eu-podrsku\\\/#breadcrumb\",\"itemListElement\":[{\"@type\":\"ListItem\",\"position\":1,\"name\":\"Home\",\"item\":\"https:\\\/\\\/www.evropskakuca.me\\\/me\\\/\"},{\"@type\":\"ListItem\",\"position\":2,\"name\":\"MiAnja &#8211; vrhunski crnogorski pr\u0161ut uz EU podr\u0161ku\"}]},{\"@type\":\"WebSite\",\"@id\":\"https:\\\/\\\/www.evropskakuca.me\\\/me\\\/#website\",\"url\":\"https:\\\/\\\/www.evropskakuca.me\\\/me\\\/\",\"name\":\"Evropean house\",\"description\":\"\",\"publisher\":{\"@id\":\"https:\\\/\\\/www.evropskakuca.me\\\/me\\\/#organization\"},\"potentialAction\":[{\"@type\":\"SearchAction\",\"target\":{\"@type\":\"EntryPoint\",\"urlTemplate\":\"https:\\\/\\\/www.evropskakuca.me\\\/me\\\/?s={search_term_string}\"},\"query-input\":{\"@type\":\"PropertyValueSpecification\",\"valueRequired\":true,\"valueName\":\"search_term_string\"}}],\"inLanguage\":\"me-ME\"},{\"@type\":\"Organization\",\"@id\":\"https:\\\/\\\/www.evropskakuca.me\\\/me\\\/#organization\",\"name\":\"Evropean house\",\"url\":\"https:\\\/\\\/www.evropskakuca.me\\\/me\\\/\",\"logo\":{\"@type\":\"ImageObject\",\"inLanguage\":\"me-ME\",\"@id\":\"https:\\\/\\\/www.evropskakuca.me\\\/me\\\/#\\\/schema\\\/logo\\\/image\\\/\",\"url\":\"https:\\\/\\\/www.evropskakuca.me\\\/wp-content\\\/uploads\\\/2025\\\/01\\\/evropska-kuca-logo-1.png\",\"contentUrl\":\"https:\\\/\\\/www.evropskakuca.me\\\/wp-content\\\/uploads\\\/2025\\\/01\\\/evropska-kuca-logo-1.png\",\"width\":425,\"height\":312,\"caption\":\"Evropean house\"},\"image\":{\"@id\":\"https:\\\/\\\/www.evropskakuca.me\\\/me\\\/#\\\/schema\\\/logo\\\/image\\\/\"},\"sameAs\":[\"https:\\\/\\\/www.facebook.com\\\/evropska.kuca\",\"https:\\\/\\\/x.com\\\/evropska_kuca\",\"https:\\\/\\\/www.instagram.com\\\/evropska_kuca\"]}]}<\/script>\n<!-- \/ Yoast SEO plugin. -->","yoast_head_json":{"title":"MiAnja - vrhunski crnogorski pr\u0161ut uz EU podr\u0161ku - Europe House","robots":{"index":"index","follow":"follow","max-snippet":"max-snippet:-1","max-image-preview":"max-image-preview:large","max-video-preview":"max-video-preview:-1"},"canonical":"https:\/\/www.evropskakuca.me\/me\/story\/mianja-vrhunski-crnogorski-prsut-uz-eu-podrsku\/","og_locale":"en_US","og_type":"article","og_title":"MiAnja - vrhunski crnogorski pr\u0161ut uz EU podr\u0161ku - Europe House","og_description":"U Crnoj Gori, izme\u0111u planina i mora, doma\u0107a trpeza je nezamisliva bez pr\u0161uta. Porodica Vujovi\u0107 njeguje tradiciju pravljenja vrhunskog crnogorskog pr\u0161uta u Humcima, na Cetinju. Kada zakora\u010dite u njihovu pr\u0161utaru, osjetite spoj tradicije i modernog. Krenuli su sa malim objektom i proizvodnjom dimljenog pr\u0161uta, a danas godi\u0161nje proizvode do 30.000 komada pr\u0161uta. Vremenom, dodatni posao [&hellip;]","og_url":"https:\/\/www.evropskakuca.me\/me\/story\/mianja-vrhunski-crnogorski-prsut-uz-eu-podrsku\/","og_site_name":"Europe House","article_publisher":"https:\/\/www.facebook.com\/evropska.kuca","article_modified_time":"2025-01-23T14:17:44+00:00","og_image":[{"width":1024,"height":682,"url":"https:\/\/www.evropskakuca.me\/wp-content\/uploads\/2023\/06\/Mianja-17-1024x682.jpg","type":"image\/jpeg"}],"twitter_card":"summary_large_image","twitter_site":"@evropska_kuca","twitter_misc":{"Est. reading time":"3 minutes"},"schema":{"@context":"https:\/\/schema.org","@graph":[{"@type":"WebPage","@id":"https:\/\/www.evropskakuca.me\/me\/story\/mianja-vrhunski-crnogorski-prsut-uz-eu-podrsku\/","url":"https:\/\/www.evropskakuca.me\/me\/story\/mianja-vrhunski-crnogorski-prsut-uz-eu-podrsku\/","name":"MiAnja - vrhunski crnogorski pr\u0161ut uz EU podr\u0161ku - Europe House","isPartOf":{"@id":"https:\/\/www.evropskakuca.me\/me\/#website"},"primaryImageOfPage":{"@id":"https:\/\/www.evropskakuca.me\/me\/story\/mianja-vrhunski-crnogorski-prsut-uz-eu-podrsku\/#primaryimage"},"image":{"@id":"https:\/\/www.evropskakuca.me\/me\/story\/mianja-vrhunski-crnogorski-prsut-uz-eu-podrsku\/#primaryimage"},"thumbnailUrl":"https:\/\/www.evropskakuca.me\/wp-content\/uploads\/2023\/06\/Mianja-17.jpg","datePublished":"2023-06-08T13:03:33+00:00","dateModified":"2025-01-23T14:17:44+00:00","breadcrumb":{"@id":"https:\/\/www.evropskakuca.me\/me\/story\/mianja-vrhunski-crnogorski-prsut-uz-eu-podrsku\/#breadcrumb"},"inLanguage":"me-ME","potentialAction":[{"@type":"ReadAction","target":["https:\/\/www.evropskakuca.me\/me\/story\/mianja-vrhunski-crnogorski-prsut-uz-eu-podrsku\/"]}]},{"@type":"ImageObject","inLanguage":"me-ME","@id":"https:\/\/www.evropskakuca.me\/me\/story\/mianja-vrhunski-crnogorski-prsut-uz-eu-podrsku\/#primaryimage","url":"https:\/\/www.evropskakuca.me\/wp-content\/uploads\/2023\/06\/Mianja-17.jpg","contentUrl":"https:\/\/www.evropskakuca.me\/wp-content\/uploads\/2023\/06\/Mianja-17.jpg","width":2000,"height":1333},{"@type":"BreadcrumbList","@id":"https:\/\/www.evropskakuca.me\/me\/story\/mianja-vrhunski-crnogorski-prsut-uz-eu-podrsku\/#breadcrumb","itemListElement":[{"@type":"ListItem","position":1,"name":"Home","item":"https:\/\/www.evropskakuca.me\/me\/"},{"@type":"ListItem","position":2,"name":"MiAnja &#8211; vrhunski crnogorski pr\u0161ut uz EU podr\u0161ku"}]},{"@type":"WebSite","@id":"https:\/\/www.evropskakuca.me\/me\/#website","url":"https:\/\/www.evropskakuca.me\/me\/","name":"Evropean house","description":"","publisher":{"@id":"https:\/\/www.evropskakuca.me\/me\/#organization"},"potentialAction":[{"@type":"SearchAction","target":{"@type":"EntryPoint","urlTemplate":"https:\/\/www.evropskakuca.me\/me\/?s={search_term_string}"},"query-input":{"@type":"PropertyValueSpecification","valueRequired":true,"valueName":"search_term_string"}}],"inLanguage":"me-ME"},{"@type":"Organization","@id":"https:\/\/www.evropskakuca.me\/me\/#organization","name":"Evropean house","url":"https:\/\/www.evropskakuca.me\/me\/","logo":{"@type":"ImageObject","inLanguage":"me-ME","@id":"https:\/\/www.evropskakuca.me\/me\/#\/schema\/logo\/image\/","url":"https:\/\/www.evropskakuca.me\/wp-content\/uploads\/2025\/01\/evropska-kuca-logo-1.png","contentUrl":"https:\/\/www.evropskakuca.me\/wp-content\/uploads\/2025\/01\/evropska-kuca-logo-1.png","width":425,"height":312,"caption":"Evropean house"},"image":{"@id":"https:\/\/www.evropskakuca.me\/me\/#\/schema\/logo\/image\/"},"sameAs":["https:\/\/www.facebook.com\/evropska.kuca","https:\/\/x.com\/evropska_kuca","https:\/\/www.instagram.com\/evropska_kuca"]}]}},"_links":{"self":[{"href":"https:\/\/www.evropskakuca.me\/me\/wp-json\/wp\/v2\/story\/25319","targetHints":{"allow":["GET"]}}],"collection":[{"href":"https:\/\/www.evropskakuca.me\/me\/wp-json\/wp\/v2\/story"}],"about":[{"href":"https:\/\/www.evropskakuca.me\/me\/wp-json\/wp\/v2\/types\/story"}],"wp:featuredmedia":[{"embeddable":true,"href":"https:\/\/www.evropskakuca.me\/me\/wp-json\/wp\/v2\/media\/39381"}],"wp:attachment":[{"href":"https:\/\/www.evropskakuca.me\/me\/wp-json\/wp\/v2\/media?parent=25319"}],"curies":[{"name":"wp","href":"https:\/\/api.w.org\/{rel}","templated":true}]}}