{"id":24182,"date":"2023-03-06T15:13:33","date_gmt":"2023-03-06T15:13:33","guid":{"rendered":"https:\/\/evropskakuca.me\/?post_type=story&#038;p=24182"},"modified":"2025-01-27T11:13:10","modified_gmt":"2025-01-27T11:13:10","slug":"otporniji-danilovgrad-uz-eu-podrsku","status":"publish","type":"story","link":"https:\/\/www.evropskakuca.me\/me\/story\/otporniji-danilovgrad-uz-eu-podrsku\/","title":{"rendered":"Sigurniji i otporniji Danilovgrad uz EU podr\u0161ku"},"content":{"rendered":"\n<p>Kroz projekat koji finansira EU, Danilovgrad je dobio novi moderni vatrogasni dom, terensko vozilo, \u010damce i drugu vrijednu opremu.<br>Ovaj projekat \u0107e omogu\u0107iti br\u017ee intervencije u kriti\u010dnim situacijama za gra\u0111ane. Njime \u0107e se stimulisati kvalitetniji rad tima za djelovanje u vanrednim situacijama, a Slu\u017eba za\u0161tite i spa\u0161avanja dobi\u0107e mnogo bolje uslove. Ovim \u0107e dr\u017eava Crna Gora dobiti i novi trening centar za djelovanje u poplavama i klizi\u0161tima.<\/p>\n\n\n\n<blockquote class=\"wp-block-quote is-layout-flow wp-block-quote-is-layout-flow\">\n<h2 class=\"wp-block-heading\"><strong>\u201eOvaj projekat \u0107e se nastaviti kroz nove aktivnosti. Imamo novi RESCOMM projekat, finansiran od strane Evropske unije, kroz koji je ve\u0107 nabavljena oprema, a planirana je i adaptacija krovnog pokriva\u010da,\u201c \u2013 istakao je zamjenik komandira Slu\u017ebe za\u0161tite i spa\u0161avanja, \u0110uro Pavi\u0107evi\u0107.<\/strong><\/h2>\n<\/blockquote>\n\n\n\n<p>Vatrogasnu stanicu nedavno je posjetila i ambasadorka EU u Crnoj Gori Oana Cristina Popa.<\/p>\n\n\n\n<blockquote class=\"wp-block-quote is-layout-flow wp-block-quote-is-layout-flow\">\n<h2 class=\"wp-block-heading\"><strong>&#8220;Vjerujem da je ovaj projekat jo\u0161 jedan sjajan primjer kako se sredstva EU mogu dobro iskoristiti &#8211; u ovom slu\u010daju za ja\u010danje otpornosti lokalne zajednice na prirodne nepogode,\u201c rekla je tom prilikom ambasadorka Popa.<\/strong><\/h2>\n<\/blockquote>\n\n\n\n<p>Vatrogasni dom omogu\u0107i\u0107e efikasno djelovanje u najte\u017eim situacijama spa\u0161avanja ljudskih \u017eivota i o\u010duvanje materijalnih dobara.<\/p>\n\n\n\n<p>Objekat ima oko 600 kvadrata, gara\u017eni dio, magacinski prostor, kao i salu za obuku.<\/p>\n\n\n\n<p>Projekat FLAT je finansirala EU sa blizu million eura kroz INTERREG IPA CBC Italy-Albania-Montenegro program.<\/p>\n\n\n\n<p><\/p>\n","protected":false},"featured_media":38801,"template":"","class_list":["post-24182","story","type-story","status-publish","has-post-thumbnail","hentry"],"acf":[],"yoast_head":"<!-- This site is optimized with the Yoast SEO plugin v27.3 - https:\/\/yoast.com\/product\/yoast-seo-wordpress\/ -->\n<title>Sigurniji i otporniji Danilovgrad uz EU podr\u0161ku - Europe House<\/title>\n<meta name=\"robots\" content=\"index, follow, max-snippet:-1, max-image-preview:large, max-video-preview:-1\" \/>\n<link rel=\"canonical\" href=\"https:\/\/www.evropskakuca.me\/me\/story\/otporniji-danilovgrad-uz-eu-podrsku\/\" \/>\n<meta property=\"og:locale\" content=\"en_US\" \/>\n<meta property=\"og:type\" content=\"article\" \/>\n<meta property=\"og:title\" content=\"Sigurniji i otporniji Danilovgrad uz EU podr\u0161ku - Europe House\" \/>\n<meta property=\"og:description\" content=\"Kroz projekat koji finansira EU, Danilovgrad je dobio novi moderni vatrogasni dom, terensko vozilo, \u010damce i drugu vrijednu opremu.Ovaj projekat \u0107e omogu\u0107iti br\u017ee intervencije u kriti\u010dnim situacijama za gra\u0111ane. Njime \u0107e se stimulisati kvalitetniji rad tima za djelovanje u vanrednim situacijama, a Slu\u017eba za\u0161tite i spa\u0161avanja dobi\u0107e mnogo bolje uslove. Ovim \u0107e dr\u017eava Crna Gora [&hellip;]\" \/>\n<meta property=\"og:url\" content=\"https:\/\/www.evropskakuca.me\/me\/story\/otporniji-danilovgrad-uz-eu-podrsku\/\" \/>\n<meta property=\"og:site_name\" content=\"Europe House\" \/>\n<meta property=\"article:publisher\" content=\"https:\/\/www.facebook.com\/evropska.kuca\" \/>\n<meta property=\"article:modified_time\" content=\"2025-01-27T11:13:10+00:00\" \/>\n<meta property=\"og:image\" content=\"https:\/\/www.evropskakuca.me\/wp-content\/uploads\/2023\/03\/eu_dg-48-of-57.jpg\" \/>\n\t<meta property=\"og:image:width\" content=\"2000\" \/>\n\t<meta property=\"og:image:height\" content=\"1333\" \/>\n\t<meta property=\"og:image:type\" content=\"image\/jpeg\" \/>\n<meta name=\"twitter:card\" content=\"summary_large_image\" \/>\n<meta name=\"twitter:site\" content=\"@evropska_kuca\" \/>\n<meta name=\"twitter:label1\" content=\"Est. reading time\" \/>\n\t<meta name=\"twitter:data1\" content=\"1 minute\" \/>\n<script type=\"application\/ld+json\" class=\"yoast-schema-graph\">{\"@context\":\"https:\\\/\\\/schema.org\",\"@graph\":[{\"@type\":\"WebPage\",\"@id\":\"https:\\\/\\\/www.evropskakuca.me\\\/me\\\/story\\\/otporniji-danilovgrad-uz-eu-podrsku\\\/\",\"url\":\"https:\\\/\\\/www.evropskakuca.me\\\/me\\\/story\\\/otporniji-danilovgrad-uz-eu-podrsku\\\/\",\"name\":\"Sigurniji i otporniji Danilovgrad uz EU podr\u0161ku - Europe House\",\"isPartOf\":{\"@id\":\"https:\\\/\\\/www.evropskakuca.me\\\/me\\\/#website\"},\"primaryImageOfPage\":{\"@id\":\"https:\\\/\\\/www.evropskakuca.me\\\/me\\\/story\\\/otporniji-danilovgrad-uz-eu-podrsku\\\/#primaryimage\"},\"image\":{\"@id\":\"https:\\\/\\\/www.evropskakuca.me\\\/me\\\/story\\\/otporniji-danilovgrad-uz-eu-podrsku\\\/#primaryimage\"},\"thumbnailUrl\":\"https:\\\/\\\/www.evropskakuca.me\\\/wp-content\\\/uploads\\\/2023\\\/03\\\/eu_dg-48-of-57.jpg\",\"datePublished\":\"2023-03-06T15:13:33+00:00\",\"dateModified\":\"2025-01-27T11:13:10+00:00\",\"breadcrumb\":{\"@id\":\"https:\\\/\\\/www.evropskakuca.me\\\/me\\\/story\\\/otporniji-danilovgrad-uz-eu-podrsku\\\/#breadcrumb\"},\"inLanguage\":\"me-ME\",\"potentialAction\":[{\"@type\":\"ReadAction\",\"target\":[\"https:\\\/\\\/www.evropskakuca.me\\\/me\\\/story\\\/otporniji-danilovgrad-uz-eu-podrsku\\\/\"]}]},{\"@type\":\"ImageObject\",\"inLanguage\":\"me-ME\",\"@id\":\"https:\\\/\\\/www.evropskakuca.me\\\/me\\\/story\\\/otporniji-danilovgrad-uz-eu-podrsku\\\/#primaryimage\",\"url\":\"https:\\\/\\\/www.evropskakuca.me\\\/wp-content\\\/uploads\\\/2023\\\/03\\\/eu_dg-48-of-57.jpg\",\"contentUrl\":\"https:\\\/\\\/www.evropskakuca.me\\\/wp-content\\\/uploads\\\/2023\\\/03\\\/eu_dg-48-of-57.jpg\",\"width\":2000,\"height\":1333},{\"@type\":\"BreadcrumbList\",\"@id\":\"https:\\\/\\\/www.evropskakuca.me\\\/me\\\/story\\\/otporniji-danilovgrad-uz-eu-podrsku\\\/#breadcrumb\",\"itemListElement\":[{\"@type\":\"ListItem\",\"position\":1,\"name\":\"Home\",\"item\":\"https:\\\/\\\/www.evropskakuca.me\\\/me\\\/\"},{\"@type\":\"ListItem\",\"position\":2,\"name\":\"Sigurniji i otporniji Danilovgrad uz EU podr\u0161ku\"}]},{\"@type\":\"WebSite\",\"@id\":\"https:\\\/\\\/www.evropskakuca.me\\\/me\\\/#website\",\"url\":\"https:\\\/\\\/www.evropskakuca.me\\\/me\\\/\",\"name\":\"Evropean house\",\"description\":\"\",\"publisher\":{\"@id\":\"https:\\\/\\\/www.evropskakuca.me\\\/me\\\/#organization\"},\"potentialAction\":[{\"@type\":\"SearchAction\",\"target\":{\"@type\":\"EntryPoint\",\"urlTemplate\":\"https:\\\/\\\/www.evropskakuca.me\\\/me\\\/?s={search_term_string}\"},\"query-input\":{\"@type\":\"PropertyValueSpecification\",\"valueRequired\":true,\"valueName\":\"search_term_string\"}}],\"inLanguage\":\"me-ME\"},{\"@type\":\"Organization\",\"@id\":\"https:\\\/\\\/www.evropskakuca.me\\\/me\\\/#organization\",\"name\":\"Evropean house\",\"url\":\"https:\\\/\\\/www.evropskakuca.me\\\/me\\\/\",\"logo\":{\"@type\":\"ImageObject\",\"inLanguage\":\"me-ME\",\"@id\":\"https:\\\/\\\/www.evropskakuca.me\\\/me\\\/#\\\/schema\\\/logo\\\/image\\\/\",\"url\":\"https:\\\/\\\/www.evropskakuca.me\\\/wp-content\\\/uploads\\\/2025\\\/01\\\/evropska-kuca-logo-1.png\",\"contentUrl\":\"https:\\\/\\\/www.evropskakuca.me\\\/wp-content\\\/uploads\\\/2025\\\/01\\\/evropska-kuca-logo-1.png\",\"width\":425,\"height\":312,\"caption\":\"Evropean house\"},\"image\":{\"@id\":\"https:\\\/\\\/www.evropskakuca.me\\\/me\\\/#\\\/schema\\\/logo\\\/image\\\/\"},\"sameAs\":[\"https:\\\/\\\/www.facebook.com\\\/evropska.kuca\",\"https:\\\/\\\/x.com\\\/evropska_kuca\",\"https:\\\/\\\/www.instagram.com\\\/evropska_kuca\"]}]}<\/script>\n<!-- \/ Yoast SEO plugin. -->","yoast_head_json":{"title":"Sigurniji i otporniji Danilovgrad uz EU podr\u0161ku - Europe House","robots":{"index":"index","follow":"follow","max-snippet":"max-snippet:-1","max-image-preview":"max-image-preview:large","max-video-preview":"max-video-preview:-1"},"canonical":"https:\/\/www.evropskakuca.me\/me\/story\/otporniji-danilovgrad-uz-eu-podrsku\/","og_locale":"en_US","og_type":"article","og_title":"Sigurniji i otporniji Danilovgrad uz EU podr\u0161ku - Europe House","og_description":"Kroz projekat koji finansira EU, Danilovgrad je dobio novi moderni vatrogasni dom, terensko vozilo, \u010damce i drugu vrijednu opremu.Ovaj projekat \u0107e omogu\u0107iti br\u017ee intervencije u kriti\u010dnim situacijama za gra\u0111ane. Njime \u0107e se stimulisati kvalitetniji rad tima za djelovanje u vanrednim situacijama, a Slu\u017eba za\u0161tite i spa\u0161avanja dobi\u0107e mnogo bolje uslove. Ovim \u0107e dr\u017eava Crna Gora [&hellip;]","og_url":"https:\/\/www.evropskakuca.me\/me\/story\/otporniji-danilovgrad-uz-eu-podrsku\/","og_site_name":"Europe House","article_publisher":"https:\/\/www.facebook.com\/evropska.kuca","article_modified_time":"2025-01-27T11:13:10+00:00","og_image":[{"width":2000,"height":1333,"url":"https:\/\/www.evropskakuca.me\/wp-content\/uploads\/2023\/03\/eu_dg-48-of-57.jpg","type":"image\/jpeg"}],"twitter_card":"summary_large_image","twitter_site":"@evropska_kuca","twitter_misc":{"Est. reading time":"1 minute"},"schema":{"@context":"https:\/\/schema.org","@graph":[{"@type":"WebPage","@id":"https:\/\/www.evropskakuca.me\/me\/story\/otporniji-danilovgrad-uz-eu-podrsku\/","url":"https:\/\/www.evropskakuca.me\/me\/story\/otporniji-danilovgrad-uz-eu-podrsku\/","name":"Sigurniji i otporniji Danilovgrad uz EU podr\u0161ku - Europe House","isPartOf":{"@id":"https:\/\/www.evropskakuca.me\/me\/#website"},"primaryImageOfPage":{"@id":"https:\/\/www.evropskakuca.me\/me\/story\/otporniji-danilovgrad-uz-eu-podrsku\/#primaryimage"},"image":{"@id":"https:\/\/www.evropskakuca.me\/me\/story\/otporniji-danilovgrad-uz-eu-podrsku\/#primaryimage"},"thumbnailUrl":"https:\/\/www.evropskakuca.me\/wp-content\/uploads\/2023\/03\/eu_dg-48-of-57.jpg","datePublished":"2023-03-06T15:13:33+00:00","dateModified":"2025-01-27T11:13:10+00:00","breadcrumb":{"@id":"https:\/\/www.evropskakuca.me\/me\/story\/otporniji-danilovgrad-uz-eu-podrsku\/#breadcrumb"},"inLanguage":"me-ME","potentialAction":[{"@type":"ReadAction","target":["https:\/\/www.evropskakuca.me\/me\/story\/otporniji-danilovgrad-uz-eu-podrsku\/"]}]},{"@type":"ImageObject","inLanguage":"me-ME","@id":"https:\/\/www.evropskakuca.me\/me\/story\/otporniji-danilovgrad-uz-eu-podrsku\/#primaryimage","url":"https:\/\/www.evropskakuca.me\/wp-content\/uploads\/2023\/03\/eu_dg-48-of-57.jpg","contentUrl":"https:\/\/www.evropskakuca.me\/wp-content\/uploads\/2023\/03\/eu_dg-48-of-57.jpg","width":2000,"height":1333},{"@type":"BreadcrumbList","@id":"https:\/\/www.evropskakuca.me\/me\/story\/otporniji-danilovgrad-uz-eu-podrsku\/#breadcrumb","itemListElement":[{"@type":"ListItem","position":1,"name":"Home","item":"https:\/\/www.evropskakuca.me\/me\/"},{"@type":"ListItem","position":2,"name":"Sigurniji i otporniji Danilovgrad uz EU podr\u0161ku"}]},{"@type":"WebSite","@id":"https:\/\/www.evropskakuca.me\/me\/#website","url":"https:\/\/www.evropskakuca.me\/me\/","name":"Evropean house","description":"","publisher":{"@id":"https:\/\/www.evropskakuca.me\/me\/#organization"},"potentialAction":[{"@type":"SearchAction","target":{"@type":"EntryPoint","urlTemplate":"https:\/\/www.evropskakuca.me\/me\/?s={search_term_string}"},"query-input":{"@type":"PropertyValueSpecification","valueRequired":true,"valueName":"search_term_string"}}],"inLanguage":"me-ME"},{"@type":"Organization","@id":"https:\/\/www.evropskakuca.me\/me\/#organization","name":"Evropean house","url":"https:\/\/www.evropskakuca.me\/me\/","logo":{"@type":"ImageObject","inLanguage":"me-ME","@id":"https:\/\/www.evropskakuca.me\/me\/#\/schema\/logo\/image\/","url":"https:\/\/www.evropskakuca.me\/wp-content\/uploads\/2025\/01\/evropska-kuca-logo-1.png","contentUrl":"https:\/\/www.evropskakuca.me\/wp-content\/uploads\/2025\/01\/evropska-kuca-logo-1.png","width":425,"height":312,"caption":"Evropean house"},"image":{"@id":"https:\/\/www.evropskakuca.me\/me\/#\/schema\/logo\/image\/"},"sameAs":["https:\/\/www.facebook.com\/evropska.kuca","https:\/\/x.com\/evropska_kuca","https:\/\/www.instagram.com\/evropska_kuca"]}]}},"_links":{"self":[{"href":"https:\/\/www.evropskakuca.me\/me\/wp-json\/wp\/v2\/story\/24182","targetHints":{"allow":["GET"]}}],"collection":[{"href":"https:\/\/www.evropskakuca.me\/me\/wp-json\/wp\/v2\/story"}],"about":[{"href":"https:\/\/www.evropskakuca.me\/me\/wp-json\/wp\/v2\/types\/story"}],"wp:featuredmedia":[{"embeddable":true,"href":"https:\/\/www.evropskakuca.me\/me\/wp-json\/wp\/v2\/media\/38801"}],"wp:attachment":[{"href":"https:\/\/www.evropskakuca.me\/me\/wp-json\/wp\/v2\/media?parent=24182"}],"curies":[{"name":"wp","href":"https:\/\/api.w.org\/{rel}","templated":true}]}}