{"id":24149,"date":"2023-03-06T14:36:49","date_gmt":"2023-03-06T14:36:49","guid":{"rendered":"https:\/\/evropskakuca.me\/?post_type=story&#038;p=24149"},"modified":"2025-01-27T13:07:55","modified_gmt":"2025-01-27T13:07:55","slug":"do-moderne-farme-pecuraka-kroz-ipard","status":"publish","type":"story","link":"https:\/\/www.evropskakuca.me\/me\/story\/do-moderne-farme-pecuraka-kroz-ipard\/","title":{"rendered":"Do moderne farme pe\u010duraka kroz IPARD"},"content":{"rendered":"\n<p class=\"has-text-align-center\">EU podr\u017eala projekat sa vi\u0161e od 700 hiljada eura<\/p>\n\n\n\n<p>U Novom selu, nadomak Danilovgrada nalazi se farma pe\u010duraka Monte plod. U fabrici je u\u017eurbano jutro. U toku je berba pe\u010duraka. Nasmijane radnice nas pozdravljaju i isti\u010du da nijesu umorne. Njihov posao je olak\u0161ala modernizacija poslovanja kroz IPARD program EU.<\/p>\n\n\n\n<p>Ipak, berbi je prethodio veliki posao.<\/p>\n\n\n\n<figure class=\"wp-block-image size-large\"><img fetchpriority=\"high\" decoding=\"async\" width=\"1024\" height=\"683\" src=\"https:\/\/www.evropskakuca.me\/wp-content\/uploads\/2023\/03\/1682508380ah9swijvkcamap1j-i_1920x1280-1024x683.jpg\" alt=\"\" class=\"wp-image-42663\" srcset=\"https:\/\/www.evropskakuca.me\/wp-content\/uploads\/2023\/03\/1682508380ah9swijvkcamap1j-i_1920x1280-1024x683.jpg 1024w, https:\/\/www.evropskakuca.me\/wp-content\/uploads\/2023\/03\/1682508380ah9swijvkcamap1j-i_1920x1280-300x200.jpg 300w, https:\/\/www.evropskakuca.me\/wp-content\/uploads\/2023\/03\/1682508380ah9swijvkcamap1j-i_1920x1280-768x512.jpg 768w, https:\/\/www.evropskakuca.me\/wp-content\/uploads\/2023\/03\/1682508380ah9swijvkcamap1j-i_1920x1280-1536x1024.jpg 1536w, https:\/\/www.evropskakuca.me\/wp-content\/uploads\/2023\/03\/1682508380ah9swijvkcamap1j-i_1920x1280.jpg 1920w\" sizes=\"(max-width: 1024px) 100vw, 1024px\" \/><\/figure>\n\n\n\n<blockquote class=\"wp-block-quote is-layout-flow wp-block-quote-is-layout-flow\">\n<h2 class=\"wp-block-heading\"><strong>\u201dPrvo se unosi kompost koji se pokriva tresetom. Nakon sedam dana kre\u0107emo sa prekopavanjem. Kada to prekopamo mi gu\u0161imo prostor, pove\u0107amo ugljen dioksid da bi se micelijum(sjeme) povezao. Onda kre\u0107e obaranje temperature u narednih sedam dana. Od sedam do deset dana kasnije o\u010dekujemo rod\u201d, obja\u0161njava nam proces proizvodnje vlasnik fabrike Darko Brnovi\u0107.<\/strong>&nbsp;<\/h2>\n<\/blockquote>\n\n\n\n<p>Nekad mala farma za proizvodnju pe\u010duraka danas broji desetak radnika i proizvodi 500 kilograma \u0161ampinjona dnevno. Zahvaljuju\u0107i podr\u0161ci EU kroz IPARD program Darko je modernizovao poslovanje a planira i pro\u0161irenje proizvodnje na oko tonu \u0161ampinjona dnevno. <\/p>\n\n\n\n<figure class=\"wp-block-image size-large\"><img decoding=\"async\" width=\"1024\" height=\"683\" src=\"https:\/\/www.evropskakuca.me\/wp-content\/uploads\/2023\/03\/1682508380mk8flxyadnvvmyxi-i_1920x1280-1024x683.jpg\" alt=\"\" class=\"wp-image-42666\" srcset=\"https:\/\/www.evropskakuca.me\/wp-content\/uploads\/2023\/03\/1682508380mk8flxyadnvvmyxi-i_1920x1280-1024x683.jpg 1024w, https:\/\/www.evropskakuca.me\/wp-content\/uploads\/2023\/03\/1682508380mk8flxyadnvvmyxi-i_1920x1280-300x200.jpg 300w, https:\/\/www.evropskakuca.me\/wp-content\/uploads\/2023\/03\/1682508380mk8flxyadnvvmyxi-i_1920x1280-768x512.jpg 768w, https:\/\/www.evropskakuca.me\/wp-content\/uploads\/2023\/03\/1682508380mk8flxyadnvvmyxi-i_1920x1280-1536x1024.jpg 1536w, https:\/\/www.evropskakuca.me\/wp-content\/uploads\/2023\/03\/1682508380mk8flxyadnvvmyxi-i_1920x1280.jpg 1920w\" sizes=\"(max-width: 1024px) 100vw, 1024px\" \/><\/figure>\n\n\n\n<p>EU ambasadorka Oana Kristina Popa posjetila je farmu pe\u010duraka i upoznala porodicu koja je iskoristila podr\u0161ku EU.<\/p>\n\n\n\n<blockquote class=\"wp-block-quote is-layout-flow wp-block-quote-is-layout-flow\">\n<h2 class=\"wp-block-heading\"><strong>\u201dOva regija, sa svojim plodnim tlom i obiljem sunca, idealna je za proizvodnju zdrave hrane. Kako sam i sama veliki ljubitelj doma\u0107ih proizvoda, danas mi je bilo veliko zadovoljstvo da vidim gdje se proizvodi ukusno povr\u0107e koje se na\u0111e na mojoj trpezi\u201d, istakla je ambasadorka Popa.&nbsp;<\/strong><\/h2>\n<\/blockquote>\n\n\n\n<p>Ova vrijedna porodica namjerava da pro\u0161iri poslovanje i da istro\u0161eni kompost pe\u010duraka pretvara u \u0111ubrivo za cvije\u0107e. Oni i dalje ra\u010dunaju na podr\u0161ku EU, te kroz novi IPARD poziv planiraju da obezbijede sredstva za liniju za proizvodnju.<\/p>\n\n\n\n<figure class=\"wp-block-embed is-type-video is-provider-youtube wp-block-embed-youtube wp-embed-aspect-16-9 wp-has-aspect-ratio\"><div class=\"wp-block-embed__wrapper\">\n<iframe title=\"Farma pe\u010duraka Monte Plod\" width=\"800\" height=\"450\" src=\"https:\/\/www.youtube.com\/embed\/hEGuS6vu-7s?feature=oembed\" frameborder=\"0\" allow=\"accelerometer; autoplay; clipboard-write; encrypted-media; gyroscope; picture-in-picture; web-share\" referrerpolicy=\"strict-origin-when-cross-origin\" allowfullscreen><\/iframe>\n<\/div><\/figure>\n","protected":false},"featured_media":38783,"template":"","class_list":["post-24149","story","type-story","status-publish","has-post-thumbnail","hentry"],"acf":[],"yoast_head":"<!-- This site is optimized with the Yoast SEO plugin v27.3 - https:\/\/yoast.com\/product\/yoast-seo-wordpress\/ -->\n<title>Do moderne farme pe\u010duraka kroz IPARD - Europe House<\/title>\n<meta name=\"robots\" content=\"index, follow, max-snippet:-1, max-image-preview:large, max-video-preview:-1\" \/>\n<link rel=\"canonical\" href=\"https:\/\/www.evropskakuca.me\/me\/story\/do-moderne-farme-pecuraka-kroz-ipard\/\" \/>\n<meta property=\"og:locale\" content=\"en_US\" \/>\n<meta property=\"og:type\" content=\"article\" \/>\n<meta property=\"og:title\" content=\"Do moderne farme pe\u010duraka kroz IPARD - Europe House\" \/>\n<meta property=\"og:description\" content=\"EU podr\u017eala projekat sa vi\u0161e od 700 hiljada eura U Novom selu, nadomak Danilovgrada nalazi se farma pe\u010duraka Monte plod. U fabrici je u\u017eurbano jutro. U toku je berba pe\u010duraka. Nasmijane radnice nas pozdravljaju i isti\u010du da nijesu umorne. Njihov posao je olak\u0161ala modernizacija poslovanja kroz IPARD program EU. Ipak, berbi je prethodio veliki posao. [&hellip;]\" \/>\n<meta property=\"og:url\" content=\"https:\/\/www.evropskakuca.me\/me\/story\/do-moderne-farme-pecuraka-kroz-ipard\/\" \/>\n<meta property=\"og:site_name\" content=\"Europe House\" \/>\n<meta property=\"article:publisher\" content=\"https:\/\/www.facebook.com\/evropska.kuca\" \/>\n<meta property=\"article:modified_time\" content=\"2025-01-27T13:07:55+00:00\" \/>\n<meta property=\"og:image\" content=\"https:\/\/www.evropskakuca.me\/wp-content\/uploads\/2023\/03\/eu_dg-30-of-71.jpg\" \/>\n\t<meta property=\"og:image:width\" content=\"2000\" \/>\n\t<meta property=\"og:image:height\" content=\"1333\" \/>\n\t<meta property=\"og:image:type\" content=\"image\/jpeg\" \/>\n<meta name=\"twitter:card\" content=\"summary_large_image\" \/>\n<meta name=\"twitter:site\" content=\"@evropska_kuca\" \/>\n<meta name=\"twitter:label1\" content=\"Est. reading time\" \/>\n\t<meta name=\"twitter:data1\" content=\"2 minutes\" \/>\n<script type=\"application\/ld+json\" class=\"yoast-schema-graph\">{\"@context\":\"https:\\\/\\\/schema.org\",\"@graph\":[{\"@type\":\"WebPage\",\"@id\":\"https:\\\/\\\/www.evropskakuca.me\\\/me\\\/story\\\/do-moderne-farme-pecuraka-kroz-ipard\\\/\",\"url\":\"https:\\\/\\\/www.evropskakuca.me\\\/me\\\/story\\\/do-moderne-farme-pecuraka-kroz-ipard\\\/\",\"name\":\"Do moderne farme pe\u010duraka kroz IPARD - Europe House\",\"isPartOf\":{\"@id\":\"https:\\\/\\\/www.evropskakuca.me\\\/me\\\/#website\"},\"primaryImageOfPage\":{\"@id\":\"https:\\\/\\\/www.evropskakuca.me\\\/me\\\/story\\\/do-moderne-farme-pecuraka-kroz-ipard\\\/#primaryimage\"},\"image\":{\"@id\":\"https:\\\/\\\/www.evropskakuca.me\\\/me\\\/story\\\/do-moderne-farme-pecuraka-kroz-ipard\\\/#primaryimage\"},\"thumbnailUrl\":\"https:\\\/\\\/www.evropskakuca.me\\\/wp-content\\\/uploads\\\/2023\\\/03\\\/eu_dg-30-of-71.jpg\",\"datePublished\":\"2023-03-06T14:36:49+00:00\",\"dateModified\":\"2025-01-27T13:07:55+00:00\",\"breadcrumb\":{\"@id\":\"https:\\\/\\\/www.evropskakuca.me\\\/me\\\/story\\\/do-moderne-farme-pecuraka-kroz-ipard\\\/#breadcrumb\"},\"inLanguage\":\"me-ME\",\"potentialAction\":[{\"@type\":\"ReadAction\",\"target\":[\"https:\\\/\\\/www.evropskakuca.me\\\/me\\\/story\\\/do-moderne-farme-pecuraka-kroz-ipard\\\/\"]}]},{\"@type\":\"ImageObject\",\"inLanguage\":\"me-ME\",\"@id\":\"https:\\\/\\\/www.evropskakuca.me\\\/me\\\/story\\\/do-moderne-farme-pecuraka-kroz-ipard\\\/#primaryimage\",\"url\":\"https:\\\/\\\/www.evropskakuca.me\\\/wp-content\\\/uploads\\\/2023\\\/03\\\/eu_dg-30-of-71.jpg\",\"contentUrl\":\"https:\\\/\\\/www.evropskakuca.me\\\/wp-content\\\/uploads\\\/2023\\\/03\\\/eu_dg-30-of-71.jpg\",\"width\":2000,\"height\":1333},{\"@type\":\"BreadcrumbList\",\"@id\":\"https:\\\/\\\/www.evropskakuca.me\\\/me\\\/story\\\/do-moderne-farme-pecuraka-kroz-ipard\\\/#breadcrumb\",\"itemListElement\":[{\"@type\":\"ListItem\",\"position\":1,\"name\":\"Home\",\"item\":\"https:\\\/\\\/www.evropskakuca.me\\\/me\\\/\"},{\"@type\":\"ListItem\",\"position\":2,\"name\":\"Do moderne farme pe\u010duraka kroz IPARD\"}]},{\"@type\":\"WebSite\",\"@id\":\"https:\\\/\\\/www.evropskakuca.me\\\/me\\\/#website\",\"url\":\"https:\\\/\\\/www.evropskakuca.me\\\/me\\\/\",\"name\":\"Evropean house\",\"description\":\"\",\"publisher\":{\"@id\":\"https:\\\/\\\/www.evropskakuca.me\\\/me\\\/#organization\"},\"potentialAction\":[{\"@type\":\"SearchAction\",\"target\":{\"@type\":\"EntryPoint\",\"urlTemplate\":\"https:\\\/\\\/www.evropskakuca.me\\\/me\\\/?s={search_term_string}\"},\"query-input\":{\"@type\":\"PropertyValueSpecification\",\"valueRequired\":true,\"valueName\":\"search_term_string\"}}],\"inLanguage\":\"me-ME\"},{\"@type\":\"Organization\",\"@id\":\"https:\\\/\\\/www.evropskakuca.me\\\/me\\\/#organization\",\"name\":\"Evropean house\",\"url\":\"https:\\\/\\\/www.evropskakuca.me\\\/me\\\/\",\"logo\":{\"@type\":\"ImageObject\",\"inLanguage\":\"me-ME\",\"@id\":\"https:\\\/\\\/www.evropskakuca.me\\\/me\\\/#\\\/schema\\\/logo\\\/image\\\/\",\"url\":\"https:\\\/\\\/www.evropskakuca.me\\\/wp-content\\\/uploads\\\/2025\\\/01\\\/evropska-kuca-logo-1.png\",\"contentUrl\":\"https:\\\/\\\/www.evropskakuca.me\\\/wp-content\\\/uploads\\\/2025\\\/01\\\/evropska-kuca-logo-1.png\",\"width\":425,\"height\":312,\"caption\":\"Evropean house\"},\"image\":{\"@id\":\"https:\\\/\\\/www.evropskakuca.me\\\/me\\\/#\\\/schema\\\/logo\\\/image\\\/\"},\"sameAs\":[\"https:\\\/\\\/www.facebook.com\\\/evropska.kuca\",\"https:\\\/\\\/x.com\\\/evropska_kuca\",\"https:\\\/\\\/www.instagram.com\\\/evropska_kuca\"]}]}<\/script>\n<!-- \/ Yoast SEO plugin. -->","yoast_head_json":{"title":"Do moderne farme pe\u010duraka kroz IPARD - Europe House","robots":{"index":"index","follow":"follow","max-snippet":"max-snippet:-1","max-image-preview":"max-image-preview:large","max-video-preview":"max-video-preview:-1"},"canonical":"https:\/\/www.evropskakuca.me\/me\/story\/do-moderne-farme-pecuraka-kroz-ipard\/","og_locale":"en_US","og_type":"article","og_title":"Do moderne farme pe\u010duraka kroz IPARD - Europe House","og_description":"EU podr\u017eala projekat sa vi\u0161e od 700 hiljada eura U Novom selu, nadomak Danilovgrada nalazi se farma pe\u010duraka Monte plod. U fabrici je u\u017eurbano jutro. U toku je berba pe\u010duraka. Nasmijane radnice nas pozdravljaju i isti\u010du da nijesu umorne. Njihov posao je olak\u0161ala modernizacija poslovanja kroz IPARD program EU. Ipak, berbi je prethodio veliki posao. [&hellip;]","og_url":"https:\/\/www.evropskakuca.me\/me\/story\/do-moderne-farme-pecuraka-kroz-ipard\/","og_site_name":"Europe House","article_publisher":"https:\/\/www.facebook.com\/evropska.kuca","article_modified_time":"2025-01-27T13:07:55+00:00","og_image":[{"width":2000,"height":1333,"url":"https:\/\/www.evropskakuca.me\/wp-content\/uploads\/2023\/03\/eu_dg-30-of-71.jpg","type":"image\/jpeg"}],"twitter_card":"summary_large_image","twitter_site":"@evropska_kuca","twitter_misc":{"Est. reading time":"2 minutes"},"schema":{"@context":"https:\/\/schema.org","@graph":[{"@type":"WebPage","@id":"https:\/\/www.evropskakuca.me\/me\/story\/do-moderne-farme-pecuraka-kroz-ipard\/","url":"https:\/\/www.evropskakuca.me\/me\/story\/do-moderne-farme-pecuraka-kroz-ipard\/","name":"Do moderne farme pe\u010duraka kroz IPARD - Europe House","isPartOf":{"@id":"https:\/\/www.evropskakuca.me\/me\/#website"},"primaryImageOfPage":{"@id":"https:\/\/www.evropskakuca.me\/me\/story\/do-moderne-farme-pecuraka-kroz-ipard\/#primaryimage"},"image":{"@id":"https:\/\/www.evropskakuca.me\/me\/story\/do-moderne-farme-pecuraka-kroz-ipard\/#primaryimage"},"thumbnailUrl":"https:\/\/www.evropskakuca.me\/wp-content\/uploads\/2023\/03\/eu_dg-30-of-71.jpg","datePublished":"2023-03-06T14:36:49+00:00","dateModified":"2025-01-27T13:07:55+00:00","breadcrumb":{"@id":"https:\/\/www.evropskakuca.me\/me\/story\/do-moderne-farme-pecuraka-kroz-ipard\/#breadcrumb"},"inLanguage":"me-ME","potentialAction":[{"@type":"ReadAction","target":["https:\/\/www.evropskakuca.me\/me\/story\/do-moderne-farme-pecuraka-kroz-ipard\/"]}]},{"@type":"ImageObject","inLanguage":"me-ME","@id":"https:\/\/www.evropskakuca.me\/me\/story\/do-moderne-farme-pecuraka-kroz-ipard\/#primaryimage","url":"https:\/\/www.evropskakuca.me\/wp-content\/uploads\/2023\/03\/eu_dg-30-of-71.jpg","contentUrl":"https:\/\/www.evropskakuca.me\/wp-content\/uploads\/2023\/03\/eu_dg-30-of-71.jpg","width":2000,"height":1333},{"@type":"BreadcrumbList","@id":"https:\/\/www.evropskakuca.me\/me\/story\/do-moderne-farme-pecuraka-kroz-ipard\/#breadcrumb","itemListElement":[{"@type":"ListItem","position":1,"name":"Home","item":"https:\/\/www.evropskakuca.me\/me\/"},{"@type":"ListItem","position":2,"name":"Do moderne farme pe\u010duraka kroz IPARD"}]},{"@type":"WebSite","@id":"https:\/\/www.evropskakuca.me\/me\/#website","url":"https:\/\/www.evropskakuca.me\/me\/","name":"Evropean house","description":"","publisher":{"@id":"https:\/\/www.evropskakuca.me\/me\/#organization"},"potentialAction":[{"@type":"SearchAction","target":{"@type":"EntryPoint","urlTemplate":"https:\/\/www.evropskakuca.me\/me\/?s={search_term_string}"},"query-input":{"@type":"PropertyValueSpecification","valueRequired":true,"valueName":"search_term_string"}}],"inLanguage":"me-ME"},{"@type":"Organization","@id":"https:\/\/www.evropskakuca.me\/me\/#organization","name":"Evropean house","url":"https:\/\/www.evropskakuca.me\/me\/","logo":{"@type":"ImageObject","inLanguage":"me-ME","@id":"https:\/\/www.evropskakuca.me\/me\/#\/schema\/logo\/image\/","url":"https:\/\/www.evropskakuca.me\/wp-content\/uploads\/2025\/01\/evropska-kuca-logo-1.png","contentUrl":"https:\/\/www.evropskakuca.me\/wp-content\/uploads\/2025\/01\/evropska-kuca-logo-1.png","width":425,"height":312,"caption":"Evropean house"},"image":{"@id":"https:\/\/www.evropskakuca.me\/me\/#\/schema\/logo\/image\/"},"sameAs":["https:\/\/www.facebook.com\/evropska.kuca","https:\/\/x.com\/evropska_kuca","https:\/\/www.instagram.com\/evropska_kuca"]}]}},"_links":{"self":[{"href":"https:\/\/www.evropskakuca.me\/me\/wp-json\/wp\/v2\/story\/24149","targetHints":{"allow":["GET"]}}],"collection":[{"href":"https:\/\/www.evropskakuca.me\/me\/wp-json\/wp\/v2\/story"}],"about":[{"href":"https:\/\/www.evropskakuca.me\/me\/wp-json\/wp\/v2\/types\/story"}],"wp:featuredmedia":[{"embeddable":true,"href":"https:\/\/www.evropskakuca.me\/me\/wp-json\/wp\/v2\/media\/38783"}],"wp:attachment":[{"href":"https:\/\/www.evropskakuca.me\/me\/wp-json\/wp\/v2\/media?parent=24149"}],"curies":[{"name":"wp","href":"https:\/\/api.w.org\/{rel}","templated":true}]}}