{"id":23406,"date":"2022-08-29T09:39:31","date_gmt":"2022-08-29T09:39:31","guid":{"rendered":"https:\/\/evropskakuca.me\/?post_type=story&#038;p=23406"},"modified":"2025-01-27T13:09:25","modified_gmt":"2025-01-27T13:09:25","slug":"gazdinstvo-patrimonio-uspjesna-ipard-prica","status":"publish","type":"story","link":"https:\/\/www.evropskakuca.me\/me\/story\/gazdinstvo-patrimonio-uspjesna-ipard-prica\/","title":{"rendered":"Gazdinstvo Patrimonio uspje\u0161na IPARD pri\u010da"},"content":{"rendered":"\n<p>Nadomak Skadarskog jezera, u Bobiji kraj Cetinja, nalazi se gazdinstvo Patrimonio. Velikim imanjem dominira mladi vinograd, zasa\u0111en na mjestu starog prije svega nekoliko mjeseci. U njegovoj blizini su porodi\u010dna ku\u0107a i novi savremeni objekat, u kojoj je smje\u0161tena proizvodnja vina. Do\u010dekuje nas vlasnik Radosav Brnovi\u0107.<\/p>\n\n\n\n<blockquote class=\"wp-block-quote is-layout-flow wp-block-quote-is-layout-flow\">\n<h2 class=\"wp-block-heading\"><strong>\u201eNalazimo se na mojoj o\u010devini. Ovdje sam ro\u0111en i podignut. Ja sam prije nau\u010dio rezati loze, nego li \u010ditati\u201c, ponosno govori ovaj doma\u0107in.<\/strong><\/h2>\n<\/blockquote>\n\n\n\n<p>Prvo vino po\u010deli su da prodaju 2004. godine, kada su se registrovali kao poljoprivredno gazdinstvo. Pri\u010du su podigli na vi\u0161i nivo pro\u0161le godine, kada su proizveli zna\u010dajno ve\u0107u koli\u010dinu vina. Preradili su 45 tona gro\u017e\u0111a.<\/p>\n\n\n\n<figure class=\"wp-block-image aligncenter size-full\"><img fetchpriority=\"high\" decoding=\"async\" width=\"747\" height=\"498\" src=\"https:\/\/www.evropskakuca.me\/wp-content\/uploads\/2022\/08\/1682507951zggilg0wpgvvbzad-i_747x498.jpg\" alt=\"\" class=\"wp-image-42681\" srcset=\"https:\/\/www.evropskakuca.me\/wp-content\/uploads\/2022\/08\/1682507951zggilg0wpgvvbzad-i_747x498.jpg 747w, https:\/\/www.evropskakuca.me\/wp-content\/uploads\/2022\/08\/1682507951zggilg0wpgvvbzad-i_747x498-300x200.jpg 300w\" sizes=\"(max-width: 747px) 100vw, 747px\" \/><\/figure>\n\n\n\n<p>\u201eImamo 5 etiketa vina, 3 bijela i 2 crna. Bijela su malvazija, chardonnay i sauvignon, a od crnih vranac i kabarne. Na\u0161a vina mo\u017eete da na\u0111ete u 20-tak restorana na Cetinju, u Budvi, Podgorici&#8230; Jako smo zadovoljni, bili smo posve\u0107eni, ulo\u017eili smo ozbiljnu emociju, trud i znanje\u201c, obja\u0161njava nam Radosav.<\/p>\n\n\n\n<p>\u0160irenje proizvodnje bilo je mogu\u0107e zahvaljuju\u0107i podr\u0161ci dr\u017eave i Evropske unije, kroz IPARD \u2013 Instrument pretpristupne pomo\u0107i za ruralni razvoj. Gazdinstvo Patrimonio je prvo konkurisalo za IPARD like, kroz koji su izgradili novi objekat u kojem je smje\u0161tena vinarija. Kroz mjere 1 i 3 IPARD programa zasadili su novi vinograd i nabavili savremenu opremu za proizvodnju i skladi\u0161tenje vina. \u201eKroz ova tri programa dobili smo ukupno 270 hiljada eura bespovratnih sredstava. Kada u biznisu na startu dobijete polovinu investicije koju ne morate da vratite \u2013 to je fantasti\u010dna stvar i dodatna motivacija da \u010dovjek u\u0111e u takvu investiciju\u201c, govori Radosav.<\/p>\n\n\n\n<p>Dodatna 63 miliona eura za crnogroske poljoprivrednike U vinariji Patrimonio organizovana je prezentacije IPARD III programa, koji je nedavno za Crnu Goru usvojila Evropska komisija. Novi program, vrijedan 63 miliona eura, predstavili su potpredsjednik Vlade za ekonomski sistem i ministar poljoprivrede, \u0161umarstva i vodoprivrede Vladimir Jokovi\u0107 i ambasadorka Evropske unije u Crnoj Gori Oana Kristina Popa. Ministar Jokovi\u0107 je pojasnio da IPARD III program sadr\u017ei osam mjera podr\u0161ke, od kojih su \u010detiri nove i odnose se na Agroekolo\u0161ke i mjere organske proizvodnje, implementaciju lokalnih razvojnih strategija, investicije u javnu ruralnu infrastrukturu i uspostavljanje i za\u0161tita \u0161uma.<\/p>\n\n\n\n<figure class=\"wp-block-image size-large\"><img decoding=\"async\" width=\"1024\" height=\"683\" src=\"https:\/\/www.evropskakuca.me\/wp-content\/uploads\/2022\/08\/1682507951iitljw69gqpwujjs-i_1920x1280-1024x683.jpg\" alt=\"\" class=\"wp-image-42683\" srcset=\"https:\/\/www.evropskakuca.me\/wp-content\/uploads\/2022\/08\/1682507951iitljw69gqpwujjs-i_1920x1280-1024x683.jpg 1024w, https:\/\/www.evropskakuca.me\/wp-content\/uploads\/2022\/08\/1682507951iitljw69gqpwujjs-i_1920x1280-300x200.jpg 300w, https:\/\/www.evropskakuca.me\/wp-content\/uploads\/2022\/08\/1682507951iitljw69gqpwujjs-i_1920x1280-768x512.jpg 768w, https:\/\/www.evropskakuca.me\/wp-content\/uploads\/2022\/08\/1682507951iitljw69gqpwujjs-i_1920x1280-1536x1024.jpg 1536w, https:\/\/www.evropskakuca.me\/wp-content\/uploads\/2022\/08\/1682507951iitljw69gqpwujjs-i_1920x1280.jpg 1920w\" sizes=\"(max-width: 1024px) 100vw, 1024px\" \/><\/figure>\n\n\n\n<p>\u201eSve ono \u0161to smo detektovali kao barijeru prilikom sprovo\u0111enje mjera u okviru IPARD II programa nastojali smo da otklonimo i prevazi\u0111emo IPARD III programom. Potencijalni korisnici nijesu vi\u0161e ograni\u010deni na broj projekata u ovom programskom periodu, \u0161to u startu daje vi\u0161e mogu\u0107nosti i vidova podr\u0161ke. Data je mogu\u0107nost i po\u010detnicima u poljoprivredi koji namjeravaju da investiraju u sektor proizvodnje mesa, sadnju vi\u0161egodi\u0161njih zasada ili izgradnju plastenika. Tako\u0111e, maksimalne vrijednosti ukupno prihvatljivih investicija pove\u0107ane su u odnosu na prethodni programski period\u201c, kazao je ministar na konferenciji za medije. Ambasadorka Popa je naglasila da je bud\u017eet novog programa 60% ve\u0107i nego kod prethodnog IPARD II programa.<\/p>\n\n\n\n<blockquote class=\"wp-block-quote is-layout-flow wp-block-quote-is-layout-flow\">\n<h2 class=\"wp-block-heading\"><strong>\u201eOhrabrujem crnogorske poljoprivrednike i agroprera\u0111iva\u010de da u potpunosti iskoriste IPARD II i predstoje\u0107i IPARD III. Po\u0161tovani ministre, sada je za vas otvorena jedinstvena prilika. Mo\u017eete da napravite veliki napredak u procesu pridru\u017eivanja tako \u0161to \u0107ete pokazati da mo\u017eete da na dobar na\u010din upravljate fondovima i zahtjevima EU, istakla je\u00a0Ambasadorka Popa.<\/strong><\/h2>\n<\/blockquote>\n\n\n\n<p>IPARD III program \u0107e po\u010deti da se primjenjuje nakon \u0161to se do kraja 2023. godine iskoriste sredstva iz IPARD II programa. Vinarija Patrimonio ve\u0107 planira da se prijavi. \u201ePlan je da kroz IPARD III program pro\u0161irimo kapacitete gazdinstva. Kroz mjeru 1 \u0107emo da pro\u0161irimo vinograd za 4 hektra, kroz mjeru 3 planiramo da kupimo novu opremu i \u0161to nam je najbitnije, i zbog \u010dega smo jako sre\u0107ni \u2013 to je mjera 7 kroz koju do 2024. godine planiramo da izgradimo i smje\u0161tajne kapacitete\u201c, najavljuje vlasnik vinarije.<\/p>\n\n\n\n<figure class=\"wp-block-embed is-type-video is-provider-youtube wp-block-embed-youtube wp-embed-aspect-16-9 wp-has-aspect-ratio\"><div class=\"wp-block-embed__wrapper\">\n<iframe title=\"Gazdinstvo Patrimonio uspje\u0161na IPARD pri\u010da\" width=\"800\" height=\"450\" src=\"https:\/\/www.youtube.com\/embed\/6140yN9EiQk?feature=oembed\" frameborder=\"0\" allow=\"accelerometer; autoplay; clipboard-write; encrypted-media; gyroscope; picture-in-picture; web-share\" referrerpolicy=\"strict-origin-when-cross-origin\" allowfullscreen><\/iframe>\n<\/div><\/figure>\n","protected":false},"featured_media":42679,"template":"","class_list":["post-23406","story","type-story","status-publish","has-post-thumbnail","hentry"],"acf":[],"yoast_head":"<!-- This site is optimized with the Yoast SEO plugin v27.3 - https:\/\/yoast.com\/product\/yoast-seo-wordpress\/ -->\n<title>Gazdinstvo Patrimonio uspje\u0161na IPARD pri\u010da - Europe House<\/title>\n<meta name=\"robots\" content=\"index, follow, max-snippet:-1, max-image-preview:large, max-video-preview:-1\" \/>\n<link rel=\"canonical\" href=\"https:\/\/www.evropskakuca.me\/me\/story\/gazdinstvo-patrimonio-uspjesna-ipard-prica\/\" \/>\n<meta property=\"og:locale\" content=\"en_US\" \/>\n<meta property=\"og:type\" content=\"article\" \/>\n<meta property=\"og:title\" content=\"Gazdinstvo Patrimonio uspje\u0161na IPARD pri\u010da - Europe House\" \/>\n<meta property=\"og:description\" content=\"Nadomak Skadarskog jezera, u Bobiji kraj Cetinja, nalazi se gazdinstvo Patrimonio. Velikim imanjem dominira mladi vinograd, zasa\u0111en na mjestu starog prije svega nekoliko mjeseci. U njegovoj blizini su porodi\u010dna ku\u0107a i novi savremeni objekat, u kojoj je smje\u0161tena proizvodnja vina. Do\u010dekuje nas vlasnik Radosav Brnovi\u0107. \u201eNalazimo se na mojoj o\u010devini. Ovdje sam ro\u0111en i podignut. [&hellip;]\" \/>\n<meta property=\"og:url\" content=\"https:\/\/www.evropskakuca.me\/me\/story\/gazdinstvo-patrimonio-uspjesna-ipard-prica\/\" \/>\n<meta property=\"og:site_name\" content=\"Europe House\" \/>\n<meta property=\"article:publisher\" content=\"https:\/\/www.facebook.com\/evropska.kuca\" \/>\n<meta property=\"article:modified_time\" content=\"2025-01-27T13:09:25+00:00\" \/>\n<meta property=\"og:image\" content=\"https:\/\/www.evropskakuca.me\/wp-content\/uploads\/2022\/08\/1682507951tlftiuj2ctydf0be-i_1920x1280.jpg\" \/>\n\t<meta property=\"og:image:width\" content=\"1920\" \/>\n\t<meta property=\"og:image:height\" content=\"1280\" \/>\n\t<meta property=\"og:image:type\" content=\"image\/jpeg\" \/>\n<meta name=\"twitter:card\" content=\"summary_large_image\" \/>\n<meta name=\"twitter:site\" content=\"@evropska_kuca\" \/>\n<meta name=\"twitter:label1\" content=\"Est. reading time\" \/>\n\t<meta name=\"twitter:data1\" content=\"3 minutes\" \/>\n<script type=\"application\/ld+json\" class=\"yoast-schema-graph\">{\"@context\":\"https:\\\/\\\/schema.org\",\"@graph\":[{\"@type\":\"WebPage\",\"@id\":\"https:\\\/\\\/www.evropskakuca.me\\\/me\\\/story\\\/gazdinstvo-patrimonio-uspjesna-ipard-prica\\\/\",\"url\":\"https:\\\/\\\/www.evropskakuca.me\\\/me\\\/story\\\/gazdinstvo-patrimonio-uspjesna-ipard-prica\\\/\",\"name\":\"Gazdinstvo Patrimonio uspje\u0161na IPARD pri\u010da - Europe House\",\"isPartOf\":{\"@id\":\"https:\\\/\\\/www.evropskakuca.me\\\/me\\\/#website\"},\"primaryImageOfPage\":{\"@id\":\"https:\\\/\\\/www.evropskakuca.me\\\/me\\\/story\\\/gazdinstvo-patrimonio-uspjesna-ipard-prica\\\/#primaryimage\"},\"image\":{\"@id\":\"https:\\\/\\\/www.evropskakuca.me\\\/me\\\/story\\\/gazdinstvo-patrimonio-uspjesna-ipard-prica\\\/#primaryimage\"},\"thumbnailUrl\":\"https:\\\/\\\/www.evropskakuca.me\\\/wp-content\\\/uploads\\\/2022\\\/08\\\/1682507951tlftiuj2ctydf0be-i_1920x1280.jpg\",\"datePublished\":\"2022-08-29T09:39:31+00:00\",\"dateModified\":\"2025-01-27T13:09:25+00:00\",\"breadcrumb\":{\"@id\":\"https:\\\/\\\/www.evropskakuca.me\\\/me\\\/story\\\/gazdinstvo-patrimonio-uspjesna-ipard-prica\\\/#breadcrumb\"},\"inLanguage\":\"me-ME\",\"potentialAction\":[{\"@type\":\"ReadAction\",\"target\":[\"https:\\\/\\\/www.evropskakuca.me\\\/me\\\/story\\\/gazdinstvo-patrimonio-uspjesna-ipard-prica\\\/\"]}]},{\"@type\":\"ImageObject\",\"inLanguage\":\"me-ME\",\"@id\":\"https:\\\/\\\/www.evropskakuca.me\\\/me\\\/story\\\/gazdinstvo-patrimonio-uspjesna-ipard-prica\\\/#primaryimage\",\"url\":\"https:\\\/\\\/www.evropskakuca.me\\\/wp-content\\\/uploads\\\/2022\\\/08\\\/1682507951tlftiuj2ctydf0be-i_1920x1280.jpg\",\"contentUrl\":\"https:\\\/\\\/www.evropskakuca.me\\\/wp-content\\\/uploads\\\/2022\\\/08\\\/1682507951tlftiuj2ctydf0be-i_1920x1280.jpg\",\"width\":1920,\"height\":1280},{\"@type\":\"BreadcrumbList\",\"@id\":\"https:\\\/\\\/www.evropskakuca.me\\\/me\\\/story\\\/gazdinstvo-patrimonio-uspjesna-ipard-prica\\\/#breadcrumb\",\"itemListElement\":[{\"@type\":\"ListItem\",\"position\":1,\"name\":\"Home\",\"item\":\"https:\\\/\\\/www.evropskakuca.me\\\/me\\\/\"},{\"@type\":\"ListItem\",\"position\":2,\"name\":\"Gazdinstvo Patrimonio uspje\u0161na IPARD pri\u010da\"}]},{\"@type\":\"WebSite\",\"@id\":\"https:\\\/\\\/www.evropskakuca.me\\\/me\\\/#website\",\"url\":\"https:\\\/\\\/www.evropskakuca.me\\\/me\\\/\",\"name\":\"Evropean house\",\"description\":\"\",\"publisher\":{\"@id\":\"https:\\\/\\\/www.evropskakuca.me\\\/me\\\/#organization\"},\"potentialAction\":[{\"@type\":\"SearchAction\",\"target\":{\"@type\":\"EntryPoint\",\"urlTemplate\":\"https:\\\/\\\/www.evropskakuca.me\\\/me\\\/?s={search_term_string}\"},\"query-input\":{\"@type\":\"PropertyValueSpecification\",\"valueRequired\":true,\"valueName\":\"search_term_string\"}}],\"inLanguage\":\"me-ME\"},{\"@type\":\"Organization\",\"@id\":\"https:\\\/\\\/www.evropskakuca.me\\\/me\\\/#organization\",\"name\":\"Evropean house\",\"url\":\"https:\\\/\\\/www.evropskakuca.me\\\/me\\\/\",\"logo\":{\"@type\":\"ImageObject\",\"inLanguage\":\"me-ME\",\"@id\":\"https:\\\/\\\/www.evropskakuca.me\\\/me\\\/#\\\/schema\\\/logo\\\/image\\\/\",\"url\":\"https:\\\/\\\/www.evropskakuca.me\\\/wp-content\\\/uploads\\\/2025\\\/01\\\/evropska-kuca-logo-1.png\",\"contentUrl\":\"https:\\\/\\\/www.evropskakuca.me\\\/wp-content\\\/uploads\\\/2025\\\/01\\\/evropska-kuca-logo-1.png\",\"width\":425,\"height\":312,\"caption\":\"Evropean house\"},\"image\":{\"@id\":\"https:\\\/\\\/www.evropskakuca.me\\\/me\\\/#\\\/schema\\\/logo\\\/image\\\/\"},\"sameAs\":[\"https:\\\/\\\/www.facebook.com\\\/evropska.kuca\",\"https:\\\/\\\/x.com\\\/evropska_kuca\",\"https:\\\/\\\/www.instagram.com\\\/evropska_kuca\"]}]}<\/script>\n<!-- \/ Yoast SEO plugin. -->","yoast_head_json":{"title":"Gazdinstvo Patrimonio uspje\u0161na IPARD pri\u010da - Europe House","robots":{"index":"index","follow":"follow","max-snippet":"max-snippet:-1","max-image-preview":"max-image-preview:large","max-video-preview":"max-video-preview:-1"},"canonical":"https:\/\/www.evropskakuca.me\/me\/story\/gazdinstvo-patrimonio-uspjesna-ipard-prica\/","og_locale":"en_US","og_type":"article","og_title":"Gazdinstvo Patrimonio uspje\u0161na IPARD pri\u010da - Europe House","og_description":"Nadomak Skadarskog jezera, u Bobiji kraj Cetinja, nalazi se gazdinstvo Patrimonio. Velikim imanjem dominira mladi vinograd, zasa\u0111en na mjestu starog prije svega nekoliko mjeseci. U njegovoj blizini su porodi\u010dna ku\u0107a i novi savremeni objekat, u kojoj je smje\u0161tena proizvodnja vina. Do\u010dekuje nas vlasnik Radosav Brnovi\u0107. \u201eNalazimo se na mojoj o\u010devini. Ovdje sam ro\u0111en i podignut. [&hellip;]","og_url":"https:\/\/www.evropskakuca.me\/me\/story\/gazdinstvo-patrimonio-uspjesna-ipard-prica\/","og_site_name":"Europe House","article_publisher":"https:\/\/www.facebook.com\/evropska.kuca","article_modified_time":"2025-01-27T13:09:25+00:00","og_image":[{"width":1920,"height":1280,"url":"https:\/\/www.evropskakuca.me\/wp-content\/uploads\/2022\/08\/1682507951tlftiuj2ctydf0be-i_1920x1280.jpg","type":"image\/jpeg"}],"twitter_card":"summary_large_image","twitter_site":"@evropska_kuca","twitter_misc":{"Est. reading time":"3 minutes"},"schema":{"@context":"https:\/\/schema.org","@graph":[{"@type":"WebPage","@id":"https:\/\/www.evropskakuca.me\/me\/story\/gazdinstvo-patrimonio-uspjesna-ipard-prica\/","url":"https:\/\/www.evropskakuca.me\/me\/story\/gazdinstvo-patrimonio-uspjesna-ipard-prica\/","name":"Gazdinstvo Patrimonio uspje\u0161na IPARD pri\u010da - Europe House","isPartOf":{"@id":"https:\/\/www.evropskakuca.me\/me\/#website"},"primaryImageOfPage":{"@id":"https:\/\/www.evropskakuca.me\/me\/story\/gazdinstvo-patrimonio-uspjesna-ipard-prica\/#primaryimage"},"image":{"@id":"https:\/\/www.evropskakuca.me\/me\/story\/gazdinstvo-patrimonio-uspjesna-ipard-prica\/#primaryimage"},"thumbnailUrl":"https:\/\/www.evropskakuca.me\/wp-content\/uploads\/2022\/08\/1682507951tlftiuj2ctydf0be-i_1920x1280.jpg","datePublished":"2022-08-29T09:39:31+00:00","dateModified":"2025-01-27T13:09:25+00:00","breadcrumb":{"@id":"https:\/\/www.evropskakuca.me\/me\/story\/gazdinstvo-patrimonio-uspjesna-ipard-prica\/#breadcrumb"},"inLanguage":"me-ME","potentialAction":[{"@type":"ReadAction","target":["https:\/\/www.evropskakuca.me\/me\/story\/gazdinstvo-patrimonio-uspjesna-ipard-prica\/"]}]},{"@type":"ImageObject","inLanguage":"me-ME","@id":"https:\/\/www.evropskakuca.me\/me\/story\/gazdinstvo-patrimonio-uspjesna-ipard-prica\/#primaryimage","url":"https:\/\/www.evropskakuca.me\/wp-content\/uploads\/2022\/08\/1682507951tlftiuj2ctydf0be-i_1920x1280.jpg","contentUrl":"https:\/\/www.evropskakuca.me\/wp-content\/uploads\/2022\/08\/1682507951tlftiuj2ctydf0be-i_1920x1280.jpg","width":1920,"height":1280},{"@type":"BreadcrumbList","@id":"https:\/\/www.evropskakuca.me\/me\/story\/gazdinstvo-patrimonio-uspjesna-ipard-prica\/#breadcrumb","itemListElement":[{"@type":"ListItem","position":1,"name":"Home","item":"https:\/\/www.evropskakuca.me\/me\/"},{"@type":"ListItem","position":2,"name":"Gazdinstvo Patrimonio uspje\u0161na IPARD pri\u010da"}]},{"@type":"WebSite","@id":"https:\/\/www.evropskakuca.me\/me\/#website","url":"https:\/\/www.evropskakuca.me\/me\/","name":"Evropean house","description":"","publisher":{"@id":"https:\/\/www.evropskakuca.me\/me\/#organization"},"potentialAction":[{"@type":"SearchAction","target":{"@type":"EntryPoint","urlTemplate":"https:\/\/www.evropskakuca.me\/me\/?s={search_term_string}"},"query-input":{"@type":"PropertyValueSpecification","valueRequired":true,"valueName":"search_term_string"}}],"inLanguage":"me-ME"},{"@type":"Organization","@id":"https:\/\/www.evropskakuca.me\/me\/#organization","name":"Evropean house","url":"https:\/\/www.evropskakuca.me\/me\/","logo":{"@type":"ImageObject","inLanguage":"me-ME","@id":"https:\/\/www.evropskakuca.me\/me\/#\/schema\/logo\/image\/","url":"https:\/\/www.evropskakuca.me\/wp-content\/uploads\/2025\/01\/evropska-kuca-logo-1.png","contentUrl":"https:\/\/www.evropskakuca.me\/wp-content\/uploads\/2025\/01\/evropska-kuca-logo-1.png","width":425,"height":312,"caption":"Evropean house"},"image":{"@id":"https:\/\/www.evropskakuca.me\/me\/#\/schema\/logo\/image\/"},"sameAs":["https:\/\/www.facebook.com\/evropska.kuca","https:\/\/x.com\/evropska_kuca","https:\/\/www.instagram.com\/evropska_kuca"]}]}},"_links":{"self":[{"href":"https:\/\/www.evropskakuca.me\/me\/wp-json\/wp\/v2\/story\/23406","targetHints":{"allow":["GET"]}}],"collection":[{"href":"https:\/\/www.evropskakuca.me\/me\/wp-json\/wp\/v2\/story"}],"about":[{"href":"https:\/\/www.evropskakuca.me\/me\/wp-json\/wp\/v2\/types\/story"}],"wp:featuredmedia":[{"embeddable":true,"href":"https:\/\/www.evropskakuca.me\/me\/wp-json\/wp\/v2\/media\/42679"}],"wp:attachment":[{"href":"https:\/\/www.evropskakuca.me\/me\/wp-json\/wp\/v2\/media?parent=23406"}],"curies":[{"name":"wp","href":"https:\/\/api.w.org\/{rel}","templated":true}]}}