{"id":18168,"date":"2022-02-08T12:48:38","date_gmt":"2022-02-08T12:48:38","guid":{"rendered":"http:\/\/www.evropskakuca.me\/?post_type=story&#038;p=18168"},"modified":"2025-01-30T14:21:11","modified_gmt":"2025-01-30T14:21:11","slug":"vrtijeljka-bez-otpada","status":"publish","type":"story","link":"https:\/\/www.evropskakuca.me\/me\/story\/vrtijeljka-bez-otpada\/","title":{"rendered":"Vrtijeljka bez otpada"},"content":{"rendered":"\n<p>Prije samo godinu dana Vrtijeljka je bila najopasnija ekolo\u0161ka crna ta\u010dka u op\u0161tini Cetinje, punila stupce dnevne \u0161tampe ekolo\u0161kim incidentima, poput onog kada je nelegalno istovareno 70 tona guma. Danas je to potpuno ure\u0111ena lokacija, prva deponija koja je sanirana uz pomo\u0107 Evropske unije i kao takva, dobar prijemer efikasne upotrebe EU sredstava namojenjenih Crnoj Gori.<\/p>\n\n\n\n<p>Vrijednost radova je oko 1.800.000 eura, a obuhvatali su realokaciju odre\u0111enih koli\u010dina postoje\u0107eg otpada u cilju profilisanja tijela odlagali\u0161ta, izradu obodnih kanala i iskop upojnih jama za atmosferske vode, kao i izradu sistema za odvo\u0111enje biogasova, prekrivanje , rekultivaciju i ogra\u0111ivanje terena.<\/p>\n\n\n\n<p>Radovi koji su trajali ne\u0161to vi\u0161e od godinu dana zavr\u0161eni su u junu, kada su predstavnici dr\u017eavnih i lokalnih vlasti, kao i Delegacije EU obi\u0161li lokaciju.<\/p>\n\n\n\n<p>\u0160ef sektora za saradnju u DelegacijiEvropske Unije u Crnoj Gori, Herman \u0160pic, istakao je da je ovo va\u017ean dan za gra\u0111ane Cetinja, i uspje\u0161an zavr\u0161etak radova koji su rezultirali prvom sanacijom nelegalne deponije u Crnoj Gori.<br>Ovdje smo ranije imali jednu otvorenu deponiju, kao lokaciju na koju se odla\u017ee \u010dvrsti otpad na na\u010din na koji se ne \u0161titi \u017eivotna sredina. Imali smo gomile otpada iz doma\u0107instava, iz ba\u0161ta, razne aparate, stara burad, automobilske gume, gra\u0111evinski otpad, koji mo\u017ee ugroziti zdravlje ljudi i \u017eivotinjskog svijeta i \u017eivotne sredine. Da smo sve to ostavili tako, otvorene deponije bi se jo\u0161 vi\u0161e pro\u0161irile i sve vi\u0161e privla\u010dile odlaganje \u010dvrstog i opasnog otpada \u2013 kazao je \u0160pic.<\/p>\n\n\n\n<p>Sa\u0161a Radulovi\u0107, dr\u017eavni sekretar u Ministarstvu odr\u017eivog razvoja i turizma i \u0161ef IPA operativne strukture kaza je da je rje\u0161enjem dugogodi\u0161njeg problema, u skladu sa me\u0111unarodnim standardima, Crna Gora je ispunila jednu od va\u017enih obaveza prvenstveno prema svojim gra\u0111anima, a zatim prema zahtjevima na putu evropskih integracija i za\u0161tite \u017eivotne sredine.<\/p>\n\n\n\n<p>Radulovi\u0107 je posebno zahvalio Evropskoj komisiji i Delegaciji Evropske Unije u Crnoj Gori, na saradnji i podr\u0161ci u realizaciji projekta. Tako\u0111e, on je naveo da je Ministarstvo odr\u017eivog razvoja i turizma je posve\u0107eno rje\u0161avanju pitanja integralnog upravljanja otpadom kroz uspostavljanje regionalnih centara na nivou Crne Gore, kao i transpoziciji i implemetaciji evropskih direktiva u ovoj oblasti u cilju zadovoljenja kriterijuma u okviru Poglavlja 27 \u2013 \u017eivotna sredina. Radulovi\u0107 je najavio i skoru realizaciju projekta izgradnje transfer stanice sa recikla\u017enim dvori\u0161tem, kojim \u0107e se u potpunosti \u0107e rije\u0161iti problem upravljanja otpadom na teritoriji Prijestonice.<\/p>\n\n\n\n<p>\u201cPravci razvoja u oblasti upravljanja otpadom u Crnoj Gori definisani su kroz strate\u0161ka i planska dokumenta kao \u0161to je strategija upravljanja otpadom Crne Gore do 2030. godine, dr\u017eavni plan upravljanja otpadom i sli\u010dno, \u201d kazao je Radulovi\u0107<\/p>\n\n\n\n<p>Prema rije\u010dima gradona\u010delnika Prijestonice Cetinje, Aleksandra Ka\u0161\u0107elana, za\u0161tita \u017eivotne sredine i o\u010duvanje prirodnog ambijenta jedan je od prioriteta uprave Prijestonice Cetinje.<\/p>\n\n\n\n<p>\u201eSanacija Vrtjeljke i njena kultivacija uspje\u0161na je pri\u010da, jer je prekinut vi\u0161edecenijski nemaran odnos prema prirodi i okru\u017eenju. Ali sanacija ne zna\u010di da je posao zavr\u0161en. Permanentna za\u0161tita i odgovorno upravljanje obaveza je koja nije vremenski ograni\u010dena\u201c, kazao je Ka\u0161\u0107elan.<br>Najve\u0107i dio novca za sanaciju, prema rije\u010dima na\u010delnice Direkcije za koordinaciju podr\u0161ke Evropske Unije, Ivane Vujo\u0161evi\u0107, obezbije\u0111en je iz sredstava Evropske Unije, a Crna Gora je u\u010destvovala sa odre\u0111enim iznosom nacionalnog kofinansiranja.<\/p>\n\n\n\n<p>\u201cProjekat rehabilitacije odlagali\u0161ta Vrtjeljka, na kojem danas obilje\u017eavamo okon\u010danje radova, jedan je od brojnih projekata iz oblasti \u017eivotne sredine, koji je u programskom periodu od 2007. do 2013. godine sa preko 35 miliona podr\u017eala Evropska Unija u Crnoj Gori. Ovaj projekat je od velikog zna\u010daja kako po pitanju o\u010duvanja okoline i za\u0161tite zdravlja gra\u0111ana, tako i po pitanju ispunjavanja obaveza iz nacionalnih strate\u0161kih dokumenata, ali i zahtjeva koji proisti\u010du iz pregovora za \u010dlanstvo u Evropskoj Uniji koji se vode u okviru vrlo zahtjevnog poglavlja 27 koji se odnosi na \u017eivotnu sredinu\u201d istakla je Vujo\u0161evi\u0107<\/p>\n\n\n\n<p>Projekat je definisan u vi\u0161egodi\u0161njem Operativnom Programu \u201eRegionalni razvoj\u201d 2012-2013, iz Instrumenta za pretpristupnu pomo\u0107 (IPA) u okviru komponente III \u201eRegionalni razvoj\u201d, kao i u Sporazumu o finansiranju koji je potpisan izme\u0111u Vlade Crne Gore i Evropske komisije u decembru 2014. godine.<\/p>\n\n\n\n<figure class=\"wp-block-embed is-type-video is-provider-youtube wp-block-embed-youtube wp-embed-aspect-16-9 wp-has-aspect-ratio\"><div class=\"wp-block-embed__wrapper\">\n<iframe title=\"RTV Cetinje - Zavr\u0161ena sanacija nesanitarnog odlagali\u0161ta Vrtjeljka\" width=\"800\" height=\"450\" src=\"https:\/\/www.youtube.com\/embed\/R1DISmBCDhY?feature=oembed\" frameborder=\"0\" allow=\"accelerometer; autoplay; clipboard-write; encrypted-media; gyroscope; picture-in-picture; web-share\" referrerpolicy=\"strict-origin-when-cross-origin\" allowfullscreen><\/iframe>\n<\/div><\/figure>\n","protected":false},"featured_media":42769,"template":"","class_list":["post-18168","story","type-story","status-publish","has-post-thumbnail","hentry"],"acf":[],"yoast_head":"<!-- This site is optimized with the Yoast SEO plugin v27.3 - https:\/\/yoast.com\/product\/yoast-seo-wordpress\/ -->\n<title>Vrtijeljka bez otpada - Europe House<\/title>\n<meta name=\"robots\" content=\"index, follow, max-snippet:-1, max-image-preview:large, max-video-preview:-1\" \/>\n<link rel=\"canonical\" href=\"https:\/\/www.evropskakuca.me\/me\/story\/vrtijeljka-bez-otpada\/\" \/>\n<meta property=\"og:locale\" content=\"en_US\" \/>\n<meta property=\"og:type\" content=\"article\" \/>\n<meta property=\"og:title\" content=\"Vrtijeljka bez otpada - Europe House\" \/>\n<meta property=\"og:description\" content=\"Prije samo godinu dana Vrtijeljka je bila najopasnija ekolo\u0161ka crna ta\u010dka u op\u0161tini Cetinje, punila stupce dnevne \u0161tampe ekolo\u0161kim incidentima, poput onog kada je nelegalno istovareno 70 tona guma. Danas je to potpuno ure\u0111ena lokacija, prva deponija koja je sanirana uz pomo\u0107 Evropske unije i kao takva, dobar prijemer efikasne upotrebe EU sredstava namojenjenih Crnoj [&hellip;]\" \/>\n<meta property=\"og:url\" content=\"https:\/\/www.evropskakuca.me\/me\/story\/vrtijeljka-bez-otpada\/\" \/>\n<meta property=\"og:site_name\" content=\"Europe House\" \/>\n<meta property=\"article:publisher\" content=\"https:\/\/www.facebook.com\/evropska.kuca\" \/>\n<meta property=\"article:modified_time\" content=\"2025-01-30T14:21:11+00:00\" \/>\n<meta property=\"og:image\" content=\"https:\/\/www.evropskakuca.me\/wp-content\/uploads\/2022\/02\/FRO_5227-scaled.jpg\" \/>\n\t<meta property=\"og:image:width\" content=\"2560\" \/>\n\t<meta property=\"og:image:height\" content=\"1707\" \/>\n\t<meta property=\"og:image:type\" content=\"image\/jpeg\" \/>\n<meta name=\"twitter:card\" content=\"summary_large_image\" \/>\n<meta name=\"twitter:site\" content=\"@evropska_kuca\" \/>\n<meta name=\"twitter:label1\" content=\"Est. reading time\" \/>\n\t<meta name=\"twitter:data1\" content=\"4 minutes\" \/>\n<script type=\"application\/ld+json\" class=\"yoast-schema-graph\">{\"@context\":\"https:\\\/\\\/schema.org\",\"@graph\":[{\"@type\":\"WebPage\",\"@id\":\"https:\\\/\\\/www.evropskakuca.me\\\/me\\\/story\\\/vrtijeljka-bez-otpada\\\/\",\"url\":\"https:\\\/\\\/www.evropskakuca.me\\\/me\\\/story\\\/vrtijeljka-bez-otpada\\\/\",\"name\":\"Vrtijeljka bez otpada - Europe House\",\"isPartOf\":{\"@id\":\"https:\\\/\\\/www.evropskakuca.me\\\/me\\\/#website\"},\"primaryImageOfPage\":{\"@id\":\"https:\\\/\\\/www.evropskakuca.me\\\/me\\\/story\\\/vrtijeljka-bez-otpada\\\/#primaryimage\"},\"image\":{\"@id\":\"https:\\\/\\\/www.evropskakuca.me\\\/me\\\/story\\\/vrtijeljka-bez-otpada\\\/#primaryimage\"},\"thumbnailUrl\":\"https:\\\/\\\/www.evropskakuca.me\\\/wp-content\\\/uploads\\\/2022\\\/02\\\/FRO_5227-scaled.jpg\",\"datePublished\":\"2022-02-08T12:48:38+00:00\",\"dateModified\":\"2025-01-30T14:21:11+00:00\",\"breadcrumb\":{\"@id\":\"https:\\\/\\\/www.evropskakuca.me\\\/me\\\/story\\\/vrtijeljka-bez-otpada\\\/#breadcrumb\"},\"inLanguage\":\"me-ME\",\"potentialAction\":[{\"@type\":\"ReadAction\",\"target\":[\"https:\\\/\\\/www.evropskakuca.me\\\/me\\\/story\\\/vrtijeljka-bez-otpada\\\/\"]}]},{\"@type\":\"ImageObject\",\"inLanguage\":\"me-ME\",\"@id\":\"https:\\\/\\\/www.evropskakuca.me\\\/me\\\/story\\\/vrtijeljka-bez-otpada\\\/#primaryimage\",\"url\":\"https:\\\/\\\/www.evropskakuca.me\\\/wp-content\\\/uploads\\\/2022\\\/02\\\/FRO_5227-scaled.jpg\",\"contentUrl\":\"https:\\\/\\\/www.evropskakuca.me\\\/wp-content\\\/uploads\\\/2022\\\/02\\\/FRO_5227-scaled.jpg\",\"width\":2560,\"height\":1707},{\"@type\":\"BreadcrumbList\",\"@id\":\"https:\\\/\\\/www.evropskakuca.me\\\/me\\\/story\\\/vrtijeljka-bez-otpada\\\/#breadcrumb\",\"itemListElement\":[{\"@type\":\"ListItem\",\"position\":1,\"name\":\"Home\",\"item\":\"https:\\\/\\\/www.evropskakuca.me\\\/me\\\/\"},{\"@type\":\"ListItem\",\"position\":2,\"name\":\"Vrtijeljka bez otpada\"}]},{\"@type\":\"WebSite\",\"@id\":\"https:\\\/\\\/www.evropskakuca.me\\\/me\\\/#website\",\"url\":\"https:\\\/\\\/www.evropskakuca.me\\\/me\\\/\",\"name\":\"Evropean house\",\"description\":\"\",\"publisher\":{\"@id\":\"https:\\\/\\\/www.evropskakuca.me\\\/me\\\/#organization\"},\"potentialAction\":[{\"@type\":\"SearchAction\",\"target\":{\"@type\":\"EntryPoint\",\"urlTemplate\":\"https:\\\/\\\/www.evropskakuca.me\\\/me\\\/?s={search_term_string}\"},\"query-input\":{\"@type\":\"PropertyValueSpecification\",\"valueRequired\":true,\"valueName\":\"search_term_string\"}}],\"inLanguage\":\"me-ME\"},{\"@type\":\"Organization\",\"@id\":\"https:\\\/\\\/www.evropskakuca.me\\\/me\\\/#organization\",\"name\":\"Evropean house\",\"url\":\"https:\\\/\\\/www.evropskakuca.me\\\/me\\\/\",\"logo\":{\"@type\":\"ImageObject\",\"inLanguage\":\"me-ME\",\"@id\":\"https:\\\/\\\/www.evropskakuca.me\\\/me\\\/#\\\/schema\\\/logo\\\/image\\\/\",\"url\":\"https:\\\/\\\/www.evropskakuca.me\\\/wp-content\\\/uploads\\\/2025\\\/01\\\/evropska-kuca-logo-1.png\",\"contentUrl\":\"https:\\\/\\\/www.evropskakuca.me\\\/wp-content\\\/uploads\\\/2025\\\/01\\\/evropska-kuca-logo-1.png\",\"width\":425,\"height\":312,\"caption\":\"Evropean house\"},\"image\":{\"@id\":\"https:\\\/\\\/www.evropskakuca.me\\\/me\\\/#\\\/schema\\\/logo\\\/image\\\/\"},\"sameAs\":[\"https:\\\/\\\/www.facebook.com\\\/evropska.kuca\",\"https:\\\/\\\/x.com\\\/evropska_kuca\",\"https:\\\/\\\/www.instagram.com\\\/evropska_kuca\"]}]}<\/script>\n<!-- \/ Yoast SEO plugin. -->","yoast_head_json":{"title":"Vrtijeljka bez otpada - Europe House","robots":{"index":"index","follow":"follow","max-snippet":"max-snippet:-1","max-image-preview":"max-image-preview:large","max-video-preview":"max-video-preview:-1"},"canonical":"https:\/\/www.evropskakuca.me\/me\/story\/vrtijeljka-bez-otpada\/","og_locale":"en_US","og_type":"article","og_title":"Vrtijeljka bez otpada - Europe House","og_description":"Prije samo godinu dana Vrtijeljka je bila najopasnija ekolo\u0161ka crna ta\u010dka u op\u0161tini Cetinje, punila stupce dnevne \u0161tampe ekolo\u0161kim incidentima, poput onog kada je nelegalno istovareno 70 tona guma. Danas je to potpuno ure\u0111ena lokacija, prva deponija koja je sanirana uz pomo\u0107 Evropske unije i kao takva, dobar prijemer efikasne upotrebe EU sredstava namojenjenih Crnoj [&hellip;]","og_url":"https:\/\/www.evropskakuca.me\/me\/story\/vrtijeljka-bez-otpada\/","og_site_name":"Europe House","article_publisher":"https:\/\/www.facebook.com\/evropska.kuca","article_modified_time":"2025-01-30T14:21:11+00:00","og_image":[{"width":2560,"height":1707,"url":"https:\/\/www.evropskakuca.me\/wp-content\/uploads\/2022\/02\/FRO_5227-scaled.jpg","type":"image\/jpeg"}],"twitter_card":"summary_large_image","twitter_site":"@evropska_kuca","twitter_misc":{"Est. reading time":"4 minutes"},"schema":{"@context":"https:\/\/schema.org","@graph":[{"@type":"WebPage","@id":"https:\/\/www.evropskakuca.me\/me\/story\/vrtijeljka-bez-otpada\/","url":"https:\/\/www.evropskakuca.me\/me\/story\/vrtijeljka-bez-otpada\/","name":"Vrtijeljka bez otpada - Europe House","isPartOf":{"@id":"https:\/\/www.evropskakuca.me\/me\/#website"},"primaryImageOfPage":{"@id":"https:\/\/www.evropskakuca.me\/me\/story\/vrtijeljka-bez-otpada\/#primaryimage"},"image":{"@id":"https:\/\/www.evropskakuca.me\/me\/story\/vrtijeljka-bez-otpada\/#primaryimage"},"thumbnailUrl":"https:\/\/www.evropskakuca.me\/wp-content\/uploads\/2022\/02\/FRO_5227-scaled.jpg","datePublished":"2022-02-08T12:48:38+00:00","dateModified":"2025-01-30T14:21:11+00:00","breadcrumb":{"@id":"https:\/\/www.evropskakuca.me\/me\/story\/vrtijeljka-bez-otpada\/#breadcrumb"},"inLanguage":"me-ME","potentialAction":[{"@type":"ReadAction","target":["https:\/\/www.evropskakuca.me\/me\/story\/vrtijeljka-bez-otpada\/"]}]},{"@type":"ImageObject","inLanguage":"me-ME","@id":"https:\/\/www.evropskakuca.me\/me\/story\/vrtijeljka-bez-otpada\/#primaryimage","url":"https:\/\/www.evropskakuca.me\/wp-content\/uploads\/2022\/02\/FRO_5227-scaled.jpg","contentUrl":"https:\/\/www.evropskakuca.me\/wp-content\/uploads\/2022\/02\/FRO_5227-scaled.jpg","width":2560,"height":1707},{"@type":"BreadcrumbList","@id":"https:\/\/www.evropskakuca.me\/me\/story\/vrtijeljka-bez-otpada\/#breadcrumb","itemListElement":[{"@type":"ListItem","position":1,"name":"Home","item":"https:\/\/www.evropskakuca.me\/me\/"},{"@type":"ListItem","position":2,"name":"Vrtijeljka bez otpada"}]},{"@type":"WebSite","@id":"https:\/\/www.evropskakuca.me\/me\/#website","url":"https:\/\/www.evropskakuca.me\/me\/","name":"Evropean house","description":"","publisher":{"@id":"https:\/\/www.evropskakuca.me\/me\/#organization"},"potentialAction":[{"@type":"SearchAction","target":{"@type":"EntryPoint","urlTemplate":"https:\/\/www.evropskakuca.me\/me\/?s={search_term_string}"},"query-input":{"@type":"PropertyValueSpecification","valueRequired":true,"valueName":"search_term_string"}}],"inLanguage":"me-ME"},{"@type":"Organization","@id":"https:\/\/www.evropskakuca.me\/me\/#organization","name":"Evropean house","url":"https:\/\/www.evropskakuca.me\/me\/","logo":{"@type":"ImageObject","inLanguage":"me-ME","@id":"https:\/\/www.evropskakuca.me\/me\/#\/schema\/logo\/image\/","url":"https:\/\/www.evropskakuca.me\/wp-content\/uploads\/2025\/01\/evropska-kuca-logo-1.png","contentUrl":"https:\/\/www.evropskakuca.me\/wp-content\/uploads\/2025\/01\/evropska-kuca-logo-1.png","width":425,"height":312,"caption":"Evropean house"},"image":{"@id":"https:\/\/www.evropskakuca.me\/me\/#\/schema\/logo\/image\/"},"sameAs":["https:\/\/www.facebook.com\/evropska.kuca","https:\/\/x.com\/evropska_kuca","https:\/\/www.instagram.com\/evropska_kuca"]}]}},"_links":{"self":[{"href":"https:\/\/www.evropskakuca.me\/me\/wp-json\/wp\/v2\/story\/18168","targetHints":{"allow":["GET"]}}],"collection":[{"href":"https:\/\/www.evropskakuca.me\/me\/wp-json\/wp\/v2\/story"}],"about":[{"href":"https:\/\/www.evropskakuca.me\/me\/wp-json\/wp\/v2\/types\/story"}],"wp:featuredmedia":[{"embeddable":true,"href":"https:\/\/www.evropskakuca.me\/me\/wp-json\/wp\/v2\/media\/42769"}],"wp:attachment":[{"href":"https:\/\/www.evropskakuca.me\/me\/wp-json\/wp\/v2\/media?parent=18168"}],"curies":[{"name":"wp","href":"https:\/\/api.w.org\/{rel}","templated":true}]}}