{"id":9885,"date":"2020-06-23T11:59:45","date_gmt":"2020-06-23T11:59:45","guid":{"rendered":"http:\/\/www.evropskakuca.me\/?p=9885"},"modified":"2020-06-23T11:59:45","modified_gmt":"2020-06-23T11:59:45","slug":"donacija-eu-deset-mobilnih-digitalnih-rendgena-za-bolnice-u-crnoj-gori","status":"publish","type":"post","link":"https:\/\/www.evropskakuca.me\/me\/donacija-eu-deset-mobilnih-digitalnih-rendgena-za-bolnice-u-crnoj-gori\/","title":{"rendered":"Donacija EU: Deset mobilnih digitalnih rendgena za bolnice u Crnoj Gori"},"content":{"rendered":"<p>U Crnu Goru je dopremljen jo\u0161 jedan kontigent medicinske opreme od deset mobilnih digitalnih rendgena, koje je donirala Evorpska unija. Savremeni rendgenski ure\u0111aji omogu\u0107i\u0107e precizniju i br\u017eu radiografsku dijagnostiku u bolnicama u Baru, Nik\u0161i\u0107u, Beranama, Pljevljima, Bijelom Polju, kao i u Klini\u010dkom centru Crne Gore \u2013 na Infektivnoj klinici, Klinici za neurologiju, Institutu za bolesti djece, Centralnoj intezivnoj njezi i Intenzivnoj metaboli\u010dkoj jedinici. Ova oprema osigura\u0107e dugoro\u010dno unapre\u0111enje bolni\u010dkih kapaciteta u Crnoj Gori, ali i efikasniju pripremu za eventualni drugi talas epidemije koronavirusa. Donacija, vrijedna 286.855,00 eura, dio je projekta Evropske unije za hitnu podr\u0161ku Crnoj Gori u borbi protiv Covid-19 ukupne vrijednosti od 3 miliona eura, koju sprovodi Kancelarija Programa Ujedinjenih nacija za razvoj (UNDP) u Crnoj Gori.<\/p>\n<p>Povodom primopredaje opreme, <strong>\u0161ef Delegacije Evropske unije u Crnoj Gori, ambasador Aivo Orav<\/strong> izjavio je: \u201eOd samog po\u010detka epidemije, Evropska unija, zemlje \u010dlanice EU i na\u0161i gra\u0111ani stoje rame uz rame sa Crnom Gorom, pru\u017eaju\u0107i kako neposrednu podr\u0161ku zdravstvenim radnicima i radnicama, tako i dugoro\u010dnu podr\u0161ku zdravstvenom sistemu, ekonomiji, preduze\u0107ima i ranjivim kategorijama stanovni\u0161tva pogo\u0111enim ovom situacijom. Zahvalni smo crnogorskim vlastima \u0161to su odgovorile na krizu na odgovoran i efikasan na\u010din ali, kao \u0161to je i bilo o\u010dekivano, virus se vratio i moramo biti oprezniji vi\u0161e nego ikad. Vjerujem da je na\u0161a donacija deset mobilnih rendgenskih aparata vrlo vrijedna i da \u0107e omoguc\u0301iti javnom zdravstvenom sistemu da se jo\u0161 bolje pripremi za drugi talas virusa. Ali, \u010dak i kad se pandemija zavr\u0161i, rendgenski aparati \u0107e ostati tu, u korist zdravlja gra\u0111ana. Zdravstvenom sistemu Crne Gore potrebna je modernizacija i dugoro\u010dno ulaganje, zbog \u010dega EU namjerava da finansira izgradnju dvije nove klinike za zarazne bolesti i dermatovenerologiju u okviru Klini\u010dkog centra Crne Gore.\u201c<\/p>\n<p><img fetchpriority=\"high\" decoding=\"async\" class=\"alignnone size-large wp-image-9888\" src=\"http:\/\/www.evropskakuca.me\/wp-content\/uploads\/2020\/06\/donacija-eu-jun-za-sajt-1024x683.jpg\" alt=\"\" width=\"1024\" height=\"683\" \/><\/p>\n<p><strong>Potpredsjednik Vlade, Milutin Simovi\u0107<\/strong> je zahvalio Delegaciji Evropske unije i Kancelariji UNDP u Crnoj Gori na nastavku realizacije nabavke medicinske i li\u010dne za\u0161titne opreme iz projekta Evropske unije za podr\u0161ku Crnoj Gori u borbi protiv Covid 19. \u201eKontinuirana realizacija ovog projekta jo\u0161 je jedna potvrda solidarnog i partnerskog odnosa EU i Crne Gore u suo\u010davanju sa izazovima o\u010duvanja zdravlja tokom pandemije novog korona virusa. Zajedni\u010dkim ja\u010danjem kapaciteta zdravstvnog sistema jo\u0161 spremniji \u0107emo biti za odgovore na mogu\u0107e nove talase epidemije i \u017eivot sa virusom, i tako obezbjediti da dodatna pa\u017enja bude usmjerena na sna\u017ean ekonomski oporavak i dalje gra\u0111enje imid\u017ea Crne Gore kao bezbjedne i sigurne dr\u017eave za sve njene gra\u0111ane, turiste, privrednike i investitore\u201c, kazao je potpredsjednik Simovi\u0107.<\/p>\n<p><strong>Daniela Ga\u0161parikova, stalna predstavnica UNDP u Crnoj Gori<\/strong> istakla je da UNDP te\u017ei da bude pouzdan partner gra\u0111anima, dr\u017eavi i me\u0111unarodnoj zajednici, o \u010demu svjedo\u010di i konkretna podr\u0161ka koju ova organizacija pru\u017ea u odgovoru na epidemiju, ali i u procesu oporavka koji tek predstoji. \u201eSavremena rendgenska oprema koju smo obezbijedili zahvaljuju\u0107i sredstvima EU, samo je dio na\u0161e kontinuirane podr\u0161ke Crnoj Gori. Kako bi se o\u010duvao ve\u0107 ostvareni napredak u razvoju po mjeri \u010dovjeka, UNDP posebnu pa\u017enju posve\u0107uje dugoro\u010dnom ja\u010danju zdravstvenog sistema. S obzrom da je zdravlje stanovni\u0161tva osnovni preduslov za pobolj\u0161anje kvaliteta \u017eivota, nastavi\u0107emo da ula\u017eemo napore u uvo\u0111enje digitalnih tehnologija, koje \u0107e usavr\u0161iti procese i protok informacija u sektoru zdravstva, prevashodno u Klini\u010dkom centru Crne Gore. Uvjerena sam da \u0107e to obezbijediti kvalitetniju zdravstvenu za\u0161titu pacijenata,\u201c zaklju\u010dila je Ga\u0161parikova.<\/p>\n<p>Delegacija Evropske unije i Program Ujedinjenih nacija za razvoj (UNDP) u Crnoj Gori potpisali su po\u010detkom aprila ugovor u vrijednosti od 3 miliona eura za nabavku neophodne medicinske opreme i li\u010dne za\u0161titne opreme za zdravstvene radnike. Ugovor se finansira iz sredstava EU, a nabavku sprovodi UNDP u bliskoj saradnji sa nadle\u017enim institucijama. Pored pomenutih 10 rendgena, iz ove donacije omogu\u0107ena je nabavka ukupno 100 respiratora i li\u010dne za\u0161titne opreme za medicinske radnike, uklju\u010duju\u0107i: 171.550 hirur\u0161kih maski, 32.800 za\u0161titnih maski N95, 90.000 hirur\u0161kih rukavica, 10.000 hirur\u0161kih navlaka za obu\u0107u, 10.000 hirur\u0161kih kapa, 10.200 za\u0161titnih nao\u010dara, 10.000 nepromo\u010divih kombinezona i 10.000 kecelja. Ukupna podr\u0161ka EU Crnoj Gori za borbu protiv Covid-19 i saniranje posledica zdravstvene i ekonomske krize iznosti 53 miliona eura.<\/p>\n<p><iframe title=\"Donacija EU: Deset mobilnih digitalnih rendgena za bolnice u Crnoj Gori\" width=\"800\" height=\"450\" src=\"https:\/\/www.youtube.com\/embed\/J79SVY0KuOI?feature=oembed\" frameborder=\"0\" allow=\"accelerometer; autoplay; clipboard-write; encrypted-media; gyroscope; picture-in-picture; web-share\" referrerpolicy=\"strict-origin-when-cross-origin\" allowfullscreen><\/iframe><\/p>\n<p>&nbsp;<\/p>\n","protected":false},"excerpt":{"rendered":"<p>U cilju ja\u010danja bolni\u010dkih kapaciteta u borbi protiv Covid-19, nabavljena savremena rendgenska oprema vrijedna 286.855 eura<\/p>\n","protected":false},"author":1,"featured_media":35494,"comment_status":"closed","ping_status":"closed","sticky":false,"template":"","format":"standard","meta":{"_acf_changed":false,"footnotes":""},"categories":[],"tags":[],"class_list":["post-9885","post","type-post","status-publish","format-standard","has-post-thumbnail","hentry"],"acf":[],"yoast_head":"<!-- This site is optimized with the Yoast SEO plugin v27.3 - https:\/\/yoast.com\/product\/yoast-seo-wordpress\/ -->\n<title>Donacija EU: Deset mobilnih digitalnih rendgena za bolnice u Crnoj Gori - Europe House<\/title>\n<meta name=\"robots\" content=\"index, follow, max-snippet:-1, max-image-preview:large, max-video-preview:-1\" \/>\n<link rel=\"canonical\" href=\"https:\/\/www.evropskakuca.me\/me\/donacija-eu-deset-mobilnih-digitalnih-rendgena-za-bolnice-u-crnoj-gori\/\" \/>\n<meta property=\"og:locale\" content=\"en_US\" \/>\n<meta property=\"og:type\" content=\"article\" \/>\n<meta property=\"og:title\" content=\"Donacija EU: Deset mobilnih digitalnih rendgena za bolnice u Crnoj Gori - Europe House\" \/>\n<meta property=\"og:description\" content=\"U cilju ja\u010danja bolni\u010dkih kapaciteta u borbi protiv Covid-19, nabavljena savremena rendgenska oprema vrijedna 286.855 eura\" \/>\n<meta property=\"og:url\" content=\"https:\/\/www.evropskakuca.me\/me\/donacija-eu-deset-mobilnih-digitalnih-rendgena-za-bolnice-u-crnoj-gori\/\" \/>\n<meta property=\"og:site_name\" content=\"Europe House\" \/>\n<meta property=\"article:publisher\" content=\"https:\/\/www.facebook.com\/evropska.kuca\" \/>\n<meta property=\"article:published_time\" content=\"2020-06-23T11:59:45+00:00\" \/>\n<meta property=\"og:image\" content=\"https:\/\/www.evropskakuca.me\/wp-content\/uploads\/2020\/06\/donacija-eu-jun-3-1024x683.jpg\" \/>\n\t<meta property=\"og:image:width\" content=\"1024\" \/>\n\t<meta property=\"og:image:height\" content=\"683\" \/>\n\t<meta property=\"og:image:type\" content=\"image\/jpeg\" \/>\n<meta name=\"author\" content=\"mkajic\" \/>\n<meta name=\"twitter:card\" content=\"summary_large_image\" \/>\n<meta name=\"twitter:creator\" content=\"@evropska_kuca\" \/>\n<meta name=\"twitter:site\" content=\"@evropska_kuca\" \/>\n<meta name=\"twitter:label1\" content=\"Written by\" \/>\n\t<meta name=\"twitter:data1\" content=\"mkajic\" \/>\n\t<meta name=\"twitter:label2\" content=\"Est. reading time\" \/>\n\t<meta name=\"twitter:data2\" content=\"4 minutes\" \/>\n<script type=\"application\/ld+json\" class=\"yoast-schema-graph\">{\"@context\":\"https:\\\/\\\/schema.org\",\"@graph\":[{\"@type\":\"Article\",\"@id\":\"https:\\\/\\\/www.evropskakuca.me\\\/me\\\/donacija-eu-deset-mobilnih-digitalnih-rendgena-za-bolnice-u-crnoj-gori\\\/#article\",\"isPartOf\":{\"@id\":\"https:\\\/\\\/www.evropskakuca.me\\\/me\\\/donacija-eu-deset-mobilnih-digitalnih-rendgena-za-bolnice-u-crnoj-gori\\\/\"},\"author\":{\"name\":\"mkajic\",\"@id\":\"https:\\\/\\\/www.evropskakuca.me\\\/me\\\/#\\\/schema\\\/person\\\/a1d0dcdaefe4a1cd1d60d200ea137ba4\"},\"headline\":\"Donacija EU: Deset mobilnih digitalnih rendgena za bolnice u Crnoj Gori\",\"datePublished\":\"2020-06-23T11:59:45+00:00\",\"mainEntityOfPage\":{\"@id\":\"https:\\\/\\\/www.evropskakuca.me\\\/me\\\/donacija-eu-deset-mobilnih-digitalnih-rendgena-za-bolnice-u-crnoj-gori\\\/\"},\"wordCount\":751,\"publisher\":{\"@id\":\"https:\\\/\\\/www.evropskakuca.me\\\/me\\\/#organization\"},\"image\":{\"@id\":\"https:\\\/\\\/www.evropskakuca.me\\\/me\\\/donacija-eu-deset-mobilnih-digitalnih-rendgena-za-bolnice-u-crnoj-gori\\\/#primaryimage\"},\"thumbnailUrl\":\"https:\\\/\\\/www.evropskakuca.me\\\/wp-content\\\/uploads\\\/2020\\\/06\\\/donacija-eu-jun-3.jpg\",\"inLanguage\":\"me-ME\"},{\"@type\":\"WebPage\",\"@id\":\"https:\\\/\\\/www.evropskakuca.me\\\/me\\\/donacija-eu-deset-mobilnih-digitalnih-rendgena-za-bolnice-u-crnoj-gori\\\/\",\"url\":\"https:\\\/\\\/www.evropskakuca.me\\\/me\\\/donacija-eu-deset-mobilnih-digitalnih-rendgena-za-bolnice-u-crnoj-gori\\\/\",\"name\":\"Donacija EU: Deset mobilnih digitalnih rendgena za bolnice u Crnoj Gori - Europe House\",\"isPartOf\":{\"@id\":\"https:\\\/\\\/www.evropskakuca.me\\\/me\\\/#website\"},\"primaryImageOfPage\":{\"@id\":\"https:\\\/\\\/www.evropskakuca.me\\\/me\\\/donacija-eu-deset-mobilnih-digitalnih-rendgena-za-bolnice-u-crnoj-gori\\\/#primaryimage\"},\"image\":{\"@id\":\"https:\\\/\\\/www.evropskakuca.me\\\/me\\\/donacija-eu-deset-mobilnih-digitalnih-rendgena-za-bolnice-u-crnoj-gori\\\/#primaryimage\"},\"thumbnailUrl\":\"https:\\\/\\\/www.evropskakuca.me\\\/wp-content\\\/uploads\\\/2020\\\/06\\\/donacija-eu-jun-3.jpg\",\"datePublished\":\"2020-06-23T11:59:45+00:00\",\"breadcrumb\":{\"@id\":\"https:\\\/\\\/www.evropskakuca.me\\\/me\\\/donacija-eu-deset-mobilnih-digitalnih-rendgena-za-bolnice-u-crnoj-gori\\\/#breadcrumb\"},\"inLanguage\":\"me-ME\",\"potentialAction\":[{\"@type\":\"ReadAction\",\"target\":[\"https:\\\/\\\/www.evropskakuca.me\\\/me\\\/donacija-eu-deset-mobilnih-digitalnih-rendgena-za-bolnice-u-crnoj-gori\\\/\"]}]},{\"@type\":\"ImageObject\",\"inLanguage\":\"me-ME\",\"@id\":\"https:\\\/\\\/www.evropskakuca.me\\\/me\\\/donacija-eu-deset-mobilnih-digitalnih-rendgena-za-bolnice-u-crnoj-gori\\\/#primaryimage\",\"url\":\"https:\\\/\\\/www.evropskakuca.me\\\/wp-content\\\/uploads\\\/2020\\\/06\\\/donacija-eu-jun-3.jpg\",\"contentUrl\":\"https:\\\/\\\/www.evropskakuca.me\\\/wp-content\\\/uploads\\\/2020\\\/06\\\/donacija-eu-jun-3.jpg\",\"width\":2500,\"height\":1667},{\"@type\":\"BreadcrumbList\",\"@id\":\"https:\\\/\\\/www.evropskakuca.me\\\/me\\\/donacija-eu-deset-mobilnih-digitalnih-rendgena-za-bolnice-u-crnoj-gori\\\/#breadcrumb\",\"itemListElement\":[{\"@type\":\"ListItem\",\"position\":1,\"name\":\"Home\",\"item\":\"https:\\\/\\\/www.evropskakuca.me\\\/me\\\/\"},{\"@type\":\"ListItem\",\"position\":2,\"name\":\"Donacija EU: Deset mobilnih digitalnih rendgena za bolnice u Crnoj Gori\"}]},{\"@type\":\"WebSite\",\"@id\":\"https:\\\/\\\/www.evropskakuca.me\\\/me\\\/#website\",\"url\":\"https:\\\/\\\/www.evropskakuca.me\\\/me\\\/\",\"name\":\"Evropean house\",\"description\":\"\",\"publisher\":{\"@id\":\"https:\\\/\\\/www.evropskakuca.me\\\/me\\\/#organization\"},\"potentialAction\":[{\"@type\":\"SearchAction\",\"target\":{\"@type\":\"EntryPoint\",\"urlTemplate\":\"https:\\\/\\\/www.evropskakuca.me\\\/me\\\/?s={search_term_string}\"},\"query-input\":{\"@type\":\"PropertyValueSpecification\",\"valueRequired\":true,\"valueName\":\"search_term_string\"}}],\"inLanguage\":\"me-ME\"},{\"@type\":\"Organization\",\"@id\":\"https:\\\/\\\/www.evropskakuca.me\\\/me\\\/#organization\",\"name\":\"Evropean house\",\"url\":\"https:\\\/\\\/www.evropskakuca.me\\\/me\\\/\",\"logo\":{\"@type\":\"ImageObject\",\"inLanguage\":\"me-ME\",\"@id\":\"https:\\\/\\\/www.evropskakuca.me\\\/me\\\/#\\\/schema\\\/logo\\\/image\\\/\",\"url\":\"https:\\\/\\\/www.evropskakuca.me\\\/wp-content\\\/uploads\\\/2025\\\/01\\\/evropska-kuca-logo-1.png\",\"contentUrl\":\"https:\\\/\\\/www.evropskakuca.me\\\/wp-content\\\/uploads\\\/2025\\\/01\\\/evropska-kuca-logo-1.png\",\"width\":425,\"height\":312,\"caption\":\"Evropean house\"},\"image\":{\"@id\":\"https:\\\/\\\/www.evropskakuca.me\\\/me\\\/#\\\/schema\\\/logo\\\/image\\\/\"},\"sameAs\":[\"https:\\\/\\\/www.facebook.com\\\/evropska.kuca\",\"https:\\\/\\\/x.com\\\/evropska_kuca\",\"https:\\\/\\\/www.instagram.com\\\/evropska_kuca\"]},{\"@type\":\"Person\",\"@id\":\"https:\\\/\\\/www.evropskakuca.me\\\/me\\\/#\\\/schema\\\/person\\\/a1d0dcdaefe4a1cd1d60d200ea137ba4\",\"name\":\"mkajic\",\"image\":{\"@type\":\"ImageObject\",\"inLanguage\":\"me-ME\",\"@id\":\"https:\\\/\\\/secure.gravatar.com\\\/avatar\\\/731fa035cefab7316e6bafd1f25a93fb731a07de14e2d9923f8db4422628eabc?s=96&d=mm&r=g\",\"url\":\"https:\\\/\\\/secure.gravatar.com\\\/avatar\\\/731fa035cefab7316e6bafd1f25a93fb731a07de14e2d9923f8db4422628eabc?s=96&d=mm&r=g\",\"contentUrl\":\"https:\\\/\\\/secure.gravatar.com\\\/avatar\\\/731fa035cefab7316e6bafd1f25a93fb731a07de14e2d9923f8db4422628eabc?s=96&d=mm&r=g\",\"caption\":\"mkajic\"},\"sameAs\":[\"https:\\\/\\\/evropskakuca.me\"],\"url\":\"https:\\\/\\\/www.evropskakuca.me\\\/me\\\/author\\\/mkajic\\\/\"}]}<\/script>\n<!-- \/ Yoast SEO plugin. -->","yoast_head_json":{"title":"Donacija EU: Deset mobilnih digitalnih rendgena za bolnice u Crnoj Gori - Europe House","robots":{"index":"index","follow":"follow","max-snippet":"max-snippet:-1","max-image-preview":"max-image-preview:large","max-video-preview":"max-video-preview:-1"},"canonical":"https:\/\/www.evropskakuca.me\/me\/donacija-eu-deset-mobilnih-digitalnih-rendgena-za-bolnice-u-crnoj-gori\/","og_locale":"en_US","og_type":"article","og_title":"Donacija EU: Deset mobilnih digitalnih rendgena za bolnice u Crnoj Gori - Europe House","og_description":"U cilju ja\u010danja bolni\u010dkih kapaciteta u borbi protiv Covid-19, nabavljena savremena rendgenska oprema vrijedna 286.855 eura","og_url":"https:\/\/www.evropskakuca.me\/me\/donacija-eu-deset-mobilnih-digitalnih-rendgena-za-bolnice-u-crnoj-gori\/","og_site_name":"Europe House","article_publisher":"https:\/\/www.facebook.com\/evropska.kuca","article_published_time":"2020-06-23T11:59:45+00:00","og_image":[{"width":1024,"height":683,"url":"https:\/\/www.evropskakuca.me\/wp-content\/uploads\/2020\/06\/donacija-eu-jun-3-1024x683.jpg","type":"image\/jpeg"}],"author":"mkajic","twitter_card":"summary_large_image","twitter_creator":"@evropska_kuca","twitter_site":"@evropska_kuca","twitter_misc":{"Written by":"mkajic","Est. reading time":"4 minutes"},"schema":{"@context":"https:\/\/schema.org","@graph":[{"@type":"Article","@id":"https:\/\/www.evropskakuca.me\/me\/donacija-eu-deset-mobilnih-digitalnih-rendgena-za-bolnice-u-crnoj-gori\/#article","isPartOf":{"@id":"https:\/\/www.evropskakuca.me\/me\/donacija-eu-deset-mobilnih-digitalnih-rendgena-za-bolnice-u-crnoj-gori\/"},"author":{"name":"mkajic","@id":"https:\/\/www.evropskakuca.me\/me\/#\/schema\/person\/a1d0dcdaefe4a1cd1d60d200ea137ba4"},"headline":"Donacija EU: Deset mobilnih digitalnih rendgena za bolnice u Crnoj Gori","datePublished":"2020-06-23T11:59:45+00:00","mainEntityOfPage":{"@id":"https:\/\/www.evropskakuca.me\/me\/donacija-eu-deset-mobilnih-digitalnih-rendgena-za-bolnice-u-crnoj-gori\/"},"wordCount":751,"publisher":{"@id":"https:\/\/www.evropskakuca.me\/me\/#organization"},"image":{"@id":"https:\/\/www.evropskakuca.me\/me\/donacija-eu-deset-mobilnih-digitalnih-rendgena-za-bolnice-u-crnoj-gori\/#primaryimage"},"thumbnailUrl":"https:\/\/www.evropskakuca.me\/wp-content\/uploads\/2020\/06\/donacija-eu-jun-3.jpg","inLanguage":"me-ME"},{"@type":"WebPage","@id":"https:\/\/www.evropskakuca.me\/me\/donacija-eu-deset-mobilnih-digitalnih-rendgena-za-bolnice-u-crnoj-gori\/","url":"https:\/\/www.evropskakuca.me\/me\/donacija-eu-deset-mobilnih-digitalnih-rendgena-za-bolnice-u-crnoj-gori\/","name":"Donacija EU: Deset mobilnih digitalnih rendgena za bolnice u Crnoj Gori - Europe House","isPartOf":{"@id":"https:\/\/www.evropskakuca.me\/me\/#website"},"primaryImageOfPage":{"@id":"https:\/\/www.evropskakuca.me\/me\/donacija-eu-deset-mobilnih-digitalnih-rendgena-za-bolnice-u-crnoj-gori\/#primaryimage"},"image":{"@id":"https:\/\/www.evropskakuca.me\/me\/donacija-eu-deset-mobilnih-digitalnih-rendgena-za-bolnice-u-crnoj-gori\/#primaryimage"},"thumbnailUrl":"https:\/\/www.evropskakuca.me\/wp-content\/uploads\/2020\/06\/donacija-eu-jun-3.jpg","datePublished":"2020-06-23T11:59:45+00:00","breadcrumb":{"@id":"https:\/\/www.evropskakuca.me\/me\/donacija-eu-deset-mobilnih-digitalnih-rendgena-za-bolnice-u-crnoj-gori\/#breadcrumb"},"inLanguage":"me-ME","potentialAction":[{"@type":"ReadAction","target":["https:\/\/www.evropskakuca.me\/me\/donacija-eu-deset-mobilnih-digitalnih-rendgena-za-bolnice-u-crnoj-gori\/"]}]},{"@type":"ImageObject","inLanguage":"me-ME","@id":"https:\/\/www.evropskakuca.me\/me\/donacija-eu-deset-mobilnih-digitalnih-rendgena-za-bolnice-u-crnoj-gori\/#primaryimage","url":"https:\/\/www.evropskakuca.me\/wp-content\/uploads\/2020\/06\/donacija-eu-jun-3.jpg","contentUrl":"https:\/\/www.evropskakuca.me\/wp-content\/uploads\/2020\/06\/donacija-eu-jun-3.jpg","width":2500,"height":1667},{"@type":"BreadcrumbList","@id":"https:\/\/www.evropskakuca.me\/me\/donacija-eu-deset-mobilnih-digitalnih-rendgena-za-bolnice-u-crnoj-gori\/#breadcrumb","itemListElement":[{"@type":"ListItem","position":1,"name":"Home","item":"https:\/\/www.evropskakuca.me\/me\/"},{"@type":"ListItem","position":2,"name":"Donacija EU: Deset mobilnih digitalnih rendgena za bolnice u Crnoj Gori"}]},{"@type":"WebSite","@id":"https:\/\/www.evropskakuca.me\/me\/#website","url":"https:\/\/www.evropskakuca.me\/me\/","name":"Evropean house","description":"","publisher":{"@id":"https:\/\/www.evropskakuca.me\/me\/#organization"},"potentialAction":[{"@type":"SearchAction","target":{"@type":"EntryPoint","urlTemplate":"https:\/\/www.evropskakuca.me\/me\/?s={search_term_string}"},"query-input":{"@type":"PropertyValueSpecification","valueRequired":true,"valueName":"search_term_string"}}],"inLanguage":"me-ME"},{"@type":"Organization","@id":"https:\/\/www.evropskakuca.me\/me\/#organization","name":"Evropean house","url":"https:\/\/www.evropskakuca.me\/me\/","logo":{"@type":"ImageObject","inLanguage":"me-ME","@id":"https:\/\/www.evropskakuca.me\/me\/#\/schema\/logo\/image\/","url":"https:\/\/www.evropskakuca.me\/wp-content\/uploads\/2025\/01\/evropska-kuca-logo-1.png","contentUrl":"https:\/\/www.evropskakuca.me\/wp-content\/uploads\/2025\/01\/evropska-kuca-logo-1.png","width":425,"height":312,"caption":"Evropean house"},"image":{"@id":"https:\/\/www.evropskakuca.me\/me\/#\/schema\/logo\/image\/"},"sameAs":["https:\/\/www.facebook.com\/evropska.kuca","https:\/\/x.com\/evropska_kuca","https:\/\/www.instagram.com\/evropska_kuca"]},{"@type":"Person","@id":"https:\/\/www.evropskakuca.me\/me\/#\/schema\/person\/a1d0dcdaefe4a1cd1d60d200ea137ba4","name":"mkajic","image":{"@type":"ImageObject","inLanguage":"me-ME","@id":"https:\/\/secure.gravatar.com\/avatar\/731fa035cefab7316e6bafd1f25a93fb731a07de14e2d9923f8db4422628eabc?s=96&d=mm&r=g","url":"https:\/\/secure.gravatar.com\/avatar\/731fa035cefab7316e6bafd1f25a93fb731a07de14e2d9923f8db4422628eabc?s=96&d=mm&r=g","contentUrl":"https:\/\/secure.gravatar.com\/avatar\/731fa035cefab7316e6bafd1f25a93fb731a07de14e2d9923f8db4422628eabc?s=96&d=mm&r=g","caption":"mkajic"},"sameAs":["https:\/\/evropskakuca.me"],"url":"https:\/\/www.evropskakuca.me\/me\/author\/mkajic\/"}]}},"_links":{"self":[{"href":"https:\/\/www.evropskakuca.me\/me\/wp-json\/wp\/v2\/posts\/9885","targetHints":{"allow":["GET"]}}],"collection":[{"href":"https:\/\/www.evropskakuca.me\/me\/wp-json\/wp\/v2\/posts"}],"about":[{"href":"https:\/\/www.evropskakuca.me\/me\/wp-json\/wp\/v2\/types\/post"}],"author":[{"embeddable":true,"href":"https:\/\/www.evropskakuca.me\/me\/wp-json\/wp\/v2\/users\/1"}],"replies":[{"embeddable":true,"href":"https:\/\/www.evropskakuca.me\/me\/wp-json\/wp\/v2\/comments?post=9885"}],"version-history":[{"count":0,"href":"https:\/\/www.evropskakuca.me\/me\/wp-json\/wp\/v2\/posts\/9885\/revisions"}],"wp:featuredmedia":[{"embeddable":true,"href":"https:\/\/www.evropskakuca.me\/me\/wp-json\/wp\/v2\/media\/35494"}],"wp:attachment":[{"href":"https:\/\/www.evropskakuca.me\/me\/wp-json\/wp\/v2\/media?parent=9885"}],"wp:term":[{"taxonomy":"category","embeddable":true,"href":"https:\/\/www.evropskakuca.me\/me\/wp-json\/wp\/v2\/categories?post=9885"},{"taxonomy":"post_tag","embeddable":true,"href":"https:\/\/www.evropskakuca.me\/me\/wp-json\/wp\/v2\/tags?post=9885"}],"curies":[{"name":"wp","href":"https:\/\/api.w.org\/{rel}","templated":true}]}}