{"id":9865,"date":"2020-06-19T12:02:27","date_gmt":"2020-06-19T12:02:27","guid":{"rendered":"http:\/\/www.evropskakuca.me\/?p=9865"},"modified":"2020-06-19T12:02:27","modified_gmt":"2020-06-19T12:02:27","slug":"andela-gacevic-sevcenko-osvojila-glavnu-nagradu-bicikl-380-takmicara-dobilo-dnevne-nagrade","status":"publish","type":"post","link":"https:\/\/www.evropskakuca.me\/me\/andela-gacevic-sevcenko-osvojila-glavnu-nagradu-bicikl-380-takmicara-dobilo-dnevne-nagrade\/","title":{"rendered":"An\u0111ela Ga\u010devi\u0107 \u0160ev\u010denko osvojila glavnu nagradu &#8211; bicikl, 380 takmi\u010dara dobilo dnevne nagrade"},"content":{"rendered":"<p>An\u0111ela Ga\u010devi\u0107 \u0160ev\u010denko iz Podgorice osvojila glavnu nagradu \u2013 bicikl u okviru kviza <a href=\"http:\/\/www.evropskakuca.me\/kviz-evropa-na-dlanu\/\">\u201eEvropa na dlanu\u201c<\/a>, koji smo pokrenuli krajem aprila, kako bi gra\u0111anima pomogli da lak\u0161e prebrode period epidemije korona virusa. Njeno ime izvu\u010deno je danas nasumi\u010dnim biranjem preko aplikacije commentpicker.com, u live prenosu na <a href=\"https:\/\/www.facebook.com\/evropskakuca.me\/videos\/314363019581756\/?__xts__%5B0%5D=68.ARA_D70CqqVI2LOkUx-XBuIeHh6cc_oSWacMHQojGzM0bGCda9_BBpwcs2rWWW5GSoyCbjZqhcr7dKwk1FmGyDkEv9LTy7ceLGnETKn7pUg8ZWOMGbEv6m028kg_z-W1A0jwYKsr1B3U8T2fmuwnGTpLzqHox5HqxFVGOsotRGYzxfCtiA4zXHse5im8a7KOVq4PEh_N4zptUSzjap1g0YSLyDtKDJ9CjBmJJZGaaiicMuUi_TozRMByzqWf2K5Htfb8NVmQgl4vq_iwf4XMEtMQgRLFjCVvKerpARAZgTZNc8NFlvTVvNyFpoZPdDEzsOY30nDlxuCEeTOJd9eEkkzViDFB4CEwkF8mzQ&amp;__tn__=-R\">Facebook<\/a>. Pored An\u0111ele, progla\u0161eni su i takmi\u010dari koji su osvojili dnevne nagrade. Od 3 000 ljudi, koliko je u\u010destvovalo u kvizu, njih 380 je ispunilo uslov (najvi\u0161e dva neta\u010dna odgovora) i osvojilo dnevne nagrade, kao \u0161to su majice, ki\u0161obrani, ruksaci, boce za vodu, rokovnici&#8230;<\/p>\n<p><img fetchpriority=\"high\" decoding=\"async\" class=\"alignnone size-large wp-image-9866\" src=\"http:\/\/www.evropskakuca.me\/wp-content\/uploads\/2020\/06\/andjela-dobitnica-1024x576.jpg\" alt=\"\" width=\"1024\" height=\"576\" \/><\/p>\n<p>\u201eU vrijeme epidemije korona virusa, ve\u0107ina nas je vrijeme provodila ku\u0107i. Evropska unija u Crnoj Gori imala je \u017eelju da ljudima pomogne da taj period lak\u0161e prebrode, pa smo osmislili na\u010din kako da se zabave, ali i nau\u010de ne\u0161to novo o Evropskoj uniji. Sami smo iznena\u0111eni brojem u\u010desnika, ali i sjajnim rezultatima, koji su nam potvrdili da gra\u0111ani ipak znaju i razumiju na koji na\u010din EU funkcioni\u0161e. Ovom prilikom \u010destitamo svim dobitnicima i pozivamo ih da nastave da nas prate, jer pripremamo nove zanimljive sadr\u017eaje\u201c, saop\u0161teno je iz EU info centra.<\/p>\n<p>Dobitnici dnevnih nagrada iz Podgorice nagrade mogu da preuzmu svakog radnog dana od 9h do 17h u EU info centru, po\u010dev od 1. jula, dok \u0107e dobitnicima iz drugih crnogorskih gradova nagrade biti poslate po\u0161tom. Imena svih dobitnika mo\u017eete pro\u010ditati <a href=\"http:\/\/www.evropskakuca.me\/me\/spisak-dobitnika-dnevnih-nagrada-u-okviru-kviza-evropa-na-dlanu\/\">ovdje<\/a>.<\/p>\n","protected":false},"excerpt":{"rendered":"<p>Progla\u0161eni pobjednici kviza \u201eEvropa na dlanu\u201c<\/p>\n","protected":false},"author":1,"featured_media":35540,"comment_status":"closed","ping_status":"closed","sticky":false,"template":"","format":"standard","meta":{"_acf_changed":false,"footnotes":""},"categories":[1],"tags":[],"class_list":["post-9865","post","type-post","status-publish","format-standard","has-post-thumbnail","hentry","category-uncategorized"],"acf":[],"yoast_head":"<!-- This site is optimized with the Yoast SEO plugin v27.3 - https:\/\/yoast.com\/product\/yoast-seo-wordpress\/ -->\n<title>An\u0111ela Ga\u010devi\u0107 \u0160ev\u010denko osvojila glavnu nagradu - bicikl, 380 takmi\u010dara dobilo dnevne nagrade - Europe House<\/title>\n<meta name=\"robots\" content=\"index, follow, max-snippet:-1, max-image-preview:large, max-video-preview:-1\" \/>\n<link rel=\"canonical\" href=\"https:\/\/www.evropskakuca.me\/me\/andela-gacevic-sevcenko-osvojila-glavnu-nagradu-bicikl-380-takmicara-dobilo-dnevne-nagrade\/\" \/>\n<meta property=\"og:locale\" content=\"en_US\" \/>\n<meta property=\"og:type\" content=\"article\" \/>\n<meta property=\"og:title\" content=\"An\u0111ela Ga\u010devi\u0107 \u0160ev\u010denko osvojila glavnu nagradu - bicikl, 380 takmi\u010dara dobilo dnevne nagrade - Europe House\" \/>\n<meta property=\"og:description\" content=\"Progla\u0161eni pobjednici kviza \u201eEvropa na dlanu\u201c\" \/>\n<meta property=\"og:url\" content=\"https:\/\/www.evropskakuca.me\/me\/andela-gacevic-sevcenko-osvojila-glavnu-nagradu-bicikl-380-takmicara-dobilo-dnevne-nagrade\/\" \/>\n<meta property=\"og:site_name\" content=\"Europe House\" \/>\n<meta property=\"article:publisher\" content=\"https:\/\/www.facebook.com\/evropska.kuca\" \/>\n<meta property=\"article:published_time\" content=\"2020-06-19T12:02:27+00:00\" \/>\n<meta property=\"og:image\" content=\"https:\/\/www.evropskakuca.me\/wp-content\/uploads\/2020\/06\/post_facebook.png\" \/>\n\t<meta property=\"og:image:width\" content=\"1200\" \/>\n\t<meta property=\"og:image:height\" content=\"1200\" \/>\n\t<meta property=\"og:image:type\" content=\"image\/png\" \/>\n<meta name=\"author\" content=\"mkajic\" \/>\n<meta name=\"twitter:card\" content=\"summary_large_image\" \/>\n<meta name=\"twitter:creator\" content=\"@evropska_kuca\" \/>\n<meta name=\"twitter:site\" content=\"@evropska_kuca\" \/>\n<meta name=\"twitter:label1\" content=\"Written by\" \/>\n\t<meta name=\"twitter:data1\" content=\"mkajic\" \/>\n\t<meta name=\"twitter:label2\" content=\"Est. reading time\" \/>\n\t<meta name=\"twitter:data2\" content=\"1 minute\" \/>\n<script type=\"application\/ld+json\" class=\"yoast-schema-graph\">{\"@context\":\"https:\\\/\\\/schema.org\",\"@graph\":[{\"@type\":\"Article\",\"@id\":\"https:\\\/\\\/www.evropskakuca.me\\\/me\\\/andela-gacevic-sevcenko-osvojila-glavnu-nagradu-bicikl-380-takmicara-dobilo-dnevne-nagrade\\\/#article\",\"isPartOf\":{\"@id\":\"https:\\\/\\\/www.evropskakuca.me\\\/me\\\/andela-gacevic-sevcenko-osvojila-glavnu-nagradu-bicikl-380-takmicara-dobilo-dnevne-nagrade\\\/\"},\"author\":{\"name\":\"mkajic\",\"@id\":\"https:\\\/\\\/www.evropskakuca.me\\\/me\\\/#\\\/schema\\\/person\\\/a1d0dcdaefe4a1cd1d60d200ea137ba4\"},\"headline\":\"An\u0111ela Ga\u010devi\u0107 \u0160ev\u010denko osvojila glavnu nagradu &#8211; bicikl, 380 takmi\u010dara dobilo dnevne nagrade\",\"datePublished\":\"2020-06-19T12:02:27+00:00\",\"mainEntityOfPage\":{\"@id\":\"https:\\\/\\\/www.evropskakuca.me\\\/me\\\/andela-gacevic-sevcenko-osvojila-glavnu-nagradu-bicikl-380-takmicara-dobilo-dnevne-nagrade\\\/\"},\"wordCount\":265,\"publisher\":{\"@id\":\"https:\\\/\\\/www.evropskakuca.me\\\/me\\\/#organization\"},\"image\":{\"@id\":\"https:\\\/\\\/www.evropskakuca.me\\\/me\\\/andela-gacevic-sevcenko-osvojila-glavnu-nagradu-bicikl-380-takmicara-dobilo-dnevne-nagrade\\\/#primaryimage\"},\"thumbnailUrl\":\"https:\\\/\\\/www.evropskakuca.me\\\/wp-content\\\/uploads\\\/2020\\\/06\\\/post_facebook.png\",\"inLanguage\":\"me-ME\"},{\"@type\":\"WebPage\",\"@id\":\"https:\\\/\\\/www.evropskakuca.me\\\/me\\\/andela-gacevic-sevcenko-osvojila-glavnu-nagradu-bicikl-380-takmicara-dobilo-dnevne-nagrade\\\/\",\"url\":\"https:\\\/\\\/www.evropskakuca.me\\\/me\\\/andela-gacevic-sevcenko-osvojila-glavnu-nagradu-bicikl-380-takmicara-dobilo-dnevne-nagrade\\\/\",\"name\":\"An\u0111ela Ga\u010devi\u0107 \u0160ev\u010denko osvojila glavnu nagradu - bicikl, 380 takmi\u010dara dobilo dnevne nagrade - Europe House\",\"isPartOf\":{\"@id\":\"https:\\\/\\\/www.evropskakuca.me\\\/me\\\/#website\"},\"primaryImageOfPage\":{\"@id\":\"https:\\\/\\\/www.evropskakuca.me\\\/me\\\/andela-gacevic-sevcenko-osvojila-glavnu-nagradu-bicikl-380-takmicara-dobilo-dnevne-nagrade\\\/#primaryimage\"},\"image\":{\"@id\":\"https:\\\/\\\/www.evropskakuca.me\\\/me\\\/andela-gacevic-sevcenko-osvojila-glavnu-nagradu-bicikl-380-takmicara-dobilo-dnevne-nagrade\\\/#primaryimage\"},\"thumbnailUrl\":\"https:\\\/\\\/www.evropskakuca.me\\\/wp-content\\\/uploads\\\/2020\\\/06\\\/post_facebook.png\",\"datePublished\":\"2020-06-19T12:02:27+00:00\",\"breadcrumb\":{\"@id\":\"https:\\\/\\\/www.evropskakuca.me\\\/me\\\/andela-gacevic-sevcenko-osvojila-glavnu-nagradu-bicikl-380-takmicara-dobilo-dnevne-nagrade\\\/#breadcrumb\"},\"inLanguage\":\"me-ME\",\"potentialAction\":[{\"@type\":\"ReadAction\",\"target\":[\"https:\\\/\\\/www.evropskakuca.me\\\/me\\\/andela-gacevic-sevcenko-osvojila-glavnu-nagradu-bicikl-380-takmicara-dobilo-dnevne-nagrade\\\/\"]}]},{\"@type\":\"ImageObject\",\"inLanguage\":\"me-ME\",\"@id\":\"https:\\\/\\\/www.evropskakuca.me\\\/me\\\/andela-gacevic-sevcenko-osvojila-glavnu-nagradu-bicikl-380-takmicara-dobilo-dnevne-nagrade\\\/#primaryimage\",\"url\":\"https:\\\/\\\/www.evropskakuca.me\\\/wp-content\\\/uploads\\\/2020\\\/06\\\/post_facebook.png\",\"contentUrl\":\"https:\\\/\\\/www.evropskakuca.me\\\/wp-content\\\/uploads\\\/2020\\\/06\\\/post_facebook.png\",\"width\":1200,\"height\":1200},{\"@type\":\"BreadcrumbList\",\"@id\":\"https:\\\/\\\/www.evropskakuca.me\\\/me\\\/andela-gacevic-sevcenko-osvojila-glavnu-nagradu-bicikl-380-takmicara-dobilo-dnevne-nagrade\\\/#breadcrumb\",\"itemListElement\":[{\"@type\":\"ListItem\",\"position\":1,\"name\":\"Home\",\"item\":\"https:\\\/\\\/www.evropskakuca.me\\\/me\\\/\"},{\"@type\":\"ListItem\",\"position\":2,\"name\":\"An\u0111ela Ga\u010devi\u0107 \u0160ev\u010denko osvojila glavnu nagradu &#8211; bicikl, 380 takmi\u010dara dobilo dnevne nagrade\"}]},{\"@type\":\"WebSite\",\"@id\":\"https:\\\/\\\/www.evropskakuca.me\\\/me\\\/#website\",\"url\":\"https:\\\/\\\/www.evropskakuca.me\\\/me\\\/\",\"name\":\"Evropean house\",\"description\":\"\",\"publisher\":{\"@id\":\"https:\\\/\\\/www.evropskakuca.me\\\/me\\\/#organization\"},\"potentialAction\":[{\"@type\":\"SearchAction\",\"target\":{\"@type\":\"EntryPoint\",\"urlTemplate\":\"https:\\\/\\\/www.evropskakuca.me\\\/me\\\/?s={search_term_string}\"},\"query-input\":{\"@type\":\"PropertyValueSpecification\",\"valueRequired\":true,\"valueName\":\"search_term_string\"}}],\"inLanguage\":\"me-ME\"},{\"@type\":\"Organization\",\"@id\":\"https:\\\/\\\/www.evropskakuca.me\\\/me\\\/#organization\",\"name\":\"Evropean house\",\"url\":\"https:\\\/\\\/www.evropskakuca.me\\\/me\\\/\",\"logo\":{\"@type\":\"ImageObject\",\"inLanguage\":\"me-ME\",\"@id\":\"https:\\\/\\\/www.evropskakuca.me\\\/me\\\/#\\\/schema\\\/logo\\\/image\\\/\",\"url\":\"https:\\\/\\\/www.evropskakuca.me\\\/wp-content\\\/uploads\\\/2025\\\/01\\\/evropska-kuca-logo-1.png\",\"contentUrl\":\"https:\\\/\\\/www.evropskakuca.me\\\/wp-content\\\/uploads\\\/2025\\\/01\\\/evropska-kuca-logo-1.png\",\"width\":425,\"height\":312,\"caption\":\"Evropean house\"},\"image\":{\"@id\":\"https:\\\/\\\/www.evropskakuca.me\\\/me\\\/#\\\/schema\\\/logo\\\/image\\\/\"},\"sameAs\":[\"https:\\\/\\\/www.facebook.com\\\/evropska.kuca\",\"https:\\\/\\\/x.com\\\/evropska_kuca\",\"https:\\\/\\\/www.instagram.com\\\/evropska_kuca\"]},{\"@type\":\"Person\",\"@id\":\"https:\\\/\\\/www.evropskakuca.me\\\/me\\\/#\\\/schema\\\/person\\\/a1d0dcdaefe4a1cd1d60d200ea137ba4\",\"name\":\"mkajic\",\"image\":{\"@type\":\"ImageObject\",\"inLanguage\":\"me-ME\",\"@id\":\"https:\\\/\\\/secure.gravatar.com\\\/avatar\\\/731fa035cefab7316e6bafd1f25a93fb731a07de14e2d9923f8db4422628eabc?s=96&d=mm&r=g\",\"url\":\"https:\\\/\\\/secure.gravatar.com\\\/avatar\\\/731fa035cefab7316e6bafd1f25a93fb731a07de14e2d9923f8db4422628eabc?s=96&d=mm&r=g\",\"contentUrl\":\"https:\\\/\\\/secure.gravatar.com\\\/avatar\\\/731fa035cefab7316e6bafd1f25a93fb731a07de14e2d9923f8db4422628eabc?s=96&d=mm&r=g\",\"caption\":\"mkajic\"},\"sameAs\":[\"https:\\\/\\\/evropskakuca.me\"],\"url\":\"https:\\\/\\\/www.evropskakuca.me\\\/me\\\/author\\\/mkajic\\\/\"}]}<\/script>\n<!-- \/ Yoast SEO plugin. -->","yoast_head_json":{"title":"An\u0111ela Ga\u010devi\u0107 \u0160ev\u010denko osvojila glavnu nagradu - bicikl, 380 takmi\u010dara dobilo dnevne nagrade - Europe House","robots":{"index":"index","follow":"follow","max-snippet":"max-snippet:-1","max-image-preview":"max-image-preview:large","max-video-preview":"max-video-preview:-1"},"canonical":"https:\/\/www.evropskakuca.me\/me\/andela-gacevic-sevcenko-osvojila-glavnu-nagradu-bicikl-380-takmicara-dobilo-dnevne-nagrade\/","og_locale":"en_US","og_type":"article","og_title":"An\u0111ela Ga\u010devi\u0107 \u0160ev\u010denko osvojila glavnu nagradu - bicikl, 380 takmi\u010dara dobilo dnevne nagrade - Europe House","og_description":"Progla\u0161eni pobjednici kviza \u201eEvropa na dlanu\u201c","og_url":"https:\/\/www.evropskakuca.me\/me\/andela-gacevic-sevcenko-osvojila-glavnu-nagradu-bicikl-380-takmicara-dobilo-dnevne-nagrade\/","og_site_name":"Europe House","article_publisher":"https:\/\/www.facebook.com\/evropska.kuca","article_published_time":"2020-06-19T12:02:27+00:00","og_image":[{"width":1200,"height":1200,"url":"https:\/\/www.evropskakuca.me\/wp-content\/uploads\/2020\/06\/post_facebook.png","type":"image\/png"}],"author":"mkajic","twitter_card":"summary_large_image","twitter_creator":"@evropska_kuca","twitter_site":"@evropska_kuca","twitter_misc":{"Written by":"mkajic","Est. reading time":"1 minute"},"schema":{"@context":"https:\/\/schema.org","@graph":[{"@type":"Article","@id":"https:\/\/www.evropskakuca.me\/me\/andela-gacevic-sevcenko-osvojila-glavnu-nagradu-bicikl-380-takmicara-dobilo-dnevne-nagrade\/#article","isPartOf":{"@id":"https:\/\/www.evropskakuca.me\/me\/andela-gacevic-sevcenko-osvojila-glavnu-nagradu-bicikl-380-takmicara-dobilo-dnevne-nagrade\/"},"author":{"name":"mkajic","@id":"https:\/\/www.evropskakuca.me\/me\/#\/schema\/person\/a1d0dcdaefe4a1cd1d60d200ea137ba4"},"headline":"An\u0111ela Ga\u010devi\u0107 \u0160ev\u010denko osvojila glavnu nagradu &#8211; bicikl, 380 takmi\u010dara dobilo dnevne nagrade","datePublished":"2020-06-19T12:02:27+00:00","mainEntityOfPage":{"@id":"https:\/\/www.evropskakuca.me\/me\/andela-gacevic-sevcenko-osvojila-glavnu-nagradu-bicikl-380-takmicara-dobilo-dnevne-nagrade\/"},"wordCount":265,"publisher":{"@id":"https:\/\/www.evropskakuca.me\/me\/#organization"},"image":{"@id":"https:\/\/www.evropskakuca.me\/me\/andela-gacevic-sevcenko-osvojila-glavnu-nagradu-bicikl-380-takmicara-dobilo-dnevne-nagrade\/#primaryimage"},"thumbnailUrl":"https:\/\/www.evropskakuca.me\/wp-content\/uploads\/2020\/06\/post_facebook.png","inLanguage":"me-ME"},{"@type":"WebPage","@id":"https:\/\/www.evropskakuca.me\/me\/andela-gacevic-sevcenko-osvojila-glavnu-nagradu-bicikl-380-takmicara-dobilo-dnevne-nagrade\/","url":"https:\/\/www.evropskakuca.me\/me\/andela-gacevic-sevcenko-osvojila-glavnu-nagradu-bicikl-380-takmicara-dobilo-dnevne-nagrade\/","name":"An\u0111ela Ga\u010devi\u0107 \u0160ev\u010denko osvojila glavnu nagradu - bicikl, 380 takmi\u010dara dobilo dnevne nagrade - Europe House","isPartOf":{"@id":"https:\/\/www.evropskakuca.me\/me\/#website"},"primaryImageOfPage":{"@id":"https:\/\/www.evropskakuca.me\/me\/andela-gacevic-sevcenko-osvojila-glavnu-nagradu-bicikl-380-takmicara-dobilo-dnevne-nagrade\/#primaryimage"},"image":{"@id":"https:\/\/www.evropskakuca.me\/me\/andela-gacevic-sevcenko-osvojila-glavnu-nagradu-bicikl-380-takmicara-dobilo-dnevne-nagrade\/#primaryimage"},"thumbnailUrl":"https:\/\/www.evropskakuca.me\/wp-content\/uploads\/2020\/06\/post_facebook.png","datePublished":"2020-06-19T12:02:27+00:00","breadcrumb":{"@id":"https:\/\/www.evropskakuca.me\/me\/andela-gacevic-sevcenko-osvojila-glavnu-nagradu-bicikl-380-takmicara-dobilo-dnevne-nagrade\/#breadcrumb"},"inLanguage":"me-ME","potentialAction":[{"@type":"ReadAction","target":["https:\/\/www.evropskakuca.me\/me\/andela-gacevic-sevcenko-osvojila-glavnu-nagradu-bicikl-380-takmicara-dobilo-dnevne-nagrade\/"]}]},{"@type":"ImageObject","inLanguage":"me-ME","@id":"https:\/\/www.evropskakuca.me\/me\/andela-gacevic-sevcenko-osvojila-glavnu-nagradu-bicikl-380-takmicara-dobilo-dnevne-nagrade\/#primaryimage","url":"https:\/\/www.evropskakuca.me\/wp-content\/uploads\/2020\/06\/post_facebook.png","contentUrl":"https:\/\/www.evropskakuca.me\/wp-content\/uploads\/2020\/06\/post_facebook.png","width":1200,"height":1200},{"@type":"BreadcrumbList","@id":"https:\/\/www.evropskakuca.me\/me\/andela-gacevic-sevcenko-osvojila-glavnu-nagradu-bicikl-380-takmicara-dobilo-dnevne-nagrade\/#breadcrumb","itemListElement":[{"@type":"ListItem","position":1,"name":"Home","item":"https:\/\/www.evropskakuca.me\/me\/"},{"@type":"ListItem","position":2,"name":"An\u0111ela Ga\u010devi\u0107 \u0160ev\u010denko osvojila glavnu nagradu &#8211; bicikl, 380 takmi\u010dara dobilo dnevne nagrade"}]},{"@type":"WebSite","@id":"https:\/\/www.evropskakuca.me\/me\/#website","url":"https:\/\/www.evropskakuca.me\/me\/","name":"Evropean house","description":"","publisher":{"@id":"https:\/\/www.evropskakuca.me\/me\/#organization"},"potentialAction":[{"@type":"SearchAction","target":{"@type":"EntryPoint","urlTemplate":"https:\/\/www.evropskakuca.me\/me\/?s={search_term_string}"},"query-input":{"@type":"PropertyValueSpecification","valueRequired":true,"valueName":"search_term_string"}}],"inLanguage":"me-ME"},{"@type":"Organization","@id":"https:\/\/www.evropskakuca.me\/me\/#organization","name":"Evropean house","url":"https:\/\/www.evropskakuca.me\/me\/","logo":{"@type":"ImageObject","inLanguage":"me-ME","@id":"https:\/\/www.evropskakuca.me\/me\/#\/schema\/logo\/image\/","url":"https:\/\/www.evropskakuca.me\/wp-content\/uploads\/2025\/01\/evropska-kuca-logo-1.png","contentUrl":"https:\/\/www.evropskakuca.me\/wp-content\/uploads\/2025\/01\/evropska-kuca-logo-1.png","width":425,"height":312,"caption":"Evropean house"},"image":{"@id":"https:\/\/www.evropskakuca.me\/me\/#\/schema\/logo\/image\/"},"sameAs":["https:\/\/www.facebook.com\/evropska.kuca","https:\/\/x.com\/evropska_kuca","https:\/\/www.instagram.com\/evropska_kuca"]},{"@type":"Person","@id":"https:\/\/www.evropskakuca.me\/me\/#\/schema\/person\/a1d0dcdaefe4a1cd1d60d200ea137ba4","name":"mkajic","image":{"@type":"ImageObject","inLanguage":"me-ME","@id":"https:\/\/secure.gravatar.com\/avatar\/731fa035cefab7316e6bafd1f25a93fb731a07de14e2d9923f8db4422628eabc?s=96&d=mm&r=g","url":"https:\/\/secure.gravatar.com\/avatar\/731fa035cefab7316e6bafd1f25a93fb731a07de14e2d9923f8db4422628eabc?s=96&d=mm&r=g","contentUrl":"https:\/\/secure.gravatar.com\/avatar\/731fa035cefab7316e6bafd1f25a93fb731a07de14e2d9923f8db4422628eabc?s=96&d=mm&r=g","caption":"mkajic"},"sameAs":["https:\/\/evropskakuca.me"],"url":"https:\/\/www.evropskakuca.me\/me\/author\/mkajic\/"}]}},"_links":{"self":[{"href":"https:\/\/www.evropskakuca.me\/me\/wp-json\/wp\/v2\/posts\/9865","targetHints":{"allow":["GET"]}}],"collection":[{"href":"https:\/\/www.evropskakuca.me\/me\/wp-json\/wp\/v2\/posts"}],"about":[{"href":"https:\/\/www.evropskakuca.me\/me\/wp-json\/wp\/v2\/types\/post"}],"author":[{"embeddable":true,"href":"https:\/\/www.evropskakuca.me\/me\/wp-json\/wp\/v2\/users\/1"}],"replies":[{"embeddable":true,"href":"https:\/\/www.evropskakuca.me\/me\/wp-json\/wp\/v2\/comments?post=9865"}],"version-history":[{"count":0,"href":"https:\/\/www.evropskakuca.me\/me\/wp-json\/wp\/v2\/posts\/9865\/revisions"}],"wp:featuredmedia":[{"embeddable":true,"href":"https:\/\/www.evropskakuca.me\/me\/wp-json\/wp\/v2\/media\/35540"}],"wp:attachment":[{"href":"https:\/\/www.evropskakuca.me\/me\/wp-json\/wp\/v2\/media?parent=9865"}],"wp:term":[{"taxonomy":"category","embeddable":true,"href":"https:\/\/www.evropskakuca.me\/me\/wp-json\/wp\/v2\/categories?post=9865"},{"taxonomy":"post_tag","embeddable":true,"href":"https:\/\/www.evropskakuca.me\/me\/wp-json\/wp\/v2\/tags?post=9865"}],"curies":[{"name":"wp","href":"https:\/\/api.w.org\/{rel}","templated":true}]}}