{"id":9852,"date":"2020-06-19T10:06:46","date_gmt":"2020-06-19T10:06:46","guid":{"rendered":"http:\/\/www.evropskakuca.me\/me\/?p=9852"},"modified":"2020-06-19T10:06:46","modified_gmt":"2020-06-19T10:06:46","slug":"boskovic-vrata-ka-novom-i-drugacijem","status":"publish","type":"post","link":"https:\/\/www.evropskakuca.me\/me\/boskovic-vrata-ka-novom-i-drugacijem\/","title":{"rendered":"Bo\u0161kovi\u0107: Vrata ka novom i druga\u010dijem"},"content":{"rendered":"<p>Biti pisac u Crnoj Gori isto je kao bilo gdje drugo, \u0161to se samog pisanja ti\u010de. \u0160to se ti\u010de ishoda on je sku\u010den djelovanjem, odnosno onim \u0161to knji\u017eevnost na ovim prostorima mo\u017ee da dosegne, pri\u010da dobitnik nagrade za knji\u017eevnost Evropske unije Stefan Bo\u0161kovi\u0107.<\/p>\n<p>\u201cTo je paradoks koji ne znam kako da analiziram jer mislim da danas ljudi \u010ditaju vi\u0161e nego ikad. Sad je ve\u0107 mit da \u0107e knjiga da izumre. Pitanje je samo znaju li ljudi \u0161ta \u010ditaju a ne koliko \u010ditaju. Problem su kriterijumi jer ljudi \u010desto ne znaju da odvoje dobru knji\u017eevnost od one koja to nije.\u201c ka\u017ee Bo\u0161kovi\u0107.<\/p>\n<p>Po profesiji dramaturg Stefan, pi\u0161e i poeziju i prozu i scenarija i dramske tekstove i svaki njegov knji\u017eevni izraz je rezli\u010dit. U prozu je ka\u017ee, u\u0161ao da bi imao mogu\u0107nost da apsolutno iznese ideje koje ga provociraju i o kojima \u017eeli da pi\u0161e.<\/p>\n<p>Otpor dru\u0161tvu, otpor sebi, otpor nametnutim kanonima koje kolektiv postavlja kao imperativ, sve to kreira poligone na kojima Stefan smje\u0161ta radnju svojih djela i svijet koji pokre\u0107e. U njegovom nagra\u0111enom romanu \u201cMinistar\u201c taj poligon je na\u0161a kultura kroz vizuru jednog dr\u017eavnog funkcionera, od protokolarnog \u017eivljenja do margina kulturnog ambijenta, okolnosti i sje\u0107anja koja se hijerarhijski sla\u017eu.<\/p>\n<p>\u201cUvijek kre\u0107em od prostora. Kad imam ideju o \u010demu bih pisao prvo razmi\u0161ljam u koji ambijet i u koji prostor je smjestiti. Uvijek kre\u0107em od toga da li da pi\u0161em o ekstremnim pona\u0161anjima u obi\u010dnim situacijama ili o obi\u010dnim pona\u0161anjima u ekstremnim situacijama.\u201c ka\u017ee Stefan.<\/p>\n<p>U nagra\u0111enoj knjizi prepli\u0107u se oba ambijenta. Prva slika, koja nije ni napisana jeste trenutak kada Ministar nesre\u0107nim slu\u010dajem ubija umjetnicu tokom performansa i to je ekstrem koji predstavlja pogonsko gorivo koje cijeli roman gura naprijed. U devet dana koji Ministra vode od situacije koja se smiruje spolja a radikalizuje u njemu i tu i zavr\u0161ava. Bo\u0161kovi\u0107 je pristalica jasnog narativa iza kojeg se ne kriju nikakve metafore. Ono \u0161to pi\u0161e to i jeste, a metafori\u010dka zna\u010denja koja \u010ditaoci nalaze njihov su do\u017eivljaj.<\/p>\n<p>Zato i ne \u010dudi \u010dinjenica \u0161to su \u010dlanovi \u017eirija za knji\u017eevnu nagradu Evropske unije prepoznali i shvatili narativ kojim se Bo\u0161kovi\u0107 obra\u0107a \u010ditaocu. Ka\u017ee da je nagrada za njega veliko priznanje koje otvara prostor jednom velikom i potpuno\u00a0 druga\u010dijem tr\u017ei\u0161tu.<\/p>\n<p>\u201cJa dolazim iz potpuno razli\u010ditog ambijenta a moje knjige su dobrim dijelom pisane u slengu i \u017eargonu i normalno je da je jezik i na\u010din razmi\u0161ljanja koji jezikom poku\u0161avate da uspostavite, nekom tamo potpuno egzoti\u010dan i apstraktan. Zato mi je drago \u0161to ga je neko razumio i otvorio mi vrata, mimo ustaljenih balkanskih koncepcija u kojima su teme uvijek mra\u010dne i ratne. Drago mi je \u0161to sam uspio da doka\u017eem da nije samo tako i da postoji i knji\u017eevnost koja \u017eivi mimo ustaljenih pravila.\u201c ka\u017ee Bo\u0161kovi\u0107.<\/p>\n<p>I sama nagra\u0111ena knjiga jeste u su\u0161tini borba Ministra sa ustaljenim zadatostima,\u00a0 kroz nametnute tradicionalne identitete i kroz one politi\u010dke. Zbog toga je njegov Ministar tragi\u010dan, zbog nemogu\u0107nosti da se izbori sa nametnutim. Bo\u0161kovi\u0107 je\u00a0 uspio i zato je nagra\u0111en.<\/p>\n<p>&nbsp;<\/p>\n<p>&nbsp;<\/p>\n","protected":false},"excerpt":{"rendered":"<p>Dobitnik knji\u017eevne nagrade  Evropske unije<\/p>\n","protected":false},"author":1,"featured_media":35490,"comment_status":"closed","ping_status":"closed","sticky":false,"template":"","format":"standard","meta":{"_acf_changed":false,"footnotes":""},"categories":[],"tags":[],"class_list":["post-9852","post","type-post","status-publish","format-standard","has-post-thumbnail","hentry"],"acf":[],"yoast_head":"<!-- This site is optimized with the Yoast SEO plugin v27.3 - https:\/\/yoast.com\/product\/yoast-seo-wordpress\/ -->\n<title>Bo\u0161kovi\u0107: Vrata ka novom i druga\u010dijem - Europe House<\/title>\n<meta name=\"robots\" content=\"index, follow, max-snippet:-1, max-image-preview:large, max-video-preview:-1\" \/>\n<link rel=\"canonical\" href=\"https:\/\/www.evropskakuca.me\/me\/boskovic-vrata-ka-novom-i-drugacijem\/\" \/>\n<meta property=\"og:locale\" content=\"en_US\" \/>\n<meta property=\"og:type\" content=\"article\" \/>\n<meta property=\"og:title\" content=\"Bo\u0161kovi\u0107: Vrata ka novom i druga\u010dijem - Europe House\" \/>\n<meta property=\"og:description\" content=\"Dobitnik knji\u017eevne nagrade Evropske unije\" \/>\n<meta property=\"og:url\" content=\"https:\/\/www.evropskakuca.me\/me\/boskovic-vrata-ka-novom-i-drugacijem\/\" \/>\n<meta property=\"og:site_name\" content=\"Europe House\" \/>\n<meta property=\"article:publisher\" content=\"https:\/\/www.facebook.com\/evropska.kuca\" \/>\n<meta property=\"article:published_time\" content=\"2020-06-19T10:06:46+00:00\" \/>\n<meta property=\"og:image\" content=\"https:\/\/www.evropskakuca.me\/wp-content\/uploads\/2020\/06\/boskovic-2-1024x683.jpg\" \/>\n\t<meta property=\"og:image:width\" content=\"1024\" \/>\n\t<meta property=\"og:image:height\" content=\"683\" \/>\n\t<meta property=\"og:image:type\" content=\"image\/jpeg\" \/>\n<meta name=\"author\" content=\"mkajic\" \/>\n<meta name=\"twitter:card\" content=\"summary_large_image\" \/>\n<meta name=\"twitter:creator\" content=\"@evropska_kuca\" \/>\n<meta name=\"twitter:site\" content=\"@evropska_kuca\" \/>\n<meta name=\"twitter:label1\" content=\"Written by\" \/>\n\t<meta name=\"twitter:data1\" content=\"mkajic\" \/>\n\t<meta name=\"twitter:label2\" content=\"Est. reading time\" \/>\n\t<meta name=\"twitter:data2\" content=\"3 minutes\" \/>\n<script type=\"application\/ld+json\" class=\"yoast-schema-graph\">{\"@context\":\"https:\\\/\\\/schema.org\",\"@graph\":[{\"@type\":\"Article\",\"@id\":\"https:\\\/\\\/www.evropskakuca.me\\\/me\\\/boskovic-vrata-ka-novom-i-drugacijem\\\/#article\",\"isPartOf\":{\"@id\":\"https:\\\/\\\/www.evropskakuca.me\\\/me\\\/boskovic-vrata-ka-novom-i-drugacijem\\\/\"},\"author\":{\"name\":\"mkajic\",\"@id\":\"https:\\\/\\\/www.evropskakuca.me\\\/me\\\/#\\\/schema\\\/person\\\/a1d0dcdaefe4a1cd1d60d200ea137ba4\"},\"headline\":\"Bo\u0161kovi\u0107: Vrata ka novom i druga\u010dijem\",\"datePublished\":\"2020-06-19T10:06:46+00:00\",\"mainEntityOfPage\":{\"@id\":\"https:\\\/\\\/www.evropskakuca.me\\\/me\\\/boskovic-vrata-ka-novom-i-drugacijem\\\/\"},\"wordCount\":574,\"publisher\":{\"@id\":\"https:\\\/\\\/www.evropskakuca.me\\\/me\\\/#organization\"},\"image\":{\"@id\":\"https:\\\/\\\/www.evropskakuca.me\\\/me\\\/boskovic-vrata-ka-novom-i-drugacijem\\\/#primaryimage\"},\"thumbnailUrl\":\"https:\\\/\\\/www.evropskakuca.me\\\/wp-content\\\/uploads\\\/2020\\\/06\\\/boskovic-2.jpg\",\"inLanguage\":\"me-ME\"},{\"@type\":\"WebPage\",\"@id\":\"https:\\\/\\\/www.evropskakuca.me\\\/me\\\/boskovic-vrata-ka-novom-i-drugacijem\\\/\",\"url\":\"https:\\\/\\\/www.evropskakuca.me\\\/me\\\/boskovic-vrata-ka-novom-i-drugacijem\\\/\",\"name\":\"Bo\u0161kovi\u0107: Vrata ka novom i druga\u010dijem - Europe House\",\"isPartOf\":{\"@id\":\"https:\\\/\\\/www.evropskakuca.me\\\/me\\\/#website\"},\"primaryImageOfPage\":{\"@id\":\"https:\\\/\\\/www.evropskakuca.me\\\/me\\\/boskovic-vrata-ka-novom-i-drugacijem\\\/#primaryimage\"},\"image\":{\"@id\":\"https:\\\/\\\/www.evropskakuca.me\\\/me\\\/boskovic-vrata-ka-novom-i-drugacijem\\\/#primaryimage\"},\"thumbnailUrl\":\"https:\\\/\\\/www.evropskakuca.me\\\/wp-content\\\/uploads\\\/2020\\\/06\\\/boskovic-2.jpg\",\"datePublished\":\"2020-06-19T10:06:46+00:00\",\"breadcrumb\":{\"@id\":\"https:\\\/\\\/www.evropskakuca.me\\\/me\\\/boskovic-vrata-ka-novom-i-drugacijem\\\/#breadcrumb\"},\"inLanguage\":\"me-ME\",\"potentialAction\":[{\"@type\":\"ReadAction\",\"target\":[\"https:\\\/\\\/www.evropskakuca.me\\\/me\\\/boskovic-vrata-ka-novom-i-drugacijem\\\/\"]}]},{\"@type\":\"ImageObject\",\"inLanguage\":\"me-ME\",\"@id\":\"https:\\\/\\\/www.evropskakuca.me\\\/me\\\/boskovic-vrata-ka-novom-i-drugacijem\\\/#primaryimage\",\"url\":\"https:\\\/\\\/www.evropskakuca.me\\\/wp-content\\\/uploads\\\/2020\\\/06\\\/boskovic-2.jpg\",\"contentUrl\":\"https:\\\/\\\/www.evropskakuca.me\\\/wp-content\\\/uploads\\\/2020\\\/06\\\/boskovic-2.jpg\",\"width\":2500,\"height\":1667},{\"@type\":\"BreadcrumbList\",\"@id\":\"https:\\\/\\\/www.evropskakuca.me\\\/me\\\/boskovic-vrata-ka-novom-i-drugacijem\\\/#breadcrumb\",\"itemListElement\":[{\"@type\":\"ListItem\",\"position\":1,\"name\":\"Home\",\"item\":\"https:\\\/\\\/www.evropskakuca.me\\\/me\\\/\"},{\"@type\":\"ListItem\",\"position\":2,\"name\":\"Bo\u0161kovi\u0107: Vrata ka novom i druga\u010dijem\"}]},{\"@type\":\"WebSite\",\"@id\":\"https:\\\/\\\/www.evropskakuca.me\\\/me\\\/#website\",\"url\":\"https:\\\/\\\/www.evropskakuca.me\\\/me\\\/\",\"name\":\"Evropean house\",\"description\":\"\",\"publisher\":{\"@id\":\"https:\\\/\\\/www.evropskakuca.me\\\/me\\\/#organization\"},\"potentialAction\":[{\"@type\":\"SearchAction\",\"target\":{\"@type\":\"EntryPoint\",\"urlTemplate\":\"https:\\\/\\\/www.evropskakuca.me\\\/me\\\/?s={search_term_string}\"},\"query-input\":{\"@type\":\"PropertyValueSpecification\",\"valueRequired\":true,\"valueName\":\"search_term_string\"}}],\"inLanguage\":\"me-ME\"},{\"@type\":\"Organization\",\"@id\":\"https:\\\/\\\/www.evropskakuca.me\\\/me\\\/#organization\",\"name\":\"Evropean house\",\"url\":\"https:\\\/\\\/www.evropskakuca.me\\\/me\\\/\",\"logo\":{\"@type\":\"ImageObject\",\"inLanguage\":\"me-ME\",\"@id\":\"https:\\\/\\\/www.evropskakuca.me\\\/me\\\/#\\\/schema\\\/logo\\\/image\\\/\",\"url\":\"https:\\\/\\\/www.evropskakuca.me\\\/wp-content\\\/uploads\\\/2025\\\/01\\\/evropska-kuca-logo-1.png\",\"contentUrl\":\"https:\\\/\\\/www.evropskakuca.me\\\/wp-content\\\/uploads\\\/2025\\\/01\\\/evropska-kuca-logo-1.png\",\"width\":425,\"height\":312,\"caption\":\"Evropean house\"},\"image\":{\"@id\":\"https:\\\/\\\/www.evropskakuca.me\\\/me\\\/#\\\/schema\\\/logo\\\/image\\\/\"},\"sameAs\":[\"https:\\\/\\\/www.facebook.com\\\/evropska.kuca\",\"https:\\\/\\\/x.com\\\/evropska_kuca\",\"https:\\\/\\\/www.instagram.com\\\/evropska_kuca\"]},{\"@type\":\"Person\",\"@id\":\"https:\\\/\\\/www.evropskakuca.me\\\/me\\\/#\\\/schema\\\/person\\\/a1d0dcdaefe4a1cd1d60d200ea137ba4\",\"name\":\"mkajic\",\"image\":{\"@type\":\"ImageObject\",\"inLanguage\":\"me-ME\",\"@id\":\"https:\\\/\\\/secure.gravatar.com\\\/avatar\\\/731fa035cefab7316e6bafd1f25a93fb731a07de14e2d9923f8db4422628eabc?s=96&d=mm&r=g\",\"url\":\"https:\\\/\\\/secure.gravatar.com\\\/avatar\\\/731fa035cefab7316e6bafd1f25a93fb731a07de14e2d9923f8db4422628eabc?s=96&d=mm&r=g\",\"contentUrl\":\"https:\\\/\\\/secure.gravatar.com\\\/avatar\\\/731fa035cefab7316e6bafd1f25a93fb731a07de14e2d9923f8db4422628eabc?s=96&d=mm&r=g\",\"caption\":\"mkajic\"},\"sameAs\":[\"https:\\\/\\\/evropskakuca.me\"],\"url\":\"https:\\\/\\\/www.evropskakuca.me\\\/me\\\/author\\\/mkajic\\\/\"}]}<\/script>\n<!-- \/ Yoast SEO plugin. -->","yoast_head_json":{"title":"Bo\u0161kovi\u0107: Vrata ka novom i druga\u010dijem - Europe House","robots":{"index":"index","follow":"follow","max-snippet":"max-snippet:-1","max-image-preview":"max-image-preview:large","max-video-preview":"max-video-preview:-1"},"canonical":"https:\/\/www.evropskakuca.me\/me\/boskovic-vrata-ka-novom-i-drugacijem\/","og_locale":"en_US","og_type":"article","og_title":"Bo\u0161kovi\u0107: Vrata ka novom i druga\u010dijem - Europe House","og_description":"Dobitnik knji\u017eevne nagrade Evropske unije","og_url":"https:\/\/www.evropskakuca.me\/me\/boskovic-vrata-ka-novom-i-drugacijem\/","og_site_name":"Europe House","article_publisher":"https:\/\/www.facebook.com\/evropska.kuca","article_published_time":"2020-06-19T10:06:46+00:00","og_image":[{"width":1024,"height":683,"url":"https:\/\/www.evropskakuca.me\/wp-content\/uploads\/2020\/06\/boskovic-2-1024x683.jpg","type":"image\/jpeg"}],"author":"mkajic","twitter_card":"summary_large_image","twitter_creator":"@evropska_kuca","twitter_site":"@evropska_kuca","twitter_misc":{"Written by":"mkajic","Est. reading time":"3 minutes"},"schema":{"@context":"https:\/\/schema.org","@graph":[{"@type":"Article","@id":"https:\/\/www.evropskakuca.me\/me\/boskovic-vrata-ka-novom-i-drugacijem\/#article","isPartOf":{"@id":"https:\/\/www.evropskakuca.me\/me\/boskovic-vrata-ka-novom-i-drugacijem\/"},"author":{"name":"mkajic","@id":"https:\/\/www.evropskakuca.me\/me\/#\/schema\/person\/a1d0dcdaefe4a1cd1d60d200ea137ba4"},"headline":"Bo\u0161kovi\u0107: Vrata ka novom i druga\u010dijem","datePublished":"2020-06-19T10:06:46+00:00","mainEntityOfPage":{"@id":"https:\/\/www.evropskakuca.me\/me\/boskovic-vrata-ka-novom-i-drugacijem\/"},"wordCount":574,"publisher":{"@id":"https:\/\/www.evropskakuca.me\/me\/#organization"},"image":{"@id":"https:\/\/www.evropskakuca.me\/me\/boskovic-vrata-ka-novom-i-drugacijem\/#primaryimage"},"thumbnailUrl":"https:\/\/www.evropskakuca.me\/wp-content\/uploads\/2020\/06\/boskovic-2.jpg","inLanguage":"me-ME"},{"@type":"WebPage","@id":"https:\/\/www.evropskakuca.me\/me\/boskovic-vrata-ka-novom-i-drugacijem\/","url":"https:\/\/www.evropskakuca.me\/me\/boskovic-vrata-ka-novom-i-drugacijem\/","name":"Bo\u0161kovi\u0107: Vrata ka novom i druga\u010dijem - Europe House","isPartOf":{"@id":"https:\/\/www.evropskakuca.me\/me\/#website"},"primaryImageOfPage":{"@id":"https:\/\/www.evropskakuca.me\/me\/boskovic-vrata-ka-novom-i-drugacijem\/#primaryimage"},"image":{"@id":"https:\/\/www.evropskakuca.me\/me\/boskovic-vrata-ka-novom-i-drugacijem\/#primaryimage"},"thumbnailUrl":"https:\/\/www.evropskakuca.me\/wp-content\/uploads\/2020\/06\/boskovic-2.jpg","datePublished":"2020-06-19T10:06:46+00:00","breadcrumb":{"@id":"https:\/\/www.evropskakuca.me\/me\/boskovic-vrata-ka-novom-i-drugacijem\/#breadcrumb"},"inLanguage":"me-ME","potentialAction":[{"@type":"ReadAction","target":["https:\/\/www.evropskakuca.me\/me\/boskovic-vrata-ka-novom-i-drugacijem\/"]}]},{"@type":"ImageObject","inLanguage":"me-ME","@id":"https:\/\/www.evropskakuca.me\/me\/boskovic-vrata-ka-novom-i-drugacijem\/#primaryimage","url":"https:\/\/www.evropskakuca.me\/wp-content\/uploads\/2020\/06\/boskovic-2.jpg","contentUrl":"https:\/\/www.evropskakuca.me\/wp-content\/uploads\/2020\/06\/boskovic-2.jpg","width":2500,"height":1667},{"@type":"BreadcrumbList","@id":"https:\/\/www.evropskakuca.me\/me\/boskovic-vrata-ka-novom-i-drugacijem\/#breadcrumb","itemListElement":[{"@type":"ListItem","position":1,"name":"Home","item":"https:\/\/www.evropskakuca.me\/me\/"},{"@type":"ListItem","position":2,"name":"Bo\u0161kovi\u0107: Vrata ka novom i druga\u010dijem"}]},{"@type":"WebSite","@id":"https:\/\/www.evropskakuca.me\/me\/#website","url":"https:\/\/www.evropskakuca.me\/me\/","name":"Evropean house","description":"","publisher":{"@id":"https:\/\/www.evropskakuca.me\/me\/#organization"},"potentialAction":[{"@type":"SearchAction","target":{"@type":"EntryPoint","urlTemplate":"https:\/\/www.evropskakuca.me\/me\/?s={search_term_string}"},"query-input":{"@type":"PropertyValueSpecification","valueRequired":true,"valueName":"search_term_string"}}],"inLanguage":"me-ME"},{"@type":"Organization","@id":"https:\/\/www.evropskakuca.me\/me\/#organization","name":"Evropean house","url":"https:\/\/www.evropskakuca.me\/me\/","logo":{"@type":"ImageObject","inLanguage":"me-ME","@id":"https:\/\/www.evropskakuca.me\/me\/#\/schema\/logo\/image\/","url":"https:\/\/www.evropskakuca.me\/wp-content\/uploads\/2025\/01\/evropska-kuca-logo-1.png","contentUrl":"https:\/\/www.evropskakuca.me\/wp-content\/uploads\/2025\/01\/evropska-kuca-logo-1.png","width":425,"height":312,"caption":"Evropean house"},"image":{"@id":"https:\/\/www.evropskakuca.me\/me\/#\/schema\/logo\/image\/"},"sameAs":["https:\/\/www.facebook.com\/evropska.kuca","https:\/\/x.com\/evropska_kuca","https:\/\/www.instagram.com\/evropska_kuca"]},{"@type":"Person","@id":"https:\/\/www.evropskakuca.me\/me\/#\/schema\/person\/a1d0dcdaefe4a1cd1d60d200ea137ba4","name":"mkajic","image":{"@type":"ImageObject","inLanguage":"me-ME","@id":"https:\/\/secure.gravatar.com\/avatar\/731fa035cefab7316e6bafd1f25a93fb731a07de14e2d9923f8db4422628eabc?s=96&d=mm&r=g","url":"https:\/\/secure.gravatar.com\/avatar\/731fa035cefab7316e6bafd1f25a93fb731a07de14e2d9923f8db4422628eabc?s=96&d=mm&r=g","contentUrl":"https:\/\/secure.gravatar.com\/avatar\/731fa035cefab7316e6bafd1f25a93fb731a07de14e2d9923f8db4422628eabc?s=96&d=mm&r=g","caption":"mkajic"},"sameAs":["https:\/\/evropskakuca.me"],"url":"https:\/\/www.evropskakuca.me\/me\/author\/mkajic\/"}]}},"_links":{"self":[{"href":"https:\/\/www.evropskakuca.me\/me\/wp-json\/wp\/v2\/posts\/9852","targetHints":{"allow":["GET"]}}],"collection":[{"href":"https:\/\/www.evropskakuca.me\/me\/wp-json\/wp\/v2\/posts"}],"about":[{"href":"https:\/\/www.evropskakuca.me\/me\/wp-json\/wp\/v2\/types\/post"}],"author":[{"embeddable":true,"href":"https:\/\/www.evropskakuca.me\/me\/wp-json\/wp\/v2\/users\/1"}],"replies":[{"embeddable":true,"href":"https:\/\/www.evropskakuca.me\/me\/wp-json\/wp\/v2\/comments?post=9852"}],"version-history":[{"count":0,"href":"https:\/\/www.evropskakuca.me\/me\/wp-json\/wp\/v2\/posts\/9852\/revisions"}],"wp:featuredmedia":[{"embeddable":true,"href":"https:\/\/www.evropskakuca.me\/me\/wp-json\/wp\/v2\/media\/35490"}],"wp:attachment":[{"href":"https:\/\/www.evropskakuca.me\/me\/wp-json\/wp\/v2\/media?parent=9852"}],"wp:term":[{"taxonomy":"category","embeddable":true,"href":"https:\/\/www.evropskakuca.me\/me\/wp-json\/wp\/v2\/categories?post=9852"},{"taxonomy":"post_tag","embeddable":true,"href":"https:\/\/www.evropskakuca.me\/me\/wp-json\/wp\/v2\/tags?post=9852"}],"curies":[{"name":"wp","href":"https:\/\/api.w.org\/{rel}","templated":true}]}}