{"id":9813,"date":"2020-06-17T12:36:34","date_gmt":"2020-06-17T12:36:34","guid":{"rendered":"http:\/\/www.evropskakuca.me\/?p=9813"},"modified":"2020-06-17T12:36:34","modified_gmt":"2020-06-17T12:36:34","slug":"otvorena-izlozba-fotografija-otkrij-rumuniju-u-eu-info-centru","status":"publish","type":"post","link":"https:\/\/www.evropskakuca.me\/me\/otvorena-izlozba-fotografija-otkrij-rumuniju-u-eu-info-centru\/","title":{"rendered":"Otvorena izlo\u017eba fotografija \u201eOtkrij Rumuniju\u201c u EU info centru"},"content":{"rendered":"<p>Ambasada Rumunije u Crnoj Gori, u saradnji sa EU info centrom, organizovala je izlo\u017ebu fotografija \u201eOtkrij Rumuniju\u201c, poznatog rumunskog fotografa Florina Andreescua. Izlo\u017eba, na kojoj su prikazane ljepote Rumunije, bi\u0107e otvorena do kraja juna u EU info centru.<\/p>\n<p>Izlo\u017ebu su otvorili ambasador Rumunije Ferdinand Nagy, ambasador Evropske unije u Crnoj Gori Aivo Orav i glavni pregovara\u010d Crne Gore sa Evropskom unijom Aleksandar Drljevi\u0107. Rumunski ambasador Nogi pozvao je gra\u0111ane da posjete izlo\u017ebu, kako bi upoznali Rumuniju i u\u017eivali u fotografijama koje \u201esimboli\u010dno predstavljaju o\u017eivljavanje prirode, optimizma i solidarnosti\u201c.<\/p>\n<p><img fetchpriority=\"high\" decoding=\"async\" class=\"alignnone size-large wp-image-9816\" src=\"http:\/\/www.evropskakuca.me\/wp-content\/uploads\/2020\/06\/Izlozba-Otkrij-Rumuniju-6-002-1024x683.jpg\" alt=\"\" width=\"1024\" height=\"683\" \/><\/p>\n<p>\u201eNa ovoj planeti smo blagosloveni bo\u017eanskim prikazima. Oni su svuda oko nas. Ne moramo i\u0107i \u00a0daleko, da bi prona\u0161li ljepotu. Mala \u010duda su svuda oko nas. Jednostavno, dovoljno je da iza\u0111emo napolje i osvrnemo se na veliku tvorevinu kojoj pripadamo. Treba nam malo netaknute prirode da bi ostali svoji. Pro\u0161etajte \u0161umom, provedite malo vremena sami u prirodi, to c\u0301e vas definitivno razveseliti!\u201c, poru\u010dio je ambasador Nagy na otvaranju izlo\u017ebe.<\/p>\n<p>Ambasador Orav je istakao da uvijek rado posje\u0107uje EU info centar, a da mu je danas posebno drago biti tu, jer njegove zidove uljep\u0161avaju divne slike iz Rumunije. Glavni pregovara\u010d Crne Gore sa EU Aleksandar Drljevi\u0107 naveo je da ovu izlo\u017ebu do\u017eivljava kao priliku da se simboli\u010dno proslavi priroda u optimisti\u010dnom duhu zajedni\u0161tva i solidarnosti, ali i da se osvrne na nedavne doga\u0111aje i zbivanja u Evropska unija.<\/p>\n<p><img decoding=\"async\" class=\"alignnone size-large wp-image-9818\" src=\"http:\/\/www.evropskakuca.me\/wp-content\/uploads\/2020\/06\/Izlozba-Otkrij-Rumuniju-1-002-1024x683.jpg\" alt=\"\" width=\"1024\" height=\"683\" \/><\/p>\n<p>\u201eUmjetnost ne poznaje granice. Kultura i kreativnost su va\u017ena dobra svake dr\u017eave. Kada se dijeli sa drugima, umjetnost govori svojim univerzalnim jezikom i ja\u010da veze sa drugim zemljama, doprinosi odr\u017eavanju jedinstva i poma\u017ee me\u0111usobnom razvoju. Crna Gora je dr\u017eava koja promovi\u0161e sna\u017ene kulturne veze sa dr\u017eavama EU i \u010dvrsto vjerujemo da c\u0301emo ulaskom u EU obogatiti evropsku kulturnu ba\u0161tinu. Zato sam zahvalan rumunskoj ambasadi na ovoj divnoj izlo\u017ebi koja c\u0301e doprinijeti boljoj povezanosti izme\u0111u na\u0161ih naroda, jer je umjetnost vijekovima bila jaka veza izme\u0111u Evropljana\u201c, rekao je Drljevi\u0107.<\/p>\n<p><img decoding=\"async\" class=\"alignnone size-large wp-image-9820\" src=\"http:\/\/www.evropskakuca.me\/wp-content\/uploads\/2020\/06\/Izlozba-Otkrij-Rumuniju-4-002-1024x683.jpg\" alt=\"\" width=\"1024\" height=\"683\" \/><\/p>\n<p>Okupljenima su se obratili i Veselko Grubi\u0161i\u0107, ambasador Hrvatske koja trenutno predsjedava Savjetu Evropske unije, i njema\u010dki ambasador Robert Veber, koji su imali prilike da se i li\u010dno uvjere u ljepote Rumunije.<\/p>\n<p>Ambasada Rumunije organizovala je ovu iuzlo\u017ebu u \u010dast ljetnje dugodnevnice, koja se obilje\u017eava 20. juna. Autor fotografija Florin Andreescu poznati je rumunski fotograf i filmski producent, koji se od djetinjstva strastveno bavi umjetno\u0161\u0107u. Tokom 80-tih godina dokumentovao je svakodnevni \u017eivot komunisti\u010dke Rumunije, daju\u0107i fotografijama li\u010dni pe\u010dat. Autor je bestselera u oblasti fotografskih albuma o svojoj zemlji, a izlagao je \u0161irom svjeta.<\/p>\n","protected":false},"excerpt":{"rendered":"<p>Simboli\u010dno predstavljanje o\u017eivljavanja prirode, optimizma i solidarnost nakon epidemije korona virusa<\/p>\n","protected":false},"author":1,"featured_media":35476,"comment_status":"closed","ping_status":"closed","sticky":false,"template":"","format":"standard","meta":{"_acf_changed":false,"footnotes":""},"categories":[],"tags":[],"class_list":["post-9813","post","type-post","status-publish","format-standard","has-post-thumbnail","hentry"],"acf":[],"yoast_head":"<!-- This site is optimized with the Yoast SEO plugin v27.3 - https:\/\/yoast.com\/product\/yoast-seo-wordpress\/ -->\n<title>Otvorena izlo\u017eba fotografija \u201eOtkrij Rumuniju\u201c u EU info centru - Europe House<\/title>\n<meta name=\"robots\" content=\"index, follow, max-snippet:-1, max-image-preview:large, max-video-preview:-1\" \/>\n<link rel=\"canonical\" href=\"https:\/\/www.evropskakuca.me\/me\/otvorena-izlozba-fotografija-otkrij-rumuniju-u-eu-info-centru\/\" \/>\n<meta property=\"og:locale\" content=\"en_US\" \/>\n<meta property=\"og:type\" content=\"article\" \/>\n<meta property=\"og:title\" content=\"Otvorena izlo\u017eba fotografija \u201eOtkrij Rumuniju\u201c u EU info centru - Europe House\" \/>\n<meta property=\"og:description\" content=\"Simboli\u010dno predstavljanje o\u017eivljavanja prirode, optimizma i solidarnost nakon epidemije korona virusa\" \/>\n<meta property=\"og:url\" content=\"https:\/\/www.evropskakuca.me\/me\/otvorena-izlozba-fotografija-otkrij-rumuniju-u-eu-info-centru\/\" \/>\n<meta property=\"og:site_name\" content=\"Europe House\" \/>\n<meta property=\"article:publisher\" content=\"https:\/\/www.facebook.com\/evropska.kuca\" \/>\n<meta property=\"article:published_time\" content=\"2020-06-17T12:36:34+00:00\" \/>\n<meta property=\"og:image\" content=\"https:\/\/www.evropskakuca.me\/wp-content\/uploads\/2020\/06\/Izlozba-Otkrij-Rumuniju-2-002-1024x683.jpg\" \/>\n\t<meta property=\"og:image:width\" content=\"1024\" \/>\n\t<meta property=\"og:image:height\" content=\"683\" \/>\n\t<meta property=\"og:image:type\" content=\"image\/jpeg\" \/>\n<meta name=\"author\" content=\"mkajic\" \/>\n<meta name=\"twitter:card\" content=\"summary_large_image\" \/>\n<meta name=\"twitter:creator\" content=\"@evropska_kuca\" \/>\n<meta name=\"twitter:site\" content=\"@evropska_kuca\" \/>\n<meta name=\"twitter:label1\" content=\"Written by\" \/>\n\t<meta name=\"twitter:data1\" content=\"mkajic\" \/>\n\t<meta name=\"twitter:label2\" content=\"Est. reading time\" \/>\n\t<meta name=\"twitter:data2\" content=\"2 minutes\" \/>\n<script type=\"application\/ld+json\" class=\"yoast-schema-graph\">{\"@context\":\"https:\\\/\\\/schema.org\",\"@graph\":[{\"@type\":\"Article\",\"@id\":\"https:\\\/\\\/www.evropskakuca.me\\\/me\\\/otvorena-izlozba-fotografija-otkrij-rumuniju-u-eu-info-centru\\\/#article\",\"isPartOf\":{\"@id\":\"https:\\\/\\\/www.evropskakuca.me\\\/me\\\/otvorena-izlozba-fotografija-otkrij-rumuniju-u-eu-info-centru\\\/\"},\"author\":{\"name\":\"mkajic\",\"@id\":\"https:\\\/\\\/www.evropskakuca.me\\\/me\\\/#\\\/schema\\\/person\\\/a1d0dcdaefe4a1cd1d60d200ea137ba4\"},\"headline\":\"Otvorena izlo\u017eba fotografija \u201eOtkrij Rumuniju\u201c u EU info centru\",\"datePublished\":\"2020-06-17T12:36:34+00:00\",\"mainEntityOfPage\":{\"@id\":\"https:\\\/\\\/www.evropskakuca.me\\\/me\\\/otvorena-izlozba-fotografija-otkrij-rumuniju-u-eu-info-centru\\\/\"},\"wordCount\":467,\"publisher\":{\"@id\":\"https:\\\/\\\/www.evropskakuca.me\\\/me\\\/#organization\"},\"image\":{\"@id\":\"https:\\\/\\\/www.evropskakuca.me\\\/me\\\/otvorena-izlozba-fotografija-otkrij-rumuniju-u-eu-info-centru\\\/#primaryimage\"},\"thumbnailUrl\":\"https:\\\/\\\/www.evropskakuca.me\\\/wp-content\\\/uploads\\\/2020\\\/06\\\/Izlozba-Otkrij-Rumuniju-2-002.jpg\",\"inLanguage\":\"me-ME\"},{\"@type\":\"WebPage\",\"@id\":\"https:\\\/\\\/www.evropskakuca.me\\\/me\\\/otvorena-izlozba-fotografija-otkrij-rumuniju-u-eu-info-centru\\\/\",\"url\":\"https:\\\/\\\/www.evropskakuca.me\\\/me\\\/otvorena-izlozba-fotografija-otkrij-rumuniju-u-eu-info-centru\\\/\",\"name\":\"Otvorena izlo\u017eba fotografija \u201eOtkrij Rumuniju\u201c u EU info centru - Europe House\",\"isPartOf\":{\"@id\":\"https:\\\/\\\/www.evropskakuca.me\\\/me\\\/#website\"},\"primaryImageOfPage\":{\"@id\":\"https:\\\/\\\/www.evropskakuca.me\\\/me\\\/otvorena-izlozba-fotografija-otkrij-rumuniju-u-eu-info-centru\\\/#primaryimage\"},\"image\":{\"@id\":\"https:\\\/\\\/www.evropskakuca.me\\\/me\\\/otvorena-izlozba-fotografija-otkrij-rumuniju-u-eu-info-centru\\\/#primaryimage\"},\"thumbnailUrl\":\"https:\\\/\\\/www.evropskakuca.me\\\/wp-content\\\/uploads\\\/2020\\\/06\\\/Izlozba-Otkrij-Rumuniju-2-002.jpg\",\"datePublished\":\"2020-06-17T12:36:34+00:00\",\"breadcrumb\":{\"@id\":\"https:\\\/\\\/www.evropskakuca.me\\\/me\\\/otvorena-izlozba-fotografija-otkrij-rumuniju-u-eu-info-centru\\\/#breadcrumb\"},\"inLanguage\":\"me-ME\",\"potentialAction\":[{\"@type\":\"ReadAction\",\"target\":[\"https:\\\/\\\/www.evropskakuca.me\\\/me\\\/otvorena-izlozba-fotografija-otkrij-rumuniju-u-eu-info-centru\\\/\"]}]},{\"@type\":\"ImageObject\",\"inLanguage\":\"me-ME\",\"@id\":\"https:\\\/\\\/www.evropskakuca.me\\\/me\\\/otvorena-izlozba-fotografija-otkrij-rumuniju-u-eu-info-centru\\\/#primaryimage\",\"url\":\"https:\\\/\\\/www.evropskakuca.me\\\/wp-content\\\/uploads\\\/2020\\\/06\\\/Izlozba-Otkrij-Rumuniju-2-002.jpg\",\"contentUrl\":\"https:\\\/\\\/www.evropskakuca.me\\\/wp-content\\\/uploads\\\/2020\\\/06\\\/Izlozba-Otkrij-Rumuniju-2-002.jpg\",\"width\":2500,\"height\":1667},{\"@type\":\"BreadcrumbList\",\"@id\":\"https:\\\/\\\/www.evropskakuca.me\\\/me\\\/otvorena-izlozba-fotografija-otkrij-rumuniju-u-eu-info-centru\\\/#breadcrumb\",\"itemListElement\":[{\"@type\":\"ListItem\",\"position\":1,\"name\":\"Home\",\"item\":\"https:\\\/\\\/www.evropskakuca.me\\\/me\\\/\"},{\"@type\":\"ListItem\",\"position\":2,\"name\":\"Otvorena izlo\u017eba fotografija \u201eOtkrij Rumuniju\u201c u EU info centru\"}]},{\"@type\":\"WebSite\",\"@id\":\"https:\\\/\\\/www.evropskakuca.me\\\/me\\\/#website\",\"url\":\"https:\\\/\\\/www.evropskakuca.me\\\/me\\\/\",\"name\":\"Evropean house\",\"description\":\"\",\"publisher\":{\"@id\":\"https:\\\/\\\/www.evropskakuca.me\\\/me\\\/#organization\"},\"potentialAction\":[{\"@type\":\"SearchAction\",\"target\":{\"@type\":\"EntryPoint\",\"urlTemplate\":\"https:\\\/\\\/www.evropskakuca.me\\\/me\\\/?s={search_term_string}\"},\"query-input\":{\"@type\":\"PropertyValueSpecification\",\"valueRequired\":true,\"valueName\":\"search_term_string\"}}],\"inLanguage\":\"me-ME\"},{\"@type\":\"Organization\",\"@id\":\"https:\\\/\\\/www.evropskakuca.me\\\/me\\\/#organization\",\"name\":\"Evropean house\",\"url\":\"https:\\\/\\\/www.evropskakuca.me\\\/me\\\/\",\"logo\":{\"@type\":\"ImageObject\",\"inLanguage\":\"me-ME\",\"@id\":\"https:\\\/\\\/www.evropskakuca.me\\\/me\\\/#\\\/schema\\\/logo\\\/image\\\/\",\"url\":\"https:\\\/\\\/www.evropskakuca.me\\\/wp-content\\\/uploads\\\/2025\\\/01\\\/evropska-kuca-logo-1.png\",\"contentUrl\":\"https:\\\/\\\/www.evropskakuca.me\\\/wp-content\\\/uploads\\\/2025\\\/01\\\/evropska-kuca-logo-1.png\",\"width\":425,\"height\":312,\"caption\":\"Evropean house\"},\"image\":{\"@id\":\"https:\\\/\\\/www.evropskakuca.me\\\/me\\\/#\\\/schema\\\/logo\\\/image\\\/\"},\"sameAs\":[\"https:\\\/\\\/www.facebook.com\\\/evropska.kuca\",\"https:\\\/\\\/x.com\\\/evropska_kuca\",\"https:\\\/\\\/www.instagram.com\\\/evropska_kuca\"]},{\"@type\":\"Person\",\"@id\":\"https:\\\/\\\/www.evropskakuca.me\\\/me\\\/#\\\/schema\\\/person\\\/a1d0dcdaefe4a1cd1d60d200ea137ba4\",\"name\":\"mkajic\",\"image\":{\"@type\":\"ImageObject\",\"inLanguage\":\"me-ME\",\"@id\":\"https:\\\/\\\/secure.gravatar.com\\\/avatar\\\/731fa035cefab7316e6bafd1f25a93fb731a07de14e2d9923f8db4422628eabc?s=96&d=mm&r=g\",\"url\":\"https:\\\/\\\/secure.gravatar.com\\\/avatar\\\/731fa035cefab7316e6bafd1f25a93fb731a07de14e2d9923f8db4422628eabc?s=96&d=mm&r=g\",\"contentUrl\":\"https:\\\/\\\/secure.gravatar.com\\\/avatar\\\/731fa035cefab7316e6bafd1f25a93fb731a07de14e2d9923f8db4422628eabc?s=96&d=mm&r=g\",\"caption\":\"mkajic\"},\"sameAs\":[\"https:\\\/\\\/evropskakuca.me\"],\"url\":\"https:\\\/\\\/www.evropskakuca.me\\\/me\\\/author\\\/mkajic\\\/\"}]}<\/script>\n<!-- \/ Yoast SEO plugin. -->","yoast_head_json":{"title":"Otvorena izlo\u017eba fotografija \u201eOtkrij Rumuniju\u201c u EU info centru - Europe House","robots":{"index":"index","follow":"follow","max-snippet":"max-snippet:-1","max-image-preview":"max-image-preview:large","max-video-preview":"max-video-preview:-1"},"canonical":"https:\/\/www.evropskakuca.me\/me\/otvorena-izlozba-fotografija-otkrij-rumuniju-u-eu-info-centru\/","og_locale":"en_US","og_type":"article","og_title":"Otvorena izlo\u017eba fotografija \u201eOtkrij Rumuniju\u201c u EU info centru - Europe House","og_description":"Simboli\u010dno predstavljanje o\u017eivljavanja prirode, optimizma i solidarnost nakon epidemije korona virusa","og_url":"https:\/\/www.evropskakuca.me\/me\/otvorena-izlozba-fotografija-otkrij-rumuniju-u-eu-info-centru\/","og_site_name":"Europe House","article_publisher":"https:\/\/www.facebook.com\/evropska.kuca","article_published_time":"2020-06-17T12:36:34+00:00","og_image":[{"width":1024,"height":683,"url":"https:\/\/www.evropskakuca.me\/wp-content\/uploads\/2020\/06\/Izlozba-Otkrij-Rumuniju-2-002-1024x683.jpg","type":"image\/jpeg"}],"author":"mkajic","twitter_card":"summary_large_image","twitter_creator":"@evropska_kuca","twitter_site":"@evropska_kuca","twitter_misc":{"Written by":"mkajic","Est. reading time":"2 minutes"},"schema":{"@context":"https:\/\/schema.org","@graph":[{"@type":"Article","@id":"https:\/\/www.evropskakuca.me\/me\/otvorena-izlozba-fotografija-otkrij-rumuniju-u-eu-info-centru\/#article","isPartOf":{"@id":"https:\/\/www.evropskakuca.me\/me\/otvorena-izlozba-fotografija-otkrij-rumuniju-u-eu-info-centru\/"},"author":{"name":"mkajic","@id":"https:\/\/www.evropskakuca.me\/me\/#\/schema\/person\/a1d0dcdaefe4a1cd1d60d200ea137ba4"},"headline":"Otvorena izlo\u017eba fotografija \u201eOtkrij Rumuniju\u201c u EU info centru","datePublished":"2020-06-17T12:36:34+00:00","mainEntityOfPage":{"@id":"https:\/\/www.evropskakuca.me\/me\/otvorena-izlozba-fotografija-otkrij-rumuniju-u-eu-info-centru\/"},"wordCount":467,"publisher":{"@id":"https:\/\/www.evropskakuca.me\/me\/#organization"},"image":{"@id":"https:\/\/www.evropskakuca.me\/me\/otvorena-izlozba-fotografija-otkrij-rumuniju-u-eu-info-centru\/#primaryimage"},"thumbnailUrl":"https:\/\/www.evropskakuca.me\/wp-content\/uploads\/2020\/06\/Izlozba-Otkrij-Rumuniju-2-002.jpg","inLanguage":"me-ME"},{"@type":"WebPage","@id":"https:\/\/www.evropskakuca.me\/me\/otvorena-izlozba-fotografija-otkrij-rumuniju-u-eu-info-centru\/","url":"https:\/\/www.evropskakuca.me\/me\/otvorena-izlozba-fotografija-otkrij-rumuniju-u-eu-info-centru\/","name":"Otvorena izlo\u017eba fotografija \u201eOtkrij Rumuniju\u201c u EU info centru - Europe House","isPartOf":{"@id":"https:\/\/www.evropskakuca.me\/me\/#website"},"primaryImageOfPage":{"@id":"https:\/\/www.evropskakuca.me\/me\/otvorena-izlozba-fotografija-otkrij-rumuniju-u-eu-info-centru\/#primaryimage"},"image":{"@id":"https:\/\/www.evropskakuca.me\/me\/otvorena-izlozba-fotografija-otkrij-rumuniju-u-eu-info-centru\/#primaryimage"},"thumbnailUrl":"https:\/\/www.evropskakuca.me\/wp-content\/uploads\/2020\/06\/Izlozba-Otkrij-Rumuniju-2-002.jpg","datePublished":"2020-06-17T12:36:34+00:00","breadcrumb":{"@id":"https:\/\/www.evropskakuca.me\/me\/otvorena-izlozba-fotografija-otkrij-rumuniju-u-eu-info-centru\/#breadcrumb"},"inLanguage":"me-ME","potentialAction":[{"@type":"ReadAction","target":["https:\/\/www.evropskakuca.me\/me\/otvorena-izlozba-fotografija-otkrij-rumuniju-u-eu-info-centru\/"]}]},{"@type":"ImageObject","inLanguage":"me-ME","@id":"https:\/\/www.evropskakuca.me\/me\/otvorena-izlozba-fotografija-otkrij-rumuniju-u-eu-info-centru\/#primaryimage","url":"https:\/\/www.evropskakuca.me\/wp-content\/uploads\/2020\/06\/Izlozba-Otkrij-Rumuniju-2-002.jpg","contentUrl":"https:\/\/www.evropskakuca.me\/wp-content\/uploads\/2020\/06\/Izlozba-Otkrij-Rumuniju-2-002.jpg","width":2500,"height":1667},{"@type":"BreadcrumbList","@id":"https:\/\/www.evropskakuca.me\/me\/otvorena-izlozba-fotografija-otkrij-rumuniju-u-eu-info-centru\/#breadcrumb","itemListElement":[{"@type":"ListItem","position":1,"name":"Home","item":"https:\/\/www.evropskakuca.me\/me\/"},{"@type":"ListItem","position":2,"name":"Otvorena izlo\u017eba fotografija \u201eOtkrij Rumuniju\u201c u EU info centru"}]},{"@type":"WebSite","@id":"https:\/\/www.evropskakuca.me\/me\/#website","url":"https:\/\/www.evropskakuca.me\/me\/","name":"Evropean house","description":"","publisher":{"@id":"https:\/\/www.evropskakuca.me\/me\/#organization"},"potentialAction":[{"@type":"SearchAction","target":{"@type":"EntryPoint","urlTemplate":"https:\/\/www.evropskakuca.me\/me\/?s={search_term_string}"},"query-input":{"@type":"PropertyValueSpecification","valueRequired":true,"valueName":"search_term_string"}}],"inLanguage":"me-ME"},{"@type":"Organization","@id":"https:\/\/www.evropskakuca.me\/me\/#organization","name":"Evropean house","url":"https:\/\/www.evropskakuca.me\/me\/","logo":{"@type":"ImageObject","inLanguage":"me-ME","@id":"https:\/\/www.evropskakuca.me\/me\/#\/schema\/logo\/image\/","url":"https:\/\/www.evropskakuca.me\/wp-content\/uploads\/2025\/01\/evropska-kuca-logo-1.png","contentUrl":"https:\/\/www.evropskakuca.me\/wp-content\/uploads\/2025\/01\/evropska-kuca-logo-1.png","width":425,"height":312,"caption":"Evropean house"},"image":{"@id":"https:\/\/www.evropskakuca.me\/me\/#\/schema\/logo\/image\/"},"sameAs":["https:\/\/www.facebook.com\/evropska.kuca","https:\/\/x.com\/evropska_kuca","https:\/\/www.instagram.com\/evropska_kuca"]},{"@type":"Person","@id":"https:\/\/www.evropskakuca.me\/me\/#\/schema\/person\/a1d0dcdaefe4a1cd1d60d200ea137ba4","name":"mkajic","image":{"@type":"ImageObject","inLanguage":"me-ME","@id":"https:\/\/secure.gravatar.com\/avatar\/731fa035cefab7316e6bafd1f25a93fb731a07de14e2d9923f8db4422628eabc?s=96&d=mm&r=g","url":"https:\/\/secure.gravatar.com\/avatar\/731fa035cefab7316e6bafd1f25a93fb731a07de14e2d9923f8db4422628eabc?s=96&d=mm&r=g","contentUrl":"https:\/\/secure.gravatar.com\/avatar\/731fa035cefab7316e6bafd1f25a93fb731a07de14e2d9923f8db4422628eabc?s=96&d=mm&r=g","caption":"mkajic"},"sameAs":["https:\/\/evropskakuca.me"],"url":"https:\/\/www.evropskakuca.me\/me\/author\/mkajic\/"}]}},"_links":{"self":[{"href":"https:\/\/www.evropskakuca.me\/me\/wp-json\/wp\/v2\/posts\/9813","targetHints":{"allow":["GET"]}}],"collection":[{"href":"https:\/\/www.evropskakuca.me\/me\/wp-json\/wp\/v2\/posts"}],"about":[{"href":"https:\/\/www.evropskakuca.me\/me\/wp-json\/wp\/v2\/types\/post"}],"author":[{"embeddable":true,"href":"https:\/\/www.evropskakuca.me\/me\/wp-json\/wp\/v2\/users\/1"}],"replies":[{"embeddable":true,"href":"https:\/\/www.evropskakuca.me\/me\/wp-json\/wp\/v2\/comments?post=9813"}],"version-history":[{"count":0,"href":"https:\/\/www.evropskakuca.me\/me\/wp-json\/wp\/v2\/posts\/9813\/revisions"}],"wp:featuredmedia":[{"embeddable":true,"href":"https:\/\/www.evropskakuca.me\/me\/wp-json\/wp\/v2\/media\/35476"}],"wp:attachment":[{"href":"https:\/\/www.evropskakuca.me\/me\/wp-json\/wp\/v2\/media?parent=9813"}],"wp:term":[{"taxonomy":"category","embeddable":true,"href":"https:\/\/www.evropskakuca.me\/me\/wp-json\/wp\/v2\/categories?post=9813"},{"taxonomy":"post_tag","embeddable":true,"href":"https:\/\/www.evropskakuca.me\/me\/wp-json\/wp\/v2\/tags?post=9813"}],"curies":[{"name":"wp","href":"https:\/\/api.w.org\/{rel}","templated":true}]}}