{"id":9802,"date":"2020-06-12T13:53:17","date_gmt":"2020-06-12T13:53:17","guid":{"rendered":"http:\/\/www.evropskakuca.me\/me\/?p=9802"},"modified":"2020-06-12T13:53:17","modified_gmt":"2020-06-12T13:53:17","slug":"prilika-za-nezaposlene-da-pokrenu-sopstveni-biznis","status":"publish","type":"post","link":"https:\/\/www.evropskakuca.me\/me\/prilika-za-nezaposlene-da-pokrenu-sopstveni-biznis\/","title":{"rendered":"Prilika za nezaposlene da pokrenu sopstveni biznis"},"content":{"rendered":"<p>Zavod za zapo\u0161ljavanje objavio je drugi Javni poziv za dodjelu bespovratnih sredstava za samozapo\u0161ljavanje iz pretpristupnih fondova Evropske unije, od 3 000 do 7 500 eura. Ukupan iznos koji je na raspolaganju za ovaj Javni poziv je 1 585 000 eura, \u010dime se mo\u017ee omogu\u0107iti otvaranje 200 novih radnih mjesta, odnosno preduze\u0107a. To je saop\u0161teno na konferenciji za medije koju je Zavod organizovao u saradnji sa Ministarstvom rada i socijalnog staranja, u EU info centru.<\/p>\n<p>Pravo da se prijavi ima svako nezaposleno lica koje je na evidenciji Zavoda, najmanje \u010detiri mjeseca, na dana\u0161nji dan. Obaveza Zavoda je da korisnicima u roku od 30 dana od dana potpisivanja ugovora uplati iznos do 80% sredstava. Sa druge strane, obaveza korisnika je da podsticajna bespovratna sredstva namjenski utro\u0161i.<\/p>\n<p>\u201eDodjelom bespovratnih sredstava nezaposlenenim licima, kroz tri jednogodi\u0161nja ciklusa za zapo\u010dinjanje sopstveng biznisa, \u017eelimo da podstaknemo preduzetni\u010dki duh pojedinaca, s posebnim naglaskom na\u00a0 te\u017ee zapo\u0161ljiva lica sa evidencije ZZZCG, zatim da podr\u017eimo preduzetni\u0161tvo, a sve u cilju otvaranja ukupno oko 400 novih radnih mjesta u Crnoj Gori\u201c, saop\u0161tio je ministar rada i socijalnog staranja Kemal Puri\u0161i\u0107 otvaraju\u0107i konferenciju.<\/p>\n<p>Direktor Zavoda za zapo\u0161ljavanje Suljo Mustafi\u0107 iskazao je punu zahvalnost Delegaciji EU u Crnoj Gori i Evropskoj komisiji koji preko prvog direktnog granta poma\u017eu budu\u0107e preduzetnike u Crnoj Gori.<\/p>\n<p>\u201eUpravo ovaj Program i sve pojedina\u010dne aktivnosti u njegovim okvirima su dr\u017eavni projekat i rezultat dobre saradnje, posve\u0107enosti i zajedni\u010dkog rada na\u0161e administracije i Vlade CG sa Evropskom komisijom i Delegacijom EU u Crnoj Gori\u201c, kazao je Mustafi\u0107.<\/p>\n<p>\u201cProgram grantova za samozapo\u0161ljavanje\u201d dio je 18 miliona eura vrijednog Programa Evropske unije i Crne Gore za sektore zapo\u0161ljavanja, obrazovanja i socijalne inkluzije.\u00a0 U ovom Programu Evropska unija u\u010destvuje sa 15,3 milona eura, a Vlada 2,7 miliona eura. Kroz prvi Javni poziv 94 nezaposlene osobe sa evidencije Zavoda su ve\u0107 dobile bespovratna sredstva iz fondova EU, od tri do 7 500 eura. Pored danas objavljenog Javnog poziva, bi\u0107e raspisana jo\u0161 dva nova.<\/p>\n<p>&nbsp;<\/p>\n<p>&nbsp;<\/p>\n","protected":false},"excerpt":{"rendered":"<p>Raspisan Javni poziv za dodjelu bespovratnih sredstava za samozapo\u0161ljavanje iz pretpristupnih fondova EU, od 3 000 do 7 500 eura <\/p>\n","protected":false},"author":1,"featured_media":35548,"comment_status":"closed","ping_status":"closed","sticky":false,"template":"","format":"standard","meta":{"_acf_changed":false,"footnotes":""},"categories":[],"tags":[],"class_list":["post-9802","post","type-post","status-publish","format-standard","has-post-thumbnail","hentry"],"acf":[],"yoast_head":"<!-- This site is optimized with the Yoast SEO plugin v27.3 - https:\/\/yoast.com\/product\/yoast-seo-wordpress\/ -->\n<title>Prilika za nezaposlene da pokrenu sopstveni biznis - Europe House<\/title>\n<meta name=\"robots\" content=\"index, follow, max-snippet:-1, max-image-preview:large, max-video-preview:-1\" \/>\n<link rel=\"canonical\" href=\"https:\/\/www.evropskakuca.me\/me\/prilika-za-nezaposlene-da-pokrenu-sopstveni-biznis\/\" \/>\n<meta property=\"og:locale\" content=\"en_US\" \/>\n<meta property=\"og:type\" content=\"article\" \/>\n<meta property=\"og:title\" content=\"Prilika za nezaposlene da pokrenu sopstveni biznis - Europe House\" \/>\n<meta property=\"og:description\" content=\"Raspisan Javni poziv za dodjelu bespovratnih sredstava za samozapo\u0161ljavanje iz pretpristupnih fondova EU, od 3 000 do 7 500 eura\" \/>\n<meta property=\"og:url\" content=\"https:\/\/www.evropskakuca.me\/me\/prilika-za-nezaposlene-da-pokrenu-sopstveni-biznis\/\" \/>\n<meta property=\"og:site_name\" content=\"Europe House\" \/>\n<meta property=\"article:publisher\" content=\"https:\/\/www.facebook.com\/evropska.kuca\" \/>\n<meta property=\"article:published_time\" content=\"2020-06-12T13:53:17+00:00\" \/>\n<meta property=\"og:image\" content=\"https:\/\/www.evropskakuca.me\/wp-content\/uploads\/2020\/06\/zavod.jpg\" \/>\n\t<meta property=\"og:image:width\" content=\"1440\" \/>\n\t<meta property=\"og:image:height\" content=\"810\" \/>\n\t<meta property=\"og:image:type\" content=\"image\/jpeg\" \/>\n<meta name=\"author\" content=\"mkajic\" \/>\n<meta name=\"twitter:card\" content=\"summary_large_image\" \/>\n<meta name=\"twitter:creator\" content=\"@evropska_kuca\" \/>\n<meta name=\"twitter:site\" content=\"@evropska_kuca\" \/>\n<meta name=\"twitter:label1\" content=\"Written by\" \/>\n\t<meta name=\"twitter:data1\" content=\"mkajic\" \/>\n\t<meta name=\"twitter:label2\" content=\"Est. reading time\" \/>\n\t<meta name=\"twitter:data2\" content=\"2 minutes\" \/>\n<script type=\"application\/ld+json\" class=\"yoast-schema-graph\">{\"@context\":\"https:\\\/\\\/schema.org\",\"@graph\":[{\"@type\":\"Article\",\"@id\":\"https:\\\/\\\/www.evropskakuca.me\\\/me\\\/prilika-za-nezaposlene-da-pokrenu-sopstveni-biznis\\\/#article\",\"isPartOf\":{\"@id\":\"https:\\\/\\\/www.evropskakuca.me\\\/me\\\/prilika-za-nezaposlene-da-pokrenu-sopstveni-biznis\\\/\"},\"author\":{\"name\":\"mkajic\",\"@id\":\"https:\\\/\\\/www.evropskakuca.me\\\/me\\\/#\\\/schema\\\/person\\\/a1d0dcdaefe4a1cd1d60d200ea137ba4\"},\"headline\":\"Prilika za nezaposlene da pokrenu sopstveni biznis\",\"datePublished\":\"2020-06-12T13:53:17+00:00\",\"mainEntityOfPage\":{\"@id\":\"https:\\\/\\\/www.evropskakuca.me\\\/me\\\/prilika-za-nezaposlene-da-pokrenu-sopstveni-biznis\\\/\"},\"wordCount\":344,\"publisher\":{\"@id\":\"https:\\\/\\\/www.evropskakuca.me\\\/me\\\/#organization\"},\"image\":{\"@id\":\"https:\\\/\\\/www.evropskakuca.me\\\/me\\\/prilika-za-nezaposlene-da-pokrenu-sopstveni-biznis\\\/#primaryimage\"},\"thumbnailUrl\":\"https:\\\/\\\/www.evropskakuca.me\\\/wp-content\\\/uploads\\\/2020\\\/06\\\/zavod.jpg\",\"inLanguage\":\"me-ME\"},{\"@type\":\"WebPage\",\"@id\":\"https:\\\/\\\/www.evropskakuca.me\\\/me\\\/prilika-za-nezaposlene-da-pokrenu-sopstveni-biznis\\\/\",\"url\":\"https:\\\/\\\/www.evropskakuca.me\\\/me\\\/prilika-za-nezaposlene-da-pokrenu-sopstveni-biznis\\\/\",\"name\":\"Prilika za nezaposlene da pokrenu sopstveni biznis - Europe House\",\"isPartOf\":{\"@id\":\"https:\\\/\\\/www.evropskakuca.me\\\/me\\\/#website\"},\"primaryImageOfPage\":{\"@id\":\"https:\\\/\\\/www.evropskakuca.me\\\/me\\\/prilika-za-nezaposlene-da-pokrenu-sopstveni-biznis\\\/#primaryimage\"},\"image\":{\"@id\":\"https:\\\/\\\/www.evropskakuca.me\\\/me\\\/prilika-za-nezaposlene-da-pokrenu-sopstveni-biznis\\\/#primaryimage\"},\"thumbnailUrl\":\"https:\\\/\\\/www.evropskakuca.me\\\/wp-content\\\/uploads\\\/2020\\\/06\\\/zavod.jpg\",\"datePublished\":\"2020-06-12T13:53:17+00:00\",\"breadcrumb\":{\"@id\":\"https:\\\/\\\/www.evropskakuca.me\\\/me\\\/prilika-za-nezaposlene-da-pokrenu-sopstveni-biznis\\\/#breadcrumb\"},\"inLanguage\":\"me-ME\",\"potentialAction\":[{\"@type\":\"ReadAction\",\"target\":[\"https:\\\/\\\/www.evropskakuca.me\\\/me\\\/prilika-za-nezaposlene-da-pokrenu-sopstveni-biznis\\\/\"]}]},{\"@type\":\"ImageObject\",\"inLanguage\":\"me-ME\",\"@id\":\"https:\\\/\\\/www.evropskakuca.me\\\/me\\\/prilika-za-nezaposlene-da-pokrenu-sopstveni-biznis\\\/#primaryimage\",\"url\":\"https:\\\/\\\/www.evropskakuca.me\\\/wp-content\\\/uploads\\\/2020\\\/06\\\/zavod.jpg\",\"contentUrl\":\"https:\\\/\\\/www.evropskakuca.me\\\/wp-content\\\/uploads\\\/2020\\\/06\\\/zavod.jpg\",\"width\":1440,\"height\":810},{\"@type\":\"BreadcrumbList\",\"@id\":\"https:\\\/\\\/www.evropskakuca.me\\\/me\\\/prilika-za-nezaposlene-da-pokrenu-sopstveni-biznis\\\/#breadcrumb\",\"itemListElement\":[{\"@type\":\"ListItem\",\"position\":1,\"name\":\"Home\",\"item\":\"https:\\\/\\\/www.evropskakuca.me\\\/me\\\/\"},{\"@type\":\"ListItem\",\"position\":2,\"name\":\"Prilika za nezaposlene da pokrenu sopstveni biznis\"}]},{\"@type\":\"WebSite\",\"@id\":\"https:\\\/\\\/www.evropskakuca.me\\\/me\\\/#website\",\"url\":\"https:\\\/\\\/www.evropskakuca.me\\\/me\\\/\",\"name\":\"Evropean house\",\"description\":\"\",\"publisher\":{\"@id\":\"https:\\\/\\\/www.evropskakuca.me\\\/me\\\/#organization\"},\"potentialAction\":[{\"@type\":\"SearchAction\",\"target\":{\"@type\":\"EntryPoint\",\"urlTemplate\":\"https:\\\/\\\/www.evropskakuca.me\\\/me\\\/?s={search_term_string}\"},\"query-input\":{\"@type\":\"PropertyValueSpecification\",\"valueRequired\":true,\"valueName\":\"search_term_string\"}}],\"inLanguage\":\"me-ME\"},{\"@type\":\"Organization\",\"@id\":\"https:\\\/\\\/www.evropskakuca.me\\\/me\\\/#organization\",\"name\":\"Evropean house\",\"url\":\"https:\\\/\\\/www.evropskakuca.me\\\/me\\\/\",\"logo\":{\"@type\":\"ImageObject\",\"inLanguage\":\"me-ME\",\"@id\":\"https:\\\/\\\/www.evropskakuca.me\\\/me\\\/#\\\/schema\\\/logo\\\/image\\\/\",\"url\":\"https:\\\/\\\/www.evropskakuca.me\\\/wp-content\\\/uploads\\\/2025\\\/01\\\/evropska-kuca-logo-1.png\",\"contentUrl\":\"https:\\\/\\\/www.evropskakuca.me\\\/wp-content\\\/uploads\\\/2025\\\/01\\\/evropska-kuca-logo-1.png\",\"width\":425,\"height\":312,\"caption\":\"Evropean house\"},\"image\":{\"@id\":\"https:\\\/\\\/www.evropskakuca.me\\\/me\\\/#\\\/schema\\\/logo\\\/image\\\/\"},\"sameAs\":[\"https:\\\/\\\/www.facebook.com\\\/evropska.kuca\",\"https:\\\/\\\/x.com\\\/evropska_kuca\",\"https:\\\/\\\/www.instagram.com\\\/evropska_kuca\"]},{\"@type\":\"Person\",\"@id\":\"https:\\\/\\\/www.evropskakuca.me\\\/me\\\/#\\\/schema\\\/person\\\/a1d0dcdaefe4a1cd1d60d200ea137ba4\",\"name\":\"mkajic\",\"image\":{\"@type\":\"ImageObject\",\"inLanguage\":\"me-ME\",\"@id\":\"https:\\\/\\\/secure.gravatar.com\\\/avatar\\\/731fa035cefab7316e6bafd1f25a93fb731a07de14e2d9923f8db4422628eabc?s=96&d=mm&r=g\",\"url\":\"https:\\\/\\\/secure.gravatar.com\\\/avatar\\\/731fa035cefab7316e6bafd1f25a93fb731a07de14e2d9923f8db4422628eabc?s=96&d=mm&r=g\",\"contentUrl\":\"https:\\\/\\\/secure.gravatar.com\\\/avatar\\\/731fa035cefab7316e6bafd1f25a93fb731a07de14e2d9923f8db4422628eabc?s=96&d=mm&r=g\",\"caption\":\"mkajic\"},\"sameAs\":[\"https:\\\/\\\/evropskakuca.me\"],\"url\":\"https:\\\/\\\/www.evropskakuca.me\\\/me\\\/author\\\/mkajic\\\/\"}]}<\/script>\n<!-- \/ Yoast SEO plugin. -->","yoast_head_json":{"title":"Prilika za nezaposlene da pokrenu sopstveni biznis - Europe House","robots":{"index":"index","follow":"follow","max-snippet":"max-snippet:-1","max-image-preview":"max-image-preview:large","max-video-preview":"max-video-preview:-1"},"canonical":"https:\/\/www.evropskakuca.me\/me\/prilika-za-nezaposlene-da-pokrenu-sopstveni-biznis\/","og_locale":"en_US","og_type":"article","og_title":"Prilika za nezaposlene da pokrenu sopstveni biznis - Europe House","og_description":"Raspisan Javni poziv za dodjelu bespovratnih sredstava za samozapo\u0161ljavanje iz pretpristupnih fondova EU, od 3 000 do 7 500 eura","og_url":"https:\/\/www.evropskakuca.me\/me\/prilika-za-nezaposlene-da-pokrenu-sopstveni-biznis\/","og_site_name":"Europe House","article_publisher":"https:\/\/www.facebook.com\/evropska.kuca","article_published_time":"2020-06-12T13:53:17+00:00","og_image":[{"width":1440,"height":810,"url":"https:\/\/www.evropskakuca.me\/wp-content\/uploads\/2020\/06\/zavod.jpg","type":"image\/jpeg"}],"author":"mkajic","twitter_card":"summary_large_image","twitter_creator":"@evropska_kuca","twitter_site":"@evropska_kuca","twitter_misc":{"Written by":"mkajic","Est. reading time":"2 minutes"},"schema":{"@context":"https:\/\/schema.org","@graph":[{"@type":"Article","@id":"https:\/\/www.evropskakuca.me\/me\/prilika-za-nezaposlene-da-pokrenu-sopstveni-biznis\/#article","isPartOf":{"@id":"https:\/\/www.evropskakuca.me\/me\/prilika-za-nezaposlene-da-pokrenu-sopstveni-biznis\/"},"author":{"name":"mkajic","@id":"https:\/\/www.evropskakuca.me\/me\/#\/schema\/person\/a1d0dcdaefe4a1cd1d60d200ea137ba4"},"headline":"Prilika za nezaposlene da pokrenu sopstveni biznis","datePublished":"2020-06-12T13:53:17+00:00","mainEntityOfPage":{"@id":"https:\/\/www.evropskakuca.me\/me\/prilika-za-nezaposlene-da-pokrenu-sopstveni-biznis\/"},"wordCount":344,"publisher":{"@id":"https:\/\/www.evropskakuca.me\/me\/#organization"},"image":{"@id":"https:\/\/www.evropskakuca.me\/me\/prilika-za-nezaposlene-da-pokrenu-sopstveni-biznis\/#primaryimage"},"thumbnailUrl":"https:\/\/www.evropskakuca.me\/wp-content\/uploads\/2020\/06\/zavod.jpg","inLanguage":"me-ME"},{"@type":"WebPage","@id":"https:\/\/www.evropskakuca.me\/me\/prilika-za-nezaposlene-da-pokrenu-sopstveni-biznis\/","url":"https:\/\/www.evropskakuca.me\/me\/prilika-za-nezaposlene-da-pokrenu-sopstveni-biznis\/","name":"Prilika za nezaposlene da pokrenu sopstveni biznis - Europe House","isPartOf":{"@id":"https:\/\/www.evropskakuca.me\/me\/#website"},"primaryImageOfPage":{"@id":"https:\/\/www.evropskakuca.me\/me\/prilika-za-nezaposlene-da-pokrenu-sopstveni-biznis\/#primaryimage"},"image":{"@id":"https:\/\/www.evropskakuca.me\/me\/prilika-za-nezaposlene-da-pokrenu-sopstveni-biznis\/#primaryimage"},"thumbnailUrl":"https:\/\/www.evropskakuca.me\/wp-content\/uploads\/2020\/06\/zavod.jpg","datePublished":"2020-06-12T13:53:17+00:00","breadcrumb":{"@id":"https:\/\/www.evropskakuca.me\/me\/prilika-za-nezaposlene-da-pokrenu-sopstveni-biznis\/#breadcrumb"},"inLanguage":"me-ME","potentialAction":[{"@type":"ReadAction","target":["https:\/\/www.evropskakuca.me\/me\/prilika-za-nezaposlene-da-pokrenu-sopstveni-biznis\/"]}]},{"@type":"ImageObject","inLanguage":"me-ME","@id":"https:\/\/www.evropskakuca.me\/me\/prilika-za-nezaposlene-da-pokrenu-sopstveni-biznis\/#primaryimage","url":"https:\/\/www.evropskakuca.me\/wp-content\/uploads\/2020\/06\/zavod.jpg","contentUrl":"https:\/\/www.evropskakuca.me\/wp-content\/uploads\/2020\/06\/zavod.jpg","width":1440,"height":810},{"@type":"BreadcrumbList","@id":"https:\/\/www.evropskakuca.me\/me\/prilika-za-nezaposlene-da-pokrenu-sopstveni-biznis\/#breadcrumb","itemListElement":[{"@type":"ListItem","position":1,"name":"Home","item":"https:\/\/www.evropskakuca.me\/me\/"},{"@type":"ListItem","position":2,"name":"Prilika za nezaposlene da pokrenu sopstveni biznis"}]},{"@type":"WebSite","@id":"https:\/\/www.evropskakuca.me\/me\/#website","url":"https:\/\/www.evropskakuca.me\/me\/","name":"Evropean house","description":"","publisher":{"@id":"https:\/\/www.evropskakuca.me\/me\/#organization"},"potentialAction":[{"@type":"SearchAction","target":{"@type":"EntryPoint","urlTemplate":"https:\/\/www.evropskakuca.me\/me\/?s={search_term_string}"},"query-input":{"@type":"PropertyValueSpecification","valueRequired":true,"valueName":"search_term_string"}}],"inLanguage":"me-ME"},{"@type":"Organization","@id":"https:\/\/www.evropskakuca.me\/me\/#organization","name":"Evropean house","url":"https:\/\/www.evropskakuca.me\/me\/","logo":{"@type":"ImageObject","inLanguage":"me-ME","@id":"https:\/\/www.evropskakuca.me\/me\/#\/schema\/logo\/image\/","url":"https:\/\/www.evropskakuca.me\/wp-content\/uploads\/2025\/01\/evropska-kuca-logo-1.png","contentUrl":"https:\/\/www.evropskakuca.me\/wp-content\/uploads\/2025\/01\/evropska-kuca-logo-1.png","width":425,"height":312,"caption":"Evropean house"},"image":{"@id":"https:\/\/www.evropskakuca.me\/me\/#\/schema\/logo\/image\/"},"sameAs":["https:\/\/www.facebook.com\/evropska.kuca","https:\/\/x.com\/evropska_kuca","https:\/\/www.instagram.com\/evropska_kuca"]},{"@type":"Person","@id":"https:\/\/www.evropskakuca.me\/me\/#\/schema\/person\/a1d0dcdaefe4a1cd1d60d200ea137ba4","name":"mkajic","image":{"@type":"ImageObject","inLanguage":"me-ME","@id":"https:\/\/secure.gravatar.com\/avatar\/731fa035cefab7316e6bafd1f25a93fb731a07de14e2d9923f8db4422628eabc?s=96&d=mm&r=g","url":"https:\/\/secure.gravatar.com\/avatar\/731fa035cefab7316e6bafd1f25a93fb731a07de14e2d9923f8db4422628eabc?s=96&d=mm&r=g","contentUrl":"https:\/\/secure.gravatar.com\/avatar\/731fa035cefab7316e6bafd1f25a93fb731a07de14e2d9923f8db4422628eabc?s=96&d=mm&r=g","caption":"mkajic"},"sameAs":["https:\/\/evropskakuca.me"],"url":"https:\/\/www.evropskakuca.me\/me\/author\/mkajic\/"}]}},"_links":{"self":[{"href":"https:\/\/www.evropskakuca.me\/me\/wp-json\/wp\/v2\/posts\/9802","targetHints":{"allow":["GET"]}}],"collection":[{"href":"https:\/\/www.evropskakuca.me\/me\/wp-json\/wp\/v2\/posts"}],"about":[{"href":"https:\/\/www.evropskakuca.me\/me\/wp-json\/wp\/v2\/types\/post"}],"author":[{"embeddable":true,"href":"https:\/\/www.evropskakuca.me\/me\/wp-json\/wp\/v2\/users\/1"}],"replies":[{"embeddable":true,"href":"https:\/\/www.evropskakuca.me\/me\/wp-json\/wp\/v2\/comments?post=9802"}],"version-history":[{"count":0,"href":"https:\/\/www.evropskakuca.me\/me\/wp-json\/wp\/v2\/posts\/9802\/revisions"}],"wp:featuredmedia":[{"embeddable":true,"href":"https:\/\/www.evropskakuca.me\/me\/wp-json\/wp\/v2\/media\/35548"}],"wp:attachment":[{"href":"https:\/\/www.evropskakuca.me\/me\/wp-json\/wp\/v2\/media?parent=9802"}],"wp:term":[{"taxonomy":"category","embeddable":true,"href":"https:\/\/www.evropskakuca.me\/me\/wp-json\/wp\/v2\/categories?post=9802"},{"taxonomy":"post_tag","embeddable":true,"href":"https:\/\/www.evropskakuca.me\/me\/wp-json\/wp\/v2\/tags?post=9802"}],"curies":[{"name":"wp","href":"https:\/\/api.w.org\/{rel}","templated":true}]}}