{"id":9800,"date":"2020-06-12T12:16:34","date_gmt":"2020-06-12T12:16:34","guid":{"rendered":"http:\/\/www.evropskakuca.me\/me\/?p=9800"},"modified":"2020-06-12T12:16:34","modified_gmt":"2020-06-12T12:16:34","slug":"estonija-donirala-crnoj-gori-18-paketa-pomoci-kroz-mehanizam-civilne-zastite-eu","status":"publish","type":"post","link":"https:\/\/www.evropskakuca.me\/me\/estonija-donirala-crnoj-gori-18-paketa-pomoci-kroz-mehanizam-civilne-zastite-eu\/","title":{"rendered":"Estonija donirala Crnoj Gori 18 paketa pomo\u0107i kroz Mehanizam civilne za\u0161tite EU"},"content":{"rendered":"<p>Crna Gora je dobila jo\u0161 jedan kontigent za\u0161titne medicinske opreme kroz Mehanizam Evropske unije za civilnu za\u0161titu. Ovog puta, pomo\u0107 je donirala Estonija koja je iz dva puta dostavila ukupno 18 paketa pomo\u0107i: 4 000 pakovanja dezinfekcionih sredstava za ruke od pola litra, 1 000 litara koncentrovanih dezinfekcijskih sredstava za povr\u0161ine, 300 kompleta posteljine i 300 pokriva\u010da.<\/p>\n<p>Paketi su dostavljeni kao dio \u0161ire pomo\u0107i, najve\u0107e koju je Estonija do sada obezbjedila za druge zemlje u toku pandemije korona virusa. Pored Crne Gore, pomo\u0107 su dobile Sjeverna Makedonija, Gruzija i Ukrajina.<\/p>\n<p><img fetchpriority=\"high\" decoding=\"async\" class=\"alignnone size-large wp-image-9798\" src=\"http:\/\/www.evropskakuca.me\/wp-content\/uploads\/2020\/06\/Estonija_pomoc2-002-1024x683.jpg\" alt=\"\" width=\"1024\" height=\"683\" \/><\/p>\n<p>\u201eEstonija \u017eeli da poka\u017ee solidarnost sa svojim prijateljima i partnerima u zemljama Zapadnog Balkana i u ovim te\u0161kim vremenima, kada smo svi pogo\u0111eni pandemijom i treba nam prijateljsko rame pored nas. Stoga je moja Vlada odlu\u010dila da pozitivno odgovori na zahtjev za pomoc\u0301, koji su nam uputile Vlade Crne Gore i Sjeverne Makedonije kroz Mehanizam civilne za\u0161tite EU. Sre\u0107ni smo \u0161to smo uspjeli da obezbjedimo stvari koje su najpotrebnije bolnicama i zdravstvenim centrima, ne samo tokom ove krize, nego i nakon nje\u201c, kazala je ambasadorka Estonije Kristi Karelson.<\/p>\n<p>Ambasador Evropske unije u Crnoj Gori Aivo Orav ocijenio je da je pomo\u0107 Estonije jo\u0161 jedna potvrda solidarnosti koju je EU pokazala u borbi protiv korona virusa.<\/p>\n<p>\u201eIza svih nas je te\u017eak period, koji je pokazao koliko su solidarnost i iskrena saradnja prisutne i va\u017ene za dobrobit svih nas. Evropska unija je bila uz Crnu Goru od samog po\u010detka, kada je najavila sveobuhvatnu pomo\u0107 od ukupno 53 miliona eura pomo\u0107i. Podr\u0161ku su pru\u017eile i zemlje \u010dlanice kako kroz Mehanizam Evropske unije za civilnu za\u0161titu, tako i kroz biletarne odnose. Siguran sam da crnogorski narod u EU vidi dokazanog prijatelja, koji nastavlja da poma\u017ee i sada kada je situacija, na sre\u0107u svih nas, pod kontrolom\u201c, kazao je Orav.<\/p>\n<p>Iz Vlade Crne Gore su istakli koliko je, u \u00a0ovim izazovnim vremenima, va\u017ena podr\u0161ka prijatelja i partnera iz Evrope i koliko je va\u017eno da svi budemo ujedinjeni.<\/p>\n<p><img decoding=\"async\" class=\"alignnone size-large wp-image-9796\" src=\"http:\/\/www.evropskakuca.me\/wp-content\/uploads\/2020\/06\/Estonija_pomoc1-002-1024x683.jpg\" alt=\"\" width=\"1024\" height=\"683\" \/><\/p>\n<p>\u201eU ime Vlade Crne Gore i Nacionalnog koordinacionog tijela izra\u017eavam zahvalnost Vladi Republike Estonije na pomo\u0107i koju su poslali Crnoj Gori i iskazanoj solidarnosti. I ova donacija svjedo\u010di o zna\u010daju koordinacije u okviru Mehanizma Evropske unije za civilnu za\u0161titu i spremnosti svih \u010dlanica da udru\u017eenim snagama podr\u017eimo jedni druge u prevazila\u017eenju kriznih situacija. Crnogorski gra\u0111ani to prepoznaju i cijene doprinos EU u uspje\u0161nom suo\u010davanju sa koronavirusom\u201c, kazao je ministar unutra\u0161njih poslova Mevludin Nuhod\u017ei\u0107.<\/p>\n<p>Pored Estonije, Crna Gora je do sada kroz Mehanizam EU za civilnu za\u0161titu dobila pomo\u0107 i od Austrije i Rumunije. One su zajedno dopremile 110 000 rukavica, 1 680 litara dezinfekcionih sredstava za ruke, 720 jednokratnih posteljina I 1 800 pe\u0161kira. Kroz bilateralne odnose, Crnu Goru su pomogle Hrvatska, Ma\u0111arska i Bugarska. Hrvatska je donirala 50 000 komada hirur\u0161kih maski, 2 000 litara medicinskog alkohola, 2 000 komada vizira i 1 000 komada za\u0161titnih medicinskih nao\u010dara, Ma\u0111arska 50 000 komada hirur\u0161kih maski i 2 500 za\u0161titinih medicinskih odijela, a Bugarska opremu Specijalnoj bolnici za plu\u0107ne bolesti u Brezoviku u vrijednosti od blizu 35 hiljada eura, kao i 200 kompleta za\u0161titne medicinske opreme. Poljska je donirala deset tona pomo\u0107i, u okviru NATO mehanizma Evroatlantskog centra za pomo\u0107 i koordinaciju u katastrofama (EADRC), kroz koji je Holandija prethodno logisti\u010dki i finansijski podr\u017eala dopremanje sedam tona za\u0161titne medicinske opreme koju je kupila dr\u017eava Crna Gora. Najvljeno je da \u0107e se pomo\u0107 Evropske unije i njenih dr\u017eava \u010dlanica Crnoj Gori nastaviti i u narednom periodu.<\/p>\n<p>&nbsp;<\/p>\n<p>&nbsp;<\/p>\n","protected":false},"excerpt":{"rendered":"<p>Nastavlja se podr\u0161ka zemalja \u010dlanica EU u borbi protiv korona virusa<\/p>\n","protected":false},"author":1,"featured_media":35406,"comment_status":"closed","ping_status":"closed","sticky":false,"template":"","format":"standard","meta":{"_acf_changed":false,"footnotes":""},"categories":[],"tags":[],"class_list":["post-9800","post","type-post","status-publish","format-standard","has-post-thumbnail","hentry"],"acf":[],"yoast_head":"<!-- This site is optimized with the Yoast SEO plugin v27.3 - https:\/\/yoast.com\/product\/yoast-seo-wordpress\/ -->\n<title>Estonija donirala Crnoj Gori 18 paketa pomo\u0107i kroz Mehanizam civilne za\u0161tite EU - Europe House<\/title>\n<meta name=\"robots\" content=\"index, follow, max-snippet:-1, max-image-preview:large, max-video-preview:-1\" \/>\n<link rel=\"canonical\" href=\"https:\/\/www.evropskakuca.me\/me\/estonija-donirala-crnoj-gori-18-paketa-pomoci-kroz-mehanizam-civilne-zastite-eu\/\" \/>\n<meta property=\"og:locale\" content=\"en_US\" \/>\n<meta property=\"og:type\" content=\"article\" \/>\n<meta property=\"og:title\" content=\"Estonija donirala Crnoj Gori 18 paketa pomo\u0107i kroz Mehanizam civilne za\u0161tite EU - Europe House\" \/>\n<meta property=\"og:description\" content=\"Nastavlja se podr\u0161ka zemalja \u010dlanica EU u borbi protiv korona virusa\" \/>\n<meta property=\"og:url\" content=\"https:\/\/www.evropskakuca.me\/me\/estonija-donirala-crnoj-gori-18-paketa-pomoci-kroz-mehanizam-civilne-zastite-eu\/\" \/>\n<meta property=\"og:site_name\" content=\"Europe House\" \/>\n<meta property=\"article:publisher\" content=\"https:\/\/www.facebook.com\/evropska.kuca\" \/>\n<meta property=\"article:published_time\" content=\"2020-06-12T12:16:34+00:00\" \/>\n<meta property=\"og:image\" content=\"https:\/\/www.evropskakuca.me\/wp-content\/uploads\/2020\/05\/estonija_sajt.jpg\" \/>\n\t<meta property=\"og:image:width\" content=\"750\" \/>\n\t<meta property=\"og:image:height\" content=\"500\" \/>\n\t<meta property=\"og:image:type\" content=\"image\/jpeg\" \/>\n<meta name=\"author\" content=\"mkajic\" \/>\n<meta name=\"twitter:card\" content=\"summary_large_image\" \/>\n<meta name=\"twitter:creator\" content=\"@evropska_kuca\" \/>\n<meta name=\"twitter:site\" content=\"@evropska_kuca\" \/>\n<meta name=\"twitter:label1\" content=\"Written by\" \/>\n\t<meta name=\"twitter:data1\" content=\"mkajic\" \/>\n\t<meta name=\"twitter:label2\" content=\"Est. reading time\" \/>\n\t<meta name=\"twitter:data2\" content=\"3 minutes\" \/>\n<script type=\"application\/ld+json\" class=\"yoast-schema-graph\">{\"@context\":\"https:\\\/\\\/schema.org\",\"@graph\":[{\"@type\":\"Article\",\"@id\":\"https:\\\/\\\/www.evropskakuca.me\\\/me\\\/estonija-donirala-crnoj-gori-18-paketa-pomoci-kroz-mehanizam-civilne-zastite-eu\\\/#article\",\"isPartOf\":{\"@id\":\"https:\\\/\\\/www.evropskakuca.me\\\/me\\\/estonija-donirala-crnoj-gori-18-paketa-pomoci-kroz-mehanizam-civilne-zastite-eu\\\/\"},\"author\":{\"name\":\"mkajic\",\"@id\":\"https:\\\/\\\/www.evropskakuca.me\\\/me\\\/#\\\/schema\\\/person\\\/a1d0dcdaefe4a1cd1d60d200ea137ba4\"},\"headline\":\"Estonija donirala Crnoj Gori 18 paketa pomo\u0107i kroz Mehanizam civilne za\u0161tite EU\",\"datePublished\":\"2020-06-12T12:16:34+00:00\",\"mainEntityOfPage\":{\"@id\":\"https:\\\/\\\/www.evropskakuca.me\\\/me\\\/estonija-donirala-crnoj-gori-18-paketa-pomoci-kroz-mehanizam-civilne-zastite-eu\\\/\"},\"wordCount\":607,\"publisher\":{\"@id\":\"https:\\\/\\\/www.evropskakuca.me\\\/me\\\/#organization\"},\"image\":{\"@id\":\"https:\\\/\\\/www.evropskakuca.me\\\/me\\\/estonija-donirala-crnoj-gori-18-paketa-pomoci-kroz-mehanizam-civilne-zastite-eu\\\/#primaryimage\"},\"thumbnailUrl\":\"https:\\\/\\\/www.evropskakuca.me\\\/wp-content\\\/uploads\\\/2020\\\/05\\\/estonija_sajt.jpg\",\"inLanguage\":\"me-ME\"},{\"@type\":\"WebPage\",\"@id\":\"https:\\\/\\\/www.evropskakuca.me\\\/me\\\/estonija-donirala-crnoj-gori-18-paketa-pomoci-kroz-mehanizam-civilne-zastite-eu\\\/\",\"url\":\"https:\\\/\\\/www.evropskakuca.me\\\/me\\\/estonija-donirala-crnoj-gori-18-paketa-pomoci-kroz-mehanizam-civilne-zastite-eu\\\/\",\"name\":\"Estonija donirala Crnoj Gori 18 paketa pomo\u0107i kroz Mehanizam civilne za\u0161tite EU - Europe House\",\"isPartOf\":{\"@id\":\"https:\\\/\\\/www.evropskakuca.me\\\/me\\\/#website\"},\"primaryImageOfPage\":{\"@id\":\"https:\\\/\\\/www.evropskakuca.me\\\/me\\\/estonija-donirala-crnoj-gori-18-paketa-pomoci-kroz-mehanizam-civilne-zastite-eu\\\/#primaryimage\"},\"image\":{\"@id\":\"https:\\\/\\\/www.evropskakuca.me\\\/me\\\/estonija-donirala-crnoj-gori-18-paketa-pomoci-kroz-mehanizam-civilne-zastite-eu\\\/#primaryimage\"},\"thumbnailUrl\":\"https:\\\/\\\/www.evropskakuca.me\\\/wp-content\\\/uploads\\\/2020\\\/05\\\/estonija_sajt.jpg\",\"datePublished\":\"2020-06-12T12:16:34+00:00\",\"breadcrumb\":{\"@id\":\"https:\\\/\\\/www.evropskakuca.me\\\/me\\\/estonija-donirala-crnoj-gori-18-paketa-pomoci-kroz-mehanizam-civilne-zastite-eu\\\/#breadcrumb\"},\"inLanguage\":\"me-ME\",\"potentialAction\":[{\"@type\":\"ReadAction\",\"target\":[\"https:\\\/\\\/www.evropskakuca.me\\\/me\\\/estonija-donirala-crnoj-gori-18-paketa-pomoci-kroz-mehanizam-civilne-zastite-eu\\\/\"]}]},{\"@type\":\"ImageObject\",\"inLanguage\":\"me-ME\",\"@id\":\"https:\\\/\\\/www.evropskakuca.me\\\/me\\\/estonija-donirala-crnoj-gori-18-paketa-pomoci-kroz-mehanizam-civilne-zastite-eu\\\/#primaryimage\",\"url\":\"https:\\\/\\\/www.evropskakuca.me\\\/wp-content\\\/uploads\\\/2020\\\/05\\\/estonija_sajt.jpg\",\"contentUrl\":\"https:\\\/\\\/www.evropskakuca.me\\\/wp-content\\\/uploads\\\/2020\\\/05\\\/estonija_sajt.jpg\",\"width\":750,\"height\":500},{\"@type\":\"BreadcrumbList\",\"@id\":\"https:\\\/\\\/www.evropskakuca.me\\\/me\\\/estonija-donirala-crnoj-gori-18-paketa-pomoci-kroz-mehanizam-civilne-zastite-eu\\\/#breadcrumb\",\"itemListElement\":[{\"@type\":\"ListItem\",\"position\":1,\"name\":\"Home\",\"item\":\"https:\\\/\\\/www.evropskakuca.me\\\/me\\\/\"},{\"@type\":\"ListItem\",\"position\":2,\"name\":\"Estonija donirala Crnoj Gori 18 paketa pomo\u0107i kroz Mehanizam civilne za\u0161tite EU\"}]},{\"@type\":\"WebSite\",\"@id\":\"https:\\\/\\\/www.evropskakuca.me\\\/me\\\/#website\",\"url\":\"https:\\\/\\\/www.evropskakuca.me\\\/me\\\/\",\"name\":\"Evropean house\",\"description\":\"\",\"publisher\":{\"@id\":\"https:\\\/\\\/www.evropskakuca.me\\\/me\\\/#organization\"},\"potentialAction\":[{\"@type\":\"SearchAction\",\"target\":{\"@type\":\"EntryPoint\",\"urlTemplate\":\"https:\\\/\\\/www.evropskakuca.me\\\/me\\\/?s={search_term_string}\"},\"query-input\":{\"@type\":\"PropertyValueSpecification\",\"valueRequired\":true,\"valueName\":\"search_term_string\"}}],\"inLanguage\":\"me-ME\"},{\"@type\":\"Organization\",\"@id\":\"https:\\\/\\\/www.evropskakuca.me\\\/me\\\/#organization\",\"name\":\"Evropean house\",\"url\":\"https:\\\/\\\/www.evropskakuca.me\\\/me\\\/\",\"logo\":{\"@type\":\"ImageObject\",\"inLanguage\":\"me-ME\",\"@id\":\"https:\\\/\\\/www.evropskakuca.me\\\/me\\\/#\\\/schema\\\/logo\\\/image\\\/\",\"url\":\"https:\\\/\\\/www.evropskakuca.me\\\/wp-content\\\/uploads\\\/2025\\\/01\\\/evropska-kuca-logo-1.png\",\"contentUrl\":\"https:\\\/\\\/www.evropskakuca.me\\\/wp-content\\\/uploads\\\/2025\\\/01\\\/evropska-kuca-logo-1.png\",\"width\":425,\"height\":312,\"caption\":\"Evropean house\"},\"image\":{\"@id\":\"https:\\\/\\\/www.evropskakuca.me\\\/me\\\/#\\\/schema\\\/logo\\\/image\\\/\"},\"sameAs\":[\"https:\\\/\\\/www.facebook.com\\\/evropska.kuca\",\"https:\\\/\\\/x.com\\\/evropska_kuca\",\"https:\\\/\\\/www.instagram.com\\\/evropska_kuca\"]},{\"@type\":\"Person\",\"@id\":\"https:\\\/\\\/www.evropskakuca.me\\\/me\\\/#\\\/schema\\\/person\\\/a1d0dcdaefe4a1cd1d60d200ea137ba4\",\"name\":\"mkajic\",\"image\":{\"@type\":\"ImageObject\",\"inLanguage\":\"me-ME\",\"@id\":\"https:\\\/\\\/secure.gravatar.com\\\/avatar\\\/731fa035cefab7316e6bafd1f25a93fb731a07de14e2d9923f8db4422628eabc?s=96&d=mm&r=g\",\"url\":\"https:\\\/\\\/secure.gravatar.com\\\/avatar\\\/731fa035cefab7316e6bafd1f25a93fb731a07de14e2d9923f8db4422628eabc?s=96&d=mm&r=g\",\"contentUrl\":\"https:\\\/\\\/secure.gravatar.com\\\/avatar\\\/731fa035cefab7316e6bafd1f25a93fb731a07de14e2d9923f8db4422628eabc?s=96&d=mm&r=g\",\"caption\":\"mkajic\"},\"sameAs\":[\"https:\\\/\\\/evropskakuca.me\"],\"url\":\"https:\\\/\\\/www.evropskakuca.me\\\/me\\\/author\\\/mkajic\\\/\"}]}<\/script>\n<!-- \/ Yoast SEO plugin. -->","yoast_head_json":{"title":"Estonija donirala Crnoj Gori 18 paketa pomo\u0107i kroz Mehanizam civilne za\u0161tite EU - Europe House","robots":{"index":"index","follow":"follow","max-snippet":"max-snippet:-1","max-image-preview":"max-image-preview:large","max-video-preview":"max-video-preview:-1"},"canonical":"https:\/\/www.evropskakuca.me\/me\/estonija-donirala-crnoj-gori-18-paketa-pomoci-kroz-mehanizam-civilne-zastite-eu\/","og_locale":"en_US","og_type":"article","og_title":"Estonija donirala Crnoj Gori 18 paketa pomo\u0107i kroz Mehanizam civilne za\u0161tite EU - Europe House","og_description":"Nastavlja se podr\u0161ka zemalja \u010dlanica EU u borbi protiv korona virusa","og_url":"https:\/\/www.evropskakuca.me\/me\/estonija-donirala-crnoj-gori-18-paketa-pomoci-kroz-mehanizam-civilne-zastite-eu\/","og_site_name":"Europe House","article_publisher":"https:\/\/www.facebook.com\/evropska.kuca","article_published_time":"2020-06-12T12:16:34+00:00","og_image":[{"width":750,"height":500,"url":"https:\/\/www.evropskakuca.me\/wp-content\/uploads\/2020\/05\/estonija_sajt.jpg","type":"image\/jpeg"}],"author":"mkajic","twitter_card":"summary_large_image","twitter_creator":"@evropska_kuca","twitter_site":"@evropska_kuca","twitter_misc":{"Written by":"mkajic","Est. reading time":"3 minutes"},"schema":{"@context":"https:\/\/schema.org","@graph":[{"@type":"Article","@id":"https:\/\/www.evropskakuca.me\/me\/estonija-donirala-crnoj-gori-18-paketa-pomoci-kroz-mehanizam-civilne-zastite-eu\/#article","isPartOf":{"@id":"https:\/\/www.evropskakuca.me\/me\/estonija-donirala-crnoj-gori-18-paketa-pomoci-kroz-mehanizam-civilne-zastite-eu\/"},"author":{"name":"mkajic","@id":"https:\/\/www.evropskakuca.me\/me\/#\/schema\/person\/a1d0dcdaefe4a1cd1d60d200ea137ba4"},"headline":"Estonija donirala Crnoj Gori 18 paketa pomo\u0107i kroz Mehanizam civilne za\u0161tite EU","datePublished":"2020-06-12T12:16:34+00:00","mainEntityOfPage":{"@id":"https:\/\/www.evropskakuca.me\/me\/estonija-donirala-crnoj-gori-18-paketa-pomoci-kroz-mehanizam-civilne-zastite-eu\/"},"wordCount":607,"publisher":{"@id":"https:\/\/www.evropskakuca.me\/me\/#organization"},"image":{"@id":"https:\/\/www.evropskakuca.me\/me\/estonija-donirala-crnoj-gori-18-paketa-pomoci-kroz-mehanizam-civilne-zastite-eu\/#primaryimage"},"thumbnailUrl":"https:\/\/www.evropskakuca.me\/wp-content\/uploads\/2020\/05\/estonija_sajt.jpg","inLanguage":"me-ME"},{"@type":"WebPage","@id":"https:\/\/www.evropskakuca.me\/me\/estonija-donirala-crnoj-gori-18-paketa-pomoci-kroz-mehanizam-civilne-zastite-eu\/","url":"https:\/\/www.evropskakuca.me\/me\/estonija-donirala-crnoj-gori-18-paketa-pomoci-kroz-mehanizam-civilne-zastite-eu\/","name":"Estonija donirala Crnoj Gori 18 paketa pomo\u0107i kroz Mehanizam civilne za\u0161tite EU - Europe House","isPartOf":{"@id":"https:\/\/www.evropskakuca.me\/me\/#website"},"primaryImageOfPage":{"@id":"https:\/\/www.evropskakuca.me\/me\/estonija-donirala-crnoj-gori-18-paketa-pomoci-kroz-mehanizam-civilne-zastite-eu\/#primaryimage"},"image":{"@id":"https:\/\/www.evropskakuca.me\/me\/estonija-donirala-crnoj-gori-18-paketa-pomoci-kroz-mehanizam-civilne-zastite-eu\/#primaryimage"},"thumbnailUrl":"https:\/\/www.evropskakuca.me\/wp-content\/uploads\/2020\/05\/estonija_sajt.jpg","datePublished":"2020-06-12T12:16:34+00:00","breadcrumb":{"@id":"https:\/\/www.evropskakuca.me\/me\/estonija-donirala-crnoj-gori-18-paketa-pomoci-kroz-mehanizam-civilne-zastite-eu\/#breadcrumb"},"inLanguage":"me-ME","potentialAction":[{"@type":"ReadAction","target":["https:\/\/www.evropskakuca.me\/me\/estonija-donirala-crnoj-gori-18-paketa-pomoci-kroz-mehanizam-civilne-zastite-eu\/"]}]},{"@type":"ImageObject","inLanguage":"me-ME","@id":"https:\/\/www.evropskakuca.me\/me\/estonija-donirala-crnoj-gori-18-paketa-pomoci-kroz-mehanizam-civilne-zastite-eu\/#primaryimage","url":"https:\/\/www.evropskakuca.me\/wp-content\/uploads\/2020\/05\/estonija_sajt.jpg","contentUrl":"https:\/\/www.evropskakuca.me\/wp-content\/uploads\/2020\/05\/estonija_sajt.jpg","width":750,"height":500},{"@type":"BreadcrumbList","@id":"https:\/\/www.evropskakuca.me\/me\/estonija-donirala-crnoj-gori-18-paketa-pomoci-kroz-mehanizam-civilne-zastite-eu\/#breadcrumb","itemListElement":[{"@type":"ListItem","position":1,"name":"Home","item":"https:\/\/www.evropskakuca.me\/me\/"},{"@type":"ListItem","position":2,"name":"Estonija donirala Crnoj Gori 18 paketa pomo\u0107i kroz Mehanizam civilne za\u0161tite EU"}]},{"@type":"WebSite","@id":"https:\/\/www.evropskakuca.me\/me\/#website","url":"https:\/\/www.evropskakuca.me\/me\/","name":"Evropean house","description":"","publisher":{"@id":"https:\/\/www.evropskakuca.me\/me\/#organization"},"potentialAction":[{"@type":"SearchAction","target":{"@type":"EntryPoint","urlTemplate":"https:\/\/www.evropskakuca.me\/me\/?s={search_term_string}"},"query-input":{"@type":"PropertyValueSpecification","valueRequired":true,"valueName":"search_term_string"}}],"inLanguage":"me-ME"},{"@type":"Organization","@id":"https:\/\/www.evropskakuca.me\/me\/#organization","name":"Evropean house","url":"https:\/\/www.evropskakuca.me\/me\/","logo":{"@type":"ImageObject","inLanguage":"me-ME","@id":"https:\/\/www.evropskakuca.me\/me\/#\/schema\/logo\/image\/","url":"https:\/\/www.evropskakuca.me\/wp-content\/uploads\/2025\/01\/evropska-kuca-logo-1.png","contentUrl":"https:\/\/www.evropskakuca.me\/wp-content\/uploads\/2025\/01\/evropska-kuca-logo-1.png","width":425,"height":312,"caption":"Evropean house"},"image":{"@id":"https:\/\/www.evropskakuca.me\/me\/#\/schema\/logo\/image\/"},"sameAs":["https:\/\/www.facebook.com\/evropska.kuca","https:\/\/x.com\/evropska_kuca","https:\/\/www.instagram.com\/evropska_kuca"]},{"@type":"Person","@id":"https:\/\/www.evropskakuca.me\/me\/#\/schema\/person\/a1d0dcdaefe4a1cd1d60d200ea137ba4","name":"mkajic","image":{"@type":"ImageObject","inLanguage":"me-ME","@id":"https:\/\/secure.gravatar.com\/avatar\/731fa035cefab7316e6bafd1f25a93fb731a07de14e2d9923f8db4422628eabc?s=96&d=mm&r=g","url":"https:\/\/secure.gravatar.com\/avatar\/731fa035cefab7316e6bafd1f25a93fb731a07de14e2d9923f8db4422628eabc?s=96&d=mm&r=g","contentUrl":"https:\/\/secure.gravatar.com\/avatar\/731fa035cefab7316e6bafd1f25a93fb731a07de14e2d9923f8db4422628eabc?s=96&d=mm&r=g","caption":"mkajic"},"sameAs":["https:\/\/evropskakuca.me"],"url":"https:\/\/www.evropskakuca.me\/me\/author\/mkajic\/"}]}},"_links":{"self":[{"href":"https:\/\/www.evropskakuca.me\/me\/wp-json\/wp\/v2\/posts\/9800","targetHints":{"allow":["GET"]}}],"collection":[{"href":"https:\/\/www.evropskakuca.me\/me\/wp-json\/wp\/v2\/posts"}],"about":[{"href":"https:\/\/www.evropskakuca.me\/me\/wp-json\/wp\/v2\/types\/post"}],"author":[{"embeddable":true,"href":"https:\/\/www.evropskakuca.me\/me\/wp-json\/wp\/v2\/users\/1"}],"replies":[{"embeddable":true,"href":"https:\/\/www.evropskakuca.me\/me\/wp-json\/wp\/v2\/comments?post=9800"}],"version-history":[{"count":0,"href":"https:\/\/www.evropskakuca.me\/me\/wp-json\/wp\/v2\/posts\/9800\/revisions"}],"wp:featuredmedia":[{"embeddable":true,"href":"https:\/\/www.evropskakuca.me\/me\/wp-json\/wp\/v2\/media\/35406"}],"wp:attachment":[{"href":"https:\/\/www.evropskakuca.me\/me\/wp-json\/wp\/v2\/media?parent=9800"}],"wp:term":[{"taxonomy":"category","embeddable":true,"href":"https:\/\/www.evropskakuca.me\/me\/wp-json\/wp\/v2\/categories?post=9800"},{"taxonomy":"post_tag","embeddable":true,"href":"https:\/\/www.evropskakuca.me\/me\/wp-json\/wp\/v2\/tags?post=9800"}],"curies":[{"name":"wp","href":"https:\/\/api.w.org\/{rel}","templated":true}]}}