{"id":9679,"date":"2020-05-28T08:02:56","date_gmt":"2020-05-28T08:02:56","guid":{"rendered":"http:\/\/www.evropskakuca.me\/me\/?p=9679"},"modified":"2020-05-28T08:02:56","modified_gmt":"2020-05-28T08:02:56","slug":"knjiga-iz-doba-korona","status":"publish","type":"post","link":"https:\/\/www.evropskakuca.me\/me\/knjiga-iz-doba-korona\/","title":{"rendered":"Knjiga iz doba korone"},"content":{"rendered":"<h3>Diplomate ujedinjene u izolaciji<\/h3>\n<p>Globalna pandemija korona virusa koja je zahvatila \u010dovje\u010danstvo i dalje traje. Njeni rezultati tek \u0107e se sumirati ali ve\u0107 sada mo\u017eemo re\u0107i da \u0107e ova pandemija biti jedan od klju\u010dnih doga\u0111aja ovog vijeka. U proteklih nekoliko mjeseci mnogo \u0161to\u0161ta se promijenilo a \u017eivot, posao, obaveze, pa i najobi\u010dnija dru\u017eenja dobili su nove forme.<\/p>\n<p>Svi mi imamo poneku pri\u010du vezanu za ono \u0161to se globalno naziva korona era. Diplomatski kor u Crnoj Gori svakako ima svoje vi\u0111enje cjelokupne situacije. Ambasadori dr\u017eava \u010dlanica EU u Crnoj Gori i \u0161ef Delegacije EU, odlu\u010dili su da zabilje\u017ee period koji smo svi zajedno proveli u izolaciji i tako je nastala nesvakida\u0161nja knjiga koju je izdao EU info centar.<\/p>\n<p>Knjiga \u201cDiplomate ujedinjene u izolaciji\u201c predstavlja svojevrstan osvrt 13 rezidentnih ambasadora zemalja \u010dlanica EU u Crnoj Gori i ambasadora EU Aiva Orava na proteklo vrijeme korona ere. Ona sadr\u017ei ne samo osvrt na njihov posao kao diplomata ve\u0107 i trenutke iz privatnog \u017eivota i intimna razmi\u0161ljanja. Tako\u0111e predstavlja i svjedo\u010danstvo Evropske solidarnosti sa Crnom Gorom.<\/p>\n<p>\u201cOva pisana rije\u010d je svjedo\u010danstvo o tome kako su se diplomate i diplomatija na\u0161li na terenu na koji nijesu navikli i za koji nijesu ba\u0161 trenirani, o izazovima sa kojima su se morali suo\u010diti, o tome kako su ih prebrodili i o poukama koje su izvukli. Ono \u0161to ostaje kao njihov \u201ctestament\u201d iz ove pri\u010de je da su pokazali visoku odgovornost i privr\u017eenost kako svojim zemljama i svome poslu, tako i Crnoj Gori sa kojom su podijelili rizik, strah, teret, samo\u0107u, ali i radost i zadovoljstvo zajedni\u010dkog \u017eivota i zajedni\u010dkog trijumfa.\u201c napisao je u predgovoru za ovu knjigu Ministar vanjskih poslova Crne Gore, Sr\u0111an Darmanovi\u0107.<\/p>\n<p>Upravo \u0107ete \u010ditaju\u0107i ovu knjigu sagledati svijet diplomatije u druga\u010dijem svijetlu ali i svjedo\u010diti aktivnom naporu da se zajedni\u010dkim snagama pru\u017ei pomo\u0107 onima koji kojima je bila potrebna. Korona era je za sve bila nepoznat i iznenadan izazov ali je isto tako\u00a0 sigurno da \u0107e za njom ostati svjedo\u010danstvo sveukupne solidarnosti i zajedni\u0161tva. Knjiga \u201cDiplomate ujedinjene u ozolaciji\u201c je jedno od takvih svjedo\u010danstava. Ba\u0161 zbog toga \u0161to je prva ove vrste, zadovoljsto u \u010ditanju ove knjige je zagarantovano.<\/p>\n<p>Svi koji \u017eele mogu je besplatno <a href=\"http:\/\/www.evropskakuca.me\/wp-content\/uploads\/2020\/05\/Finalna-knjiga-MNE-CIP-elektronska-verzija.pdf\" target=\"_blank\" rel=\"noopener noreferrer\"><strong>PREUZETI<\/strong><\/a> sa internet adresa EU info Centra i Delegacije Evropske unije u Crnoj Gori ili licno u EU Info Centru u Podgorici.<\/p>\n<p>&nbsp;<\/p>\n<p>&nbsp;<\/p>\n<p>&nbsp;<\/p>\n","protected":false},"excerpt":{"rendered":"<p>Diplomate ujedinjene u izolaciji<\/p>\n","protected":false},"author":1,"featured_media":35392,"comment_status":"closed","ping_status":"closed","sticky":false,"template":"","format":"standard","meta":{"_acf_changed":false,"footnotes":""},"categories":[283],"tags":[],"class_list":["post-9679","post","type-post","status-publish","format-standard","has-post-thumbnail","hentry","category-novosti-me"],"acf":[],"yoast_head":"<!-- This site is optimized with the Yoast SEO plugin v27.3 - https:\/\/yoast.com\/product\/yoast-seo-wordpress\/ -->\n<title>Knjiga iz doba korone - Europe House<\/title>\n<meta name=\"robots\" content=\"index, follow, max-snippet:-1, max-image-preview:large, max-video-preview:-1\" \/>\n<link rel=\"canonical\" href=\"https:\/\/www.evropskakuca.me\/me\/knjiga-iz-doba-korona\/\" \/>\n<meta property=\"og:locale\" content=\"en_US\" \/>\n<meta property=\"og:type\" content=\"article\" \/>\n<meta property=\"og:title\" content=\"Knjiga iz doba korone - Europe House\" \/>\n<meta property=\"og:description\" content=\"Diplomate ujedinjene u izolaciji\" \/>\n<meta property=\"og:url\" content=\"https:\/\/www.evropskakuca.me\/me\/knjiga-iz-doba-korona\/\" \/>\n<meta property=\"og:site_name\" content=\"Europe House\" \/>\n<meta property=\"article:publisher\" content=\"https:\/\/www.facebook.com\/evropska.kuca\" \/>\n<meta property=\"article:published_time\" content=\"2020-05-28T08:02:56+00:00\" \/>\n<meta property=\"og:image\" content=\"https:\/\/www.evropskakuca.me\/wp-content\/uploads\/2020\/05\/diplomats-isolation.jpg\" \/>\n\t<meta property=\"og:image:width\" content=\"1920\" \/>\n\t<meta property=\"og:image:height\" content=\"1280\" \/>\n\t<meta property=\"og:image:type\" content=\"image\/jpeg\" \/>\n<meta name=\"author\" content=\"mkajic\" \/>\n<meta name=\"twitter:card\" content=\"summary_large_image\" \/>\n<meta name=\"twitter:creator\" content=\"@evropska_kuca\" \/>\n<meta name=\"twitter:site\" content=\"@evropska_kuca\" \/>\n<meta name=\"twitter:label1\" content=\"Written by\" \/>\n\t<meta name=\"twitter:data1\" content=\"mkajic\" \/>\n\t<meta name=\"twitter:label2\" content=\"Est. reading time\" \/>\n\t<meta name=\"twitter:data2\" content=\"2 minutes\" \/>\n<script type=\"application\/ld+json\" class=\"yoast-schema-graph\">{\"@context\":\"https:\\\/\\\/schema.org\",\"@graph\":[{\"@type\":\"Article\",\"@id\":\"https:\\\/\\\/www.evropskakuca.me\\\/me\\\/knjiga-iz-doba-korona\\\/#article\",\"isPartOf\":{\"@id\":\"https:\\\/\\\/www.evropskakuca.me\\\/me\\\/knjiga-iz-doba-korona\\\/\"},\"author\":{\"name\":\"mkajic\",\"@id\":\"https:\\\/\\\/www.evropskakuca.me\\\/me\\\/#\\\/schema\\\/person\\\/a1d0dcdaefe4a1cd1d60d200ea137ba4\"},\"headline\":\"Knjiga iz doba korone\",\"datePublished\":\"2020-05-28T08:02:56+00:00\",\"mainEntityOfPage\":{\"@id\":\"https:\\\/\\\/www.evropskakuca.me\\\/me\\\/knjiga-iz-doba-korona\\\/\"},\"wordCount\":424,\"publisher\":{\"@id\":\"https:\\\/\\\/www.evropskakuca.me\\\/me\\\/#organization\"},\"image\":{\"@id\":\"https:\\\/\\\/www.evropskakuca.me\\\/me\\\/knjiga-iz-doba-korona\\\/#primaryimage\"},\"thumbnailUrl\":\"https:\\\/\\\/www.evropskakuca.me\\\/wp-content\\\/uploads\\\/2020\\\/05\\\/diplomats-isolation.jpg\",\"articleSection\":[\"Novosti\"],\"inLanguage\":\"me-ME\"},{\"@type\":\"WebPage\",\"@id\":\"https:\\\/\\\/www.evropskakuca.me\\\/me\\\/knjiga-iz-doba-korona\\\/\",\"url\":\"https:\\\/\\\/www.evropskakuca.me\\\/me\\\/knjiga-iz-doba-korona\\\/\",\"name\":\"Knjiga iz doba korone - Europe House\",\"isPartOf\":{\"@id\":\"https:\\\/\\\/www.evropskakuca.me\\\/me\\\/#website\"},\"primaryImageOfPage\":{\"@id\":\"https:\\\/\\\/www.evropskakuca.me\\\/me\\\/knjiga-iz-doba-korona\\\/#primaryimage\"},\"image\":{\"@id\":\"https:\\\/\\\/www.evropskakuca.me\\\/me\\\/knjiga-iz-doba-korona\\\/#primaryimage\"},\"thumbnailUrl\":\"https:\\\/\\\/www.evropskakuca.me\\\/wp-content\\\/uploads\\\/2020\\\/05\\\/diplomats-isolation.jpg\",\"datePublished\":\"2020-05-28T08:02:56+00:00\",\"breadcrumb\":{\"@id\":\"https:\\\/\\\/www.evropskakuca.me\\\/me\\\/knjiga-iz-doba-korona\\\/#breadcrumb\"},\"inLanguage\":\"me-ME\",\"potentialAction\":[{\"@type\":\"ReadAction\",\"target\":[\"https:\\\/\\\/www.evropskakuca.me\\\/me\\\/knjiga-iz-doba-korona\\\/\"]}]},{\"@type\":\"ImageObject\",\"inLanguage\":\"me-ME\",\"@id\":\"https:\\\/\\\/www.evropskakuca.me\\\/me\\\/knjiga-iz-doba-korona\\\/#primaryimage\",\"url\":\"https:\\\/\\\/www.evropskakuca.me\\\/wp-content\\\/uploads\\\/2020\\\/05\\\/diplomats-isolation.jpg\",\"contentUrl\":\"https:\\\/\\\/www.evropskakuca.me\\\/wp-content\\\/uploads\\\/2020\\\/05\\\/diplomats-isolation.jpg\",\"width\":1920,\"height\":1280},{\"@type\":\"BreadcrumbList\",\"@id\":\"https:\\\/\\\/www.evropskakuca.me\\\/me\\\/knjiga-iz-doba-korona\\\/#breadcrumb\",\"itemListElement\":[{\"@type\":\"ListItem\",\"position\":1,\"name\":\"Home\",\"item\":\"https:\\\/\\\/www.evropskakuca.me\\\/me\\\/\"},{\"@type\":\"ListItem\",\"position\":2,\"name\":\"Knjiga iz doba korone\"}]},{\"@type\":\"WebSite\",\"@id\":\"https:\\\/\\\/www.evropskakuca.me\\\/me\\\/#website\",\"url\":\"https:\\\/\\\/www.evropskakuca.me\\\/me\\\/\",\"name\":\"Evropean house\",\"description\":\"\",\"publisher\":{\"@id\":\"https:\\\/\\\/www.evropskakuca.me\\\/me\\\/#organization\"},\"potentialAction\":[{\"@type\":\"SearchAction\",\"target\":{\"@type\":\"EntryPoint\",\"urlTemplate\":\"https:\\\/\\\/www.evropskakuca.me\\\/me\\\/?s={search_term_string}\"},\"query-input\":{\"@type\":\"PropertyValueSpecification\",\"valueRequired\":true,\"valueName\":\"search_term_string\"}}],\"inLanguage\":\"me-ME\"},{\"@type\":\"Organization\",\"@id\":\"https:\\\/\\\/www.evropskakuca.me\\\/me\\\/#organization\",\"name\":\"Evropean house\",\"url\":\"https:\\\/\\\/www.evropskakuca.me\\\/me\\\/\",\"logo\":{\"@type\":\"ImageObject\",\"inLanguage\":\"me-ME\",\"@id\":\"https:\\\/\\\/www.evropskakuca.me\\\/me\\\/#\\\/schema\\\/logo\\\/image\\\/\",\"url\":\"https:\\\/\\\/www.evropskakuca.me\\\/wp-content\\\/uploads\\\/2025\\\/01\\\/evropska-kuca-logo-1.png\",\"contentUrl\":\"https:\\\/\\\/www.evropskakuca.me\\\/wp-content\\\/uploads\\\/2025\\\/01\\\/evropska-kuca-logo-1.png\",\"width\":425,\"height\":312,\"caption\":\"Evropean house\"},\"image\":{\"@id\":\"https:\\\/\\\/www.evropskakuca.me\\\/me\\\/#\\\/schema\\\/logo\\\/image\\\/\"},\"sameAs\":[\"https:\\\/\\\/www.facebook.com\\\/evropska.kuca\",\"https:\\\/\\\/x.com\\\/evropska_kuca\",\"https:\\\/\\\/www.instagram.com\\\/evropska_kuca\"]},{\"@type\":\"Person\",\"@id\":\"https:\\\/\\\/www.evropskakuca.me\\\/me\\\/#\\\/schema\\\/person\\\/a1d0dcdaefe4a1cd1d60d200ea137ba4\",\"name\":\"mkajic\",\"image\":{\"@type\":\"ImageObject\",\"inLanguage\":\"me-ME\",\"@id\":\"https:\\\/\\\/secure.gravatar.com\\\/avatar\\\/731fa035cefab7316e6bafd1f25a93fb731a07de14e2d9923f8db4422628eabc?s=96&d=mm&r=g\",\"url\":\"https:\\\/\\\/secure.gravatar.com\\\/avatar\\\/731fa035cefab7316e6bafd1f25a93fb731a07de14e2d9923f8db4422628eabc?s=96&d=mm&r=g\",\"contentUrl\":\"https:\\\/\\\/secure.gravatar.com\\\/avatar\\\/731fa035cefab7316e6bafd1f25a93fb731a07de14e2d9923f8db4422628eabc?s=96&d=mm&r=g\",\"caption\":\"mkajic\"},\"sameAs\":[\"https:\\\/\\\/evropskakuca.me\"],\"url\":\"https:\\\/\\\/www.evropskakuca.me\\\/me\\\/author\\\/mkajic\\\/\"}]}<\/script>\n<!-- \/ Yoast SEO plugin. -->","yoast_head_json":{"title":"Knjiga iz doba korone - Europe House","robots":{"index":"index","follow":"follow","max-snippet":"max-snippet:-1","max-image-preview":"max-image-preview:large","max-video-preview":"max-video-preview:-1"},"canonical":"https:\/\/www.evropskakuca.me\/me\/knjiga-iz-doba-korona\/","og_locale":"en_US","og_type":"article","og_title":"Knjiga iz doba korone - Europe House","og_description":"Diplomate ujedinjene u izolaciji","og_url":"https:\/\/www.evropskakuca.me\/me\/knjiga-iz-doba-korona\/","og_site_name":"Europe House","article_publisher":"https:\/\/www.facebook.com\/evropska.kuca","article_published_time":"2020-05-28T08:02:56+00:00","og_image":[{"width":1920,"height":1280,"url":"https:\/\/www.evropskakuca.me\/wp-content\/uploads\/2020\/05\/diplomats-isolation.jpg","type":"image\/jpeg"}],"author":"mkajic","twitter_card":"summary_large_image","twitter_creator":"@evropska_kuca","twitter_site":"@evropska_kuca","twitter_misc":{"Written by":"mkajic","Est. reading time":"2 minutes"},"schema":{"@context":"https:\/\/schema.org","@graph":[{"@type":"Article","@id":"https:\/\/www.evropskakuca.me\/me\/knjiga-iz-doba-korona\/#article","isPartOf":{"@id":"https:\/\/www.evropskakuca.me\/me\/knjiga-iz-doba-korona\/"},"author":{"name":"mkajic","@id":"https:\/\/www.evropskakuca.me\/me\/#\/schema\/person\/a1d0dcdaefe4a1cd1d60d200ea137ba4"},"headline":"Knjiga iz doba korone","datePublished":"2020-05-28T08:02:56+00:00","mainEntityOfPage":{"@id":"https:\/\/www.evropskakuca.me\/me\/knjiga-iz-doba-korona\/"},"wordCount":424,"publisher":{"@id":"https:\/\/www.evropskakuca.me\/me\/#organization"},"image":{"@id":"https:\/\/www.evropskakuca.me\/me\/knjiga-iz-doba-korona\/#primaryimage"},"thumbnailUrl":"https:\/\/www.evropskakuca.me\/wp-content\/uploads\/2020\/05\/diplomats-isolation.jpg","articleSection":["Novosti"],"inLanguage":"me-ME"},{"@type":"WebPage","@id":"https:\/\/www.evropskakuca.me\/me\/knjiga-iz-doba-korona\/","url":"https:\/\/www.evropskakuca.me\/me\/knjiga-iz-doba-korona\/","name":"Knjiga iz doba korone - Europe House","isPartOf":{"@id":"https:\/\/www.evropskakuca.me\/me\/#website"},"primaryImageOfPage":{"@id":"https:\/\/www.evropskakuca.me\/me\/knjiga-iz-doba-korona\/#primaryimage"},"image":{"@id":"https:\/\/www.evropskakuca.me\/me\/knjiga-iz-doba-korona\/#primaryimage"},"thumbnailUrl":"https:\/\/www.evropskakuca.me\/wp-content\/uploads\/2020\/05\/diplomats-isolation.jpg","datePublished":"2020-05-28T08:02:56+00:00","breadcrumb":{"@id":"https:\/\/www.evropskakuca.me\/me\/knjiga-iz-doba-korona\/#breadcrumb"},"inLanguage":"me-ME","potentialAction":[{"@type":"ReadAction","target":["https:\/\/www.evropskakuca.me\/me\/knjiga-iz-doba-korona\/"]}]},{"@type":"ImageObject","inLanguage":"me-ME","@id":"https:\/\/www.evropskakuca.me\/me\/knjiga-iz-doba-korona\/#primaryimage","url":"https:\/\/www.evropskakuca.me\/wp-content\/uploads\/2020\/05\/diplomats-isolation.jpg","contentUrl":"https:\/\/www.evropskakuca.me\/wp-content\/uploads\/2020\/05\/diplomats-isolation.jpg","width":1920,"height":1280},{"@type":"BreadcrumbList","@id":"https:\/\/www.evropskakuca.me\/me\/knjiga-iz-doba-korona\/#breadcrumb","itemListElement":[{"@type":"ListItem","position":1,"name":"Home","item":"https:\/\/www.evropskakuca.me\/me\/"},{"@type":"ListItem","position":2,"name":"Knjiga iz doba korone"}]},{"@type":"WebSite","@id":"https:\/\/www.evropskakuca.me\/me\/#website","url":"https:\/\/www.evropskakuca.me\/me\/","name":"Evropean house","description":"","publisher":{"@id":"https:\/\/www.evropskakuca.me\/me\/#organization"},"potentialAction":[{"@type":"SearchAction","target":{"@type":"EntryPoint","urlTemplate":"https:\/\/www.evropskakuca.me\/me\/?s={search_term_string}"},"query-input":{"@type":"PropertyValueSpecification","valueRequired":true,"valueName":"search_term_string"}}],"inLanguage":"me-ME"},{"@type":"Organization","@id":"https:\/\/www.evropskakuca.me\/me\/#organization","name":"Evropean house","url":"https:\/\/www.evropskakuca.me\/me\/","logo":{"@type":"ImageObject","inLanguage":"me-ME","@id":"https:\/\/www.evropskakuca.me\/me\/#\/schema\/logo\/image\/","url":"https:\/\/www.evropskakuca.me\/wp-content\/uploads\/2025\/01\/evropska-kuca-logo-1.png","contentUrl":"https:\/\/www.evropskakuca.me\/wp-content\/uploads\/2025\/01\/evropska-kuca-logo-1.png","width":425,"height":312,"caption":"Evropean house"},"image":{"@id":"https:\/\/www.evropskakuca.me\/me\/#\/schema\/logo\/image\/"},"sameAs":["https:\/\/www.facebook.com\/evropska.kuca","https:\/\/x.com\/evropska_kuca","https:\/\/www.instagram.com\/evropska_kuca"]},{"@type":"Person","@id":"https:\/\/www.evropskakuca.me\/me\/#\/schema\/person\/a1d0dcdaefe4a1cd1d60d200ea137ba4","name":"mkajic","image":{"@type":"ImageObject","inLanguage":"me-ME","@id":"https:\/\/secure.gravatar.com\/avatar\/731fa035cefab7316e6bafd1f25a93fb731a07de14e2d9923f8db4422628eabc?s=96&d=mm&r=g","url":"https:\/\/secure.gravatar.com\/avatar\/731fa035cefab7316e6bafd1f25a93fb731a07de14e2d9923f8db4422628eabc?s=96&d=mm&r=g","contentUrl":"https:\/\/secure.gravatar.com\/avatar\/731fa035cefab7316e6bafd1f25a93fb731a07de14e2d9923f8db4422628eabc?s=96&d=mm&r=g","caption":"mkajic"},"sameAs":["https:\/\/evropskakuca.me"],"url":"https:\/\/www.evropskakuca.me\/me\/author\/mkajic\/"}]}},"_links":{"self":[{"href":"https:\/\/www.evropskakuca.me\/me\/wp-json\/wp\/v2\/posts\/9679","targetHints":{"allow":["GET"]}}],"collection":[{"href":"https:\/\/www.evropskakuca.me\/me\/wp-json\/wp\/v2\/posts"}],"about":[{"href":"https:\/\/www.evropskakuca.me\/me\/wp-json\/wp\/v2\/types\/post"}],"author":[{"embeddable":true,"href":"https:\/\/www.evropskakuca.me\/me\/wp-json\/wp\/v2\/users\/1"}],"replies":[{"embeddable":true,"href":"https:\/\/www.evropskakuca.me\/me\/wp-json\/wp\/v2\/comments?post=9679"}],"version-history":[{"count":0,"href":"https:\/\/www.evropskakuca.me\/me\/wp-json\/wp\/v2\/posts\/9679\/revisions"}],"wp:featuredmedia":[{"embeddable":true,"href":"https:\/\/www.evropskakuca.me\/me\/wp-json\/wp\/v2\/media\/35392"}],"wp:attachment":[{"href":"https:\/\/www.evropskakuca.me\/me\/wp-json\/wp\/v2\/media?parent=9679"}],"wp:term":[{"taxonomy":"category","embeddable":true,"href":"https:\/\/www.evropskakuca.me\/me\/wp-json\/wp\/v2\/categories?post=9679"},{"taxonomy":"post_tag","embeddable":true,"href":"https:\/\/www.evropskakuca.me\/me\/wp-json\/wp\/v2\/tags?post=9679"}],"curies":[{"name":"wp","href":"https:\/\/api.w.org\/{rel}","templated":true}]}}