{"id":9650,"date":"2020-05-26T14:31:06","date_gmt":"2020-05-26T14:31:06","guid":{"rendered":"http:\/\/www.evropskakuca.me\/me\/?p=9650"},"modified":"2020-05-26T14:31:06","modified_gmt":"2020-05-26T14:31:06","slug":"biodiverzitet-i-odrziva-proizvodnja-hrane","status":"publish","type":"post","link":"https:\/\/www.evropskakuca.me\/me\/biodiverzitet-i-odrziva-proizvodnja-hrane\/","title":{"rendered":"Biodiverzitet i odr\u017eiva proizvodnja hrane"},"content":{"rendered":"<p>Evropska komisija je usvojila dvije nove strategije: sveobuhvatnu Strategiju za biodiverzitet, sa ciljem vra\u0107anja prirode u na\u0161 \u017eivot, i Strategiju \u201eod njive do trpeze\u201d za pravedan, zdrav i ekolo\u0161ki prihvatljiv prehrambeni sistem. Ove dvije strategije se me\u0111usobno dopunjuju i udru\u017euju prirodu, poljoprivrednike, preduze\u0107a i potro\u0161a\u010de u potrazi za konkurentno odr\u017eivom budu\u0107no\u0161\u0107u.<\/p>\n<p>U skladu sa evropskim zelenim planom, ove strategije predla\u017eu ambiciozne mjere i obaveze EU za zaustavljanje smanjenja biodiverziteta u Evropi i Svijetu, kao i za transformaciju na\u0161ih prehrambenih sistema u globalne standarde za konkurentnu odr\u017eivost, za\u0161titu zdravlja ljudi i planete, ali i za osiguravanje izvora prihoda svih aktera u vrijednosnom lancu prehrambenih proizvoda. Kriza prouzrokovana pandemijom bolesti KOVID-19 je pokazala do koje mjere je smanjenje biodiverziteta pove\u0107alo na\u0161u ranjivost i otkrila zna\u010daj funkcionalnog prehrambenog sistema za na\u0161e dru\u0161tvo. Obije strategije stavljaju gra\u0111ane na prvo mjesto i to kroz pobolj\u0161anje za\u0161tite kopna i mora, obnovu naru\u0161enih ekosistema i ja\u010danje pozicije EU kao lidera u za\u0161titi biodiverziteta i izgradnje odr\u017eivih lanaca ishrane na me\u0111unarodnoj sceni.<\/p>\n<p>Nova Strategija za biodiverzitet bavi se glavnim uzrocima smanjenja biodiverziteta, poput neodr\u017eive upotrebe zemlji\u0161ta i mora, prekomjernog iskori\u0161\u0107avanja prirodnih resursa, zaga\u0111enja i invazivnih vrsta. Budu\u0107i da je usvojena u jeku pandemije, ova strategija je klju\u010dni element plana EU za oporavak, koji ima centralni zna\u010daj za prevenciju budu\u0107ih epidemija i ja\u010danje otpornosti na njih i otvaranje neposrednih poslovnih i investicionih prilika za obnovu privrede EU. Cilj strategije je i da pitanja biodiverziteta postanu sastavni deo strategije privrednog rasta EU. Strategija, izme\u0111u ostalog, predla\u017ee postavljanje obavezuju\u0107ih ciljeva za obnovu o\u0161te\u0107enih ekosistema i reka, pobolj\u0161anje zdravlja za\u0161ti\u0107enih stani\u0161ta i vrsta u EU, vra\u0107anje opra\u0161iva\u010da na poljoprivredna zemlji\u0161ta, smanjenje zaga\u0111enja, pove\u0107anje zelenih povr\u0161ina u gradovima, promociju organske proizvodnje i drugih praksi obrade zemlji\u0161ta koje ne remete biodiverzitet, te pobolj\u0161anje zdravlja evropskih \u0161uma. Strategija predla\u017ee i konkretne mjere kako bi oporavak biodiverziteta Evrope po\u010deo do 2030, me\u0111u kojima je i pretvaranje najmanje 30 odsto evropskog kopna i mora u za\u0161ti\u0107ena podru\u010dja kojima se upravlja na efikasan na\u010din, kao i preobra\u017eaj najmanje 10 odsto poljoprivrednog zemlji\u0161ta u predjele koje odlikuje visok nivo biodiverziteta.<\/p>\n<p>Sprovo\u0111enjem mjera za za\u0161titu, odr\u017eivo kori\u0161\u0107enje i obnovu prirode, lokalne zajednice \u0107e ostvariti privredne koristi kroz podsticaj odr\u017eivom zapo\u0161ljavanju i rastu. Za biodiverzitet \u0107e se\u00a0 izdvajati 20 milijardi eura godi\u0161nje iz razli\u010ditih izvora, uklju\u010duju\u0107i sredstva EU, nacionalna i privatna sredstva.<\/p>\n<p>Strategija \u201eod njive do trpeze\u201d \u0107e omogu\u0107iti prelazak na odr\u017eiv prehrambeni sistem koji garantuje sigurnost snabdjevanja hranom i pristup zdravim namirnicama koje poti\u010du sa zdrave planete. Ovom strategijom \u0107e se smanjiti ekolo\u0161ki i klimatski otisak prehrambenog sistema EU i oja\u010dati njegova otpornost, za\u0161tititi zdravlje gra\u0111ana i osigurati dalji rad privrednih subjekata. Strategija obuhvata konkretne ciljeve za transformaciju prehrambenog sistema EU, uklju\u010duju\u0107i smanjenje upotrebe i rizika od pesticida za 50 odsto, smanjenje upotrebe \u0111ubriva za najmanje 20 odsto, smanjenje prodaje antimikrobnih sredstava za gajene \u017eivotinje i akvakulturu za 50 odsto, te mjere za pove\u0107anje udjela organske proizvodnje na 25 odsto poljoprivrednog zemlji\u0161ta. Strategija predla\u017ee i ambiciozne mjere kojima se osigurava da zdrav izbor bude ujedno i najjednostavniji izbor za gra\u0111ane EU, \u0161to podrazumjeva bolje ozna\u010davanje proizvoda kako bi potro\u0161a\u010di bili bolje informisani o zdravoj i odr\u017eivoj hrani.<\/p>\n<p>Evropski poljoprivrednici, ribari i proizvo\u0111a\u010di u akvakulturi igraju va\u017enu ulogu u prelasku na pravedniji i odr\u017eiviji prehrambeni sistem. Da bi usvojili odr\u017eive prakse, bi\u0107e im ponu\u0111ena podr\u0161ka u okviru zajedni\u010dke poljoprivredne politike i zajedni\u010dke politike u oblasti ribarstva iz novih izvora finansiranja i programa za ekologiju. Pretvaranjem odr\u017eivosti u za\u0161titni znak Evrope otvori\u0107e se nove poslovne prilike i diversifikovati izvori prihoda za evropske poljoprivrednike i ribare.<\/p>\n<p>Ove dvije strategije \u0107e kao klju\u010dni djelovi evropskog zelenog plana podr\u017eati i privredni oporavak. U svijetlu pandemije koronavirusa, one imaju za cilj ja\u010danje otpornosti na\u0161ih dru\u0161tava na budu\u0107e pandemije i prijetnje kao \u0161to su posljedice klimatskih promjena, \u0161umski po\u017eari, neizvjesnost snabdjevanja hranom ili epidemije bolesti, izme\u0111u ostalog, kroz pru\u017eanje podr\u0161ke za usvajanje odr\u017eivih praksi u poljoprivredi, ribarstvu i akvakulturi, kao i kroz rje\u0161avanje pitanja divljeg biljnog i \u017eivotinjskog svijeta i ilegalne trgovine divljim vrstama.<\/p>\n<p>Strategije imaju i zna\u010dajnu me\u0111unarodnu dimenziju. U strategiji za biodiverzitet se jo\u0161 jednom potvr\u0111uje rije\u0161enost EU da svojim primjerom vodi napore za savladanje globalne krize biodiverziteta. Komisija \u0107e nastojati da mobili\u0161e sve instrumente spoljne politike i me\u0111unarodna partnerstva kako bi doprinjela izradi novog, ambicioznog globalnog okvira UN za biodiverzitet na Konferenciji potpisnica Konvencije o biolo\u0161koj raznolikosti 2021. Istovremeno, strategija \u201eod njive do trpeze\u201d podsti\u010de globalni prelazak na odr\u017eive prehrambene sisteme kroz blisku saradnju s me\u0111unarodnim partnerima.<\/p>\n<p>Izvr\u0161ni potpredsjednik za evropski zeleni plan, Frans Timermans, izjavio je: \u201eKriza uzrokovana koronavirusom je pokazala koliko smo ranjivi i koliko je va\u017eno ponovo uspostaviti ravnote\u017eu izme\u0111u ljudskog djelovanja i prirode. Klimatske promjene i smanjenje biodiverziteta u ovom trenutku predstavljaju veliku opasnost za \u010dovje\u010danstvo. Okosnica zelenog plana su strategija za biodiverzitet i strategija \u201eod njive do trpeze\u201d, koje pozivaju na novu, bolju ravnote\u017eu prirode, prehrambenih sistema i biodiverziteta, za\u0161titu zdravlja i blagostanja na\u0161ih gra\u0111ana, ali istovremeno i na pove\u0107anje konkurentnosti i otpornosti EU. Ove strategije predstavljaju zna\u010dajan dio velike tranzicije koju pokre\u0107emo.\u201d<\/p>\n<p>Stela Kirijakides, komesarka za zdravlje i bezbjednost hrane, dodaje: \u201eMoramo da se pokrenemo i da se pobrinemo da prehrambeni sistem EU postane pokreta\u010d odr\u017eivosti. Strategija \u201eod njive do trpeze\u201d \u0107e imati pozitivan uticaj na prakse u proizvodnji, kupovini i konzumaciji hrane, koje \u0107e koristiti zdravlju gra\u0111ana, dru\u0161tava i \u017eivotne sredine. Ona nudi priliku da prehrambene sisteme uskladimo sa zdravljem planete, da se pobrinemo za sigurnost snabdjevanja hranom, kao i da svim Evropljanima obezbedimo zdravu i ekolo\u0161ki prihvatljivu hranu.\u201d<\/p>\n<p>Komesar za \u017eivotnu sredinu, okeane i ribarstvo, Virginijus Sinkevi\u010dius, rekao je: \u201ePriroda je klju\u010dna za na\u0161e fizi\u010dko i mentalno blagostanje. Ona filtrira vazduh i vodu, reguli\u0161e klimu i opra\u0161uje useve, a mi se pona\u0161amo kao da je nebitna i gubimo je nezapam\u0107enim tempom. Nova strategija za biodiverzitet dopunjuje dosada\u0161nje pozitivne aspekte novim instrumentima koji \u0107e rezultirati stvarnom odr\u017eivo\u0161\u0107u od koje \u0107e svi imati koristi. EU \u017eeli da za\u0161titi i obnovi prirodu, da doprinese privrednom oporavku od aktuelne krize i otvori put ka ambicioznom globalnom okviru za za\u0161titu biodiverziteta cijele planete.\u201d<\/p>\n","protected":false},"excerpt":{"rendered":"<p>Ja\u010danje evropske otpornosti <\/p>\n","protected":false},"author":1,"featured_media":35434,"comment_status":"closed","ping_status":"closed","sticky":false,"template":"","format":"standard","meta":{"_acf_changed":false,"footnotes":""},"categories":[283],"tags":[],"class_list":["post-9650","post","type-post","status-publish","format-standard","has-post-thumbnail","hentry","category-novosti-me"],"acf":[],"yoast_head":"<!-- This site is optimized with the Yoast SEO plugin v27.3 - https:\/\/yoast.com\/product\/yoast-seo-wordpress\/ -->\n<title>Biodiverzitet i odr\u017eiva proizvodnja hrane - Europe House<\/title>\n<meta name=\"robots\" content=\"index, follow, max-snippet:-1, max-image-preview:large, max-video-preview:-1\" \/>\n<link rel=\"canonical\" href=\"https:\/\/www.evropskakuca.me\/me\/biodiverzitet-i-odrziva-proizvodnja-hrane\/\" \/>\n<meta property=\"og:locale\" content=\"en_US\" \/>\n<meta property=\"og:type\" content=\"article\" \/>\n<meta property=\"og:title\" content=\"Biodiverzitet i odr\u017eiva proizvodnja hrane - Europe House\" \/>\n<meta property=\"og:description\" content=\"Ja\u010danje evropske otpornosti\" \/>\n<meta property=\"og:url\" content=\"https:\/\/www.evropskakuca.me\/me\/biodiverzitet-i-odrziva-proizvodnja-hrane\/\" \/>\n<meta property=\"og:site_name\" content=\"Europe House\" \/>\n<meta property=\"article:publisher\" content=\"https:\/\/www.facebook.com\/evropska.kuca\" \/>\n<meta property=\"article:published_time\" content=\"2020-05-26T14:31:06+00:00\" \/>\n<meta property=\"og:image\" content=\"https:\/\/www.evropskakuca.me\/wp-content\/uploads\/2020\/05\/landscape-4987127_1920.jpg\" \/>\n\t<meta property=\"og:image:width\" content=\"1920\" \/>\n\t<meta property=\"og:image:height\" content=\"1280\" \/>\n\t<meta property=\"og:image:type\" content=\"image\/jpeg\" \/>\n<meta name=\"author\" content=\"mkajic\" \/>\n<meta name=\"twitter:card\" content=\"summary_large_image\" \/>\n<meta name=\"twitter:creator\" content=\"@evropska_kuca\" \/>\n<meta name=\"twitter:site\" content=\"@evropska_kuca\" \/>\n<meta name=\"twitter:label1\" content=\"Written by\" \/>\n\t<meta name=\"twitter:data1\" content=\"mkajic\" \/>\n\t<meta name=\"twitter:label2\" content=\"Est. reading time\" \/>\n\t<meta name=\"twitter:data2\" content=\"6 minutes\" \/>\n<script type=\"application\/ld+json\" class=\"yoast-schema-graph\">{\"@context\":\"https:\\\/\\\/schema.org\",\"@graph\":[{\"@type\":\"Article\",\"@id\":\"https:\\\/\\\/www.evropskakuca.me\\\/me\\\/biodiverzitet-i-odrziva-proizvodnja-hrane\\\/#article\",\"isPartOf\":{\"@id\":\"https:\\\/\\\/www.evropskakuca.me\\\/me\\\/biodiverzitet-i-odrziva-proizvodnja-hrane\\\/\"},\"author\":{\"name\":\"mkajic\",\"@id\":\"https:\\\/\\\/www.evropskakuca.me\\\/me\\\/#\\\/schema\\\/person\\\/a1d0dcdaefe4a1cd1d60d200ea137ba4\"},\"headline\":\"Biodiverzitet i odr\u017eiva proizvodnja hrane\",\"datePublished\":\"2020-05-26T14:31:06+00:00\",\"mainEntityOfPage\":{\"@id\":\"https:\\\/\\\/www.evropskakuca.me\\\/me\\\/biodiverzitet-i-odrziva-proizvodnja-hrane\\\/\"},\"wordCount\":1143,\"publisher\":{\"@id\":\"https:\\\/\\\/www.evropskakuca.me\\\/me\\\/#organization\"},\"image\":{\"@id\":\"https:\\\/\\\/www.evropskakuca.me\\\/me\\\/biodiverzitet-i-odrziva-proizvodnja-hrane\\\/#primaryimage\"},\"thumbnailUrl\":\"https:\\\/\\\/www.evropskakuca.me\\\/wp-content\\\/uploads\\\/2020\\\/05\\\/landscape-4987127_1920.jpg\",\"articleSection\":[\"Novosti\"],\"inLanguage\":\"me-ME\"},{\"@type\":\"WebPage\",\"@id\":\"https:\\\/\\\/www.evropskakuca.me\\\/me\\\/biodiverzitet-i-odrziva-proizvodnja-hrane\\\/\",\"url\":\"https:\\\/\\\/www.evropskakuca.me\\\/me\\\/biodiverzitet-i-odrziva-proizvodnja-hrane\\\/\",\"name\":\"Biodiverzitet i odr\u017eiva proizvodnja hrane - Europe House\",\"isPartOf\":{\"@id\":\"https:\\\/\\\/www.evropskakuca.me\\\/me\\\/#website\"},\"primaryImageOfPage\":{\"@id\":\"https:\\\/\\\/www.evropskakuca.me\\\/me\\\/biodiverzitet-i-odrziva-proizvodnja-hrane\\\/#primaryimage\"},\"image\":{\"@id\":\"https:\\\/\\\/www.evropskakuca.me\\\/me\\\/biodiverzitet-i-odrziva-proizvodnja-hrane\\\/#primaryimage\"},\"thumbnailUrl\":\"https:\\\/\\\/www.evropskakuca.me\\\/wp-content\\\/uploads\\\/2020\\\/05\\\/landscape-4987127_1920.jpg\",\"datePublished\":\"2020-05-26T14:31:06+00:00\",\"breadcrumb\":{\"@id\":\"https:\\\/\\\/www.evropskakuca.me\\\/me\\\/biodiverzitet-i-odrziva-proizvodnja-hrane\\\/#breadcrumb\"},\"inLanguage\":\"me-ME\",\"potentialAction\":[{\"@type\":\"ReadAction\",\"target\":[\"https:\\\/\\\/www.evropskakuca.me\\\/me\\\/biodiverzitet-i-odrziva-proizvodnja-hrane\\\/\"]}]},{\"@type\":\"ImageObject\",\"inLanguage\":\"me-ME\",\"@id\":\"https:\\\/\\\/www.evropskakuca.me\\\/me\\\/biodiverzitet-i-odrziva-proizvodnja-hrane\\\/#primaryimage\",\"url\":\"https:\\\/\\\/www.evropskakuca.me\\\/wp-content\\\/uploads\\\/2020\\\/05\\\/landscape-4987127_1920.jpg\",\"contentUrl\":\"https:\\\/\\\/www.evropskakuca.me\\\/wp-content\\\/uploads\\\/2020\\\/05\\\/landscape-4987127_1920.jpg\",\"width\":1920,\"height\":1280},{\"@type\":\"BreadcrumbList\",\"@id\":\"https:\\\/\\\/www.evropskakuca.me\\\/me\\\/biodiverzitet-i-odrziva-proizvodnja-hrane\\\/#breadcrumb\",\"itemListElement\":[{\"@type\":\"ListItem\",\"position\":1,\"name\":\"Home\",\"item\":\"https:\\\/\\\/www.evropskakuca.me\\\/me\\\/\"},{\"@type\":\"ListItem\",\"position\":2,\"name\":\"Biodiverzitet i odr\u017eiva proizvodnja hrane\"}]},{\"@type\":\"WebSite\",\"@id\":\"https:\\\/\\\/www.evropskakuca.me\\\/me\\\/#website\",\"url\":\"https:\\\/\\\/www.evropskakuca.me\\\/me\\\/\",\"name\":\"Evropean house\",\"description\":\"\",\"publisher\":{\"@id\":\"https:\\\/\\\/www.evropskakuca.me\\\/me\\\/#organization\"},\"potentialAction\":[{\"@type\":\"SearchAction\",\"target\":{\"@type\":\"EntryPoint\",\"urlTemplate\":\"https:\\\/\\\/www.evropskakuca.me\\\/me\\\/?s={search_term_string}\"},\"query-input\":{\"@type\":\"PropertyValueSpecification\",\"valueRequired\":true,\"valueName\":\"search_term_string\"}}],\"inLanguage\":\"me-ME\"},{\"@type\":\"Organization\",\"@id\":\"https:\\\/\\\/www.evropskakuca.me\\\/me\\\/#organization\",\"name\":\"Evropean house\",\"url\":\"https:\\\/\\\/www.evropskakuca.me\\\/me\\\/\",\"logo\":{\"@type\":\"ImageObject\",\"inLanguage\":\"me-ME\",\"@id\":\"https:\\\/\\\/www.evropskakuca.me\\\/me\\\/#\\\/schema\\\/logo\\\/image\\\/\",\"url\":\"https:\\\/\\\/www.evropskakuca.me\\\/wp-content\\\/uploads\\\/2025\\\/01\\\/evropska-kuca-logo-1.png\",\"contentUrl\":\"https:\\\/\\\/www.evropskakuca.me\\\/wp-content\\\/uploads\\\/2025\\\/01\\\/evropska-kuca-logo-1.png\",\"width\":425,\"height\":312,\"caption\":\"Evropean house\"},\"image\":{\"@id\":\"https:\\\/\\\/www.evropskakuca.me\\\/me\\\/#\\\/schema\\\/logo\\\/image\\\/\"},\"sameAs\":[\"https:\\\/\\\/www.facebook.com\\\/evropska.kuca\",\"https:\\\/\\\/x.com\\\/evropska_kuca\",\"https:\\\/\\\/www.instagram.com\\\/evropska_kuca\"]},{\"@type\":\"Person\",\"@id\":\"https:\\\/\\\/www.evropskakuca.me\\\/me\\\/#\\\/schema\\\/person\\\/a1d0dcdaefe4a1cd1d60d200ea137ba4\",\"name\":\"mkajic\",\"image\":{\"@type\":\"ImageObject\",\"inLanguage\":\"me-ME\",\"@id\":\"https:\\\/\\\/secure.gravatar.com\\\/avatar\\\/731fa035cefab7316e6bafd1f25a93fb731a07de14e2d9923f8db4422628eabc?s=96&d=mm&r=g\",\"url\":\"https:\\\/\\\/secure.gravatar.com\\\/avatar\\\/731fa035cefab7316e6bafd1f25a93fb731a07de14e2d9923f8db4422628eabc?s=96&d=mm&r=g\",\"contentUrl\":\"https:\\\/\\\/secure.gravatar.com\\\/avatar\\\/731fa035cefab7316e6bafd1f25a93fb731a07de14e2d9923f8db4422628eabc?s=96&d=mm&r=g\",\"caption\":\"mkajic\"},\"sameAs\":[\"https:\\\/\\\/evropskakuca.me\"],\"url\":\"https:\\\/\\\/www.evropskakuca.me\\\/me\\\/author\\\/mkajic\\\/\"}]}<\/script>\n<!-- \/ Yoast SEO plugin. -->","yoast_head_json":{"title":"Biodiverzitet i odr\u017eiva proizvodnja hrane - Europe House","robots":{"index":"index","follow":"follow","max-snippet":"max-snippet:-1","max-image-preview":"max-image-preview:large","max-video-preview":"max-video-preview:-1"},"canonical":"https:\/\/www.evropskakuca.me\/me\/biodiverzitet-i-odrziva-proizvodnja-hrane\/","og_locale":"en_US","og_type":"article","og_title":"Biodiverzitet i odr\u017eiva proizvodnja hrane - Europe House","og_description":"Ja\u010danje evropske otpornosti","og_url":"https:\/\/www.evropskakuca.me\/me\/biodiverzitet-i-odrziva-proizvodnja-hrane\/","og_site_name":"Europe House","article_publisher":"https:\/\/www.facebook.com\/evropska.kuca","article_published_time":"2020-05-26T14:31:06+00:00","og_image":[{"width":1920,"height":1280,"url":"https:\/\/www.evropskakuca.me\/wp-content\/uploads\/2020\/05\/landscape-4987127_1920.jpg","type":"image\/jpeg"}],"author":"mkajic","twitter_card":"summary_large_image","twitter_creator":"@evropska_kuca","twitter_site":"@evropska_kuca","twitter_misc":{"Written by":"mkajic","Est. reading time":"6 minutes"},"schema":{"@context":"https:\/\/schema.org","@graph":[{"@type":"Article","@id":"https:\/\/www.evropskakuca.me\/me\/biodiverzitet-i-odrziva-proizvodnja-hrane\/#article","isPartOf":{"@id":"https:\/\/www.evropskakuca.me\/me\/biodiverzitet-i-odrziva-proizvodnja-hrane\/"},"author":{"name":"mkajic","@id":"https:\/\/www.evropskakuca.me\/me\/#\/schema\/person\/a1d0dcdaefe4a1cd1d60d200ea137ba4"},"headline":"Biodiverzitet i odr\u017eiva proizvodnja hrane","datePublished":"2020-05-26T14:31:06+00:00","mainEntityOfPage":{"@id":"https:\/\/www.evropskakuca.me\/me\/biodiverzitet-i-odrziva-proizvodnja-hrane\/"},"wordCount":1143,"publisher":{"@id":"https:\/\/www.evropskakuca.me\/me\/#organization"},"image":{"@id":"https:\/\/www.evropskakuca.me\/me\/biodiverzitet-i-odrziva-proizvodnja-hrane\/#primaryimage"},"thumbnailUrl":"https:\/\/www.evropskakuca.me\/wp-content\/uploads\/2020\/05\/landscape-4987127_1920.jpg","articleSection":["Novosti"],"inLanguage":"me-ME"},{"@type":"WebPage","@id":"https:\/\/www.evropskakuca.me\/me\/biodiverzitet-i-odrziva-proizvodnja-hrane\/","url":"https:\/\/www.evropskakuca.me\/me\/biodiverzitet-i-odrziva-proizvodnja-hrane\/","name":"Biodiverzitet i odr\u017eiva proizvodnja hrane - Europe House","isPartOf":{"@id":"https:\/\/www.evropskakuca.me\/me\/#website"},"primaryImageOfPage":{"@id":"https:\/\/www.evropskakuca.me\/me\/biodiverzitet-i-odrziva-proizvodnja-hrane\/#primaryimage"},"image":{"@id":"https:\/\/www.evropskakuca.me\/me\/biodiverzitet-i-odrziva-proizvodnja-hrane\/#primaryimage"},"thumbnailUrl":"https:\/\/www.evropskakuca.me\/wp-content\/uploads\/2020\/05\/landscape-4987127_1920.jpg","datePublished":"2020-05-26T14:31:06+00:00","breadcrumb":{"@id":"https:\/\/www.evropskakuca.me\/me\/biodiverzitet-i-odrziva-proizvodnja-hrane\/#breadcrumb"},"inLanguage":"me-ME","potentialAction":[{"@type":"ReadAction","target":["https:\/\/www.evropskakuca.me\/me\/biodiverzitet-i-odrziva-proizvodnja-hrane\/"]}]},{"@type":"ImageObject","inLanguage":"me-ME","@id":"https:\/\/www.evropskakuca.me\/me\/biodiverzitet-i-odrziva-proizvodnja-hrane\/#primaryimage","url":"https:\/\/www.evropskakuca.me\/wp-content\/uploads\/2020\/05\/landscape-4987127_1920.jpg","contentUrl":"https:\/\/www.evropskakuca.me\/wp-content\/uploads\/2020\/05\/landscape-4987127_1920.jpg","width":1920,"height":1280},{"@type":"BreadcrumbList","@id":"https:\/\/www.evropskakuca.me\/me\/biodiverzitet-i-odrziva-proizvodnja-hrane\/#breadcrumb","itemListElement":[{"@type":"ListItem","position":1,"name":"Home","item":"https:\/\/www.evropskakuca.me\/me\/"},{"@type":"ListItem","position":2,"name":"Biodiverzitet i odr\u017eiva proizvodnja hrane"}]},{"@type":"WebSite","@id":"https:\/\/www.evropskakuca.me\/me\/#website","url":"https:\/\/www.evropskakuca.me\/me\/","name":"Evropean house","description":"","publisher":{"@id":"https:\/\/www.evropskakuca.me\/me\/#organization"},"potentialAction":[{"@type":"SearchAction","target":{"@type":"EntryPoint","urlTemplate":"https:\/\/www.evropskakuca.me\/me\/?s={search_term_string}"},"query-input":{"@type":"PropertyValueSpecification","valueRequired":true,"valueName":"search_term_string"}}],"inLanguage":"me-ME"},{"@type":"Organization","@id":"https:\/\/www.evropskakuca.me\/me\/#organization","name":"Evropean house","url":"https:\/\/www.evropskakuca.me\/me\/","logo":{"@type":"ImageObject","inLanguage":"me-ME","@id":"https:\/\/www.evropskakuca.me\/me\/#\/schema\/logo\/image\/","url":"https:\/\/www.evropskakuca.me\/wp-content\/uploads\/2025\/01\/evropska-kuca-logo-1.png","contentUrl":"https:\/\/www.evropskakuca.me\/wp-content\/uploads\/2025\/01\/evropska-kuca-logo-1.png","width":425,"height":312,"caption":"Evropean house"},"image":{"@id":"https:\/\/www.evropskakuca.me\/me\/#\/schema\/logo\/image\/"},"sameAs":["https:\/\/www.facebook.com\/evropska.kuca","https:\/\/x.com\/evropska_kuca","https:\/\/www.instagram.com\/evropska_kuca"]},{"@type":"Person","@id":"https:\/\/www.evropskakuca.me\/me\/#\/schema\/person\/a1d0dcdaefe4a1cd1d60d200ea137ba4","name":"mkajic","image":{"@type":"ImageObject","inLanguage":"me-ME","@id":"https:\/\/secure.gravatar.com\/avatar\/731fa035cefab7316e6bafd1f25a93fb731a07de14e2d9923f8db4422628eabc?s=96&d=mm&r=g","url":"https:\/\/secure.gravatar.com\/avatar\/731fa035cefab7316e6bafd1f25a93fb731a07de14e2d9923f8db4422628eabc?s=96&d=mm&r=g","contentUrl":"https:\/\/secure.gravatar.com\/avatar\/731fa035cefab7316e6bafd1f25a93fb731a07de14e2d9923f8db4422628eabc?s=96&d=mm&r=g","caption":"mkajic"},"sameAs":["https:\/\/evropskakuca.me"],"url":"https:\/\/www.evropskakuca.me\/me\/author\/mkajic\/"}]}},"_links":{"self":[{"href":"https:\/\/www.evropskakuca.me\/me\/wp-json\/wp\/v2\/posts\/9650","targetHints":{"allow":["GET"]}}],"collection":[{"href":"https:\/\/www.evropskakuca.me\/me\/wp-json\/wp\/v2\/posts"}],"about":[{"href":"https:\/\/www.evropskakuca.me\/me\/wp-json\/wp\/v2\/types\/post"}],"author":[{"embeddable":true,"href":"https:\/\/www.evropskakuca.me\/me\/wp-json\/wp\/v2\/users\/1"}],"replies":[{"embeddable":true,"href":"https:\/\/www.evropskakuca.me\/me\/wp-json\/wp\/v2\/comments?post=9650"}],"version-history":[{"count":0,"href":"https:\/\/www.evropskakuca.me\/me\/wp-json\/wp\/v2\/posts\/9650\/revisions"}],"wp:featuredmedia":[{"embeddable":true,"href":"https:\/\/www.evropskakuca.me\/me\/wp-json\/wp\/v2\/media\/35434"}],"wp:attachment":[{"href":"https:\/\/www.evropskakuca.me\/me\/wp-json\/wp\/v2\/media?parent=9650"}],"wp:term":[{"taxonomy":"category","embeddable":true,"href":"https:\/\/www.evropskakuca.me\/me\/wp-json\/wp\/v2\/categories?post=9650"},{"taxonomy":"post_tag","embeddable":true,"href":"https:\/\/www.evropskakuca.me\/me\/wp-json\/wp\/v2\/tags?post=9650"}],"curies":[{"name":"wp","href":"https:\/\/api.w.org\/{rel}","templated":true}]}}