{"id":9617,"date":"2020-05-17T12:25:26","date_gmt":"2020-05-17T12:25:26","guid":{"rendered":"http:\/\/www.evropskakuca.me\/?p=9617"},"modified":"2020-05-17T12:25:26","modified_gmt":"2020-05-17T12:25:26","slug":"nije-prijatno-kada-sa-30-godina-pises-testament-jer-nemas-drugo-rjesenje","status":"publish","type":"post","link":"https:\/\/www.evropskakuca.me\/me\/nije-prijatno-kada-sa-30-godina-pises-testament-jer-nemas-drugo-rjesenje\/","title":{"rendered":"\u201eNije prijatno kada sa 30 godina pi\u0161e\u0161 testament, jer nema\u0161 drugo rje\u0161enje!\u201c"},"content":{"rendered":"<p>Prvi je vikend od kada su ukinute gotovo sve preventivne mjere vezane za korona virus. Mo\u017eete po\u0107i u omiljeni kafi\u0107, otputovati na more ili pro\u0161etati parkom. Jovana i Irena* odlu\u010dile su da ostanu ku\u0107i. Danas pa\u017eljivije prate vijesti, \u017eele da znaju \u0161ta se u Crnoj Gori i regionu de\u0161ava povodom Me\u0111unarodnog dana borbe protiv homofobije, transfobije i bifobije (IDAHOT).<\/p>\n<p>\u201eToliko je dovoljno. Prestale smo specijalno da obilje\u017eavamo dane koji se ti\u010du LGBT zajednice. Zar vi\u0161e ima smisla govoriti o na\u0161em polo\u017eaju, kada se su\u0161tinski ni\u0161ta ne mijenja?\u201c, pita se Jovana u razgovoru za EU info centar.<\/p>\n<p>Sa druge strane, nisu prestale da slave ljubav i zato sa nama dijele svoju romanti\u010dnu pri\u010du. Jovana i Irena upoznale su se prije 7 godina. Ka\u017eu da je to bila ljubav na prvi pogled.<\/p>\n<p>\u201e\u017divot pi\u0161e romane, i kada se najmanje nadate, niotkuda, neo\u010dekivano &#8211; obasja vas sunce \u017eivota. Svoju djevojku upoznala sam u njenom rodnom gradu. U gej friendly lokalu su nam se pogledi sreli i to je bilo to. Po\u010dele smo vezu na daljinu i poslije godinu donijele odluku da \u017eivimo zajedno i da se ona preseli u Podgoricu\u201c, pri\u010da Jovana.<\/p>\n<p>Njihovu ljubav pratili su izazovi i prepreke. Ne emotivne, ve\u0107 administrativne prirode.<\/p>\n<p>\u201eIzazov sa kojim se sve \u010de\u0161\u0107e susre\u0107emo je birokratija, papirologija&#8230; Sistem nas ne prepoznaje. Nalazimo na\u010dine, snalazimo se, ali to umara i remeti ljepotu \u017eivljenja. A to ne \u017eelimo\u201c, ka\u017ee Jovanina djevojka Irena.<\/p>\n<p>Upravo te prepke trebalo je da rije\u0161i Zakon o \u017eivotnom partnerstvu lica istog pola. Prva verzija zakona, na osnovu kojeg je radna grupa kasnije napravila nacrt, napisana je u okviru EU projekta \u201eDoprinos unapre\u0111enju kvaliteta \u017eivota LGBT osoba u Crnoj Gori\u201c 2016-2017. godine. Zakon predvi\u0111a da LGBT osobe mogu da sklapaju istopolnu zajednicu, nasle\u0111uju jedni druge, imaju zajedni\u010dku imovinu, pravo na penziono i socijalno osiguranje, posjete u bolnicama, da se zajedno brinu o djeci, ali i obavezu da se staraju o djetetu svog partnera, ako nema bli\u017eeg srodnika. Predlogom zakona je bilo predvi\u0111eno i da se partneru gej osobe koja ima dijete, daje pravo da u hitnim slu\u010dajevima, kada djetetu prijeti neposredna opasnost, donese odluku.<\/p>\n<p>Sve to je, me\u0111utim, jo\u0161 na \u010dekanju. Zakon se pro\u0161le godine na\u0161ao na plenumu, ali nije dobio potrebnu ve\u0107inu. Ove godine trebalo je da se uvrsti na skup\u0161tinski dnevni red, ali je korona promijenila sve, pa i odlo\u017eila potencijalno usvajanje zakona. Na\u0161e sagovornice ka\u017eu da bi im usvajanje ovog zakona zna\u010dajno olak\u0161alo \u017eivot.<\/p>\n<p>\u201eNije prijatno kada vas ne puste u bolni\u010dku posjetu, jer \u201edrugarica\u201c nema pravo na posjetu. Nije prijatno kada sa 30 godina pi\u0161e\u0161 testament, jer nema\u0161 drugo rje\u0161enje\u201c, prenosi Jovana svoje iskustvo, jer njena zajednica sa drugom djevojkom nije zakonski priznata.<\/p>\n<p><strong>\u201eZakon nije usvojen zbog homofobije i politi\u010dkih prilika u Crnoj Gori\u201c<\/strong><\/p>\n<p>Danijel Kalezi\u0107 iz NVO \u201eQueer Montenegro\u201c, koja je bila uklju\u010dena u pripremu nacrta zkona, ka\u017ee u razgovoru sa nama da je su glavni razlozi neusvajanja Zakona o \u017eivotnom partnerstvu lica istog pola homofobija i ukupne politi\u010dke prilike u Crnoj Gori.<\/p>\n<p>\u201eKako sve informacije idu u prilog tome da \u0107e Crna Gora uskoro biti \u201cCOVID-19 free zona\u201d za o\u010dekivati je da \u0107e glasanje uskoro uslijediti i da \u0107e zakon biti usvojen. Ako se to ne dogodi, mi \u0107emo ponovo izvjesno biti \u017ertve politi\u010dkih kalkulacija, a Crna Gora, na\u017ealost, daleko od zemlje u kojoj se ljudska prava i vladavina prava po\u0161tuju, te samim tim i daleko od onog cilja kojem se deklarativno te\u017ei, a to su evropske integracije i dru\u0161tvo koje njeguje evropske vrijednosti\u201c, kategori\u010dan je Danijel.<\/p>\n<p>\u0160efica sektora za evropske integracije, politi\u010dka pitanja, medije i informisanje u Delegaciji Evropske unije u Crnoj Gori Plamena Hala\u010deva isti\u010de kako je previ\u0161e \u010desto potreban poseban dan, poput Me\u0111unarodnog dana borbe protiv homofobije, transfobije i bifobije, da bi se sjetili kako ne u\u017eivamo svi ista prava koja mnogi od nas uzimaju zdravo za gotovo.<\/p>\n<p>\u201eTo jednostavno nije u redu. Posljednjih nekoliko mjeseci vidjeli smo koliko je va\u017eno da brinemo jedni o drugima. Vi\u0161e nego ikad, ne smijemo zaboraviti da je borba za prava jedne osobe, borba za sva\u010dija prava\u201c, navela je Hala\u010deva.<\/p>\n<p>Do tada, Jovana i Irena ma\u0161taju o svom posebnom danu, kada \u0107e imati zakonsko pravo da jedna drugoj ka\u017eu \u2013 da.<\/p>\n<p>\u201eTaj dan \u0107e za nas biti poseban. Poslije formalnog dijela sa mati\u010darem, oti\u0161le bi ku\u0107i &#8211; na\u0161oj ku\u0107i. Sa osje\u0107anjem olak\u0161anja, da sa mnogo manje koraka planiramo budu\u0107nost! Nakon par sati u\u017eivanja i rastere\u0107ene \u00a0oti\u0161le bi u neki klub, gdje bi nas \u010dekali porodica i prijatelji, gdje bi nas \u010dekalo nekoliko na\u0161ih omiljenih DJ-eva i \u017eurka bi trajala dugo, mo\u017eda i danima\u201c, prenose nam svoja ma\u0161tanja dvije zaljubljene djevojke.<\/p>\n<p>Me\u0111unarodni dan borbe protiv homofobije, transfobije i bifobije obilje\u017eava se 17. maja, u \u010dast sje\u0107anja na odluku Svjetske zdravstvene organizacije, koja je na taj dan 1990. homoseksualnost uklonila iz Me\u0111unarodne klasifikacije bolesti. Ovaj dan se obilje\u017eava svake godine kako bi se podigla svijest o LGBT pravima i skrenula pa\u017enja na njihovo kr\u0161enje \u0161irom svijeta.<\/p>\n<p>*prava imena sagovornica poznata EU info centru<\/p>\n<p><iframe title=\"Pravo Na Srecu\" width=\"800\" height=\"450\" src=\"https:\/\/www.youtube.com\/embed\/ndWkC5Kn6-4?start=186&#038;feature=oembed\" frameborder=\"0\" allow=\"accelerometer; autoplay; clipboard-write; encrypted-media; gyroscope; picture-in-picture; web-share\" referrerpolicy=\"strict-origin-when-cross-origin\" allowfullscreen><\/iframe><\/p>\n","protected":false},"excerpt":{"rendered":"<p>Na Me\u0111unarodni dan borbe protiv homofobije, transfobije i bifobije (IDAHOT), LGBT zajednica i dalje \u010deka usvajanje Zakona o \u017eivotnom partnerstvu lica istog pola<\/p>\n","protected":false},"author":1,"featured_media":0,"comment_status":"closed","ping_status":"closed","sticky":false,"template":"","format":"standard","meta":{"_acf_changed":false,"footnotes":""},"categories":[1],"tags":[],"class_list":["post-9617","post","type-post","status-publish","format-standard","hentry","category-uncategorized"],"acf":[],"yoast_head":"<!-- This site is optimized with the Yoast SEO plugin v27.3 - https:\/\/yoast.com\/product\/yoast-seo-wordpress\/ -->\n<title>\u201eNije prijatno kada sa 30 godina pi\u0161e\u0161 testament, jer nema\u0161 drugo rje\u0161enje!\u201c - Europe House<\/title>\n<meta name=\"robots\" content=\"index, follow, max-snippet:-1, max-image-preview:large, max-video-preview:-1\" \/>\n<link rel=\"canonical\" href=\"https:\/\/www.evropskakuca.me\/me\/nije-prijatno-kada-sa-30-godina-pises-testament-jer-nemas-drugo-rjesenje\/\" \/>\n<meta property=\"og:locale\" content=\"en_US\" \/>\n<meta property=\"og:type\" content=\"article\" \/>\n<meta property=\"og:title\" content=\"\u201eNije prijatno kada sa 30 godina pi\u0161e\u0161 testament, jer nema\u0161 drugo rje\u0161enje!\u201c - Europe House\" \/>\n<meta property=\"og:description\" content=\"Na Me\u0111unarodni dan borbe protiv homofobije, transfobije i bifobije (IDAHOT), LGBT zajednica i dalje \u010deka usvajanje Zakona o \u017eivotnom partnerstvu lica istog pola\" \/>\n<meta property=\"og:url\" content=\"https:\/\/www.evropskakuca.me\/me\/nije-prijatno-kada-sa-30-godina-pises-testament-jer-nemas-drugo-rjesenje\/\" \/>\n<meta property=\"og:site_name\" content=\"Europe House\" \/>\n<meta property=\"article:publisher\" content=\"https:\/\/www.facebook.com\/evropska.kuca\" \/>\n<meta property=\"article:published_time\" content=\"2020-05-17T12:25:26+00:00\" \/>\n<meta name=\"author\" content=\"mkajic\" \/>\n<meta name=\"twitter:card\" content=\"summary_large_image\" \/>\n<meta name=\"twitter:creator\" content=\"@evropska_kuca\" \/>\n<meta name=\"twitter:site\" content=\"@evropska_kuca\" \/>\n<meta name=\"twitter:label1\" content=\"Written by\" \/>\n\t<meta name=\"twitter:data1\" content=\"mkajic\" \/>\n\t<meta name=\"twitter:label2\" content=\"Est. reading time\" \/>\n\t<meta name=\"twitter:data2\" content=\"5 minutes\" \/>\n<script type=\"application\/ld+json\" class=\"yoast-schema-graph\">{\"@context\":\"https:\\\/\\\/schema.org\",\"@graph\":[{\"@type\":\"Article\",\"@id\":\"https:\\\/\\\/www.evropskakuca.me\\\/me\\\/nije-prijatno-kada-sa-30-godina-pises-testament-jer-nemas-drugo-rjesenje\\\/#article\",\"isPartOf\":{\"@id\":\"https:\\\/\\\/www.evropskakuca.me\\\/me\\\/nije-prijatno-kada-sa-30-godina-pises-testament-jer-nemas-drugo-rjesenje\\\/\"},\"author\":{\"name\":\"mkajic\",\"@id\":\"https:\\\/\\\/www.evropskakuca.me\\\/me\\\/#\\\/schema\\\/person\\\/a1d0dcdaefe4a1cd1d60d200ea137ba4\"},\"headline\":\"\u201eNije prijatno kada sa 30 godina pi\u0161e\u0161 testament, jer nema\u0161 drugo rje\u0161enje!\u201c\",\"datePublished\":\"2020-05-17T12:25:26+00:00\",\"mainEntityOfPage\":{\"@id\":\"https:\\\/\\\/www.evropskakuca.me\\\/me\\\/nije-prijatno-kada-sa-30-godina-pises-testament-jer-nemas-drugo-rjesenje\\\/\"},\"wordCount\":932,\"publisher\":{\"@id\":\"https:\\\/\\\/www.evropskakuca.me\\\/me\\\/#organization\"},\"inLanguage\":\"me-ME\"},{\"@type\":\"WebPage\",\"@id\":\"https:\\\/\\\/www.evropskakuca.me\\\/me\\\/nije-prijatno-kada-sa-30-godina-pises-testament-jer-nemas-drugo-rjesenje\\\/\",\"url\":\"https:\\\/\\\/www.evropskakuca.me\\\/me\\\/nije-prijatno-kada-sa-30-godina-pises-testament-jer-nemas-drugo-rjesenje\\\/\",\"name\":\"\u201eNije prijatno kada sa 30 godina pi\u0161e\u0161 testament, jer nema\u0161 drugo rje\u0161enje!\u201c - Europe House\",\"isPartOf\":{\"@id\":\"https:\\\/\\\/www.evropskakuca.me\\\/me\\\/#website\"},\"datePublished\":\"2020-05-17T12:25:26+00:00\",\"breadcrumb\":{\"@id\":\"https:\\\/\\\/www.evropskakuca.me\\\/me\\\/nije-prijatno-kada-sa-30-godina-pises-testament-jer-nemas-drugo-rjesenje\\\/#breadcrumb\"},\"inLanguage\":\"me-ME\",\"potentialAction\":[{\"@type\":\"ReadAction\",\"target\":[\"https:\\\/\\\/www.evropskakuca.me\\\/me\\\/nije-prijatno-kada-sa-30-godina-pises-testament-jer-nemas-drugo-rjesenje\\\/\"]}]},{\"@type\":\"BreadcrumbList\",\"@id\":\"https:\\\/\\\/www.evropskakuca.me\\\/me\\\/nije-prijatno-kada-sa-30-godina-pises-testament-jer-nemas-drugo-rjesenje\\\/#breadcrumb\",\"itemListElement\":[{\"@type\":\"ListItem\",\"position\":1,\"name\":\"Home\",\"item\":\"https:\\\/\\\/www.evropskakuca.me\\\/me\\\/\"},{\"@type\":\"ListItem\",\"position\":2,\"name\":\"\u201eNije prijatno kada sa 30 godina pi\u0161e\u0161 testament, jer nema\u0161 drugo rje\u0161enje!\u201c\"}]},{\"@type\":\"WebSite\",\"@id\":\"https:\\\/\\\/www.evropskakuca.me\\\/me\\\/#website\",\"url\":\"https:\\\/\\\/www.evropskakuca.me\\\/me\\\/\",\"name\":\"Evropean house\",\"description\":\"\",\"publisher\":{\"@id\":\"https:\\\/\\\/www.evropskakuca.me\\\/me\\\/#organization\"},\"potentialAction\":[{\"@type\":\"SearchAction\",\"target\":{\"@type\":\"EntryPoint\",\"urlTemplate\":\"https:\\\/\\\/www.evropskakuca.me\\\/me\\\/?s={search_term_string}\"},\"query-input\":{\"@type\":\"PropertyValueSpecification\",\"valueRequired\":true,\"valueName\":\"search_term_string\"}}],\"inLanguage\":\"me-ME\"},{\"@type\":\"Organization\",\"@id\":\"https:\\\/\\\/www.evropskakuca.me\\\/me\\\/#organization\",\"name\":\"Evropean house\",\"url\":\"https:\\\/\\\/www.evropskakuca.me\\\/me\\\/\",\"logo\":{\"@type\":\"ImageObject\",\"inLanguage\":\"me-ME\",\"@id\":\"https:\\\/\\\/www.evropskakuca.me\\\/me\\\/#\\\/schema\\\/logo\\\/image\\\/\",\"url\":\"https:\\\/\\\/www.evropskakuca.me\\\/wp-content\\\/uploads\\\/2025\\\/01\\\/evropska-kuca-logo-1.png\",\"contentUrl\":\"https:\\\/\\\/www.evropskakuca.me\\\/wp-content\\\/uploads\\\/2025\\\/01\\\/evropska-kuca-logo-1.png\",\"width\":425,\"height\":312,\"caption\":\"Evropean house\"},\"image\":{\"@id\":\"https:\\\/\\\/www.evropskakuca.me\\\/me\\\/#\\\/schema\\\/logo\\\/image\\\/\"},\"sameAs\":[\"https:\\\/\\\/www.facebook.com\\\/evropska.kuca\",\"https:\\\/\\\/x.com\\\/evropska_kuca\",\"https:\\\/\\\/www.instagram.com\\\/evropska_kuca\"]},{\"@type\":\"Person\",\"@id\":\"https:\\\/\\\/www.evropskakuca.me\\\/me\\\/#\\\/schema\\\/person\\\/a1d0dcdaefe4a1cd1d60d200ea137ba4\",\"name\":\"mkajic\",\"image\":{\"@type\":\"ImageObject\",\"inLanguage\":\"me-ME\",\"@id\":\"https:\\\/\\\/secure.gravatar.com\\\/avatar\\\/731fa035cefab7316e6bafd1f25a93fb731a07de14e2d9923f8db4422628eabc?s=96&d=mm&r=g\",\"url\":\"https:\\\/\\\/secure.gravatar.com\\\/avatar\\\/731fa035cefab7316e6bafd1f25a93fb731a07de14e2d9923f8db4422628eabc?s=96&d=mm&r=g\",\"contentUrl\":\"https:\\\/\\\/secure.gravatar.com\\\/avatar\\\/731fa035cefab7316e6bafd1f25a93fb731a07de14e2d9923f8db4422628eabc?s=96&d=mm&r=g\",\"caption\":\"mkajic\"},\"sameAs\":[\"https:\\\/\\\/evropskakuca.me\"],\"url\":\"https:\\\/\\\/www.evropskakuca.me\\\/me\\\/author\\\/mkajic\\\/\"}]}<\/script>\n<!-- \/ Yoast SEO plugin. -->","yoast_head_json":{"title":"\u201eNije prijatno kada sa 30 godina pi\u0161e\u0161 testament, jer nema\u0161 drugo rje\u0161enje!\u201c - Europe House","robots":{"index":"index","follow":"follow","max-snippet":"max-snippet:-1","max-image-preview":"max-image-preview:large","max-video-preview":"max-video-preview:-1"},"canonical":"https:\/\/www.evropskakuca.me\/me\/nije-prijatno-kada-sa-30-godina-pises-testament-jer-nemas-drugo-rjesenje\/","og_locale":"en_US","og_type":"article","og_title":"\u201eNije prijatno kada sa 30 godina pi\u0161e\u0161 testament, jer nema\u0161 drugo rje\u0161enje!\u201c - Europe House","og_description":"Na Me\u0111unarodni dan borbe protiv homofobije, transfobije i bifobije (IDAHOT), LGBT zajednica i dalje \u010deka usvajanje Zakona o \u017eivotnom partnerstvu lica istog pola","og_url":"https:\/\/www.evropskakuca.me\/me\/nije-prijatno-kada-sa-30-godina-pises-testament-jer-nemas-drugo-rjesenje\/","og_site_name":"Europe House","article_publisher":"https:\/\/www.facebook.com\/evropska.kuca","article_published_time":"2020-05-17T12:25:26+00:00","author":"mkajic","twitter_card":"summary_large_image","twitter_creator":"@evropska_kuca","twitter_site":"@evropska_kuca","twitter_misc":{"Written by":"mkajic","Est. reading time":"5 minutes"},"schema":{"@context":"https:\/\/schema.org","@graph":[{"@type":"Article","@id":"https:\/\/www.evropskakuca.me\/me\/nije-prijatno-kada-sa-30-godina-pises-testament-jer-nemas-drugo-rjesenje\/#article","isPartOf":{"@id":"https:\/\/www.evropskakuca.me\/me\/nije-prijatno-kada-sa-30-godina-pises-testament-jer-nemas-drugo-rjesenje\/"},"author":{"name":"mkajic","@id":"https:\/\/www.evropskakuca.me\/me\/#\/schema\/person\/a1d0dcdaefe4a1cd1d60d200ea137ba4"},"headline":"\u201eNije prijatno kada sa 30 godina pi\u0161e\u0161 testament, jer nema\u0161 drugo rje\u0161enje!\u201c","datePublished":"2020-05-17T12:25:26+00:00","mainEntityOfPage":{"@id":"https:\/\/www.evropskakuca.me\/me\/nije-prijatno-kada-sa-30-godina-pises-testament-jer-nemas-drugo-rjesenje\/"},"wordCount":932,"publisher":{"@id":"https:\/\/www.evropskakuca.me\/me\/#organization"},"inLanguage":"me-ME"},{"@type":"WebPage","@id":"https:\/\/www.evropskakuca.me\/me\/nije-prijatno-kada-sa-30-godina-pises-testament-jer-nemas-drugo-rjesenje\/","url":"https:\/\/www.evropskakuca.me\/me\/nije-prijatno-kada-sa-30-godina-pises-testament-jer-nemas-drugo-rjesenje\/","name":"\u201eNije prijatno kada sa 30 godina pi\u0161e\u0161 testament, jer nema\u0161 drugo rje\u0161enje!\u201c - Europe House","isPartOf":{"@id":"https:\/\/www.evropskakuca.me\/me\/#website"},"datePublished":"2020-05-17T12:25:26+00:00","breadcrumb":{"@id":"https:\/\/www.evropskakuca.me\/me\/nije-prijatno-kada-sa-30-godina-pises-testament-jer-nemas-drugo-rjesenje\/#breadcrumb"},"inLanguage":"me-ME","potentialAction":[{"@type":"ReadAction","target":["https:\/\/www.evropskakuca.me\/me\/nije-prijatno-kada-sa-30-godina-pises-testament-jer-nemas-drugo-rjesenje\/"]}]},{"@type":"BreadcrumbList","@id":"https:\/\/www.evropskakuca.me\/me\/nije-prijatno-kada-sa-30-godina-pises-testament-jer-nemas-drugo-rjesenje\/#breadcrumb","itemListElement":[{"@type":"ListItem","position":1,"name":"Home","item":"https:\/\/www.evropskakuca.me\/me\/"},{"@type":"ListItem","position":2,"name":"\u201eNije prijatno kada sa 30 godina pi\u0161e\u0161 testament, jer nema\u0161 drugo rje\u0161enje!\u201c"}]},{"@type":"WebSite","@id":"https:\/\/www.evropskakuca.me\/me\/#website","url":"https:\/\/www.evropskakuca.me\/me\/","name":"Evropean house","description":"","publisher":{"@id":"https:\/\/www.evropskakuca.me\/me\/#organization"},"potentialAction":[{"@type":"SearchAction","target":{"@type":"EntryPoint","urlTemplate":"https:\/\/www.evropskakuca.me\/me\/?s={search_term_string}"},"query-input":{"@type":"PropertyValueSpecification","valueRequired":true,"valueName":"search_term_string"}}],"inLanguage":"me-ME"},{"@type":"Organization","@id":"https:\/\/www.evropskakuca.me\/me\/#organization","name":"Evropean house","url":"https:\/\/www.evropskakuca.me\/me\/","logo":{"@type":"ImageObject","inLanguage":"me-ME","@id":"https:\/\/www.evropskakuca.me\/me\/#\/schema\/logo\/image\/","url":"https:\/\/www.evropskakuca.me\/wp-content\/uploads\/2025\/01\/evropska-kuca-logo-1.png","contentUrl":"https:\/\/www.evropskakuca.me\/wp-content\/uploads\/2025\/01\/evropska-kuca-logo-1.png","width":425,"height":312,"caption":"Evropean house"},"image":{"@id":"https:\/\/www.evropskakuca.me\/me\/#\/schema\/logo\/image\/"},"sameAs":["https:\/\/www.facebook.com\/evropska.kuca","https:\/\/x.com\/evropska_kuca","https:\/\/www.instagram.com\/evropska_kuca"]},{"@type":"Person","@id":"https:\/\/www.evropskakuca.me\/me\/#\/schema\/person\/a1d0dcdaefe4a1cd1d60d200ea137ba4","name":"mkajic","image":{"@type":"ImageObject","inLanguage":"me-ME","@id":"https:\/\/secure.gravatar.com\/avatar\/731fa035cefab7316e6bafd1f25a93fb731a07de14e2d9923f8db4422628eabc?s=96&d=mm&r=g","url":"https:\/\/secure.gravatar.com\/avatar\/731fa035cefab7316e6bafd1f25a93fb731a07de14e2d9923f8db4422628eabc?s=96&d=mm&r=g","contentUrl":"https:\/\/secure.gravatar.com\/avatar\/731fa035cefab7316e6bafd1f25a93fb731a07de14e2d9923f8db4422628eabc?s=96&d=mm&r=g","caption":"mkajic"},"sameAs":["https:\/\/evropskakuca.me"],"url":"https:\/\/www.evropskakuca.me\/me\/author\/mkajic\/"}]}},"_links":{"self":[{"href":"https:\/\/www.evropskakuca.me\/me\/wp-json\/wp\/v2\/posts\/9617","targetHints":{"allow":["GET"]}}],"collection":[{"href":"https:\/\/www.evropskakuca.me\/me\/wp-json\/wp\/v2\/posts"}],"about":[{"href":"https:\/\/www.evropskakuca.me\/me\/wp-json\/wp\/v2\/types\/post"}],"author":[{"embeddable":true,"href":"https:\/\/www.evropskakuca.me\/me\/wp-json\/wp\/v2\/users\/1"}],"replies":[{"embeddable":true,"href":"https:\/\/www.evropskakuca.me\/me\/wp-json\/wp\/v2\/comments?post=9617"}],"version-history":[{"count":0,"href":"https:\/\/www.evropskakuca.me\/me\/wp-json\/wp\/v2\/posts\/9617\/revisions"}],"wp:attachment":[{"href":"https:\/\/www.evropskakuca.me\/me\/wp-json\/wp\/v2\/media?parent=9617"}],"wp:term":[{"taxonomy":"category","embeddable":true,"href":"https:\/\/www.evropskakuca.me\/me\/wp-json\/wp\/v2\/categories?post=9617"},{"taxonomy":"post_tag","embeddable":true,"href":"https:\/\/www.evropskakuca.me\/me\/wp-json\/wp\/v2\/tags?post=9617"}],"curies":[{"name":"wp","href":"https:\/\/api.w.org\/{rel}","templated":true}]}}