{"id":9596,"date":"2020-05-15T17:52:54","date_gmt":"2020-05-15T17:52:54","guid":{"rendered":"http:\/\/www.evropskakuca.me\/me\/?p=9596"},"modified":"2020-05-15T17:52:54","modified_gmt":"2020-05-15T17:52:54","slug":"u-crnu-goru-stigao-dio-medicinske-opreme-koju-je-donirala-eu","status":"publish","type":"post","link":"https:\/\/www.evropskakuca.me\/me\/u-crnu-goru-stigao-dio-medicinske-opreme-koju-je-donirala-eu\/","title":{"rendered":"U Crnu Goru stigao dio medicinske opreme koju je donirala EU"},"content":{"rendered":"<p>U Crnu Goru je stigao dio medicinske opreme, koju Evropska unija donira u okviru najavljene pomo\u0107i od 3 miliona eura, a koju realizuje UNDP. Dopremljeno je 14 medicinskih respiratora i kontigent li\u010dne za\u0161titne opreme za sektor zdravstva (80.000 rukavica, 50.560 hirur\u0161kih maski i 10.200 za\u0161titnih nao\u010dara). Kraljevina Holandija je, na zahtjev Crne Gore upu\u0107en preko NATO mehanizma Evroatlantski koordinacioni centar za odgovor u kriznim situacijama (EADRCC) krajem aprila, finansirala avionski transport kojim je, uz medicinsku i za\u0161titnu opremu doniranu od EU, dopremljena i oprema za li\u010dnu za\u0161titu koju je Crna Gora kupila u Kini.<\/p>\n<p><img fetchpriority=\"high\" decoding=\"async\" class=\"alignnone size-large wp-image-9601\" src=\"http:\/\/www.evropskakuca.me\/wp-content\/uploads\/2020\/05\/donacija-eu-3-1-1024x768.jpg\" alt=\"\" width=\"1024\" height=\"768\" \/><\/p>\n<p>Glavni pregovara\u010d Aleksandar Drljevi\u0107 rekao je da smo po\u0161tovanjem preporuka i instrukcija struke i nadle\u017enih institucija uspjeli da sa\u010duvamo zdravlje stanovni\u0161tva i da samo na taj na\u010din mo\u017eemo biti me\u0111u prvim dr\u017eavama koje \u0107e biti \u201ecorona free\u201c zemlje.<\/p>\n<p>\u201eU svemu ovome nijesmo bili sami, sa nama su bili na\u0161i partneri iz EU, dr\u017eava \u010dlanica, me\u0111unarodnih organizacija poput UNDP i Svjetske zdravstvene organizacije i na tome smo im posebno zahvalni. Danas smo svjedo\u010dili dolasku kontingenta pomo\u0107i koji smo obezbijedili sredstvima EU i poreskih obveznika dr\u017eava \u010dlanica i ovo je dokaz da uz Crnu Goru, u te\u0161kim trenucima kad se svi borimo protiv korona virusa, partneri stoje \u010dvrsto\u201c, rekao je on.<\/p>\n<p><img decoding=\"async\" class=\"alignnone size-large wp-image-9609\" src=\"http:\/\/www.evropskakuca.me\/wp-content\/uploads\/2020\/05\/98043400_2766976943424272_6945967526526320640_o-1024x683.jpg\" alt=\"\" width=\"1024\" height=\"683\" \/><\/p>\n<p>Drljevi\u0107 je posebno zahvalio Holandiji, koja je kroz mehanizam NATO-a EADRCC finansirala, ve\u0107 drugi put, transport opreme, uz opremu koja je obebije\u0111ena donacijama prijatelja iz Kine, dijaspore i gra\u0111ana. \u201eOvo je jo\u0161 jedna potvrda da EU i NATO komplementarno djeluju i u ovim situacijama i da samo zajedni\u0161tvom i solidarno\u0161\u0107u mo\u017eemo da na\u0111emo odovore na izazove sa kojima se dana\u0161nji svijet suo\u010dava\u201c.<\/p>\n<p>\u0160ef Delegacije Evropske unije u Crnoj Gori, ambasador Aivo Orav, rekao je da donacija koja je dopremljena u Crnu Goru predstavlja dio pomo\u0107i od 3 miliona eura, kao i da simbolizuje solidarnost gra\u0111ana EU sa gra\u0111anima Crne Gore.<\/p>\n<p>\u201eU dana\u0161njoj isporuci se nalazi dosta za\u0161titne opreme, kao \u0161to su maske i rukavice, ali imamo i respiratore. Neko se mo\u017ee zapitati \u010demu respiratori kad ve\u0107 danima nema zara\u017eenih, ali, kao \u0161to je i vrijeme danas promjenljivo i nosim ki\u0161obran ako mi bude potreban, tako je i sa respiratorima \u2013 nadamo se da ne\u0107e biti potrebni, ali ako do\u0111e drugi talas, bolje je da ih imamo\u201c, rekao je Orav.<\/p>\n<p><img decoding=\"async\" class=\"alignnone size-large wp-image-9607\" src=\"http:\/\/www.evropskakuca.me\/wp-content\/uploads\/2020\/05\/97134488_2766976000091033_794517800994471936_o-1024x683.jpg\" alt=\"\" width=\"1024\" height=\"683\" \/><\/p>\n<p>On je zahvalio Holandiji i NATO-u na organizaciji leta, kolegama iz UNDP-ja koji su sproveli donaciju, kao i Vladi i gra\u0111anima Crne Gore koji su, kako je rekao, bili spremni za saradnju.<\/p>\n<p>Stalna predstavnica UNDP-ja u Crnoj Gori Daniela Ga\u0161parikova je poru\u010dila da je UNDP uz partnere iz Vlade i Delegacije EU, kako bi pokazali da saradnja daje rezultate.<\/p>\n<p>\u201eIako nam je svima drago \u0161to je u Crnoj Gori epidemija pod kontrolom, ova medicinska oprema predstavlja insvesticiju u pripremljenost sektora zdravstva. Uz stalne prekide u globalnim lancima snabdijedvanja medicinskom opremom, svaka donacija i nova isporuka \u010dine Crnu Goru sna\u017enijom u kontinuiranom odgovoru protiv virusa, sve dok vakcina ne postane dostupna\u201c, rekla je ona.<\/p>\n<p>Ugovor vrijedan 3 miliona eura za nabavku neophodne medicinske opreme i li\u010dne za\u0161titne opreme za zdravstvene radnike, potpisan je po\u010detkom aprila izme\u0111u Delegacije Evropske unije i Programa Ujedinjenih nacija za razvoj (UNDP) u Crnoj Gori. Ugovorom je predvi\u0111ena donacija Crnoj Gori 100 respiratora, 10 mobilnih rendgenskih ure\u0111aja, kao i li\u010dne za\u0161titne opreme \u2013 uklju\u010duju\u0107i maske, rukavice, hirur\u0161ke kape, za\u0161titna odijela i za\u0161titne nao\u010dare.<\/p>\n","protected":false},"excerpt":{"rendered":"<p>14 medicinskih respiratora, 80.000 rukavica, 50.560 hirur\u0161kih maski i 10.200 za\u0161titnih nao\u010dara<\/p>\n","protected":false},"author":1,"featured_media":35394,"comment_status":"closed","ping_status":"closed","sticky":false,"template":"","format":"standard","meta":{"_acf_changed":false,"footnotes":""},"categories":[287,283],"tags":[],"class_list":["post-9596","post","type-post","status-publish","format-standard","has-post-thumbnail","hentry","category-koronavirusa","category-novosti-me"],"acf":[],"yoast_head":"<!-- This site is optimized with the Yoast SEO plugin v27.3 - https:\/\/yoast.com\/product\/yoast-seo-wordpress\/ -->\n<title>U Crnu Goru stigao dio medicinske opreme koju je donirala EU - Europe House<\/title>\n<meta name=\"robots\" content=\"index, follow, max-snippet:-1, max-image-preview:large, max-video-preview:-1\" \/>\n<link rel=\"canonical\" href=\"https:\/\/www.evropskakuca.me\/me\/u-crnu-goru-stigao-dio-medicinske-opreme-koju-je-donirala-eu\/\" \/>\n<meta property=\"og:locale\" content=\"en_US\" \/>\n<meta property=\"og:type\" content=\"article\" \/>\n<meta property=\"og:title\" content=\"U Crnu Goru stigao dio medicinske opreme koju je donirala EU - Europe House\" \/>\n<meta property=\"og:description\" content=\"14 medicinskih respiratora, 80.000 rukavica, 50.560 hirur\u0161kih maski i 10.200 za\u0161titnih nao\u010dara\" \/>\n<meta property=\"og:url\" content=\"https:\/\/www.evropskakuca.me\/me\/u-crnu-goru-stigao-dio-medicinske-opreme-koju-je-donirala-eu\/\" \/>\n<meta property=\"og:site_name\" content=\"Europe House\" \/>\n<meta property=\"article:publisher\" content=\"https:\/\/www.facebook.com\/evropska.kuca\" \/>\n<meta property=\"article:published_time\" content=\"2020-05-15T17:52:54+00:00\" \/>\n<meta property=\"og:image\" content=\"https:\/\/www.evropskakuca.me\/wp-content\/uploads\/2020\/05\/donacija-6.jpg\" \/>\n\t<meta property=\"og:image:width\" content=\"1500\" \/>\n\t<meta property=\"og:image:height\" content=\"1000\" \/>\n\t<meta property=\"og:image:type\" content=\"image\/jpeg\" \/>\n<meta name=\"author\" content=\"mkajic\" \/>\n<meta name=\"twitter:card\" content=\"summary_large_image\" \/>\n<meta name=\"twitter:creator\" content=\"@evropska_kuca\" \/>\n<meta name=\"twitter:site\" content=\"@evropska_kuca\" \/>\n<meta name=\"twitter:label1\" content=\"Written by\" \/>\n\t<meta name=\"twitter:data1\" content=\"mkajic\" \/>\n\t<meta name=\"twitter:label2\" content=\"Est. reading time\" \/>\n\t<meta name=\"twitter:data2\" content=\"3 minutes\" \/>\n<script type=\"application\/ld+json\" class=\"yoast-schema-graph\">{\"@context\":\"https:\\\/\\\/schema.org\",\"@graph\":[{\"@type\":\"Article\",\"@id\":\"https:\\\/\\\/www.evropskakuca.me\\\/me\\\/u-crnu-goru-stigao-dio-medicinske-opreme-koju-je-donirala-eu\\\/#article\",\"isPartOf\":{\"@id\":\"https:\\\/\\\/www.evropskakuca.me\\\/me\\\/u-crnu-goru-stigao-dio-medicinske-opreme-koju-je-donirala-eu\\\/\"},\"author\":{\"name\":\"mkajic\",\"@id\":\"https:\\\/\\\/www.evropskakuca.me\\\/me\\\/#\\\/schema\\\/person\\\/a1d0dcdaefe4a1cd1d60d200ea137ba4\"},\"headline\":\"U Crnu Goru stigao dio medicinske opreme koju je donirala EU\",\"datePublished\":\"2020-05-15T17:52:54+00:00\",\"mainEntityOfPage\":{\"@id\":\"https:\\\/\\\/www.evropskakuca.me\\\/me\\\/u-crnu-goru-stigao-dio-medicinske-opreme-koju-je-donirala-eu\\\/\"},\"wordCount\":609,\"publisher\":{\"@id\":\"https:\\\/\\\/www.evropskakuca.me\\\/me\\\/#organization\"},\"image\":{\"@id\":\"https:\\\/\\\/www.evropskakuca.me\\\/me\\\/u-crnu-goru-stigao-dio-medicinske-opreme-koju-je-donirala-eu\\\/#primaryimage\"},\"thumbnailUrl\":\"https:\\\/\\\/www.evropskakuca.me\\\/wp-content\\\/uploads\\\/2020\\\/05\\\/donacija-6.jpg\",\"articleSection\":[\"Koronavirusa\",\"Novosti\"],\"inLanguage\":\"me-ME\"},{\"@type\":\"WebPage\",\"@id\":\"https:\\\/\\\/www.evropskakuca.me\\\/me\\\/u-crnu-goru-stigao-dio-medicinske-opreme-koju-je-donirala-eu\\\/\",\"url\":\"https:\\\/\\\/www.evropskakuca.me\\\/me\\\/u-crnu-goru-stigao-dio-medicinske-opreme-koju-je-donirala-eu\\\/\",\"name\":\"U Crnu Goru stigao dio medicinske opreme koju je donirala EU - Europe House\",\"isPartOf\":{\"@id\":\"https:\\\/\\\/www.evropskakuca.me\\\/me\\\/#website\"},\"primaryImageOfPage\":{\"@id\":\"https:\\\/\\\/www.evropskakuca.me\\\/me\\\/u-crnu-goru-stigao-dio-medicinske-opreme-koju-je-donirala-eu\\\/#primaryimage\"},\"image\":{\"@id\":\"https:\\\/\\\/www.evropskakuca.me\\\/me\\\/u-crnu-goru-stigao-dio-medicinske-opreme-koju-je-donirala-eu\\\/#primaryimage\"},\"thumbnailUrl\":\"https:\\\/\\\/www.evropskakuca.me\\\/wp-content\\\/uploads\\\/2020\\\/05\\\/donacija-6.jpg\",\"datePublished\":\"2020-05-15T17:52:54+00:00\",\"breadcrumb\":{\"@id\":\"https:\\\/\\\/www.evropskakuca.me\\\/me\\\/u-crnu-goru-stigao-dio-medicinske-opreme-koju-je-donirala-eu\\\/#breadcrumb\"},\"inLanguage\":\"me-ME\",\"potentialAction\":[{\"@type\":\"ReadAction\",\"target\":[\"https:\\\/\\\/www.evropskakuca.me\\\/me\\\/u-crnu-goru-stigao-dio-medicinske-opreme-koju-je-donirala-eu\\\/\"]}]},{\"@type\":\"ImageObject\",\"inLanguage\":\"me-ME\",\"@id\":\"https:\\\/\\\/www.evropskakuca.me\\\/me\\\/u-crnu-goru-stigao-dio-medicinske-opreme-koju-je-donirala-eu\\\/#primaryimage\",\"url\":\"https:\\\/\\\/www.evropskakuca.me\\\/wp-content\\\/uploads\\\/2020\\\/05\\\/donacija-6.jpg\",\"contentUrl\":\"https:\\\/\\\/www.evropskakuca.me\\\/wp-content\\\/uploads\\\/2020\\\/05\\\/donacija-6.jpg\",\"width\":1500,\"height\":1000},{\"@type\":\"BreadcrumbList\",\"@id\":\"https:\\\/\\\/www.evropskakuca.me\\\/me\\\/u-crnu-goru-stigao-dio-medicinske-opreme-koju-je-donirala-eu\\\/#breadcrumb\",\"itemListElement\":[{\"@type\":\"ListItem\",\"position\":1,\"name\":\"Home\",\"item\":\"https:\\\/\\\/www.evropskakuca.me\\\/me\\\/\"},{\"@type\":\"ListItem\",\"position\":2,\"name\":\"U Crnu Goru stigao dio medicinske opreme koju je donirala EU\"}]},{\"@type\":\"WebSite\",\"@id\":\"https:\\\/\\\/www.evropskakuca.me\\\/me\\\/#website\",\"url\":\"https:\\\/\\\/www.evropskakuca.me\\\/me\\\/\",\"name\":\"Evropean house\",\"description\":\"\",\"publisher\":{\"@id\":\"https:\\\/\\\/www.evropskakuca.me\\\/me\\\/#organization\"},\"potentialAction\":[{\"@type\":\"SearchAction\",\"target\":{\"@type\":\"EntryPoint\",\"urlTemplate\":\"https:\\\/\\\/www.evropskakuca.me\\\/me\\\/?s={search_term_string}\"},\"query-input\":{\"@type\":\"PropertyValueSpecification\",\"valueRequired\":true,\"valueName\":\"search_term_string\"}}],\"inLanguage\":\"me-ME\"},{\"@type\":\"Organization\",\"@id\":\"https:\\\/\\\/www.evropskakuca.me\\\/me\\\/#organization\",\"name\":\"Evropean house\",\"url\":\"https:\\\/\\\/www.evropskakuca.me\\\/me\\\/\",\"logo\":{\"@type\":\"ImageObject\",\"inLanguage\":\"me-ME\",\"@id\":\"https:\\\/\\\/www.evropskakuca.me\\\/me\\\/#\\\/schema\\\/logo\\\/image\\\/\",\"url\":\"https:\\\/\\\/www.evropskakuca.me\\\/wp-content\\\/uploads\\\/2025\\\/01\\\/evropska-kuca-logo-1.png\",\"contentUrl\":\"https:\\\/\\\/www.evropskakuca.me\\\/wp-content\\\/uploads\\\/2025\\\/01\\\/evropska-kuca-logo-1.png\",\"width\":425,\"height\":312,\"caption\":\"Evropean house\"},\"image\":{\"@id\":\"https:\\\/\\\/www.evropskakuca.me\\\/me\\\/#\\\/schema\\\/logo\\\/image\\\/\"},\"sameAs\":[\"https:\\\/\\\/www.facebook.com\\\/evropska.kuca\",\"https:\\\/\\\/x.com\\\/evropska_kuca\",\"https:\\\/\\\/www.instagram.com\\\/evropska_kuca\"]},{\"@type\":\"Person\",\"@id\":\"https:\\\/\\\/www.evropskakuca.me\\\/me\\\/#\\\/schema\\\/person\\\/a1d0dcdaefe4a1cd1d60d200ea137ba4\",\"name\":\"mkajic\",\"image\":{\"@type\":\"ImageObject\",\"inLanguage\":\"me-ME\",\"@id\":\"https:\\\/\\\/secure.gravatar.com\\\/avatar\\\/731fa035cefab7316e6bafd1f25a93fb731a07de14e2d9923f8db4422628eabc?s=96&d=mm&r=g\",\"url\":\"https:\\\/\\\/secure.gravatar.com\\\/avatar\\\/731fa035cefab7316e6bafd1f25a93fb731a07de14e2d9923f8db4422628eabc?s=96&d=mm&r=g\",\"contentUrl\":\"https:\\\/\\\/secure.gravatar.com\\\/avatar\\\/731fa035cefab7316e6bafd1f25a93fb731a07de14e2d9923f8db4422628eabc?s=96&d=mm&r=g\",\"caption\":\"mkajic\"},\"sameAs\":[\"https:\\\/\\\/evropskakuca.me\"],\"url\":\"https:\\\/\\\/www.evropskakuca.me\\\/me\\\/author\\\/mkajic\\\/\"}]}<\/script>\n<!-- \/ Yoast SEO plugin. -->","yoast_head_json":{"title":"U Crnu Goru stigao dio medicinske opreme koju je donirala EU - Europe House","robots":{"index":"index","follow":"follow","max-snippet":"max-snippet:-1","max-image-preview":"max-image-preview:large","max-video-preview":"max-video-preview:-1"},"canonical":"https:\/\/www.evropskakuca.me\/me\/u-crnu-goru-stigao-dio-medicinske-opreme-koju-je-donirala-eu\/","og_locale":"en_US","og_type":"article","og_title":"U Crnu Goru stigao dio medicinske opreme koju je donirala EU - Europe House","og_description":"14 medicinskih respiratora, 80.000 rukavica, 50.560 hirur\u0161kih maski i 10.200 za\u0161titnih nao\u010dara","og_url":"https:\/\/www.evropskakuca.me\/me\/u-crnu-goru-stigao-dio-medicinske-opreme-koju-je-donirala-eu\/","og_site_name":"Europe House","article_publisher":"https:\/\/www.facebook.com\/evropska.kuca","article_published_time":"2020-05-15T17:52:54+00:00","og_image":[{"width":1500,"height":1000,"url":"https:\/\/www.evropskakuca.me\/wp-content\/uploads\/2020\/05\/donacija-6.jpg","type":"image\/jpeg"}],"author":"mkajic","twitter_card":"summary_large_image","twitter_creator":"@evropska_kuca","twitter_site":"@evropska_kuca","twitter_misc":{"Written by":"mkajic","Est. reading time":"3 minutes"},"schema":{"@context":"https:\/\/schema.org","@graph":[{"@type":"Article","@id":"https:\/\/www.evropskakuca.me\/me\/u-crnu-goru-stigao-dio-medicinske-opreme-koju-je-donirala-eu\/#article","isPartOf":{"@id":"https:\/\/www.evropskakuca.me\/me\/u-crnu-goru-stigao-dio-medicinske-opreme-koju-je-donirala-eu\/"},"author":{"name":"mkajic","@id":"https:\/\/www.evropskakuca.me\/me\/#\/schema\/person\/a1d0dcdaefe4a1cd1d60d200ea137ba4"},"headline":"U Crnu Goru stigao dio medicinske opreme koju je donirala EU","datePublished":"2020-05-15T17:52:54+00:00","mainEntityOfPage":{"@id":"https:\/\/www.evropskakuca.me\/me\/u-crnu-goru-stigao-dio-medicinske-opreme-koju-je-donirala-eu\/"},"wordCount":609,"publisher":{"@id":"https:\/\/www.evropskakuca.me\/me\/#organization"},"image":{"@id":"https:\/\/www.evropskakuca.me\/me\/u-crnu-goru-stigao-dio-medicinske-opreme-koju-je-donirala-eu\/#primaryimage"},"thumbnailUrl":"https:\/\/www.evropskakuca.me\/wp-content\/uploads\/2020\/05\/donacija-6.jpg","articleSection":["Koronavirusa","Novosti"],"inLanguage":"me-ME"},{"@type":"WebPage","@id":"https:\/\/www.evropskakuca.me\/me\/u-crnu-goru-stigao-dio-medicinske-opreme-koju-je-donirala-eu\/","url":"https:\/\/www.evropskakuca.me\/me\/u-crnu-goru-stigao-dio-medicinske-opreme-koju-je-donirala-eu\/","name":"U Crnu Goru stigao dio medicinske opreme koju je donirala EU - Europe House","isPartOf":{"@id":"https:\/\/www.evropskakuca.me\/me\/#website"},"primaryImageOfPage":{"@id":"https:\/\/www.evropskakuca.me\/me\/u-crnu-goru-stigao-dio-medicinske-opreme-koju-je-donirala-eu\/#primaryimage"},"image":{"@id":"https:\/\/www.evropskakuca.me\/me\/u-crnu-goru-stigao-dio-medicinske-opreme-koju-je-donirala-eu\/#primaryimage"},"thumbnailUrl":"https:\/\/www.evropskakuca.me\/wp-content\/uploads\/2020\/05\/donacija-6.jpg","datePublished":"2020-05-15T17:52:54+00:00","breadcrumb":{"@id":"https:\/\/www.evropskakuca.me\/me\/u-crnu-goru-stigao-dio-medicinske-opreme-koju-je-donirala-eu\/#breadcrumb"},"inLanguage":"me-ME","potentialAction":[{"@type":"ReadAction","target":["https:\/\/www.evropskakuca.me\/me\/u-crnu-goru-stigao-dio-medicinske-opreme-koju-je-donirala-eu\/"]}]},{"@type":"ImageObject","inLanguage":"me-ME","@id":"https:\/\/www.evropskakuca.me\/me\/u-crnu-goru-stigao-dio-medicinske-opreme-koju-je-donirala-eu\/#primaryimage","url":"https:\/\/www.evropskakuca.me\/wp-content\/uploads\/2020\/05\/donacija-6.jpg","contentUrl":"https:\/\/www.evropskakuca.me\/wp-content\/uploads\/2020\/05\/donacija-6.jpg","width":1500,"height":1000},{"@type":"BreadcrumbList","@id":"https:\/\/www.evropskakuca.me\/me\/u-crnu-goru-stigao-dio-medicinske-opreme-koju-je-donirala-eu\/#breadcrumb","itemListElement":[{"@type":"ListItem","position":1,"name":"Home","item":"https:\/\/www.evropskakuca.me\/me\/"},{"@type":"ListItem","position":2,"name":"U Crnu Goru stigao dio medicinske opreme koju je donirala EU"}]},{"@type":"WebSite","@id":"https:\/\/www.evropskakuca.me\/me\/#website","url":"https:\/\/www.evropskakuca.me\/me\/","name":"Evropean house","description":"","publisher":{"@id":"https:\/\/www.evropskakuca.me\/me\/#organization"},"potentialAction":[{"@type":"SearchAction","target":{"@type":"EntryPoint","urlTemplate":"https:\/\/www.evropskakuca.me\/me\/?s={search_term_string}"},"query-input":{"@type":"PropertyValueSpecification","valueRequired":true,"valueName":"search_term_string"}}],"inLanguage":"me-ME"},{"@type":"Organization","@id":"https:\/\/www.evropskakuca.me\/me\/#organization","name":"Evropean house","url":"https:\/\/www.evropskakuca.me\/me\/","logo":{"@type":"ImageObject","inLanguage":"me-ME","@id":"https:\/\/www.evropskakuca.me\/me\/#\/schema\/logo\/image\/","url":"https:\/\/www.evropskakuca.me\/wp-content\/uploads\/2025\/01\/evropska-kuca-logo-1.png","contentUrl":"https:\/\/www.evropskakuca.me\/wp-content\/uploads\/2025\/01\/evropska-kuca-logo-1.png","width":425,"height":312,"caption":"Evropean house"},"image":{"@id":"https:\/\/www.evropskakuca.me\/me\/#\/schema\/logo\/image\/"},"sameAs":["https:\/\/www.facebook.com\/evropska.kuca","https:\/\/x.com\/evropska_kuca","https:\/\/www.instagram.com\/evropska_kuca"]},{"@type":"Person","@id":"https:\/\/www.evropskakuca.me\/me\/#\/schema\/person\/a1d0dcdaefe4a1cd1d60d200ea137ba4","name":"mkajic","image":{"@type":"ImageObject","inLanguage":"me-ME","@id":"https:\/\/secure.gravatar.com\/avatar\/731fa035cefab7316e6bafd1f25a93fb731a07de14e2d9923f8db4422628eabc?s=96&d=mm&r=g","url":"https:\/\/secure.gravatar.com\/avatar\/731fa035cefab7316e6bafd1f25a93fb731a07de14e2d9923f8db4422628eabc?s=96&d=mm&r=g","contentUrl":"https:\/\/secure.gravatar.com\/avatar\/731fa035cefab7316e6bafd1f25a93fb731a07de14e2d9923f8db4422628eabc?s=96&d=mm&r=g","caption":"mkajic"},"sameAs":["https:\/\/evropskakuca.me"],"url":"https:\/\/www.evropskakuca.me\/me\/author\/mkajic\/"}]}},"_links":{"self":[{"href":"https:\/\/www.evropskakuca.me\/me\/wp-json\/wp\/v2\/posts\/9596","targetHints":{"allow":["GET"]}}],"collection":[{"href":"https:\/\/www.evropskakuca.me\/me\/wp-json\/wp\/v2\/posts"}],"about":[{"href":"https:\/\/www.evropskakuca.me\/me\/wp-json\/wp\/v2\/types\/post"}],"author":[{"embeddable":true,"href":"https:\/\/www.evropskakuca.me\/me\/wp-json\/wp\/v2\/users\/1"}],"replies":[{"embeddable":true,"href":"https:\/\/www.evropskakuca.me\/me\/wp-json\/wp\/v2\/comments?post=9596"}],"version-history":[{"count":0,"href":"https:\/\/www.evropskakuca.me\/me\/wp-json\/wp\/v2\/posts\/9596\/revisions"}],"wp:featuredmedia":[{"embeddable":true,"href":"https:\/\/www.evropskakuca.me\/me\/wp-json\/wp\/v2\/media\/35394"}],"wp:attachment":[{"href":"https:\/\/www.evropskakuca.me\/me\/wp-json\/wp\/v2\/media?parent=9596"}],"wp:term":[{"taxonomy":"category","embeddable":true,"href":"https:\/\/www.evropskakuca.me\/me\/wp-json\/wp\/v2\/categories?post=9596"},{"taxonomy":"post_tag","embeddable":true,"href":"https:\/\/www.evropskakuca.me\/me\/wp-json\/wp\/v2\/tags?post=9596"}],"curies":[{"name":"wp","href":"https:\/\/api.w.org\/{rel}","templated":true}]}}