{"id":9514,"date":"2020-05-12T14:02:55","date_gmt":"2020-05-12T14:02:55","guid":{"rendered":"http:\/\/www.evropskakuca.me\/me\/?p=9514"},"modified":"2020-05-12T14:02:55","modified_gmt":"2020-05-12T14:02:55","slug":"blog-kako-da-uzgajate-salatu-na-terasi","status":"publish","type":"post","link":"https:\/\/www.evropskakuca.me\/me\/blog-kako-da-uzgajate-salatu-na-terasi\/","title":{"rendered":"BLOG: Kako da uzgajate salatu na terasi?"},"content":{"rendered":"<p>Salata je povr\u0107e koje je veoma jednostavno uzgajati u saksijama, na balkonu. Brzo raste, zauzima malo prostora i ne zahtjeva previ\u0161e osun\u010dan polo\u017eaj. Razlikujemo vi\u0161e razli\u010ditih vrsta salata, od onih koje formiraju glavicu, takozvanih glavi\u010dastih salata, do lisnatih salata kod kojih boja listova varira od svijetlo do tamno zelenih ili \u010dak razli\u010ditih nijansi sme\u0111e i ljubi\u010daste.<\/p>\n<p>Autorka: Danijela Despotovi\u0107, dipl. in\u017eenjer agronomije<\/p>\n<p>Kao najjednostavnija i najotpornija za uzgoj izdvaja se rukola. Rukola je jednogodi\u0161nja ili dvogodi\u0161nja vrsta karakteristi\u010dnog, pikantnog i pomalo oporog ukusa. Rukolu mo\u017eete posijati u bilo kojem periodu godine, jako je otporna. Zimi je bolje da je dr\u017eite u zatvorenom, negdje pored prozora, a ljeti joj ne\u0107e smetati \u010dak ni visoke temperature. Za nekih 30-tak do 40 dana \u0107e ve\u0107 biti spremna za berbu i ako redovno budete brali listi\u0107e podstaknu\u0107ete je da \u0161to vi\u0161e raste.<\/p>\n<p>Rukolu mo\u017eete posijati direktno u saksiju, moj savjet je da to bude ve\u0107a saksija, kako biste imali vi\u0161e salate za vas i va\u0161u porodicu. Saksija ne mora biti naro\u010dito duboka jer rukola nema razgranat korijenov sistem.<\/p>\n<p>Preporu\u010dujem vam platnene saksije pomo\u0107u kojih \u0107e supstrat ostati vla\u017ean du\u017ee vremena, \u0161to je jako bitno za razvoj salate u toplim ljetnjim danima.<\/p>\n<p>Pored redovnog navodnjavanja, za uspje\u0161an razvoj i rast salate, bi\u0107e potrebno i da je prihranite organskim \u0111ubrivima. Najbolji rezultati se posti\u017eu folijarnim putem, to jest tretiranjem te\u010dnim \u0111ubrivom preko lista. Ovaj na\u010din prihrane se pokazao najboljim u slu\u010daju svih lisnatih kultura (salate, spana\u0107a, blitve\u2026).<\/p>\n<p>Ovom prilikom \u0107emo koristiti organsko \u0111ubrivo Alga Grow na bazi algi, koje se u veoma maloj koncentraciji rastvara u vodi i na taj na\u010din dobijamo rastvor kojim kasnije prskamo biljke. Preporu\u010dujem da voda koju koristimo za tretiranje bude odstajala, najmanje 24h, kako bi bila mek\u0161a, a samim tim \u0107e se i \u0111ubrivo bolje rastvarati.<\/p>\n<p>Ovaj postupak mo\u017eete da radite jednom do dva puta nedjeljno, i rezultati \u0107e biti brzo vidljivi. Boja listova \u0107e postati intezivnija, a biljka \u0107e br\u017ee napredovati.\u00a0 Na\u0161 savjet je da berete listove dok su jo\u0161 mladi, jer je velika mogu\u0107nost da stariji listovi budu malo vi\u0161e gorki. <u>Naravno, sve po ukusu.<\/u><\/p>\n<p>Kada je u pitanju zelena salata koju mo\u017eda i naj\u010de\u0161\u0107e koristimo u na\u0161oj kuhinji i najvi\u0161e je volimo, treba voditi ra\u010duna o terminu sjetve. Dakle, po\u017eeljno bi bilo da to radite u februaru ili martu jer ona ne trpi visoke temperature kao rukola. Ili je prosto jednostavnije da kupite rasad i da ga presadite u neku vecu saksiju. U takvu saksiju vam mogu stati 3-4 sadnice, \u0161to \u0107e biti dovoljno da uz redovno reckanje imate salatu tokom cijelog ljeta.<\/p>\n<p>La Organica je u saradnji sa Evropskom unijom u Crnoj Gori snimila seriju kratkih video formi u kojima \u0107emo vas uputiti kako da na jednostavan i zabavan na\u010din napravite jednu malu ba\u0161tu na va\u0161oj terasi, a epizodu o uzgoju salata mo\u017eete prona\u0107i ovdje.\u00a0 Najbolje je da svi ostanemo doma i u\u017eivamo u ovom korisnom hobiju.<\/p>\n<p><iframe title=\"Tvoja basta, epizoda 5\" width=\"800\" height=\"450\" src=\"https:\/\/www.youtube.com\/embed\/fxIyYcKEVGA?feature=oembed\" frameborder=\"0\" allow=\"accelerometer; autoplay; clipboard-write; encrypted-media; gyroscope; picture-in-picture; web-share\" referrerpolicy=\"strict-origin-when-cross-origin\" allowfullscreen><\/iframe><\/p>\n","protected":false},"excerpt":{"rendered":"<p>Tvoja ba\u0161ta (epizoda 5) <\/p>\n","protected":false},"author":1,"featured_media":35286,"comment_status":"closed","ping_status":"closed","sticky":false,"template":"","format":"standard","meta":{"_acf_changed":false,"footnotes":""},"categories":[283],"tags":[],"class_list":["post-9514","post","type-post","status-publish","format-standard","has-post-thumbnail","hentry","category-novosti-me"],"acf":[],"yoast_head":"<!-- This site is optimized with the Yoast SEO plugin v27.3 - https:\/\/yoast.com\/product\/yoast-seo-wordpress\/ -->\n<title>BLOG: Kako da uzgajate salatu na terasi? - Europe House<\/title>\n<meta name=\"robots\" content=\"index, follow, max-snippet:-1, max-image-preview:large, max-video-preview:-1\" \/>\n<link rel=\"canonical\" href=\"https:\/\/www.evropskakuca.me\/me\/blog-kako-da-uzgajate-salatu-na-terasi\/\" \/>\n<meta property=\"og:locale\" content=\"en_US\" \/>\n<meta property=\"og:type\" content=\"article\" \/>\n<meta property=\"og:title\" content=\"BLOG: Kako da uzgajate salatu na terasi? - Europe House\" \/>\n<meta property=\"og:description\" content=\"Tvoja ba\u0161ta (epizoda 5)\" \/>\n<meta property=\"og:url\" content=\"https:\/\/www.evropskakuca.me\/me\/blog-kako-da-uzgajate-salatu-na-terasi\/\" \/>\n<meta property=\"og:site_name\" content=\"Europe House\" \/>\n<meta property=\"article:publisher\" content=\"https:\/\/www.facebook.com\/evropska.kuca\" \/>\n<meta property=\"article:published_time\" content=\"2020-05-12T14:02:55+00:00\" \/>\n<meta property=\"og:image\" content=\"https:\/\/www.evropskakuca.me\/wp-content\/uploads\/2020\/04\/la-organica-7-scaled.jpg\" \/>\n\t<meta property=\"og:image:width\" content=\"2560\" \/>\n\t<meta property=\"og:image:height\" content=\"1707\" \/>\n\t<meta property=\"og:image:type\" content=\"image\/jpeg\" \/>\n<meta name=\"author\" content=\"mkajic\" \/>\n<meta name=\"twitter:card\" content=\"summary_large_image\" \/>\n<meta name=\"twitter:creator\" content=\"@evropska_kuca\" \/>\n<meta name=\"twitter:site\" content=\"@evropska_kuca\" \/>\n<meta name=\"twitter:label1\" content=\"Written by\" \/>\n\t<meta name=\"twitter:data1\" content=\"mkajic\" \/>\n\t<meta name=\"twitter:label2\" content=\"Est. reading time\" \/>\n\t<meta name=\"twitter:data2\" content=\"3 minutes\" \/>\n<script type=\"application\/ld+json\" class=\"yoast-schema-graph\">{\"@context\":\"https:\\\/\\\/schema.org\",\"@graph\":[{\"@type\":\"Article\",\"@id\":\"https:\\\/\\\/www.evropskakuca.me\\\/me\\\/blog-kako-da-uzgajate-salatu-na-terasi\\\/#article\",\"isPartOf\":{\"@id\":\"https:\\\/\\\/www.evropskakuca.me\\\/me\\\/blog-kako-da-uzgajate-salatu-na-terasi\\\/\"},\"author\":{\"name\":\"mkajic\",\"@id\":\"https:\\\/\\\/www.evropskakuca.me\\\/me\\\/#\\\/schema\\\/person\\\/a1d0dcdaefe4a1cd1d60d200ea137ba4\"},\"headline\":\"BLOG: Kako da uzgajate salatu na terasi?\",\"datePublished\":\"2020-05-12T14:02:55+00:00\",\"mainEntityOfPage\":{\"@id\":\"https:\\\/\\\/www.evropskakuca.me\\\/me\\\/blog-kako-da-uzgajate-salatu-na-terasi\\\/\"},\"wordCount\":549,\"publisher\":{\"@id\":\"https:\\\/\\\/www.evropskakuca.me\\\/me\\\/#organization\"},\"image\":{\"@id\":\"https:\\\/\\\/www.evropskakuca.me\\\/me\\\/blog-kako-da-uzgajate-salatu-na-terasi\\\/#primaryimage\"},\"thumbnailUrl\":\"https:\\\/\\\/www.evropskakuca.me\\\/wp-content\\\/uploads\\\/2020\\\/04\\\/la-organica-7-scaled.jpg\",\"articleSection\":[\"Novosti\"],\"inLanguage\":\"me-ME\"},{\"@type\":\"WebPage\",\"@id\":\"https:\\\/\\\/www.evropskakuca.me\\\/me\\\/blog-kako-da-uzgajate-salatu-na-terasi\\\/\",\"url\":\"https:\\\/\\\/www.evropskakuca.me\\\/me\\\/blog-kako-da-uzgajate-salatu-na-terasi\\\/\",\"name\":\"BLOG: Kako da uzgajate salatu na terasi? - Europe House\",\"isPartOf\":{\"@id\":\"https:\\\/\\\/www.evropskakuca.me\\\/me\\\/#website\"},\"primaryImageOfPage\":{\"@id\":\"https:\\\/\\\/www.evropskakuca.me\\\/me\\\/blog-kako-da-uzgajate-salatu-na-terasi\\\/#primaryimage\"},\"image\":{\"@id\":\"https:\\\/\\\/www.evropskakuca.me\\\/me\\\/blog-kako-da-uzgajate-salatu-na-terasi\\\/#primaryimage\"},\"thumbnailUrl\":\"https:\\\/\\\/www.evropskakuca.me\\\/wp-content\\\/uploads\\\/2020\\\/04\\\/la-organica-7-scaled.jpg\",\"datePublished\":\"2020-05-12T14:02:55+00:00\",\"breadcrumb\":{\"@id\":\"https:\\\/\\\/www.evropskakuca.me\\\/me\\\/blog-kako-da-uzgajate-salatu-na-terasi\\\/#breadcrumb\"},\"inLanguage\":\"me-ME\",\"potentialAction\":[{\"@type\":\"ReadAction\",\"target\":[\"https:\\\/\\\/www.evropskakuca.me\\\/me\\\/blog-kako-da-uzgajate-salatu-na-terasi\\\/\"]}]},{\"@type\":\"ImageObject\",\"inLanguage\":\"me-ME\",\"@id\":\"https:\\\/\\\/www.evropskakuca.me\\\/me\\\/blog-kako-da-uzgajate-salatu-na-terasi\\\/#primaryimage\",\"url\":\"https:\\\/\\\/www.evropskakuca.me\\\/wp-content\\\/uploads\\\/2020\\\/04\\\/la-organica-7-scaled.jpg\",\"contentUrl\":\"https:\\\/\\\/www.evropskakuca.me\\\/wp-content\\\/uploads\\\/2020\\\/04\\\/la-organica-7-scaled.jpg\",\"width\":2560,\"height\":1707},{\"@type\":\"BreadcrumbList\",\"@id\":\"https:\\\/\\\/www.evropskakuca.me\\\/me\\\/blog-kako-da-uzgajate-salatu-na-terasi\\\/#breadcrumb\",\"itemListElement\":[{\"@type\":\"ListItem\",\"position\":1,\"name\":\"Home\",\"item\":\"https:\\\/\\\/www.evropskakuca.me\\\/me\\\/\"},{\"@type\":\"ListItem\",\"position\":2,\"name\":\"BLOG: Kako da uzgajate salatu na terasi?\"}]},{\"@type\":\"WebSite\",\"@id\":\"https:\\\/\\\/www.evropskakuca.me\\\/me\\\/#website\",\"url\":\"https:\\\/\\\/www.evropskakuca.me\\\/me\\\/\",\"name\":\"Evropean house\",\"description\":\"\",\"publisher\":{\"@id\":\"https:\\\/\\\/www.evropskakuca.me\\\/me\\\/#organization\"},\"potentialAction\":[{\"@type\":\"SearchAction\",\"target\":{\"@type\":\"EntryPoint\",\"urlTemplate\":\"https:\\\/\\\/www.evropskakuca.me\\\/me\\\/?s={search_term_string}\"},\"query-input\":{\"@type\":\"PropertyValueSpecification\",\"valueRequired\":true,\"valueName\":\"search_term_string\"}}],\"inLanguage\":\"me-ME\"},{\"@type\":\"Organization\",\"@id\":\"https:\\\/\\\/www.evropskakuca.me\\\/me\\\/#organization\",\"name\":\"Evropean house\",\"url\":\"https:\\\/\\\/www.evropskakuca.me\\\/me\\\/\",\"logo\":{\"@type\":\"ImageObject\",\"inLanguage\":\"me-ME\",\"@id\":\"https:\\\/\\\/www.evropskakuca.me\\\/me\\\/#\\\/schema\\\/logo\\\/image\\\/\",\"url\":\"https:\\\/\\\/www.evropskakuca.me\\\/wp-content\\\/uploads\\\/2025\\\/01\\\/evropska-kuca-logo-1.png\",\"contentUrl\":\"https:\\\/\\\/www.evropskakuca.me\\\/wp-content\\\/uploads\\\/2025\\\/01\\\/evropska-kuca-logo-1.png\",\"width\":425,\"height\":312,\"caption\":\"Evropean house\"},\"image\":{\"@id\":\"https:\\\/\\\/www.evropskakuca.me\\\/me\\\/#\\\/schema\\\/logo\\\/image\\\/\"},\"sameAs\":[\"https:\\\/\\\/www.facebook.com\\\/evropska.kuca\",\"https:\\\/\\\/x.com\\\/evropska_kuca\",\"https:\\\/\\\/www.instagram.com\\\/evropska_kuca\"]},{\"@type\":\"Person\",\"@id\":\"https:\\\/\\\/www.evropskakuca.me\\\/me\\\/#\\\/schema\\\/person\\\/a1d0dcdaefe4a1cd1d60d200ea137ba4\",\"name\":\"mkajic\",\"image\":{\"@type\":\"ImageObject\",\"inLanguage\":\"me-ME\",\"@id\":\"https:\\\/\\\/secure.gravatar.com\\\/avatar\\\/731fa035cefab7316e6bafd1f25a93fb731a07de14e2d9923f8db4422628eabc?s=96&d=mm&r=g\",\"url\":\"https:\\\/\\\/secure.gravatar.com\\\/avatar\\\/731fa035cefab7316e6bafd1f25a93fb731a07de14e2d9923f8db4422628eabc?s=96&d=mm&r=g\",\"contentUrl\":\"https:\\\/\\\/secure.gravatar.com\\\/avatar\\\/731fa035cefab7316e6bafd1f25a93fb731a07de14e2d9923f8db4422628eabc?s=96&d=mm&r=g\",\"caption\":\"mkajic\"},\"sameAs\":[\"https:\\\/\\\/evropskakuca.me\"],\"url\":\"https:\\\/\\\/www.evropskakuca.me\\\/me\\\/author\\\/mkajic\\\/\"}]}<\/script>\n<!-- \/ Yoast SEO plugin. -->","yoast_head_json":{"title":"BLOG: Kako da uzgajate salatu na terasi? - Europe House","robots":{"index":"index","follow":"follow","max-snippet":"max-snippet:-1","max-image-preview":"max-image-preview:large","max-video-preview":"max-video-preview:-1"},"canonical":"https:\/\/www.evropskakuca.me\/me\/blog-kako-da-uzgajate-salatu-na-terasi\/","og_locale":"en_US","og_type":"article","og_title":"BLOG: Kako da uzgajate salatu na terasi? - Europe House","og_description":"Tvoja ba\u0161ta (epizoda 5)","og_url":"https:\/\/www.evropskakuca.me\/me\/blog-kako-da-uzgajate-salatu-na-terasi\/","og_site_name":"Europe House","article_publisher":"https:\/\/www.facebook.com\/evropska.kuca","article_published_time":"2020-05-12T14:02:55+00:00","og_image":[{"width":2560,"height":1707,"url":"https:\/\/www.evropskakuca.me\/wp-content\/uploads\/2020\/04\/la-organica-7-scaled.jpg","type":"image\/jpeg"}],"author":"mkajic","twitter_card":"summary_large_image","twitter_creator":"@evropska_kuca","twitter_site":"@evropska_kuca","twitter_misc":{"Written by":"mkajic","Est. reading time":"3 minutes"},"schema":{"@context":"https:\/\/schema.org","@graph":[{"@type":"Article","@id":"https:\/\/www.evropskakuca.me\/me\/blog-kako-da-uzgajate-salatu-na-terasi\/#article","isPartOf":{"@id":"https:\/\/www.evropskakuca.me\/me\/blog-kako-da-uzgajate-salatu-na-terasi\/"},"author":{"name":"mkajic","@id":"https:\/\/www.evropskakuca.me\/me\/#\/schema\/person\/a1d0dcdaefe4a1cd1d60d200ea137ba4"},"headline":"BLOG: Kako da uzgajate salatu na terasi?","datePublished":"2020-05-12T14:02:55+00:00","mainEntityOfPage":{"@id":"https:\/\/www.evropskakuca.me\/me\/blog-kako-da-uzgajate-salatu-na-terasi\/"},"wordCount":549,"publisher":{"@id":"https:\/\/www.evropskakuca.me\/me\/#organization"},"image":{"@id":"https:\/\/www.evropskakuca.me\/me\/blog-kako-da-uzgajate-salatu-na-terasi\/#primaryimage"},"thumbnailUrl":"https:\/\/www.evropskakuca.me\/wp-content\/uploads\/2020\/04\/la-organica-7-scaled.jpg","articleSection":["Novosti"],"inLanguage":"me-ME"},{"@type":"WebPage","@id":"https:\/\/www.evropskakuca.me\/me\/blog-kako-da-uzgajate-salatu-na-terasi\/","url":"https:\/\/www.evropskakuca.me\/me\/blog-kako-da-uzgajate-salatu-na-terasi\/","name":"BLOG: Kako da uzgajate salatu na terasi? - Europe House","isPartOf":{"@id":"https:\/\/www.evropskakuca.me\/me\/#website"},"primaryImageOfPage":{"@id":"https:\/\/www.evropskakuca.me\/me\/blog-kako-da-uzgajate-salatu-na-terasi\/#primaryimage"},"image":{"@id":"https:\/\/www.evropskakuca.me\/me\/blog-kako-da-uzgajate-salatu-na-terasi\/#primaryimage"},"thumbnailUrl":"https:\/\/www.evropskakuca.me\/wp-content\/uploads\/2020\/04\/la-organica-7-scaled.jpg","datePublished":"2020-05-12T14:02:55+00:00","breadcrumb":{"@id":"https:\/\/www.evropskakuca.me\/me\/blog-kako-da-uzgajate-salatu-na-terasi\/#breadcrumb"},"inLanguage":"me-ME","potentialAction":[{"@type":"ReadAction","target":["https:\/\/www.evropskakuca.me\/me\/blog-kako-da-uzgajate-salatu-na-terasi\/"]}]},{"@type":"ImageObject","inLanguage":"me-ME","@id":"https:\/\/www.evropskakuca.me\/me\/blog-kako-da-uzgajate-salatu-na-terasi\/#primaryimage","url":"https:\/\/www.evropskakuca.me\/wp-content\/uploads\/2020\/04\/la-organica-7-scaled.jpg","contentUrl":"https:\/\/www.evropskakuca.me\/wp-content\/uploads\/2020\/04\/la-organica-7-scaled.jpg","width":2560,"height":1707},{"@type":"BreadcrumbList","@id":"https:\/\/www.evropskakuca.me\/me\/blog-kako-da-uzgajate-salatu-na-terasi\/#breadcrumb","itemListElement":[{"@type":"ListItem","position":1,"name":"Home","item":"https:\/\/www.evropskakuca.me\/me\/"},{"@type":"ListItem","position":2,"name":"BLOG: Kako da uzgajate salatu na terasi?"}]},{"@type":"WebSite","@id":"https:\/\/www.evropskakuca.me\/me\/#website","url":"https:\/\/www.evropskakuca.me\/me\/","name":"Evropean house","description":"","publisher":{"@id":"https:\/\/www.evropskakuca.me\/me\/#organization"},"potentialAction":[{"@type":"SearchAction","target":{"@type":"EntryPoint","urlTemplate":"https:\/\/www.evropskakuca.me\/me\/?s={search_term_string}"},"query-input":{"@type":"PropertyValueSpecification","valueRequired":true,"valueName":"search_term_string"}}],"inLanguage":"me-ME"},{"@type":"Organization","@id":"https:\/\/www.evropskakuca.me\/me\/#organization","name":"Evropean house","url":"https:\/\/www.evropskakuca.me\/me\/","logo":{"@type":"ImageObject","inLanguage":"me-ME","@id":"https:\/\/www.evropskakuca.me\/me\/#\/schema\/logo\/image\/","url":"https:\/\/www.evropskakuca.me\/wp-content\/uploads\/2025\/01\/evropska-kuca-logo-1.png","contentUrl":"https:\/\/www.evropskakuca.me\/wp-content\/uploads\/2025\/01\/evropska-kuca-logo-1.png","width":425,"height":312,"caption":"Evropean house"},"image":{"@id":"https:\/\/www.evropskakuca.me\/me\/#\/schema\/logo\/image\/"},"sameAs":["https:\/\/www.facebook.com\/evropska.kuca","https:\/\/x.com\/evropska_kuca","https:\/\/www.instagram.com\/evropska_kuca"]},{"@type":"Person","@id":"https:\/\/www.evropskakuca.me\/me\/#\/schema\/person\/a1d0dcdaefe4a1cd1d60d200ea137ba4","name":"mkajic","image":{"@type":"ImageObject","inLanguage":"me-ME","@id":"https:\/\/secure.gravatar.com\/avatar\/731fa035cefab7316e6bafd1f25a93fb731a07de14e2d9923f8db4422628eabc?s=96&d=mm&r=g","url":"https:\/\/secure.gravatar.com\/avatar\/731fa035cefab7316e6bafd1f25a93fb731a07de14e2d9923f8db4422628eabc?s=96&d=mm&r=g","contentUrl":"https:\/\/secure.gravatar.com\/avatar\/731fa035cefab7316e6bafd1f25a93fb731a07de14e2d9923f8db4422628eabc?s=96&d=mm&r=g","caption":"mkajic"},"sameAs":["https:\/\/evropskakuca.me"],"url":"https:\/\/www.evropskakuca.me\/me\/author\/mkajic\/"}]}},"_links":{"self":[{"href":"https:\/\/www.evropskakuca.me\/me\/wp-json\/wp\/v2\/posts\/9514","targetHints":{"allow":["GET"]}}],"collection":[{"href":"https:\/\/www.evropskakuca.me\/me\/wp-json\/wp\/v2\/posts"}],"about":[{"href":"https:\/\/www.evropskakuca.me\/me\/wp-json\/wp\/v2\/types\/post"}],"author":[{"embeddable":true,"href":"https:\/\/www.evropskakuca.me\/me\/wp-json\/wp\/v2\/users\/1"}],"replies":[{"embeddable":true,"href":"https:\/\/www.evropskakuca.me\/me\/wp-json\/wp\/v2\/comments?post=9514"}],"version-history":[{"count":0,"href":"https:\/\/www.evropskakuca.me\/me\/wp-json\/wp\/v2\/posts\/9514\/revisions"}],"wp:featuredmedia":[{"embeddable":true,"href":"https:\/\/www.evropskakuca.me\/me\/wp-json\/wp\/v2\/media\/35286"}],"wp:attachment":[{"href":"https:\/\/www.evropskakuca.me\/me\/wp-json\/wp\/v2\/media?parent=9514"}],"wp:term":[{"taxonomy":"category","embeddable":true,"href":"https:\/\/www.evropskakuca.me\/me\/wp-json\/wp\/v2\/categories?post=9514"},{"taxonomy":"post_tag","embeddable":true,"href":"https:\/\/www.evropskakuca.me\/me\/wp-json\/wp\/v2\/tags?post=9514"}],"curies":[{"name":"wp","href":"https:\/\/api.w.org\/{rel}","templated":true}]}}