{"id":9210,"date":"2020-05-06T15:23:51","date_gmt":"2020-05-06T15:23:51","guid":{"rendered":"http:\/\/www.evropskakuca.me\/me\/?p=9210"},"modified":"2020-05-06T15:23:51","modified_gmt":"2020-05-06T15:23:51","slug":"udruzenje-roditelji-pruza-podrsku-svim-roditeljima-kod-kuce","status":"publish","type":"post","link":"https:\/\/www.evropskakuca.me\/me\/udruzenje-roditelji-pruza-podrsku-svim-roditeljima-kod-kuce\/","title":{"rendered":"Udru\u017eenje Roditelji pru\u017ea podr\u0161ku svim roditeljima kod ku\u0107e"},"content":{"rendered":"<p>Udru\u017eenje Roditelji sprovodi projekat\u201eProgrami podr\u0161ke roditeljstvu u zajednici\u201c u okviru ReLoad programa. Prijekat se u skladu sa novonastalom situacijom uzrokovanom pandemijom korona virusa u dijelu aktivnosti prilagodio \u010dinjenici da su roditelji i djeca kod ku\u0107e. Sada mnogo vi\u0161e vremena provode zajedno, zajedni\u010dki u\u010de, prolaze kroz razli\u010dite edukacije ili jednostavno \u010ditaju zajedno ili se igraju.<\/p>\n<p>\u201cSve to obuhvata na\u0161e zajedni\u010dko vrijeme sa djecom i zato smo \u017eeljeli da roditelji kroz vebinare koje ina\u010de organizujemo u okviru projekta koji se finasira kroz ReLoad program, dobiju stru\u010dne savjete i pomo\u0107 kako da sa djecom provode kvalitetno vrijeme ali i da sprovode neke vaspitne metode.\u201ckazala je Kristina Mihajlovi\u0107 iz Udru\u017eenja Roditelji.<\/p>\n<p>Roditelji.me su dio aktivnosti koje se ti\u010du vebinara uskladili sa globalnom inicijativom \u201cOstani doma\u201c. U saradnji sa razli\u010ditim predava\u010dima poku\u0161ali su da roditelje pripreme za izazove i mogu\u0107nosti koje pru\u017ea aktuelna situacija. Tu im je, ka\u017ee Kristina, veliku pomo\u0107 pru\u017eila Darija Petrovi\u0107 Bambur, psihoterapeutkinja. Ona je vodila vebinare za roditelje na temu #OstaniDoma sa djecom \u2013 izazovi i mogu\u0107nosti?, \u00a0koji su posve\u0107eni prilago\u0111avanjima \u010dlanova porodice na nove dnevne rutine, osmi\u0161ljavanje zajedni\u010dkih igara, ali i podsticanje djece da se samostalno igraju.<\/p>\n<p>Roditelji su u doba korone, preuzeli mnogobrojne nove uloge \u2013 nastavnika, organizatora, drugara\u2026a uz to zna\u010dajan dio njih obavlja svoje poslovne obaveze od ku\u0107e, \u0161to sve zajedno predstavlja veliki izazov i prijeti sindromom sagorijevanja. Zbog toga im je psihoterapeutkinja Darija Petovi\u0107 Bambur govorila i kako da brinu o sebi.<\/p>\n<p>Roditelji, kada uspostavljanju granice djeci, treba da formuli\u0161u jasna, precizna i pozitivna pravila, da budu saglasni sa njima i dosljedni u primjeni od ranog uzrasta ali i da uvijek upute pohvalu djetetu kada uradi ono \u0161to se od njega tra\u017ei jer ga na taj na\u010din ohrabruju da ih slu\u0161a, preporuke su psiholog ai voditelj vebinara\u201cRoditeljstvo za cjelo\u017eivotno zdravlje\u201c, Milo\u0161 Bulatovi\u0107a.<\/p>\n<p>\u201cSve vebinare snimamo i video materijal se \u010duva tako da se mo\u017ee pogledati u svakom trenutku na na\u0161em jutub kanalu Roditelji.me. Od vebinara pravimo i novinarske tekstove kako bismo na i taj na\u010din obezbijedili roditeljima da savjete koji su im mo\u017eda neophodni, dobiju na neki malo br\u017ei na\u010din.\u201c kazala je Kristina Mihajlovic iz Udru\u017eenja Roditelji.<\/p>\n<p>Roditelji.me su kroz ReLoad projekat uskladili i neke dodatne aktivnosti koje se odnose na djecu iz socijalno ugro\u017eenih porodica i obezbje\u0111uju dodatnu podr\u0161ku djeci sa kojima ina\u010de sara\u0111uju. Tako da \u0107e oni mo\u0107i da i u narednom periodu o\u010dekuju od Udru\u017eenja roditelji i volontera podr\u0161ku u savladivanju \u0161kolskog gradiva.<\/p>\n<p>Udru\u017eenje \u00a0Roditelji sprovodi projekat koji se zove \u201eProgrami podr\u0161ke roditeljstvu u zajednici\u201c koji je podr\u017ean u okviru regionalnog programa Lokalne demokratije na Zapadnom Balkanu ReLoad. Program finasira Evropska unija a sprovodi ga program Ujedinjenih nacija za razvoj u Crnoj Gori i sprovodi se u op\u0161tinama Podgorica,Tivat, Kotor, Nik\u0161i\u0107 i Pljevlja.<\/p>\n","protected":false},"excerpt":{"rendered":"<p>Vebinari u doba korone<\/p>\n","protected":false},"author":1,"featured_media":35456,"comment_status":"closed","ping_status":"closed","sticky":false,"template":"","format":"standard","meta":{"_acf_changed":false,"footnotes":""},"categories":[],"tags":[],"class_list":["post-9210","post","type-post","status-publish","format-standard","has-post-thumbnail","hentry"],"acf":[],"yoast_head":"<!-- This site is optimized with the Yoast SEO plugin v27.3 - https:\/\/yoast.com\/product\/yoast-seo-wordpress\/ -->\n<title>Udru\u017eenje Roditelji pru\u017ea podr\u0161ku svim roditeljima kod ku\u0107e - Europe House<\/title>\n<meta name=\"robots\" content=\"index, follow, max-snippet:-1, max-image-preview:large, max-video-preview:-1\" \/>\n<link rel=\"canonical\" href=\"https:\/\/www.evropskakuca.me\/me\/udruzenje-roditelji-pruza-podrsku-svim-roditeljima-kod-kuce\/\" \/>\n<meta property=\"og:locale\" content=\"en_US\" \/>\n<meta property=\"og:type\" content=\"article\" \/>\n<meta property=\"og:title\" content=\"Udru\u017eenje Roditelji pru\u017ea podr\u0161ku svim roditeljima kod ku\u0107e - Europe House\" \/>\n<meta property=\"og:description\" content=\"Vebinari u doba korone\" \/>\n<meta property=\"og:url\" content=\"https:\/\/www.evropskakuca.me\/me\/udruzenje-roditelji-pruza-podrsku-svim-roditeljima-kod-kuce\/\" \/>\n<meta property=\"og:site_name\" content=\"Europe House\" \/>\n<meta property=\"article:publisher\" content=\"https:\/\/www.facebook.com\/evropska.kuca\" \/>\n<meta property=\"article:published_time\" content=\"2020-05-06T15:23:51+00:00\" \/>\n<meta property=\"og:image\" content=\"https:\/\/www.evropskakuca.me\/wp-content\/uploads\/2020\/05\/udruzenje-rodielji.jpg\" \/>\n\t<meta property=\"og:image:width\" content=\"2048\" \/>\n\t<meta property=\"og:image:height\" content=\"1365\" \/>\n\t<meta property=\"og:image:type\" content=\"image\/jpeg\" \/>\n<meta name=\"author\" content=\"mkajic\" \/>\n<meta name=\"twitter:card\" content=\"summary_large_image\" \/>\n<meta name=\"twitter:creator\" content=\"@evropska_kuca\" \/>\n<meta name=\"twitter:site\" content=\"@evropska_kuca\" \/>\n<meta name=\"twitter:label1\" content=\"Written by\" \/>\n\t<meta name=\"twitter:data1\" content=\"mkajic\" \/>\n\t<meta name=\"twitter:label2\" content=\"Est. reading time\" \/>\n\t<meta name=\"twitter:data2\" content=\"3 minutes\" \/>\n<script type=\"application\/ld+json\" class=\"yoast-schema-graph\">{\"@context\":\"https:\\\/\\\/schema.org\",\"@graph\":[{\"@type\":\"Article\",\"@id\":\"https:\\\/\\\/www.evropskakuca.me\\\/me\\\/udruzenje-roditelji-pruza-podrsku-svim-roditeljima-kod-kuce\\\/#article\",\"isPartOf\":{\"@id\":\"https:\\\/\\\/www.evropskakuca.me\\\/me\\\/udruzenje-roditelji-pruza-podrsku-svim-roditeljima-kod-kuce\\\/\"},\"author\":{\"name\":\"mkajic\",\"@id\":\"https:\\\/\\\/www.evropskakuca.me\\\/me\\\/#\\\/schema\\\/person\\\/a1d0dcdaefe4a1cd1d60d200ea137ba4\"},\"headline\":\"Udru\u017eenje Roditelji pru\u017ea podr\u0161ku svim roditeljima kod ku\u0107e\",\"datePublished\":\"2020-05-06T15:23:51+00:00\",\"mainEntityOfPage\":{\"@id\":\"https:\\\/\\\/www.evropskakuca.me\\\/me\\\/udruzenje-roditelji-pruza-podrsku-svim-roditeljima-kod-kuce\\\/\"},\"wordCount\":522,\"publisher\":{\"@id\":\"https:\\\/\\\/www.evropskakuca.me\\\/me\\\/#organization\"},\"image\":{\"@id\":\"https:\\\/\\\/www.evropskakuca.me\\\/me\\\/udruzenje-roditelji-pruza-podrsku-svim-roditeljima-kod-kuce\\\/#primaryimage\"},\"thumbnailUrl\":\"https:\\\/\\\/www.evropskakuca.me\\\/wp-content\\\/uploads\\\/2020\\\/05\\\/udruzenje-rodielji.jpg\",\"inLanguage\":\"me-ME\"},{\"@type\":\"WebPage\",\"@id\":\"https:\\\/\\\/www.evropskakuca.me\\\/me\\\/udruzenje-roditelji-pruza-podrsku-svim-roditeljima-kod-kuce\\\/\",\"url\":\"https:\\\/\\\/www.evropskakuca.me\\\/me\\\/udruzenje-roditelji-pruza-podrsku-svim-roditeljima-kod-kuce\\\/\",\"name\":\"Udru\u017eenje Roditelji pru\u017ea podr\u0161ku svim roditeljima kod ku\u0107e - Europe House\",\"isPartOf\":{\"@id\":\"https:\\\/\\\/www.evropskakuca.me\\\/me\\\/#website\"},\"primaryImageOfPage\":{\"@id\":\"https:\\\/\\\/www.evropskakuca.me\\\/me\\\/udruzenje-roditelji-pruza-podrsku-svim-roditeljima-kod-kuce\\\/#primaryimage\"},\"image\":{\"@id\":\"https:\\\/\\\/www.evropskakuca.me\\\/me\\\/udruzenje-roditelji-pruza-podrsku-svim-roditeljima-kod-kuce\\\/#primaryimage\"},\"thumbnailUrl\":\"https:\\\/\\\/www.evropskakuca.me\\\/wp-content\\\/uploads\\\/2020\\\/05\\\/udruzenje-rodielji.jpg\",\"datePublished\":\"2020-05-06T15:23:51+00:00\",\"breadcrumb\":{\"@id\":\"https:\\\/\\\/www.evropskakuca.me\\\/me\\\/udruzenje-roditelji-pruza-podrsku-svim-roditeljima-kod-kuce\\\/#breadcrumb\"},\"inLanguage\":\"me-ME\",\"potentialAction\":[{\"@type\":\"ReadAction\",\"target\":[\"https:\\\/\\\/www.evropskakuca.me\\\/me\\\/udruzenje-roditelji-pruza-podrsku-svim-roditeljima-kod-kuce\\\/\"]}]},{\"@type\":\"ImageObject\",\"inLanguage\":\"me-ME\",\"@id\":\"https:\\\/\\\/www.evropskakuca.me\\\/me\\\/udruzenje-roditelji-pruza-podrsku-svim-roditeljima-kod-kuce\\\/#primaryimage\",\"url\":\"https:\\\/\\\/www.evropskakuca.me\\\/wp-content\\\/uploads\\\/2020\\\/05\\\/udruzenje-rodielji.jpg\",\"contentUrl\":\"https:\\\/\\\/www.evropskakuca.me\\\/wp-content\\\/uploads\\\/2020\\\/05\\\/udruzenje-rodielji.jpg\",\"width\":2048,\"height\":1365},{\"@type\":\"BreadcrumbList\",\"@id\":\"https:\\\/\\\/www.evropskakuca.me\\\/me\\\/udruzenje-roditelji-pruza-podrsku-svim-roditeljima-kod-kuce\\\/#breadcrumb\",\"itemListElement\":[{\"@type\":\"ListItem\",\"position\":1,\"name\":\"Home\",\"item\":\"https:\\\/\\\/www.evropskakuca.me\\\/me\\\/\"},{\"@type\":\"ListItem\",\"position\":2,\"name\":\"Udru\u017eenje Roditelji pru\u017ea podr\u0161ku svim roditeljima kod ku\u0107e\"}]},{\"@type\":\"WebSite\",\"@id\":\"https:\\\/\\\/www.evropskakuca.me\\\/me\\\/#website\",\"url\":\"https:\\\/\\\/www.evropskakuca.me\\\/me\\\/\",\"name\":\"Evropean house\",\"description\":\"\",\"publisher\":{\"@id\":\"https:\\\/\\\/www.evropskakuca.me\\\/me\\\/#organization\"},\"potentialAction\":[{\"@type\":\"SearchAction\",\"target\":{\"@type\":\"EntryPoint\",\"urlTemplate\":\"https:\\\/\\\/www.evropskakuca.me\\\/me\\\/?s={search_term_string}\"},\"query-input\":{\"@type\":\"PropertyValueSpecification\",\"valueRequired\":true,\"valueName\":\"search_term_string\"}}],\"inLanguage\":\"me-ME\"},{\"@type\":\"Organization\",\"@id\":\"https:\\\/\\\/www.evropskakuca.me\\\/me\\\/#organization\",\"name\":\"Evropean house\",\"url\":\"https:\\\/\\\/www.evropskakuca.me\\\/me\\\/\",\"logo\":{\"@type\":\"ImageObject\",\"inLanguage\":\"me-ME\",\"@id\":\"https:\\\/\\\/www.evropskakuca.me\\\/me\\\/#\\\/schema\\\/logo\\\/image\\\/\",\"url\":\"https:\\\/\\\/www.evropskakuca.me\\\/wp-content\\\/uploads\\\/2025\\\/01\\\/evropska-kuca-logo-1.png\",\"contentUrl\":\"https:\\\/\\\/www.evropskakuca.me\\\/wp-content\\\/uploads\\\/2025\\\/01\\\/evropska-kuca-logo-1.png\",\"width\":425,\"height\":312,\"caption\":\"Evropean house\"},\"image\":{\"@id\":\"https:\\\/\\\/www.evropskakuca.me\\\/me\\\/#\\\/schema\\\/logo\\\/image\\\/\"},\"sameAs\":[\"https:\\\/\\\/www.facebook.com\\\/evropska.kuca\",\"https:\\\/\\\/x.com\\\/evropska_kuca\",\"https:\\\/\\\/www.instagram.com\\\/evropska_kuca\"]},{\"@type\":\"Person\",\"@id\":\"https:\\\/\\\/www.evropskakuca.me\\\/me\\\/#\\\/schema\\\/person\\\/a1d0dcdaefe4a1cd1d60d200ea137ba4\",\"name\":\"mkajic\",\"image\":{\"@type\":\"ImageObject\",\"inLanguage\":\"me-ME\",\"@id\":\"https:\\\/\\\/secure.gravatar.com\\\/avatar\\\/731fa035cefab7316e6bafd1f25a93fb731a07de14e2d9923f8db4422628eabc?s=96&d=mm&r=g\",\"url\":\"https:\\\/\\\/secure.gravatar.com\\\/avatar\\\/731fa035cefab7316e6bafd1f25a93fb731a07de14e2d9923f8db4422628eabc?s=96&d=mm&r=g\",\"contentUrl\":\"https:\\\/\\\/secure.gravatar.com\\\/avatar\\\/731fa035cefab7316e6bafd1f25a93fb731a07de14e2d9923f8db4422628eabc?s=96&d=mm&r=g\",\"caption\":\"mkajic\"},\"sameAs\":[\"https:\\\/\\\/evropskakuca.me\"],\"url\":\"https:\\\/\\\/www.evropskakuca.me\\\/me\\\/author\\\/mkajic\\\/\"}]}<\/script>\n<!-- \/ Yoast SEO plugin. -->","yoast_head_json":{"title":"Udru\u017eenje Roditelji pru\u017ea podr\u0161ku svim roditeljima kod ku\u0107e - Europe House","robots":{"index":"index","follow":"follow","max-snippet":"max-snippet:-1","max-image-preview":"max-image-preview:large","max-video-preview":"max-video-preview:-1"},"canonical":"https:\/\/www.evropskakuca.me\/me\/udruzenje-roditelji-pruza-podrsku-svim-roditeljima-kod-kuce\/","og_locale":"en_US","og_type":"article","og_title":"Udru\u017eenje Roditelji pru\u017ea podr\u0161ku svim roditeljima kod ku\u0107e - Europe House","og_description":"Vebinari u doba korone","og_url":"https:\/\/www.evropskakuca.me\/me\/udruzenje-roditelji-pruza-podrsku-svim-roditeljima-kod-kuce\/","og_site_name":"Europe House","article_publisher":"https:\/\/www.facebook.com\/evropska.kuca","article_published_time":"2020-05-06T15:23:51+00:00","og_image":[{"width":2048,"height":1365,"url":"https:\/\/www.evropskakuca.me\/wp-content\/uploads\/2020\/05\/udruzenje-rodielji.jpg","type":"image\/jpeg"}],"author":"mkajic","twitter_card":"summary_large_image","twitter_creator":"@evropska_kuca","twitter_site":"@evropska_kuca","twitter_misc":{"Written by":"mkajic","Est. reading time":"3 minutes"},"schema":{"@context":"https:\/\/schema.org","@graph":[{"@type":"Article","@id":"https:\/\/www.evropskakuca.me\/me\/udruzenje-roditelji-pruza-podrsku-svim-roditeljima-kod-kuce\/#article","isPartOf":{"@id":"https:\/\/www.evropskakuca.me\/me\/udruzenje-roditelji-pruza-podrsku-svim-roditeljima-kod-kuce\/"},"author":{"name":"mkajic","@id":"https:\/\/www.evropskakuca.me\/me\/#\/schema\/person\/a1d0dcdaefe4a1cd1d60d200ea137ba4"},"headline":"Udru\u017eenje Roditelji pru\u017ea podr\u0161ku svim roditeljima kod ku\u0107e","datePublished":"2020-05-06T15:23:51+00:00","mainEntityOfPage":{"@id":"https:\/\/www.evropskakuca.me\/me\/udruzenje-roditelji-pruza-podrsku-svim-roditeljima-kod-kuce\/"},"wordCount":522,"publisher":{"@id":"https:\/\/www.evropskakuca.me\/me\/#organization"},"image":{"@id":"https:\/\/www.evropskakuca.me\/me\/udruzenje-roditelji-pruza-podrsku-svim-roditeljima-kod-kuce\/#primaryimage"},"thumbnailUrl":"https:\/\/www.evropskakuca.me\/wp-content\/uploads\/2020\/05\/udruzenje-rodielji.jpg","inLanguage":"me-ME"},{"@type":"WebPage","@id":"https:\/\/www.evropskakuca.me\/me\/udruzenje-roditelji-pruza-podrsku-svim-roditeljima-kod-kuce\/","url":"https:\/\/www.evropskakuca.me\/me\/udruzenje-roditelji-pruza-podrsku-svim-roditeljima-kod-kuce\/","name":"Udru\u017eenje Roditelji pru\u017ea podr\u0161ku svim roditeljima kod ku\u0107e - Europe House","isPartOf":{"@id":"https:\/\/www.evropskakuca.me\/me\/#website"},"primaryImageOfPage":{"@id":"https:\/\/www.evropskakuca.me\/me\/udruzenje-roditelji-pruza-podrsku-svim-roditeljima-kod-kuce\/#primaryimage"},"image":{"@id":"https:\/\/www.evropskakuca.me\/me\/udruzenje-roditelji-pruza-podrsku-svim-roditeljima-kod-kuce\/#primaryimage"},"thumbnailUrl":"https:\/\/www.evropskakuca.me\/wp-content\/uploads\/2020\/05\/udruzenje-rodielji.jpg","datePublished":"2020-05-06T15:23:51+00:00","breadcrumb":{"@id":"https:\/\/www.evropskakuca.me\/me\/udruzenje-roditelji-pruza-podrsku-svim-roditeljima-kod-kuce\/#breadcrumb"},"inLanguage":"me-ME","potentialAction":[{"@type":"ReadAction","target":["https:\/\/www.evropskakuca.me\/me\/udruzenje-roditelji-pruza-podrsku-svim-roditeljima-kod-kuce\/"]}]},{"@type":"ImageObject","inLanguage":"me-ME","@id":"https:\/\/www.evropskakuca.me\/me\/udruzenje-roditelji-pruza-podrsku-svim-roditeljima-kod-kuce\/#primaryimage","url":"https:\/\/www.evropskakuca.me\/wp-content\/uploads\/2020\/05\/udruzenje-rodielji.jpg","contentUrl":"https:\/\/www.evropskakuca.me\/wp-content\/uploads\/2020\/05\/udruzenje-rodielji.jpg","width":2048,"height":1365},{"@type":"BreadcrumbList","@id":"https:\/\/www.evropskakuca.me\/me\/udruzenje-roditelji-pruza-podrsku-svim-roditeljima-kod-kuce\/#breadcrumb","itemListElement":[{"@type":"ListItem","position":1,"name":"Home","item":"https:\/\/www.evropskakuca.me\/me\/"},{"@type":"ListItem","position":2,"name":"Udru\u017eenje Roditelji pru\u017ea podr\u0161ku svim roditeljima kod ku\u0107e"}]},{"@type":"WebSite","@id":"https:\/\/www.evropskakuca.me\/me\/#website","url":"https:\/\/www.evropskakuca.me\/me\/","name":"Evropean house","description":"","publisher":{"@id":"https:\/\/www.evropskakuca.me\/me\/#organization"},"potentialAction":[{"@type":"SearchAction","target":{"@type":"EntryPoint","urlTemplate":"https:\/\/www.evropskakuca.me\/me\/?s={search_term_string}"},"query-input":{"@type":"PropertyValueSpecification","valueRequired":true,"valueName":"search_term_string"}}],"inLanguage":"me-ME"},{"@type":"Organization","@id":"https:\/\/www.evropskakuca.me\/me\/#organization","name":"Evropean house","url":"https:\/\/www.evropskakuca.me\/me\/","logo":{"@type":"ImageObject","inLanguage":"me-ME","@id":"https:\/\/www.evropskakuca.me\/me\/#\/schema\/logo\/image\/","url":"https:\/\/www.evropskakuca.me\/wp-content\/uploads\/2025\/01\/evropska-kuca-logo-1.png","contentUrl":"https:\/\/www.evropskakuca.me\/wp-content\/uploads\/2025\/01\/evropska-kuca-logo-1.png","width":425,"height":312,"caption":"Evropean house"},"image":{"@id":"https:\/\/www.evropskakuca.me\/me\/#\/schema\/logo\/image\/"},"sameAs":["https:\/\/www.facebook.com\/evropska.kuca","https:\/\/x.com\/evropska_kuca","https:\/\/www.instagram.com\/evropska_kuca"]},{"@type":"Person","@id":"https:\/\/www.evropskakuca.me\/me\/#\/schema\/person\/a1d0dcdaefe4a1cd1d60d200ea137ba4","name":"mkajic","image":{"@type":"ImageObject","inLanguage":"me-ME","@id":"https:\/\/secure.gravatar.com\/avatar\/731fa035cefab7316e6bafd1f25a93fb731a07de14e2d9923f8db4422628eabc?s=96&d=mm&r=g","url":"https:\/\/secure.gravatar.com\/avatar\/731fa035cefab7316e6bafd1f25a93fb731a07de14e2d9923f8db4422628eabc?s=96&d=mm&r=g","contentUrl":"https:\/\/secure.gravatar.com\/avatar\/731fa035cefab7316e6bafd1f25a93fb731a07de14e2d9923f8db4422628eabc?s=96&d=mm&r=g","caption":"mkajic"},"sameAs":["https:\/\/evropskakuca.me"],"url":"https:\/\/www.evropskakuca.me\/me\/author\/mkajic\/"}]}},"_links":{"self":[{"href":"https:\/\/www.evropskakuca.me\/me\/wp-json\/wp\/v2\/posts\/9210","targetHints":{"allow":["GET"]}}],"collection":[{"href":"https:\/\/www.evropskakuca.me\/me\/wp-json\/wp\/v2\/posts"}],"about":[{"href":"https:\/\/www.evropskakuca.me\/me\/wp-json\/wp\/v2\/types\/post"}],"author":[{"embeddable":true,"href":"https:\/\/www.evropskakuca.me\/me\/wp-json\/wp\/v2\/users\/1"}],"replies":[{"embeddable":true,"href":"https:\/\/www.evropskakuca.me\/me\/wp-json\/wp\/v2\/comments?post=9210"}],"version-history":[{"count":0,"href":"https:\/\/www.evropskakuca.me\/me\/wp-json\/wp\/v2\/posts\/9210\/revisions"}],"wp:featuredmedia":[{"embeddable":true,"href":"https:\/\/www.evropskakuca.me\/me\/wp-json\/wp\/v2\/media\/35456"}],"wp:attachment":[{"href":"https:\/\/www.evropskakuca.me\/me\/wp-json\/wp\/v2\/media?parent=9210"}],"wp:term":[{"taxonomy":"category","embeddable":true,"href":"https:\/\/www.evropskakuca.me\/me\/wp-json\/wp\/v2\/categories?post=9210"},{"taxonomy":"post_tag","embeddable":true,"href":"https:\/\/www.evropskakuca.me\/me\/wp-json\/wp\/v2\/tags?post=9210"}],"curies":[{"name":"wp","href":"https:\/\/api.w.org\/{rel}","templated":true}]}}