{"id":9189,"date":"2020-05-06T13:32:49","date_gmt":"2020-05-06T13:32:49","guid":{"rendered":"http:\/\/www.evropskakuca.me\/?p=9189"},"modified":"2020-05-06T13:32:49","modified_gmt":"2020-05-06T13:32:49","slug":"uprkos-svemu-pandemija-covid-19-ucvrstila-je-veze-evropske-unije-sa-zapadnim-balkanom","status":"publish","type":"post","link":"https:\/\/www.evropskakuca.me\/me\/uprkos-svemu-pandemija-covid-19-ucvrstila-je-veze-evropske-unije-sa-zapadnim-balkanom\/","title":{"rendered":"Uprkos svemu, pandemija COVID-19 u\u010dvrstila je veze Evropske unije sa Zapadnim Balkanom"},"content":{"rendered":"<p>U maju je Zagreb, glavni grad Hrvatske, trebalo da bude doma\u0107in samita Evropske unije i Zapadnog Balkana, na kojem bi lideri, izme\u0111u ostalog, usvojili ekonomski i investicioni plan za region. Taj plan je jedan od tri elementa iz novog pristupa Evropske komisije za region, a izra\u0111en je kao dopuna na ranija dva elementa, ta\u010dnije, revidiranu Metodologiju pro\u0161irenja EU, koju je Komisija predstavila u februaru radi vra\u0107anja kredibiliteta jednoj od najva\u017enijih politika Unije, te odluku o otvaranju pristupnih pregovora s Albanijom i Sjevernom Makedonijom, koju su \u010delnici EU usvojili u martu zajedno s revidiranom Metodologijom.<\/p>\n<p>Pandemija COVID-19 nije poremetila ovaj pa\u017eljivo pripremani plan. Nije promijenila na\u0161 cilj, niti ambiciju i odlu\u010dnost, \u0161to se lako moglo dogoditi. Naime, pandemija je sna\u017eno pogodila Evropsku uniju i cijeli kontinent i uzrokovala nezamislive ljudske gubitke. Komisija je preduzela vanredne mjere za podr\u0161ku i pomo\u0107 dr\u017eavama \u010dlanicama u rje\u0161avanju krize, spa\u0161avanju \u017eivota, za\u0161titi zdravstvenih sistema i ubla\u017eavanju socioekonomskih efekata. Istovremeno, Komisija je jasno isticala da se pandemija mo\u017ee pobijediti isklju\u010divo kroz globalno djelovanje i rad s partnerima.<\/p>\n<p>Nigdje ovo nije bilo o\u010diglednije kao na Zapadnom Balkanu, regionu u samom srcu Evrope, okru\u017eenom sa svih strana dr\u017eavama \u010dlanicama Unije. Zapadni Balkan je bio prvi region gdje su se ovakva promi\u0161ljanja preto\u010dila u konkretno djelovanje. Nakon onih te\u0161kih prvih dana, Komisija je ve\u0107 u drugom dijelu marta preduzela konkretne mjere kako bi pru\u017eila podr\u0161ku svim partnerima u regionu \u2013 Albaniji, Bosni i Hercegovini, Kosovu, Crnoj Gori, Sjevernoj Makedoniji i Srbiji. Mjere uklju\u010duju podr\u0161ku za zadovoljavanje hitnih potreba, kao i ekonomski oporavak, a finansijski paket u iznosu od 3,3 milijarde eura bespovratnih sredstava i zajmova je sada neuporediv sa bilo kojim drugim mjerama podr\u0161ke.<\/p>\n<p>Ovakva nezapam\u0107ena solidarnost se tu ne zavr\u0161ava. Imaju\u0107i u vidu njegovu evropsku perspektivu, EU tretira Zapadni Balkan kao povla\u0161tenog partnera kroz omogu\u0107en pristup brojnim inicijativama i instrumentima za dr\u017eave \u010dlanice. Pozvali smo vlade regiona da se pridru\u017ee Sporazumu EU za nabavku medicinske opreme, region je izuzet od zahtjeva za izdavanjem prethodne dozvole za izvoz, a zelene transportne trake za lak\u0161i prevoz roba pro\u0161irene su na granice sa i unutar regiona. Regija je povezana s relevantnim zdravstvenim tijelima Unije i zemlje u fazi pregovora mo\u0107i \u0107e da koriste pogodnosti iz Fonda solidarnosti EU. Istovremeno, EU cijeni podr\u0161ku partnera Zapadnog Balkana kroz osiguran medicinski kadar i opremu.<\/p>\n<p>Samit u Zagrebu se odr\u017eava u formatu video konferencije, ali nije otkazan. U\u0161li smo u ovu krizu zajedno i zajedno \u0107emo iz nje iza\u0107i. Nastavljamo da pru\u017eamo podr\u0161ku ekonomskom oporavku regiona koji \u0107e ujedno partnere pribli\u017eiti Uniji. Na\u0161e ekonomije su blisko povezane, a ekonomski i investicioni plan koji je sada pomjeren za drugu polovinu ove godine bi\u0107e jo\u0161 i va\u017eniji. Plan \u0107e imati za cilj podsticanje dugoro\u010dnog oporavka, modernizaciju ekonomije, podsticanje rasta, podr\u0161ku reformama potrebnim na evropskom putu, a samim tim i zapo\u010deti sa prevazila\u017eenjem nedostataka u razvoju i br\u017ee ostvarivanje pogodnosti za stanovni\u0161tvo.<\/p>\n<p>Plan \u0107e se fokusirati na povezanost, posebno u oblastima transporta i energetike, ali i na ekonomiju u korist ljudi, kao i na digitalnu i zelenu transformaciju. U narednim sedmicama i mjesecima region ima priliku da dodatno nadahne ovaj plan izno\u0161enjem konkretnih planova i ideja i bliskom saradnjom. Regionalna saradnja i dobrosusjedski odnosi uistinu \u0107e se pokazati klju\u010dnim za ekonomski oporavak. Isto vrijedi i za nastavak reformi, dakle, ne samo usvajanje propisa, ve\u0107 i istinsko sprovo\u0111enje preduzetih mjera. Mora se odr\u017eati fokus na vladavini prava, funkcionisanju demokratskih institucija i javnoj upravi.<\/p>\n<p>Zajedno \u0107emo prevazi\u0107i ovu krizu i iz nje iza\u0107i sna\u017eniji. Pandemija COVID-19 jasno je potvrdila da je budu\u0107nost Zapadnog Balkana u Evropskoj uniji. Ove godine smo napravili va\u017ene korake uprkos pandemiji i trebamo ih nastaviti nadogra\u0111ivati u pravcu istinski ujedinjenog evropskog kontinenta.<\/p>\n<p>&nbsp;<\/p>\n","protected":false},"excerpt":{"rendered":"<p>Pi\u0161e: Oliv\u00e9r V\u00e1rhelyi, komesar za susjedstvo i pro\u0161irenje<\/p>\n","protected":false},"author":1,"featured_media":35444,"comment_status":"closed","ping_status":"closed","sticky":false,"template":"","format":"standard","meta":{"_acf_changed":false,"footnotes":""},"categories":[],"tags":[],"class_list":["post-9189","post","type-post","status-publish","format-standard","has-post-thumbnail","hentry"],"acf":[],"yoast_head":"<!-- This site is optimized with the Yoast SEO plugin v27.3 - https:\/\/yoast.com\/product\/yoast-seo-wordpress\/ -->\n<title>Uprkos svemu, pandemija COVID-19 u\u010dvrstila je veze Evropske unije sa Zapadnim Balkanom - Europe House<\/title>\n<meta name=\"robots\" content=\"index, follow, max-snippet:-1, max-image-preview:large, max-video-preview:-1\" \/>\n<link rel=\"canonical\" href=\"https:\/\/www.evropskakuca.me\/me\/uprkos-svemu-pandemija-covid-19-ucvrstila-je-veze-evropske-unije-sa-zapadnim-balkanom\/\" \/>\n<meta property=\"og:locale\" content=\"en_US\" \/>\n<meta property=\"og:type\" content=\"article\" \/>\n<meta property=\"og:title\" content=\"Uprkos svemu, pandemija COVID-19 u\u010dvrstila je veze Evropske unije sa Zapadnim Balkanom - Europe House\" \/>\n<meta property=\"og:description\" content=\"Pi\u0161e: Oliv\u00e9r V\u00e1rhelyi, komesar za susjedstvo i pro\u0161irenje\" \/>\n<meta property=\"og:url\" content=\"https:\/\/www.evropskakuca.me\/me\/uprkos-svemu-pandemija-covid-19-ucvrstila-je-veze-evropske-unije-sa-zapadnim-balkanom\/\" \/>\n<meta property=\"og:site_name\" content=\"Europe House\" \/>\n<meta property=\"article:publisher\" content=\"https:\/\/www.facebook.com\/evropska.kuca\" \/>\n<meta property=\"article:published_time\" content=\"2020-05-06T13:32:49+00:00\" \/>\n<meta property=\"og:image\" content=\"https:\/\/www.evropskakuca.me\/wp-content\/uploads\/2020\/05\/oliver-varhelji-2.jpg\" \/>\n\t<meta property=\"og:image:width\" content=\"639\" \/>\n\t<meta property=\"og:image:height\" content=\"426\" \/>\n\t<meta property=\"og:image:type\" content=\"image\/jpeg\" \/>\n<meta name=\"author\" content=\"mkajic\" \/>\n<meta name=\"twitter:card\" content=\"summary_large_image\" \/>\n<meta name=\"twitter:creator\" content=\"@evropska_kuca\" \/>\n<meta name=\"twitter:site\" content=\"@evropska_kuca\" \/>\n<meta name=\"twitter:label1\" content=\"Written by\" \/>\n\t<meta name=\"twitter:data1\" content=\"mkajic\" \/>\n\t<meta name=\"twitter:label2\" content=\"Est. reading time\" \/>\n\t<meta name=\"twitter:data2\" content=\"3 minutes\" \/>\n<script type=\"application\/ld+json\" class=\"yoast-schema-graph\">{\"@context\":\"https:\\\/\\\/schema.org\",\"@graph\":[{\"@type\":\"Article\",\"@id\":\"https:\\\/\\\/www.evropskakuca.me\\\/me\\\/uprkos-svemu-pandemija-covid-19-ucvrstila-je-veze-evropske-unije-sa-zapadnim-balkanom\\\/#article\",\"isPartOf\":{\"@id\":\"https:\\\/\\\/www.evropskakuca.me\\\/me\\\/uprkos-svemu-pandemija-covid-19-ucvrstila-je-veze-evropske-unije-sa-zapadnim-balkanom\\\/\"},\"author\":{\"name\":\"mkajic\",\"@id\":\"https:\\\/\\\/www.evropskakuca.me\\\/me\\\/#\\\/schema\\\/person\\\/a1d0dcdaefe4a1cd1d60d200ea137ba4\"},\"headline\":\"Uprkos svemu, pandemija COVID-19 u\u010dvrstila je veze Evropske unije sa Zapadnim Balkanom\",\"datePublished\":\"2020-05-06T13:32:49+00:00\",\"mainEntityOfPage\":{\"@id\":\"https:\\\/\\\/www.evropskakuca.me\\\/me\\\/uprkos-svemu-pandemija-covid-19-ucvrstila-je-veze-evropske-unije-sa-zapadnim-balkanom\\\/\"},\"wordCount\":683,\"publisher\":{\"@id\":\"https:\\\/\\\/www.evropskakuca.me\\\/me\\\/#organization\"},\"image\":{\"@id\":\"https:\\\/\\\/www.evropskakuca.me\\\/me\\\/uprkos-svemu-pandemija-covid-19-ucvrstila-je-veze-evropske-unije-sa-zapadnim-balkanom\\\/#primaryimage\"},\"thumbnailUrl\":\"https:\\\/\\\/www.evropskakuca.me\\\/wp-content\\\/uploads\\\/2020\\\/05\\\/oliver-varhelji-2.jpg\",\"inLanguage\":\"me-ME\"},{\"@type\":\"WebPage\",\"@id\":\"https:\\\/\\\/www.evropskakuca.me\\\/me\\\/uprkos-svemu-pandemija-covid-19-ucvrstila-je-veze-evropske-unije-sa-zapadnim-balkanom\\\/\",\"url\":\"https:\\\/\\\/www.evropskakuca.me\\\/me\\\/uprkos-svemu-pandemija-covid-19-ucvrstila-je-veze-evropske-unije-sa-zapadnim-balkanom\\\/\",\"name\":\"Uprkos svemu, pandemija COVID-19 u\u010dvrstila je veze Evropske unije sa Zapadnim Balkanom - Europe House\",\"isPartOf\":{\"@id\":\"https:\\\/\\\/www.evropskakuca.me\\\/me\\\/#website\"},\"primaryImageOfPage\":{\"@id\":\"https:\\\/\\\/www.evropskakuca.me\\\/me\\\/uprkos-svemu-pandemija-covid-19-ucvrstila-je-veze-evropske-unije-sa-zapadnim-balkanom\\\/#primaryimage\"},\"image\":{\"@id\":\"https:\\\/\\\/www.evropskakuca.me\\\/me\\\/uprkos-svemu-pandemija-covid-19-ucvrstila-je-veze-evropske-unije-sa-zapadnim-balkanom\\\/#primaryimage\"},\"thumbnailUrl\":\"https:\\\/\\\/www.evropskakuca.me\\\/wp-content\\\/uploads\\\/2020\\\/05\\\/oliver-varhelji-2.jpg\",\"datePublished\":\"2020-05-06T13:32:49+00:00\",\"breadcrumb\":{\"@id\":\"https:\\\/\\\/www.evropskakuca.me\\\/me\\\/uprkos-svemu-pandemija-covid-19-ucvrstila-je-veze-evropske-unije-sa-zapadnim-balkanom\\\/#breadcrumb\"},\"inLanguage\":\"me-ME\",\"potentialAction\":[{\"@type\":\"ReadAction\",\"target\":[\"https:\\\/\\\/www.evropskakuca.me\\\/me\\\/uprkos-svemu-pandemija-covid-19-ucvrstila-je-veze-evropske-unije-sa-zapadnim-balkanom\\\/\"]}]},{\"@type\":\"ImageObject\",\"inLanguage\":\"me-ME\",\"@id\":\"https:\\\/\\\/www.evropskakuca.me\\\/me\\\/uprkos-svemu-pandemija-covid-19-ucvrstila-je-veze-evropske-unije-sa-zapadnim-balkanom\\\/#primaryimage\",\"url\":\"https:\\\/\\\/www.evropskakuca.me\\\/wp-content\\\/uploads\\\/2020\\\/05\\\/oliver-varhelji-2.jpg\",\"contentUrl\":\"https:\\\/\\\/www.evropskakuca.me\\\/wp-content\\\/uploads\\\/2020\\\/05\\\/oliver-varhelji-2.jpg\",\"width\":639,\"height\":426},{\"@type\":\"BreadcrumbList\",\"@id\":\"https:\\\/\\\/www.evropskakuca.me\\\/me\\\/uprkos-svemu-pandemija-covid-19-ucvrstila-je-veze-evropske-unije-sa-zapadnim-balkanom\\\/#breadcrumb\",\"itemListElement\":[{\"@type\":\"ListItem\",\"position\":1,\"name\":\"Home\",\"item\":\"https:\\\/\\\/www.evropskakuca.me\\\/me\\\/\"},{\"@type\":\"ListItem\",\"position\":2,\"name\":\"Uprkos svemu, pandemija COVID-19 u\u010dvrstila je veze Evropske unije sa Zapadnim Balkanom\"}]},{\"@type\":\"WebSite\",\"@id\":\"https:\\\/\\\/www.evropskakuca.me\\\/me\\\/#website\",\"url\":\"https:\\\/\\\/www.evropskakuca.me\\\/me\\\/\",\"name\":\"Evropean house\",\"description\":\"\",\"publisher\":{\"@id\":\"https:\\\/\\\/www.evropskakuca.me\\\/me\\\/#organization\"},\"potentialAction\":[{\"@type\":\"SearchAction\",\"target\":{\"@type\":\"EntryPoint\",\"urlTemplate\":\"https:\\\/\\\/www.evropskakuca.me\\\/me\\\/?s={search_term_string}\"},\"query-input\":{\"@type\":\"PropertyValueSpecification\",\"valueRequired\":true,\"valueName\":\"search_term_string\"}}],\"inLanguage\":\"me-ME\"},{\"@type\":\"Organization\",\"@id\":\"https:\\\/\\\/www.evropskakuca.me\\\/me\\\/#organization\",\"name\":\"Evropean house\",\"url\":\"https:\\\/\\\/www.evropskakuca.me\\\/me\\\/\",\"logo\":{\"@type\":\"ImageObject\",\"inLanguage\":\"me-ME\",\"@id\":\"https:\\\/\\\/www.evropskakuca.me\\\/me\\\/#\\\/schema\\\/logo\\\/image\\\/\",\"url\":\"https:\\\/\\\/www.evropskakuca.me\\\/wp-content\\\/uploads\\\/2025\\\/01\\\/evropska-kuca-logo-1.png\",\"contentUrl\":\"https:\\\/\\\/www.evropskakuca.me\\\/wp-content\\\/uploads\\\/2025\\\/01\\\/evropska-kuca-logo-1.png\",\"width\":425,\"height\":312,\"caption\":\"Evropean house\"},\"image\":{\"@id\":\"https:\\\/\\\/www.evropskakuca.me\\\/me\\\/#\\\/schema\\\/logo\\\/image\\\/\"},\"sameAs\":[\"https:\\\/\\\/www.facebook.com\\\/evropska.kuca\",\"https:\\\/\\\/x.com\\\/evropska_kuca\",\"https:\\\/\\\/www.instagram.com\\\/evropska_kuca\"]},{\"@type\":\"Person\",\"@id\":\"https:\\\/\\\/www.evropskakuca.me\\\/me\\\/#\\\/schema\\\/person\\\/a1d0dcdaefe4a1cd1d60d200ea137ba4\",\"name\":\"mkajic\",\"image\":{\"@type\":\"ImageObject\",\"inLanguage\":\"me-ME\",\"@id\":\"https:\\\/\\\/secure.gravatar.com\\\/avatar\\\/731fa035cefab7316e6bafd1f25a93fb731a07de14e2d9923f8db4422628eabc?s=96&d=mm&r=g\",\"url\":\"https:\\\/\\\/secure.gravatar.com\\\/avatar\\\/731fa035cefab7316e6bafd1f25a93fb731a07de14e2d9923f8db4422628eabc?s=96&d=mm&r=g\",\"contentUrl\":\"https:\\\/\\\/secure.gravatar.com\\\/avatar\\\/731fa035cefab7316e6bafd1f25a93fb731a07de14e2d9923f8db4422628eabc?s=96&d=mm&r=g\",\"caption\":\"mkajic\"},\"sameAs\":[\"https:\\\/\\\/evropskakuca.me\"],\"url\":\"https:\\\/\\\/www.evropskakuca.me\\\/me\\\/author\\\/mkajic\\\/\"}]}<\/script>\n<!-- \/ Yoast SEO plugin. -->","yoast_head_json":{"title":"Uprkos svemu, pandemija COVID-19 u\u010dvrstila je veze Evropske unije sa Zapadnim Balkanom - Europe House","robots":{"index":"index","follow":"follow","max-snippet":"max-snippet:-1","max-image-preview":"max-image-preview:large","max-video-preview":"max-video-preview:-1"},"canonical":"https:\/\/www.evropskakuca.me\/me\/uprkos-svemu-pandemija-covid-19-ucvrstila-je-veze-evropske-unije-sa-zapadnim-balkanom\/","og_locale":"en_US","og_type":"article","og_title":"Uprkos svemu, pandemija COVID-19 u\u010dvrstila je veze Evropske unije sa Zapadnim Balkanom - Europe House","og_description":"Pi\u0161e: Oliv\u00e9r V\u00e1rhelyi, komesar za susjedstvo i pro\u0161irenje","og_url":"https:\/\/www.evropskakuca.me\/me\/uprkos-svemu-pandemija-covid-19-ucvrstila-je-veze-evropske-unije-sa-zapadnim-balkanom\/","og_site_name":"Europe House","article_publisher":"https:\/\/www.facebook.com\/evropska.kuca","article_published_time":"2020-05-06T13:32:49+00:00","og_image":[{"width":639,"height":426,"url":"https:\/\/www.evropskakuca.me\/wp-content\/uploads\/2020\/05\/oliver-varhelji-2.jpg","type":"image\/jpeg"}],"author":"mkajic","twitter_card":"summary_large_image","twitter_creator":"@evropska_kuca","twitter_site":"@evropska_kuca","twitter_misc":{"Written by":"mkajic","Est. reading time":"3 minutes"},"schema":{"@context":"https:\/\/schema.org","@graph":[{"@type":"Article","@id":"https:\/\/www.evropskakuca.me\/me\/uprkos-svemu-pandemija-covid-19-ucvrstila-je-veze-evropske-unije-sa-zapadnim-balkanom\/#article","isPartOf":{"@id":"https:\/\/www.evropskakuca.me\/me\/uprkos-svemu-pandemija-covid-19-ucvrstila-je-veze-evropske-unije-sa-zapadnim-balkanom\/"},"author":{"name":"mkajic","@id":"https:\/\/www.evropskakuca.me\/me\/#\/schema\/person\/a1d0dcdaefe4a1cd1d60d200ea137ba4"},"headline":"Uprkos svemu, pandemija COVID-19 u\u010dvrstila je veze Evropske unije sa Zapadnim Balkanom","datePublished":"2020-05-06T13:32:49+00:00","mainEntityOfPage":{"@id":"https:\/\/www.evropskakuca.me\/me\/uprkos-svemu-pandemija-covid-19-ucvrstila-je-veze-evropske-unije-sa-zapadnim-balkanom\/"},"wordCount":683,"publisher":{"@id":"https:\/\/www.evropskakuca.me\/me\/#organization"},"image":{"@id":"https:\/\/www.evropskakuca.me\/me\/uprkos-svemu-pandemija-covid-19-ucvrstila-je-veze-evropske-unije-sa-zapadnim-balkanom\/#primaryimage"},"thumbnailUrl":"https:\/\/www.evropskakuca.me\/wp-content\/uploads\/2020\/05\/oliver-varhelji-2.jpg","inLanguage":"me-ME"},{"@type":"WebPage","@id":"https:\/\/www.evropskakuca.me\/me\/uprkos-svemu-pandemija-covid-19-ucvrstila-je-veze-evropske-unije-sa-zapadnim-balkanom\/","url":"https:\/\/www.evropskakuca.me\/me\/uprkos-svemu-pandemija-covid-19-ucvrstila-je-veze-evropske-unije-sa-zapadnim-balkanom\/","name":"Uprkos svemu, pandemija COVID-19 u\u010dvrstila je veze Evropske unije sa Zapadnim Balkanom - Europe House","isPartOf":{"@id":"https:\/\/www.evropskakuca.me\/me\/#website"},"primaryImageOfPage":{"@id":"https:\/\/www.evropskakuca.me\/me\/uprkos-svemu-pandemija-covid-19-ucvrstila-je-veze-evropske-unije-sa-zapadnim-balkanom\/#primaryimage"},"image":{"@id":"https:\/\/www.evropskakuca.me\/me\/uprkos-svemu-pandemija-covid-19-ucvrstila-je-veze-evropske-unije-sa-zapadnim-balkanom\/#primaryimage"},"thumbnailUrl":"https:\/\/www.evropskakuca.me\/wp-content\/uploads\/2020\/05\/oliver-varhelji-2.jpg","datePublished":"2020-05-06T13:32:49+00:00","breadcrumb":{"@id":"https:\/\/www.evropskakuca.me\/me\/uprkos-svemu-pandemija-covid-19-ucvrstila-je-veze-evropske-unije-sa-zapadnim-balkanom\/#breadcrumb"},"inLanguage":"me-ME","potentialAction":[{"@type":"ReadAction","target":["https:\/\/www.evropskakuca.me\/me\/uprkos-svemu-pandemija-covid-19-ucvrstila-je-veze-evropske-unije-sa-zapadnim-balkanom\/"]}]},{"@type":"ImageObject","inLanguage":"me-ME","@id":"https:\/\/www.evropskakuca.me\/me\/uprkos-svemu-pandemija-covid-19-ucvrstila-je-veze-evropske-unije-sa-zapadnim-balkanom\/#primaryimage","url":"https:\/\/www.evropskakuca.me\/wp-content\/uploads\/2020\/05\/oliver-varhelji-2.jpg","contentUrl":"https:\/\/www.evropskakuca.me\/wp-content\/uploads\/2020\/05\/oliver-varhelji-2.jpg","width":639,"height":426},{"@type":"BreadcrumbList","@id":"https:\/\/www.evropskakuca.me\/me\/uprkos-svemu-pandemija-covid-19-ucvrstila-je-veze-evropske-unije-sa-zapadnim-balkanom\/#breadcrumb","itemListElement":[{"@type":"ListItem","position":1,"name":"Home","item":"https:\/\/www.evropskakuca.me\/me\/"},{"@type":"ListItem","position":2,"name":"Uprkos svemu, pandemija COVID-19 u\u010dvrstila je veze Evropske unije sa Zapadnim Balkanom"}]},{"@type":"WebSite","@id":"https:\/\/www.evropskakuca.me\/me\/#website","url":"https:\/\/www.evropskakuca.me\/me\/","name":"Evropean house","description":"","publisher":{"@id":"https:\/\/www.evropskakuca.me\/me\/#organization"},"potentialAction":[{"@type":"SearchAction","target":{"@type":"EntryPoint","urlTemplate":"https:\/\/www.evropskakuca.me\/me\/?s={search_term_string}"},"query-input":{"@type":"PropertyValueSpecification","valueRequired":true,"valueName":"search_term_string"}}],"inLanguage":"me-ME"},{"@type":"Organization","@id":"https:\/\/www.evropskakuca.me\/me\/#organization","name":"Evropean house","url":"https:\/\/www.evropskakuca.me\/me\/","logo":{"@type":"ImageObject","inLanguage":"me-ME","@id":"https:\/\/www.evropskakuca.me\/me\/#\/schema\/logo\/image\/","url":"https:\/\/www.evropskakuca.me\/wp-content\/uploads\/2025\/01\/evropska-kuca-logo-1.png","contentUrl":"https:\/\/www.evropskakuca.me\/wp-content\/uploads\/2025\/01\/evropska-kuca-logo-1.png","width":425,"height":312,"caption":"Evropean house"},"image":{"@id":"https:\/\/www.evropskakuca.me\/me\/#\/schema\/logo\/image\/"},"sameAs":["https:\/\/www.facebook.com\/evropska.kuca","https:\/\/x.com\/evropska_kuca","https:\/\/www.instagram.com\/evropska_kuca"]},{"@type":"Person","@id":"https:\/\/www.evropskakuca.me\/me\/#\/schema\/person\/a1d0dcdaefe4a1cd1d60d200ea137ba4","name":"mkajic","image":{"@type":"ImageObject","inLanguage":"me-ME","@id":"https:\/\/secure.gravatar.com\/avatar\/731fa035cefab7316e6bafd1f25a93fb731a07de14e2d9923f8db4422628eabc?s=96&d=mm&r=g","url":"https:\/\/secure.gravatar.com\/avatar\/731fa035cefab7316e6bafd1f25a93fb731a07de14e2d9923f8db4422628eabc?s=96&d=mm&r=g","contentUrl":"https:\/\/secure.gravatar.com\/avatar\/731fa035cefab7316e6bafd1f25a93fb731a07de14e2d9923f8db4422628eabc?s=96&d=mm&r=g","caption":"mkajic"},"sameAs":["https:\/\/evropskakuca.me"],"url":"https:\/\/www.evropskakuca.me\/me\/author\/mkajic\/"}]}},"_links":{"self":[{"href":"https:\/\/www.evropskakuca.me\/me\/wp-json\/wp\/v2\/posts\/9189","targetHints":{"allow":["GET"]}}],"collection":[{"href":"https:\/\/www.evropskakuca.me\/me\/wp-json\/wp\/v2\/posts"}],"about":[{"href":"https:\/\/www.evropskakuca.me\/me\/wp-json\/wp\/v2\/types\/post"}],"author":[{"embeddable":true,"href":"https:\/\/www.evropskakuca.me\/me\/wp-json\/wp\/v2\/users\/1"}],"replies":[{"embeddable":true,"href":"https:\/\/www.evropskakuca.me\/me\/wp-json\/wp\/v2\/comments?post=9189"}],"version-history":[{"count":0,"href":"https:\/\/www.evropskakuca.me\/me\/wp-json\/wp\/v2\/posts\/9189\/revisions"}],"wp:featuredmedia":[{"embeddable":true,"href":"https:\/\/www.evropskakuca.me\/me\/wp-json\/wp\/v2\/media\/35444"}],"wp:attachment":[{"href":"https:\/\/www.evropskakuca.me\/me\/wp-json\/wp\/v2\/media?parent=9189"}],"wp:term":[{"taxonomy":"category","embeddable":true,"href":"https:\/\/www.evropskakuca.me\/me\/wp-json\/wp\/v2\/categories?post=9189"},{"taxonomy":"post_tag","embeddable":true,"href":"https:\/\/www.evropskakuca.me\/me\/wp-json\/wp\/v2\/tags?post=9189"}],"curies":[{"name":"wp","href":"https:\/\/api.w.org\/{rel}","templated":true}]}}