{"id":8889,"date":"2020-05-03T08:14:11","date_gmt":"2020-05-03T08:14:11","guid":{"rendered":"http:\/\/www.evropskakuca.me\/me\/?p=8889"},"modified":"2020-05-03T08:14:11","modified_gmt":"2020-05-03T08:14:11","slug":"saopstenje-delegacije-eu-u-crnoj-gori-povodom-medunarodnog-dana-slobode-medija","status":"publish","type":"post","link":"https:\/\/www.evropskakuca.me\/me\/saopstenje-delegacije-eu-u-crnoj-gori-povodom-medunarodnog-dana-slobode-medija\/","title":{"rendered":"Saop\u0161tenje Delegacije EU u Crnoj Gori povodom Me\u0111unarodnog dana slobode medija"},"content":{"rendered":"<p>Ove godine se Me\u0111unarodni dan slobode medija obilje\u017eava u okolnostima koje jasno pokazuju za\u0161to je, vi\u0161e nego ikad, sloboda medija kamen temeljac demokratskih dru\u0161tava, koja mogu napredovati samo ako gra\u0111ani imaju pristup pouzdanim informacijama i na njima zasnivaju svoje odluke.<\/p>\n<p>Pandemija Kovid-19 pokazala je koliko riskantan i te\u017eak mo\u017ee biti rad novinara i koliko su novinari posve\u0107eni kada se radi o dono\u0161enju pravovremenih i ta\u010dnih informacija svima nama. U vrijeme nesigurnosti, vi\u0161e nego ikad prije, pristup pouzdanim informacijama koje se provjeravaju \u010dinjenicama, bez neprimjerenog uplitanja i uticaja, presudan je i doprinosi otpornijem dru\u0161tvu.<\/p>\n<p>\u201cDok se svijet bori protiv pandemije Kovid-19, suo\u010davamo se sa drugom globalnom pandemijom, dezinformacijama i la\u017enim vijestima. Moramo se suo\u010diti sa ovom opasnom pojavom sa jednakom odlu\u010dno\u0161\u0107u i snagom. \u017delio bih odati po\u010dast crnogorskim novinarima koji su tokom proteklih mjeseci ulo\u017eili ogroman trud u vanrednim okolnostima, pru\u017eaju\u0107i ta\u010dne, blagovremene i provjerene informacije svima nama \u201c, poru\u010dio je ambasador EU u Crnoj Gori, Aivo Orav.<\/p>\n<p>Izra\u017eavaju\u0107i zahvalnost medijima na dobro obavljenom poslu, Delegacija EU \u017eeli naglasiti da se niti situacija uzrokovana pandemijom, niti bilo koje druge okolnosti, ne mogu koristiti kao izgovor za nametanje neopravdanih ograni\u010denja slobodi medija i slobodi izra\u017eavanja.<\/p>\n<p>\u201cNa Me\u0111unarodni dan slobode medija moramo jo\u0161 jednom naglasiti va\u017enost pobolj\u0161anja profesionalnih standarda u medijskom izvje\u0161tavanju, kao i potrebu stvaranja povoljnog okru\u017eenja u kojem se slobode medija ne mogu zloupotrijebiti ili umanjiti\u201d, rekao je ambasador Orav.<\/p>\n<p>EU u kontinuitetu prati stanje slobode medija kao integralnog dijela pregovora Crne Gore o pristupanju EU. Kao i svake godine,\u00a0 na\u0161a ocjena \u0107e biti objavljena u godi\u0161njem izvje\u0161taju EU o Crnoj Gori, koji se o\u010dekuje krajem prolje\u0107a. Iako je pozitivno to \u0161to je u 2020. bilo manje slu\u010dajeva napada na novinare, \u017eelimo podsjetiti da je pro\u0161logodi\u0161nji izvje\u0161taj posebno ukazao na \u010dinjenicu da je u\u00a0 Crnoj Gori potrebno sna\u017enije garantovati sigurnost\u00a0 novinara i poja\u010dati napore u istra\u017eivanju slu\u010dajeva napada na medijske radnike. Izvje\u0161taj je tako\u0111e ukazao na potrebu da se osigura finansijska i ure\u0111iva\u010dka nezavisnost svih medija i regulatornih tijela za medije, kao i podr\u0161ka uspostavljanju efikasnih mehanizama samoregulacije.<\/p>\n<p>Delegacija EU pridaje posebnu pa\u017enju\u00a0 izazovnim okolnostima u kojima rade crnogorski mediji, a koje je dodatno pogor\u0161ala kriza Kovid-19. \u201cEU podr\u017eava crnogorske medije kroz razli\u010dite programe, uklju\u010duju\u0107i Program za profesionalizaciju medija, u okviru kojeg je trenutno aktivno pet projekata u vrijednosti od milion eura. Mi \u0107emo i dalje stajati na strani slobodnog i nezavisnog novinarstva u Crnoj Gori i tragati za daljim mogu\u0107nostima kako bi pomogli medijima da prebrode posljedice pandemije \u201c, naglasio je ambasador Orav.<\/p>\n<p>\u017delio bih podsjetiti da je sloboda medija pravo, ne samo medijskih profesionalaca, nego i svakog od nas. Moramo posvetiti sve na\u0161e napore\u00a0 za\u0161titi tog prava, zaklju\u010dio je ambasador Orav.<\/p>\n","protected":false},"excerpt":{"rendered":"<p>Ove godine se Me\u0111unarodni dan slobode medija obilje\u017eava u okolnostima koje jasno pokazuju za\u0161to je, vi\u0161e nego ikad, sloboda medija kamen temeljac demokratskih dru\u0161tava, koja mogu napredovati samo ako gra\u0111ani imaju pristup pouzdanim informacijama i na njima zasnivaju svoje odluke. Pandemija Kovid-19 pokazala je koliko riskantan i te\u017eak mo\u017ee biti rad novinara i koliko su [&hellip;]<\/p>\n","protected":false},"author":1,"featured_media":35380,"comment_status":"closed","ping_status":"closed","sticky":false,"template":"","format":"standard","meta":{"_acf_changed":false,"footnotes":""},"categories":[],"tags":[],"class_list":["post-8889","post","type-post","status-publish","format-standard","has-post-thumbnail","hentry"],"acf":[],"yoast_head":"<!-- This site is optimized with the Yoast SEO plugin v27.3 - https:\/\/yoast.com\/product\/yoast-seo-wordpress\/ -->\n<title>Saop\u0161tenje Delegacije EU u Crnoj Gori povodom Me\u0111unarodnog dana slobode medija - Europe House<\/title>\n<meta name=\"robots\" content=\"index, follow, max-snippet:-1, max-image-preview:large, max-video-preview:-1\" \/>\n<link rel=\"canonical\" href=\"https:\/\/www.evropskakuca.me\/me\/saopstenje-delegacije-eu-u-crnoj-gori-povodom-medunarodnog-dana-slobode-medija\/\" \/>\n<meta property=\"og:locale\" content=\"en_US\" \/>\n<meta property=\"og:type\" content=\"article\" \/>\n<meta property=\"og:title\" content=\"Saop\u0161tenje Delegacije EU u Crnoj Gori povodom Me\u0111unarodnog dana slobode medija - Europe House\" \/>\n<meta property=\"og:description\" content=\"Ove godine se Me\u0111unarodni dan slobode medija obilje\u017eava u okolnostima koje jasno pokazuju za\u0161to je, vi\u0161e nego ikad, sloboda medija kamen temeljac demokratskih dru\u0161tava, koja mogu napredovati samo ako gra\u0111ani imaju pristup pouzdanim informacijama i na njima zasnivaju svoje odluke. Pandemija Kovid-19 pokazala je koliko riskantan i te\u017eak mo\u017ee biti rad novinara i koliko su [&hellip;]\" \/>\n<meta property=\"og:url\" content=\"https:\/\/www.evropskakuca.me\/me\/saopstenje-delegacije-eu-u-crnoj-gori-povodom-medunarodnog-dana-slobode-medija\/\" \/>\n<meta property=\"og:site_name\" content=\"Europe House\" \/>\n<meta property=\"article:publisher\" content=\"https:\/\/www.facebook.com\/evropska.kuca\" \/>\n<meta property=\"article:published_time\" content=\"2020-05-03T08:14:11+00:00\" \/>\n<meta property=\"og:image\" content=\"https:\/\/www.evropskakuca.me\/wp-content\/uploads\/2020\/05\/austin-distel-VCFxt2yT1eQ-unsplash-scaled.jpg\" \/>\n\t<meta property=\"og:image:width\" content=\"2560\" \/>\n\t<meta property=\"og:image:height\" content=\"1920\" \/>\n\t<meta property=\"og:image:type\" content=\"image\/jpeg\" \/>\n<meta name=\"author\" content=\"mkajic\" \/>\n<meta name=\"twitter:card\" content=\"summary_large_image\" \/>\n<meta name=\"twitter:creator\" content=\"@evropska_kuca\" \/>\n<meta name=\"twitter:site\" content=\"@evropska_kuca\" \/>\n<meta name=\"twitter:label1\" content=\"Written by\" \/>\n\t<meta name=\"twitter:data1\" content=\"mkajic\" \/>\n\t<meta name=\"twitter:label2\" content=\"Est. reading time\" \/>\n\t<meta name=\"twitter:data2\" content=\"3 minutes\" \/>\n<script type=\"application\/ld+json\" class=\"yoast-schema-graph\">{\"@context\":\"https:\\\/\\\/schema.org\",\"@graph\":[{\"@type\":\"Article\",\"@id\":\"https:\\\/\\\/www.evropskakuca.me\\\/me\\\/saopstenje-delegacije-eu-u-crnoj-gori-povodom-medunarodnog-dana-slobode-medija\\\/#article\",\"isPartOf\":{\"@id\":\"https:\\\/\\\/www.evropskakuca.me\\\/me\\\/saopstenje-delegacije-eu-u-crnoj-gori-povodom-medunarodnog-dana-slobode-medija\\\/\"},\"author\":{\"name\":\"mkajic\",\"@id\":\"https:\\\/\\\/www.evropskakuca.me\\\/me\\\/#\\\/schema\\\/person\\\/a1d0dcdaefe4a1cd1d60d200ea137ba4\"},\"headline\":\"Saop\u0161tenje Delegacije EU u Crnoj Gori povodom Me\u0111unarodnog dana slobode medija\",\"datePublished\":\"2020-05-03T08:14:11+00:00\",\"mainEntityOfPage\":{\"@id\":\"https:\\\/\\\/www.evropskakuca.me\\\/me\\\/saopstenje-delegacije-eu-u-crnoj-gori-povodom-medunarodnog-dana-slobode-medija\\\/\"},\"wordCount\":513,\"publisher\":{\"@id\":\"https:\\\/\\\/www.evropskakuca.me\\\/me\\\/#organization\"},\"image\":{\"@id\":\"https:\\\/\\\/www.evropskakuca.me\\\/me\\\/saopstenje-delegacije-eu-u-crnoj-gori-povodom-medunarodnog-dana-slobode-medija\\\/#primaryimage\"},\"thumbnailUrl\":\"https:\\\/\\\/www.evropskakuca.me\\\/wp-content\\\/uploads\\\/2020\\\/05\\\/austin-distel-VCFxt2yT1eQ-unsplash-scaled.jpg\",\"inLanguage\":\"me-ME\"},{\"@type\":\"WebPage\",\"@id\":\"https:\\\/\\\/www.evropskakuca.me\\\/me\\\/saopstenje-delegacije-eu-u-crnoj-gori-povodom-medunarodnog-dana-slobode-medija\\\/\",\"url\":\"https:\\\/\\\/www.evropskakuca.me\\\/me\\\/saopstenje-delegacije-eu-u-crnoj-gori-povodom-medunarodnog-dana-slobode-medija\\\/\",\"name\":\"Saop\u0161tenje Delegacije EU u Crnoj Gori povodom Me\u0111unarodnog dana slobode medija - Europe House\",\"isPartOf\":{\"@id\":\"https:\\\/\\\/www.evropskakuca.me\\\/me\\\/#website\"},\"primaryImageOfPage\":{\"@id\":\"https:\\\/\\\/www.evropskakuca.me\\\/me\\\/saopstenje-delegacije-eu-u-crnoj-gori-povodom-medunarodnog-dana-slobode-medija\\\/#primaryimage\"},\"image\":{\"@id\":\"https:\\\/\\\/www.evropskakuca.me\\\/me\\\/saopstenje-delegacije-eu-u-crnoj-gori-povodom-medunarodnog-dana-slobode-medija\\\/#primaryimage\"},\"thumbnailUrl\":\"https:\\\/\\\/www.evropskakuca.me\\\/wp-content\\\/uploads\\\/2020\\\/05\\\/austin-distel-VCFxt2yT1eQ-unsplash-scaled.jpg\",\"datePublished\":\"2020-05-03T08:14:11+00:00\",\"breadcrumb\":{\"@id\":\"https:\\\/\\\/www.evropskakuca.me\\\/me\\\/saopstenje-delegacije-eu-u-crnoj-gori-povodom-medunarodnog-dana-slobode-medija\\\/#breadcrumb\"},\"inLanguage\":\"me-ME\",\"potentialAction\":[{\"@type\":\"ReadAction\",\"target\":[\"https:\\\/\\\/www.evropskakuca.me\\\/me\\\/saopstenje-delegacije-eu-u-crnoj-gori-povodom-medunarodnog-dana-slobode-medija\\\/\"]}]},{\"@type\":\"ImageObject\",\"inLanguage\":\"me-ME\",\"@id\":\"https:\\\/\\\/www.evropskakuca.me\\\/me\\\/saopstenje-delegacije-eu-u-crnoj-gori-povodom-medunarodnog-dana-slobode-medija\\\/#primaryimage\",\"url\":\"https:\\\/\\\/www.evropskakuca.me\\\/wp-content\\\/uploads\\\/2020\\\/05\\\/austin-distel-VCFxt2yT1eQ-unsplash-scaled.jpg\",\"contentUrl\":\"https:\\\/\\\/www.evropskakuca.me\\\/wp-content\\\/uploads\\\/2020\\\/05\\\/austin-distel-VCFxt2yT1eQ-unsplash-scaled.jpg\",\"width\":2560,\"height\":1920},{\"@type\":\"BreadcrumbList\",\"@id\":\"https:\\\/\\\/www.evropskakuca.me\\\/me\\\/saopstenje-delegacije-eu-u-crnoj-gori-povodom-medunarodnog-dana-slobode-medija\\\/#breadcrumb\",\"itemListElement\":[{\"@type\":\"ListItem\",\"position\":1,\"name\":\"Home\",\"item\":\"https:\\\/\\\/www.evropskakuca.me\\\/me\\\/\"},{\"@type\":\"ListItem\",\"position\":2,\"name\":\"Saop\u0161tenje Delegacije EU u Crnoj Gori povodom Me\u0111unarodnog dana slobode medija\"}]},{\"@type\":\"WebSite\",\"@id\":\"https:\\\/\\\/www.evropskakuca.me\\\/me\\\/#website\",\"url\":\"https:\\\/\\\/www.evropskakuca.me\\\/me\\\/\",\"name\":\"Evropean house\",\"description\":\"\",\"publisher\":{\"@id\":\"https:\\\/\\\/www.evropskakuca.me\\\/me\\\/#organization\"},\"potentialAction\":[{\"@type\":\"SearchAction\",\"target\":{\"@type\":\"EntryPoint\",\"urlTemplate\":\"https:\\\/\\\/www.evropskakuca.me\\\/me\\\/?s={search_term_string}\"},\"query-input\":{\"@type\":\"PropertyValueSpecification\",\"valueRequired\":true,\"valueName\":\"search_term_string\"}}],\"inLanguage\":\"me-ME\"},{\"@type\":\"Organization\",\"@id\":\"https:\\\/\\\/www.evropskakuca.me\\\/me\\\/#organization\",\"name\":\"Evropean house\",\"url\":\"https:\\\/\\\/www.evropskakuca.me\\\/me\\\/\",\"logo\":{\"@type\":\"ImageObject\",\"inLanguage\":\"me-ME\",\"@id\":\"https:\\\/\\\/www.evropskakuca.me\\\/me\\\/#\\\/schema\\\/logo\\\/image\\\/\",\"url\":\"https:\\\/\\\/www.evropskakuca.me\\\/wp-content\\\/uploads\\\/2025\\\/01\\\/evropska-kuca-logo-1.png\",\"contentUrl\":\"https:\\\/\\\/www.evropskakuca.me\\\/wp-content\\\/uploads\\\/2025\\\/01\\\/evropska-kuca-logo-1.png\",\"width\":425,\"height\":312,\"caption\":\"Evropean house\"},\"image\":{\"@id\":\"https:\\\/\\\/www.evropskakuca.me\\\/me\\\/#\\\/schema\\\/logo\\\/image\\\/\"},\"sameAs\":[\"https:\\\/\\\/www.facebook.com\\\/evropska.kuca\",\"https:\\\/\\\/x.com\\\/evropska_kuca\",\"https:\\\/\\\/www.instagram.com\\\/evropska_kuca\"]},{\"@type\":\"Person\",\"@id\":\"https:\\\/\\\/www.evropskakuca.me\\\/me\\\/#\\\/schema\\\/person\\\/a1d0dcdaefe4a1cd1d60d200ea137ba4\",\"name\":\"mkajic\",\"image\":{\"@type\":\"ImageObject\",\"inLanguage\":\"me-ME\",\"@id\":\"https:\\\/\\\/secure.gravatar.com\\\/avatar\\\/731fa035cefab7316e6bafd1f25a93fb731a07de14e2d9923f8db4422628eabc?s=96&d=mm&r=g\",\"url\":\"https:\\\/\\\/secure.gravatar.com\\\/avatar\\\/731fa035cefab7316e6bafd1f25a93fb731a07de14e2d9923f8db4422628eabc?s=96&d=mm&r=g\",\"contentUrl\":\"https:\\\/\\\/secure.gravatar.com\\\/avatar\\\/731fa035cefab7316e6bafd1f25a93fb731a07de14e2d9923f8db4422628eabc?s=96&d=mm&r=g\",\"caption\":\"mkajic\"},\"sameAs\":[\"https:\\\/\\\/evropskakuca.me\"],\"url\":\"https:\\\/\\\/www.evropskakuca.me\\\/me\\\/author\\\/mkajic\\\/\"}]}<\/script>\n<!-- \/ Yoast SEO plugin. -->","yoast_head_json":{"title":"Saop\u0161tenje Delegacije EU u Crnoj Gori povodom Me\u0111unarodnog dana slobode medija - Europe House","robots":{"index":"index","follow":"follow","max-snippet":"max-snippet:-1","max-image-preview":"max-image-preview:large","max-video-preview":"max-video-preview:-1"},"canonical":"https:\/\/www.evropskakuca.me\/me\/saopstenje-delegacije-eu-u-crnoj-gori-povodom-medunarodnog-dana-slobode-medija\/","og_locale":"en_US","og_type":"article","og_title":"Saop\u0161tenje Delegacije EU u Crnoj Gori povodom Me\u0111unarodnog dana slobode medija - Europe House","og_description":"Ove godine se Me\u0111unarodni dan slobode medija obilje\u017eava u okolnostima koje jasno pokazuju za\u0161to je, vi\u0161e nego ikad, sloboda medija kamen temeljac demokratskih dru\u0161tava, koja mogu napredovati samo ako gra\u0111ani imaju pristup pouzdanim informacijama i na njima zasnivaju svoje odluke. Pandemija Kovid-19 pokazala je koliko riskantan i te\u017eak mo\u017ee biti rad novinara i koliko su [&hellip;]","og_url":"https:\/\/www.evropskakuca.me\/me\/saopstenje-delegacije-eu-u-crnoj-gori-povodom-medunarodnog-dana-slobode-medija\/","og_site_name":"Europe House","article_publisher":"https:\/\/www.facebook.com\/evropska.kuca","article_published_time":"2020-05-03T08:14:11+00:00","og_image":[{"width":2560,"height":1920,"url":"https:\/\/www.evropskakuca.me\/wp-content\/uploads\/2020\/05\/austin-distel-VCFxt2yT1eQ-unsplash-scaled.jpg","type":"image\/jpeg"}],"author":"mkajic","twitter_card":"summary_large_image","twitter_creator":"@evropska_kuca","twitter_site":"@evropska_kuca","twitter_misc":{"Written by":"mkajic","Est. reading time":"3 minutes"},"schema":{"@context":"https:\/\/schema.org","@graph":[{"@type":"Article","@id":"https:\/\/www.evropskakuca.me\/me\/saopstenje-delegacije-eu-u-crnoj-gori-povodom-medunarodnog-dana-slobode-medija\/#article","isPartOf":{"@id":"https:\/\/www.evropskakuca.me\/me\/saopstenje-delegacije-eu-u-crnoj-gori-povodom-medunarodnog-dana-slobode-medija\/"},"author":{"name":"mkajic","@id":"https:\/\/www.evropskakuca.me\/me\/#\/schema\/person\/a1d0dcdaefe4a1cd1d60d200ea137ba4"},"headline":"Saop\u0161tenje Delegacije EU u Crnoj Gori povodom Me\u0111unarodnog dana slobode medija","datePublished":"2020-05-03T08:14:11+00:00","mainEntityOfPage":{"@id":"https:\/\/www.evropskakuca.me\/me\/saopstenje-delegacije-eu-u-crnoj-gori-povodom-medunarodnog-dana-slobode-medija\/"},"wordCount":513,"publisher":{"@id":"https:\/\/www.evropskakuca.me\/me\/#organization"},"image":{"@id":"https:\/\/www.evropskakuca.me\/me\/saopstenje-delegacije-eu-u-crnoj-gori-povodom-medunarodnog-dana-slobode-medija\/#primaryimage"},"thumbnailUrl":"https:\/\/www.evropskakuca.me\/wp-content\/uploads\/2020\/05\/austin-distel-VCFxt2yT1eQ-unsplash-scaled.jpg","inLanguage":"me-ME"},{"@type":"WebPage","@id":"https:\/\/www.evropskakuca.me\/me\/saopstenje-delegacije-eu-u-crnoj-gori-povodom-medunarodnog-dana-slobode-medija\/","url":"https:\/\/www.evropskakuca.me\/me\/saopstenje-delegacije-eu-u-crnoj-gori-povodom-medunarodnog-dana-slobode-medija\/","name":"Saop\u0161tenje Delegacije EU u Crnoj Gori povodom Me\u0111unarodnog dana slobode medija - Europe House","isPartOf":{"@id":"https:\/\/www.evropskakuca.me\/me\/#website"},"primaryImageOfPage":{"@id":"https:\/\/www.evropskakuca.me\/me\/saopstenje-delegacije-eu-u-crnoj-gori-povodom-medunarodnog-dana-slobode-medija\/#primaryimage"},"image":{"@id":"https:\/\/www.evropskakuca.me\/me\/saopstenje-delegacije-eu-u-crnoj-gori-povodom-medunarodnog-dana-slobode-medija\/#primaryimage"},"thumbnailUrl":"https:\/\/www.evropskakuca.me\/wp-content\/uploads\/2020\/05\/austin-distel-VCFxt2yT1eQ-unsplash-scaled.jpg","datePublished":"2020-05-03T08:14:11+00:00","breadcrumb":{"@id":"https:\/\/www.evropskakuca.me\/me\/saopstenje-delegacije-eu-u-crnoj-gori-povodom-medunarodnog-dana-slobode-medija\/#breadcrumb"},"inLanguage":"me-ME","potentialAction":[{"@type":"ReadAction","target":["https:\/\/www.evropskakuca.me\/me\/saopstenje-delegacije-eu-u-crnoj-gori-povodom-medunarodnog-dana-slobode-medija\/"]}]},{"@type":"ImageObject","inLanguage":"me-ME","@id":"https:\/\/www.evropskakuca.me\/me\/saopstenje-delegacije-eu-u-crnoj-gori-povodom-medunarodnog-dana-slobode-medija\/#primaryimage","url":"https:\/\/www.evropskakuca.me\/wp-content\/uploads\/2020\/05\/austin-distel-VCFxt2yT1eQ-unsplash-scaled.jpg","contentUrl":"https:\/\/www.evropskakuca.me\/wp-content\/uploads\/2020\/05\/austin-distel-VCFxt2yT1eQ-unsplash-scaled.jpg","width":2560,"height":1920},{"@type":"BreadcrumbList","@id":"https:\/\/www.evropskakuca.me\/me\/saopstenje-delegacije-eu-u-crnoj-gori-povodom-medunarodnog-dana-slobode-medija\/#breadcrumb","itemListElement":[{"@type":"ListItem","position":1,"name":"Home","item":"https:\/\/www.evropskakuca.me\/me\/"},{"@type":"ListItem","position":2,"name":"Saop\u0161tenje Delegacije EU u Crnoj Gori povodom Me\u0111unarodnog dana slobode medija"}]},{"@type":"WebSite","@id":"https:\/\/www.evropskakuca.me\/me\/#website","url":"https:\/\/www.evropskakuca.me\/me\/","name":"Evropean house","description":"","publisher":{"@id":"https:\/\/www.evropskakuca.me\/me\/#organization"},"potentialAction":[{"@type":"SearchAction","target":{"@type":"EntryPoint","urlTemplate":"https:\/\/www.evropskakuca.me\/me\/?s={search_term_string}"},"query-input":{"@type":"PropertyValueSpecification","valueRequired":true,"valueName":"search_term_string"}}],"inLanguage":"me-ME"},{"@type":"Organization","@id":"https:\/\/www.evropskakuca.me\/me\/#organization","name":"Evropean house","url":"https:\/\/www.evropskakuca.me\/me\/","logo":{"@type":"ImageObject","inLanguage":"me-ME","@id":"https:\/\/www.evropskakuca.me\/me\/#\/schema\/logo\/image\/","url":"https:\/\/www.evropskakuca.me\/wp-content\/uploads\/2025\/01\/evropska-kuca-logo-1.png","contentUrl":"https:\/\/www.evropskakuca.me\/wp-content\/uploads\/2025\/01\/evropska-kuca-logo-1.png","width":425,"height":312,"caption":"Evropean house"},"image":{"@id":"https:\/\/www.evropskakuca.me\/me\/#\/schema\/logo\/image\/"},"sameAs":["https:\/\/www.facebook.com\/evropska.kuca","https:\/\/x.com\/evropska_kuca","https:\/\/www.instagram.com\/evropska_kuca"]},{"@type":"Person","@id":"https:\/\/www.evropskakuca.me\/me\/#\/schema\/person\/a1d0dcdaefe4a1cd1d60d200ea137ba4","name":"mkajic","image":{"@type":"ImageObject","inLanguage":"me-ME","@id":"https:\/\/secure.gravatar.com\/avatar\/731fa035cefab7316e6bafd1f25a93fb731a07de14e2d9923f8db4422628eabc?s=96&d=mm&r=g","url":"https:\/\/secure.gravatar.com\/avatar\/731fa035cefab7316e6bafd1f25a93fb731a07de14e2d9923f8db4422628eabc?s=96&d=mm&r=g","contentUrl":"https:\/\/secure.gravatar.com\/avatar\/731fa035cefab7316e6bafd1f25a93fb731a07de14e2d9923f8db4422628eabc?s=96&d=mm&r=g","caption":"mkajic"},"sameAs":["https:\/\/evropskakuca.me"],"url":"https:\/\/www.evropskakuca.me\/me\/author\/mkajic\/"}]}},"_links":{"self":[{"href":"https:\/\/www.evropskakuca.me\/me\/wp-json\/wp\/v2\/posts\/8889","targetHints":{"allow":["GET"]}}],"collection":[{"href":"https:\/\/www.evropskakuca.me\/me\/wp-json\/wp\/v2\/posts"}],"about":[{"href":"https:\/\/www.evropskakuca.me\/me\/wp-json\/wp\/v2\/types\/post"}],"author":[{"embeddable":true,"href":"https:\/\/www.evropskakuca.me\/me\/wp-json\/wp\/v2\/users\/1"}],"replies":[{"embeddable":true,"href":"https:\/\/www.evropskakuca.me\/me\/wp-json\/wp\/v2\/comments?post=8889"}],"version-history":[{"count":0,"href":"https:\/\/www.evropskakuca.me\/me\/wp-json\/wp\/v2\/posts\/8889\/revisions"}],"wp:featuredmedia":[{"embeddable":true,"href":"https:\/\/www.evropskakuca.me\/me\/wp-json\/wp\/v2\/media\/35380"}],"wp:attachment":[{"href":"https:\/\/www.evropskakuca.me\/me\/wp-json\/wp\/v2\/media?parent=8889"}],"wp:term":[{"taxonomy":"category","embeddable":true,"href":"https:\/\/www.evropskakuca.me\/me\/wp-json\/wp\/v2\/categories?post=8889"},{"taxonomy":"post_tag","embeddable":true,"href":"https:\/\/www.evropskakuca.me\/me\/wp-json\/wp\/v2\/tags?post=8889"}],"curies":[{"name":"wp","href":"https:\/\/api.w.org\/{rel}","templated":true}]}}