{"id":8715,"date":"2020-05-01T09:28:07","date_gmt":"2020-05-01T09:28:07","guid":{"rendered":"http:\/\/www.evropskakuca.me\/?p=8715"},"modified":"2020-05-01T09:28:07","modified_gmt":"2020-05-01T09:28:07","slug":"ishranom-protiv-problema-bacanja-hrane","status":"publish","type":"post","link":"https:\/\/www.evropskakuca.me\/me\/ishranom-protiv-problema-bacanja-hrane\/","title":{"rendered":"BLOG: Ishranom protiv problema bacanja hrane"},"content":{"rendered":"<p>Kada sam 2018. po\u010dela da \u010ditam knjigu \u201cDrawdown\u201d Pola Hokena, koja nudi listu od 80 rje\u0161enja kojima se mo\u017ee preokrenuti kurs klimatske krize, nisam ni slutila da \u0107e saniranje problema bacanja hrane biti ve\u0107 na tre\u0107em mjestu.<\/p>\n<p>Autorka: An\u0111ela \u0110ura\u0161kovi\u0107<\/p>\n<p>Iako je mnogima neobi\u010dno to \u0161to se ovaj problem obra\u0111uje iz ekolo\u0161kog ugla, ba\u010dena hrana je jedan od zna\u010dajnijih emitera gasova staklene baste. Jedan od glavnih razloga za to je sljede\u0107i: razgradnja hrane je aeroban process, koji zahtijeva prisustvo vazduha. Na deponijama, stisnute pod gomilama mije\u0161anog otpada, jestive namirnice nemaju pristup vazduhu, \u0161to mijenja prirodu njihove razgradnje i dolazi do emitovanja metana, gasa koji je, zavisno od toga koje istra\u017eivanje konsultujete, izme\u0111u 25-30 puta ja\u010di od ugljen-dioksida. Da je zemlja, upravo bi hrana koja zavr\u0161i na deponijama bila tre\u0107i najve\u0107i zaga\u0111iva\u010d na svijetu, odmah nakon Kine i Sjedinjenih Ameri\u010dkih Dr\u017eava.<\/p>\n<p>Dok se svake godine vi\u0161e od tre\u0107ine globalno proizvedene ispravne hrane baci, alarmira podatak da bi samo od ba\u010denih jestivih namirnica u Evropi i SAD bilo mogu\u0107e nahraniti sve gladne ljude svijeta tri puta.<\/p>\n<p>Bacanje hrane tako\u0111e zna\u010di i tra\u0107enje resursa: pija\u0107e vode, elektri\u010dne energije koja napaja postrojenja za proizvodnu i preradu hrane, fosilnih goriva koja napajaju vozila za transport namirnica, rada ljudi koji su ubrali vo\u0107e, umijesili hljeb, skuvali jelo.<\/p>\n<p>Ovom problemu treba temeljno pristupiti na vi\u0161e nivoa: aktivno raditi sa proizvo\u0111a\u010dima, prodavnicama i pijacama zarad preusmjeravanja njihovih vi\u0161kova, ali i, jo\u0161 va\u017enije, stvoriti zakonski okvir u kojem ni\u0161ta jestivo ne biva protra\u0107eno.<\/p>\n<p>Postoje i odre\u0111ene prakse koje mo\u017eete usvojiti na nivou svog doma\u0107instva kako biste ispravnu hranu sa\u010duvali od otpada. U nastavku slijede prijedlozi za svima omiljeni Vi\u0161kove mo\u017eete:<\/p>\n<ul>\n<li>Sve ono \u0161to je jestivo, a ne vjerujete da ga mo\u017eete pojesti prije nego se pokvari, mo\u017eete zamrznuti. Hranu je najbolje zamrzavati u manjim porcijama, proporcionalnim veli\u010dini prosje\u010dnog obroka u va\u0161em domu, kako biste kasnije mogli da odmrznete ba\u0161 koli\u010dinu za koju znate da \u0107e se pojesti, bez potrebe da se i\u0161ta baci.<\/li>\n<li>Neke vi\u0161kove mo\u017eete pretvoriti u sastojke novih jela. Suvi hljeb mo\u017eete samljeti u prezle ili iskoristiti za poparu, potamnjele banane umutiti u kola\u010d, kuvani pirina\u010d od ju\u010de danas oblikovati u krokete i propr\u017eiti. Probajte da upotrijebite djelove namirnica koje biste ranije bacali. Li\u0161\u0107e cvekle je jestivo kao i plod koji raste pod zemljom, stoga nema potrebe da ga bacite prilikom \u010di\u0161\u0107enja. Jezgra jabuke mo\u017eete \u010duvati u zamrziva\u010du dok ne prikupite dovoljnu koli\u010dinu za teglu doma\u0107eg sir\u0107eta, a kore mandarina su\u0161iti na tacni dok ne postanu spremne za \u010daj.<\/li>\n<li>Ni\u0161ta ne ujedini ljude kao podijeljeni obrok. U uobi\u010dajenim okolnostima, drage ljude biste mogli pozvati na ve\u010deru, da se dru\u017eite oko trpeze. U trenutnim, mo\u017eete im na pragu ostaviti ceger sa gotovim jelom. Provjerite koje tipove namirnica prihvataju lokalne narodne kuhinje i humanitarne organizacije. Naj\u010de\u0161\u0107e su to isklju\u010divo one konzervirane, iz sanitarnih razloga, pa ukoliko ih imate vi\u0161ka, saznajte gdje ih mo\u017eete proslijediti.<\/li>\n<li>Uo\u010davanje problema je uvijek pola puta do njegovog rje\u0161avanja. Odvojite sedam dana za pra\u0107enje svojih navika u kuhinji. Vodite evidenciju toga \u0161ta vam zavr\u0161ava u kanti za otpatke i u kojoj koli\u010dini, pa makar to bila samo skoro prazna fla\u0161a mlijeka ili korica hljeba. Kada ste to u\u010dinili, zapi\u0161ite i nekoliko ideja za upotrebu svake od navedenih namirnica. Da li \u0107ete je zamrznuti? Iskoristiti za sos za pastu? Vi najbolje znate \u0161ta \u0107e biti primjenljivo u va\u0161im okolnostima.<\/li>\n<\/ul>\n<p>&nbsp;<\/p>\n<p>U videu u nastavku mo\u017eete vidjeti kako u svom domu primjenjujem ove smjernice:<\/p>\n<p><iframe title=\"Zero Waste, epizoda 4\" width=\"800\" height=\"450\" src=\"https:\/\/www.youtube.com\/embed\/2TKvVqT6qdg?feature=oembed\" frameborder=\"0\" allow=\"accelerometer; autoplay; clipboard-write; encrypted-media; gyroscope; picture-in-picture; web-share\" referrerpolicy=\"strict-origin-when-cross-origin\" allowfullscreen><\/iframe><\/p>\n<p>&nbsp;<\/p>\n","protected":false},"excerpt":{"rendered":"<p>An\u0111ela \u0110ura\u0161kovi\u0107 o zero-waste ishrani u sklopu kampanje &#8221;EU na dlanu&#8221;<\/p>\n","protected":false},"author":1,"featured_media":35390,"comment_status":"closed","ping_status":"closed","sticky":false,"template":"","format":"standard","meta":{"_acf_changed":false,"footnotes":""},"categories":[],"tags":[],"class_list":["post-8715","post","type-post","status-publish","format-standard","has-post-thumbnail","hentry"],"acf":[],"yoast_head":"<!-- This site is optimized with the Yoast SEO plugin v27.3 - https:\/\/yoast.com\/product\/yoast-seo-wordpress\/ -->\n<title>BLOG: Ishranom protiv problema bacanja hrane - Europe House<\/title>\n<meta name=\"robots\" content=\"index, follow, max-snippet:-1, max-image-preview:large, max-video-preview:-1\" \/>\n<link rel=\"canonical\" href=\"https:\/\/www.evropskakuca.me\/me\/ishranom-protiv-problema-bacanja-hrane\/\" \/>\n<meta property=\"og:locale\" content=\"en_US\" \/>\n<meta property=\"og:type\" content=\"article\" \/>\n<meta property=\"og:title\" content=\"BLOG: Ishranom protiv problema bacanja hrane - Europe House\" \/>\n<meta property=\"og:description\" content=\"An\u0111ela \u0110ura\u0161kovi\u0107 o zero-waste ishrani u sklopu kampanje &#039;&#039;EU na dlanu&#039;&#039;\" \/>\n<meta property=\"og:url\" content=\"https:\/\/www.evropskakuca.me\/me\/ishranom-protiv-problema-bacanja-hrane\/\" \/>\n<meta property=\"og:site_name\" content=\"Europe House\" \/>\n<meta property=\"article:publisher\" content=\"https:\/\/www.facebook.com\/evropska.kuca\" \/>\n<meta property=\"article:published_time\" content=\"2020-05-01T09:28:07+00:00\" \/>\n<meta property=\"og:image\" content=\"https:\/\/www.evropskakuca.me\/wp-content\/uploads\/2020\/05\/blog-3.jpg\" \/>\n\t<meta property=\"og:image:width\" content=\"745\" \/>\n\t<meta property=\"og:image:height\" content=\"509\" \/>\n\t<meta property=\"og:image:type\" content=\"image\/jpeg\" \/>\n<meta name=\"author\" content=\"mkajic\" \/>\n<meta name=\"twitter:card\" content=\"summary_large_image\" \/>\n<meta name=\"twitter:creator\" content=\"@evropska_kuca\" \/>\n<meta name=\"twitter:site\" content=\"@evropska_kuca\" \/>\n<meta name=\"twitter:label1\" content=\"Written by\" \/>\n\t<meta name=\"twitter:data1\" content=\"mkajic\" \/>\n\t<meta name=\"twitter:label2\" content=\"Est. reading time\" \/>\n\t<meta name=\"twitter:data2\" content=\"3 minutes\" \/>\n<script type=\"application\/ld+json\" class=\"yoast-schema-graph\">{\"@context\":\"https:\\\/\\\/schema.org\",\"@graph\":[{\"@type\":\"Article\",\"@id\":\"https:\\\/\\\/www.evropskakuca.me\\\/me\\\/ishranom-protiv-problema-bacanja-hrane\\\/#article\",\"isPartOf\":{\"@id\":\"https:\\\/\\\/www.evropskakuca.me\\\/me\\\/ishranom-protiv-problema-bacanja-hrane\\\/\"},\"author\":{\"name\":\"mkajic\",\"@id\":\"https:\\\/\\\/www.evropskakuca.me\\\/me\\\/#\\\/schema\\\/person\\\/a1d0dcdaefe4a1cd1d60d200ea137ba4\"},\"headline\":\"BLOG: Ishranom protiv problema bacanja hrane\",\"datePublished\":\"2020-05-01T09:28:07+00:00\",\"mainEntityOfPage\":{\"@id\":\"https:\\\/\\\/www.evropskakuca.me\\\/me\\\/ishranom-protiv-problema-bacanja-hrane\\\/\"},\"wordCount\":665,\"publisher\":{\"@id\":\"https:\\\/\\\/www.evropskakuca.me\\\/me\\\/#organization\"},\"image\":{\"@id\":\"https:\\\/\\\/www.evropskakuca.me\\\/me\\\/ishranom-protiv-problema-bacanja-hrane\\\/#primaryimage\"},\"thumbnailUrl\":\"https:\\\/\\\/www.evropskakuca.me\\\/wp-content\\\/uploads\\\/2020\\\/05\\\/blog-3.jpg\",\"inLanguage\":\"me-ME\"},{\"@type\":\"WebPage\",\"@id\":\"https:\\\/\\\/www.evropskakuca.me\\\/me\\\/ishranom-protiv-problema-bacanja-hrane\\\/\",\"url\":\"https:\\\/\\\/www.evropskakuca.me\\\/me\\\/ishranom-protiv-problema-bacanja-hrane\\\/\",\"name\":\"BLOG: Ishranom protiv problema bacanja hrane - Europe House\",\"isPartOf\":{\"@id\":\"https:\\\/\\\/www.evropskakuca.me\\\/me\\\/#website\"},\"primaryImageOfPage\":{\"@id\":\"https:\\\/\\\/www.evropskakuca.me\\\/me\\\/ishranom-protiv-problema-bacanja-hrane\\\/#primaryimage\"},\"image\":{\"@id\":\"https:\\\/\\\/www.evropskakuca.me\\\/me\\\/ishranom-protiv-problema-bacanja-hrane\\\/#primaryimage\"},\"thumbnailUrl\":\"https:\\\/\\\/www.evropskakuca.me\\\/wp-content\\\/uploads\\\/2020\\\/05\\\/blog-3.jpg\",\"datePublished\":\"2020-05-01T09:28:07+00:00\",\"breadcrumb\":{\"@id\":\"https:\\\/\\\/www.evropskakuca.me\\\/me\\\/ishranom-protiv-problema-bacanja-hrane\\\/#breadcrumb\"},\"inLanguage\":\"me-ME\",\"potentialAction\":[{\"@type\":\"ReadAction\",\"target\":[\"https:\\\/\\\/www.evropskakuca.me\\\/me\\\/ishranom-protiv-problema-bacanja-hrane\\\/\"]}]},{\"@type\":\"ImageObject\",\"inLanguage\":\"me-ME\",\"@id\":\"https:\\\/\\\/www.evropskakuca.me\\\/me\\\/ishranom-protiv-problema-bacanja-hrane\\\/#primaryimage\",\"url\":\"https:\\\/\\\/www.evropskakuca.me\\\/wp-content\\\/uploads\\\/2020\\\/05\\\/blog-3.jpg\",\"contentUrl\":\"https:\\\/\\\/www.evropskakuca.me\\\/wp-content\\\/uploads\\\/2020\\\/05\\\/blog-3.jpg\",\"width\":745,\"height\":509},{\"@type\":\"BreadcrumbList\",\"@id\":\"https:\\\/\\\/www.evropskakuca.me\\\/me\\\/ishranom-protiv-problema-bacanja-hrane\\\/#breadcrumb\",\"itemListElement\":[{\"@type\":\"ListItem\",\"position\":1,\"name\":\"Home\",\"item\":\"https:\\\/\\\/www.evropskakuca.me\\\/me\\\/\"},{\"@type\":\"ListItem\",\"position\":2,\"name\":\"BLOG: Ishranom protiv problema bacanja hrane\"}]},{\"@type\":\"WebSite\",\"@id\":\"https:\\\/\\\/www.evropskakuca.me\\\/me\\\/#website\",\"url\":\"https:\\\/\\\/www.evropskakuca.me\\\/me\\\/\",\"name\":\"Evropean house\",\"description\":\"\",\"publisher\":{\"@id\":\"https:\\\/\\\/www.evropskakuca.me\\\/me\\\/#organization\"},\"potentialAction\":[{\"@type\":\"SearchAction\",\"target\":{\"@type\":\"EntryPoint\",\"urlTemplate\":\"https:\\\/\\\/www.evropskakuca.me\\\/me\\\/?s={search_term_string}\"},\"query-input\":{\"@type\":\"PropertyValueSpecification\",\"valueRequired\":true,\"valueName\":\"search_term_string\"}}],\"inLanguage\":\"me-ME\"},{\"@type\":\"Organization\",\"@id\":\"https:\\\/\\\/www.evropskakuca.me\\\/me\\\/#organization\",\"name\":\"Evropean house\",\"url\":\"https:\\\/\\\/www.evropskakuca.me\\\/me\\\/\",\"logo\":{\"@type\":\"ImageObject\",\"inLanguage\":\"me-ME\",\"@id\":\"https:\\\/\\\/www.evropskakuca.me\\\/me\\\/#\\\/schema\\\/logo\\\/image\\\/\",\"url\":\"https:\\\/\\\/www.evropskakuca.me\\\/wp-content\\\/uploads\\\/2025\\\/01\\\/evropska-kuca-logo-1.png\",\"contentUrl\":\"https:\\\/\\\/www.evropskakuca.me\\\/wp-content\\\/uploads\\\/2025\\\/01\\\/evropska-kuca-logo-1.png\",\"width\":425,\"height\":312,\"caption\":\"Evropean house\"},\"image\":{\"@id\":\"https:\\\/\\\/www.evropskakuca.me\\\/me\\\/#\\\/schema\\\/logo\\\/image\\\/\"},\"sameAs\":[\"https:\\\/\\\/www.facebook.com\\\/evropska.kuca\",\"https:\\\/\\\/x.com\\\/evropska_kuca\",\"https:\\\/\\\/www.instagram.com\\\/evropska_kuca\"]},{\"@type\":\"Person\",\"@id\":\"https:\\\/\\\/www.evropskakuca.me\\\/me\\\/#\\\/schema\\\/person\\\/a1d0dcdaefe4a1cd1d60d200ea137ba4\",\"name\":\"mkajic\",\"image\":{\"@type\":\"ImageObject\",\"inLanguage\":\"me-ME\",\"@id\":\"https:\\\/\\\/secure.gravatar.com\\\/avatar\\\/731fa035cefab7316e6bafd1f25a93fb731a07de14e2d9923f8db4422628eabc?s=96&d=mm&r=g\",\"url\":\"https:\\\/\\\/secure.gravatar.com\\\/avatar\\\/731fa035cefab7316e6bafd1f25a93fb731a07de14e2d9923f8db4422628eabc?s=96&d=mm&r=g\",\"contentUrl\":\"https:\\\/\\\/secure.gravatar.com\\\/avatar\\\/731fa035cefab7316e6bafd1f25a93fb731a07de14e2d9923f8db4422628eabc?s=96&d=mm&r=g\",\"caption\":\"mkajic\"},\"sameAs\":[\"https:\\\/\\\/evropskakuca.me\"],\"url\":\"https:\\\/\\\/www.evropskakuca.me\\\/me\\\/author\\\/mkajic\\\/\"}]}<\/script>\n<!-- \/ Yoast SEO plugin. -->","yoast_head_json":{"title":"BLOG: Ishranom protiv problema bacanja hrane - Europe House","robots":{"index":"index","follow":"follow","max-snippet":"max-snippet:-1","max-image-preview":"max-image-preview:large","max-video-preview":"max-video-preview:-1"},"canonical":"https:\/\/www.evropskakuca.me\/me\/ishranom-protiv-problema-bacanja-hrane\/","og_locale":"en_US","og_type":"article","og_title":"BLOG: Ishranom protiv problema bacanja hrane - Europe House","og_description":"An\u0111ela \u0110ura\u0161kovi\u0107 o zero-waste ishrani u sklopu kampanje ''EU na dlanu''","og_url":"https:\/\/www.evropskakuca.me\/me\/ishranom-protiv-problema-bacanja-hrane\/","og_site_name":"Europe House","article_publisher":"https:\/\/www.facebook.com\/evropska.kuca","article_published_time":"2020-05-01T09:28:07+00:00","og_image":[{"width":745,"height":509,"url":"https:\/\/www.evropskakuca.me\/wp-content\/uploads\/2020\/05\/blog-3.jpg","type":"image\/jpeg"}],"author":"mkajic","twitter_card":"summary_large_image","twitter_creator":"@evropska_kuca","twitter_site":"@evropska_kuca","twitter_misc":{"Written by":"mkajic","Est. reading time":"3 minutes"},"schema":{"@context":"https:\/\/schema.org","@graph":[{"@type":"Article","@id":"https:\/\/www.evropskakuca.me\/me\/ishranom-protiv-problema-bacanja-hrane\/#article","isPartOf":{"@id":"https:\/\/www.evropskakuca.me\/me\/ishranom-protiv-problema-bacanja-hrane\/"},"author":{"name":"mkajic","@id":"https:\/\/www.evropskakuca.me\/me\/#\/schema\/person\/a1d0dcdaefe4a1cd1d60d200ea137ba4"},"headline":"BLOG: Ishranom protiv problema bacanja hrane","datePublished":"2020-05-01T09:28:07+00:00","mainEntityOfPage":{"@id":"https:\/\/www.evropskakuca.me\/me\/ishranom-protiv-problema-bacanja-hrane\/"},"wordCount":665,"publisher":{"@id":"https:\/\/www.evropskakuca.me\/me\/#organization"},"image":{"@id":"https:\/\/www.evropskakuca.me\/me\/ishranom-protiv-problema-bacanja-hrane\/#primaryimage"},"thumbnailUrl":"https:\/\/www.evropskakuca.me\/wp-content\/uploads\/2020\/05\/blog-3.jpg","inLanguage":"me-ME"},{"@type":"WebPage","@id":"https:\/\/www.evropskakuca.me\/me\/ishranom-protiv-problema-bacanja-hrane\/","url":"https:\/\/www.evropskakuca.me\/me\/ishranom-protiv-problema-bacanja-hrane\/","name":"BLOG: Ishranom protiv problema bacanja hrane - Europe House","isPartOf":{"@id":"https:\/\/www.evropskakuca.me\/me\/#website"},"primaryImageOfPage":{"@id":"https:\/\/www.evropskakuca.me\/me\/ishranom-protiv-problema-bacanja-hrane\/#primaryimage"},"image":{"@id":"https:\/\/www.evropskakuca.me\/me\/ishranom-protiv-problema-bacanja-hrane\/#primaryimage"},"thumbnailUrl":"https:\/\/www.evropskakuca.me\/wp-content\/uploads\/2020\/05\/blog-3.jpg","datePublished":"2020-05-01T09:28:07+00:00","breadcrumb":{"@id":"https:\/\/www.evropskakuca.me\/me\/ishranom-protiv-problema-bacanja-hrane\/#breadcrumb"},"inLanguage":"me-ME","potentialAction":[{"@type":"ReadAction","target":["https:\/\/www.evropskakuca.me\/me\/ishranom-protiv-problema-bacanja-hrane\/"]}]},{"@type":"ImageObject","inLanguage":"me-ME","@id":"https:\/\/www.evropskakuca.me\/me\/ishranom-protiv-problema-bacanja-hrane\/#primaryimage","url":"https:\/\/www.evropskakuca.me\/wp-content\/uploads\/2020\/05\/blog-3.jpg","contentUrl":"https:\/\/www.evropskakuca.me\/wp-content\/uploads\/2020\/05\/blog-3.jpg","width":745,"height":509},{"@type":"BreadcrumbList","@id":"https:\/\/www.evropskakuca.me\/me\/ishranom-protiv-problema-bacanja-hrane\/#breadcrumb","itemListElement":[{"@type":"ListItem","position":1,"name":"Home","item":"https:\/\/www.evropskakuca.me\/me\/"},{"@type":"ListItem","position":2,"name":"BLOG: Ishranom protiv problema bacanja hrane"}]},{"@type":"WebSite","@id":"https:\/\/www.evropskakuca.me\/me\/#website","url":"https:\/\/www.evropskakuca.me\/me\/","name":"Evropean house","description":"","publisher":{"@id":"https:\/\/www.evropskakuca.me\/me\/#organization"},"potentialAction":[{"@type":"SearchAction","target":{"@type":"EntryPoint","urlTemplate":"https:\/\/www.evropskakuca.me\/me\/?s={search_term_string}"},"query-input":{"@type":"PropertyValueSpecification","valueRequired":true,"valueName":"search_term_string"}}],"inLanguage":"me-ME"},{"@type":"Organization","@id":"https:\/\/www.evropskakuca.me\/me\/#organization","name":"Evropean house","url":"https:\/\/www.evropskakuca.me\/me\/","logo":{"@type":"ImageObject","inLanguage":"me-ME","@id":"https:\/\/www.evropskakuca.me\/me\/#\/schema\/logo\/image\/","url":"https:\/\/www.evropskakuca.me\/wp-content\/uploads\/2025\/01\/evropska-kuca-logo-1.png","contentUrl":"https:\/\/www.evropskakuca.me\/wp-content\/uploads\/2025\/01\/evropska-kuca-logo-1.png","width":425,"height":312,"caption":"Evropean house"},"image":{"@id":"https:\/\/www.evropskakuca.me\/me\/#\/schema\/logo\/image\/"},"sameAs":["https:\/\/www.facebook.com\/evropska.kuca","https:\/\/x.com\/evropska_kuca","https:\/\/www.instagram.com\/evropska_kuca"]},{"@type":"Person","@id":"https:\/\/www.evropskakuca.me\/me\/#\/schema\/person\/a1d0dcdaefe4a1cd1d60d200ea137ba4","name":"mkajic","image":{"@type":"ImageObject","inLanguage":"me-ME","@id":"https:\/\/secure.gravatar.com\/avatar\/731fa035cefab7316e6bafd1f25a93fb731a07de14e2d9923f8db4422628eabc?s=96&d=mm&r=g","url":"https:\/\/secure.gravatar.com\/avatar\/731fa035cefab7316e6bafd1f25a93fb731a07de14e2d9923f8db4422628eabc?s=96&d=mm&r=g","contentUrl":"https:\/\/secure.gravatar.com\/avatar\/731fa035cefab7316e6bafd1f25a93fb731a07de14e2d9923f8db4422628eabc?s=96&d=mm&r=g","caption":"mkajic"},"sameAs":["https:\/\/evropskakuca.me"],"url":"https:\/\/www.evropskakuca.me\/me\/author\/mkajic\/"}]}},"_links":{"self":[{"href":"https:\/\/www.evropskakuca.me\/me\/wp-json\/wp\/v2\/posts\/8715","targetHints":{"allow":["GET"]}}],"collection":[{"href":"https:\/\/www.evropskakuca.me\/me\/wp-json\/wp\/v2\/posts"}],"about":[{"href":"https:\/\/www.evropskakuca.me\/me\/wp-json\/wp\/v2\/types\/post"}],"author":[{"embeddable":true,"href":"https:\/\/www.evropskakuca.me\/me\/wp-json\/wp\/v2\/users\/1"}],"replies":[{"embeddable":true,"href":"https:\/\/www.evropskakuca.me\/me\/wp-json\/wp\/v2\/comments?post=8715"}],"version-history":[{"count":0,"href":"https:\/\/www.evropskakuca.me\/me\/wp-json\/wp\/v2\/posts\/8715\/revisions"}],"wp:featuredmedia":[{"embeddable":true,"href":"https:\/\/www.evropskakuca.me\/me\/wp-json\/wp\/v2\/media\/35390"}],"wp:attachment":[{"href":"https:\/\/www.evropskakuca.me\/me\/wp-json\/wp\/v2\/media?parent=8715"}],"wp:term":[{"taxonomy":"category","embeddable":true,"href":"https:\/\/www.evropskakuca.me\/me\/wp-json\/wp\/v2\/categories?post=8715"},{"taxonomy":"post_tag","embeddable":true,"href":"https:\/\/www.evropskakuca.me\/me\/wp-json\/wp\/v2\/tags?post=8715"}],"curies":[{"name":"wp","href":"https:\/\/api.w.org\/{rel}","templated":true}]}}