{"id":8408,"date":"2020-04-27T12:45:33","date_gmt":"2020-04-27T12:45:33","guid":{"rendered":"http:\/\/www.evropskakuca.me\/me\/?p=8408"},"modified":"2020-04-27T12:45:33","modified_gmt":"2020-04-27T12:45:33","slug":"eu-nastavlja-da-pomaze-romima-u-vrijeme-epidemije-covid-19","status":"publish","type":"post","link":"https:\/\/www.evropskakuca.me\/me\/eu-nastavlja-da-pomaze-romima-u-vrijeme-epidemije-covid-19\/","title":{"rendered":"EU nastavlja da poma\u017ee Romima u vrijeme epidemije COVID-19"},"content":{"rendered":"<p>Blizu 300 romskih porodica u Tivtu, Baru, Ulcinju i Nik\u0161i\u0107u dobilo je 400 paketa pomo\u0107i u okviru regionalnog ROMACTED programa. Cilj programa, koji predstavlja zajedni\u010dku inicijativu Evropske unije i Savjeta Evrope na Zapadnom Balkanu i u Turskoj, je promovisanje dobrog upravljanja i osna\u017eivanje kapaciteta pripadnika romske populacije. Ovu aktivnost organizovali su kao odgovor na epidemiju COVID-19 u Crnoj Gori, u \u017eelji da pomognu jednoj od najugro\u017eenijih i najranjivijih kategorija stanovni\u0161tva.<\/p>\n<p><img fetchpriority=\"high\" decoding=\"async\" class=\"alignnone size-large wp-image-8405\" src=\"http:\/\/www.evropskakuca.me\/wp-content\/uploads\/2020\/04\/Bar-002-768x1024.jpg\" alt=\"\" width=\"768\" height=\"1024\" \/><\/p>\n<p>\u201eUz podr\u0161ku grupe nevladinih organizacija, aktivista za ljudska prava i prava RE populacije, 18. marta smo uputili apel Vladi Crne Gore i NKT-u da reaguju u za\u0161titi RE populacije od infekcije COVID-19. Nakon toga, pokrenuli smo kampanju RESPECT koja ima za cilj da se, u skladu sa privremenim mjerama za\u0161tite gra\u0111ana od COVID-19, RE zajednica na \u0161to efikasniji na\u010din informi\u0161e i za\u0161titi od infekcije koronavirusom, kao i da pru\u017ei pomo\u0107 samoj zajednici u ovim trenucima. Za \u0161to efikasniju koordinaciju same kampanje, hitne reakcije i pru\u017eanja adekvatne pomo\u0107i, kao i radi \u0161to bolje informisanosti o stanju na terenu unutar same zajednice, oformili smo i operativno tijelo koje \u010dine 34 volontera iz 13 crnogorskih op\u0161tina u kojima RE zajednica \u017eivi, a sa kojima smo u svakodnevnom kontaktu\u201c, obja\u0161njava Samir Jaha iz NVO \u201eMladi Romi\u201c, koja je partnerska organizacija na ROMACTED programu.<\/p>\n<p><img decoding=\"async\" class=\"alignnone size-full wp-image-8403\" src=\"http:\/\/www.evropskakuca.me\/wp-content\/uploads\/2020\/04\/Ulcinj-002.jpg\" alt=\"\" width=\"534\" height=\"545\" \/><\/p>\n<p>Pomo\u0107 romskim porodicama, u vidu hrane i higijenskih sredstava, dostavljena je u periodu od 27. marta do 17. aprila. Njena vrijednost je preko 13 000 eura, a novac je obezbije\u0111en iz projektnog bud\u017eeta NVO \u201eMladi Romi\u201c, posredstvom ROMACTED programa.<\/p>\n<p>\u201eOdre\u0111eni broj EU projekata i programa je svoje aktivnosti prilagodio novim okolnostima i posvetio ih borbi protiv korona virusa. Drago nam je da je takav slu\u010daj i sa ROMACTED programom. Pomo\u0107 ugro\u017eenim kategorijama dru\u0161tva oduvijek je bila prioritet Evropske unije, a posebno sada \u2013 kada su oni dodatno pogo\u0111eni. Neposredno nakon pojave korone u Crnoj Gori, organizovali smo pomo\u0107 za romske porodice u Bijelom Polju, Beranama, Nik\u0161i\u0107u i Herceg Novom, a zajedno sa partnerskim organizacijama nastavi\u0107emo da realizujemo sli\u010dne aktivnosti\u201c, navela je Mladenka Te\u0161i\u0107 projektna menad\u017eerka u Delegaciji EU u Crnoj Gori.<\/p>\n<p>Evropska unija je na po\u010detku izbijanja korona virusa u Crnoj Gori pomogla romskim porodicama u Bijelom Polju, Beranama, Nik\u0161i\u0107u i Herceg Novom. U saradnji sa organizacijom HELP i NVO \u201eKora\u010dajte sa nama \u2013 Phiren Amenca\u201c, obezbijedila je 600 paketa pomo\u0107i za oko 400 porodica romske i egip\u0107anske populacije. Za osam crnogorskih op\u0161tina koje su uklju\u010dene u ROMACTED program, bi\u0107e obezbije\u0111eno jo\u0161 dodatnih 20 000 eura iz sredstava Evropske unije i Savjeta Evrope, s kojima \u0107e se nastojati pru\u017eiti adekvatna pomo\u0107 RE zajednici.<\/p>\n","protected":false},"excerpt":{"rendered":"<p>U okviru ROMACTED programa, koji predstavlja zajedni\u010dku inicijativu EU i Savjeta Evrope, podijeljeno 400 paketa pomo\u0107i<\/p>\n","protected":false},"author":1,"featured_media":35218,"comment_status":"closed","ping_status":"closed","sticky":false,"template":"","format":"standard","meta":{"_acf_changed":false,"footnotes":""},"categories":[],"tags":[],"class_list":["post-8408","post","type-post","status-publish","format-standard","has-post-thumbnail","hentry"],"acf":[],"yoast_head":"<!-- This site is optimized with the Yoast SEO plugin v27.3 - https:\/\/yoast.com\/product\/yoast-seo-wordpress\/ -->\n<title>EU nastavlja da poma\u017ee Romima u vrijeme epidemije COVID-19 - Europe House<\/title>\n<meta name=\"robots\" content=\"index, follow, max-snippet:-1, max-image-preview:large, max-video-preview:-1\" \/>\n<link rel=\"canonical\" href=\"https:\/\/www.evropskakuca.me\/me\/eu-nastavlja-da-pomaze-romima-u-vrijeme-epidemije-covid-19\/\" \/>\n<meta property=\"og:locale\" content=\"en_US\" \/>\n<meta property=\"og:type\" content=\"article\" \/>\n<meta property=\"og:title\" content=\"EU nastavlja da poma\u017ee Romima u vrijeme epidemije COVID-19 - Europe House\" \/>\n<meta property=\"og:description\" content=\"U okviru ROMACTED programa, koji predstavlja zajedni\u010dku inicijativu EU i Savjeta Evrope, podijeljeno 400 paketa pomo\u0107i\" \/>\n<meta property=\"og:url\" content=\"https:\/\/www.evropskakuca.me\/me\/eu-nastavlja-da-pomaze-romima-u-vrijeme-epidemije-covid-19\/\" \/>\n<meta property=\"og:site_name\" content=\"Europe House\" \/>\n<meta property=\"article:publisher\" content=\"https:\/\/www.facebook.com\/evropska.kuca\" \/>\n<meta property=\"article:published_time\" content=\"2020-04-27T12:45:33+00:00\" \/>\n<meta property=\"og:image\" content=\"https:\/\/www.evropskakuca.me\/wp-content\/uploads\/2020\/04\/Niksic-002.jpg\" \/>\n\t<meta property=\"og:image:width\" content=\"800\" \/>\n\t<meta property=\"og:image:height\" content=\"600\" \/>\n\t<meta property=\"og:image:type\" content=\"image\/jpeg\" \/>\n<meta name=\"author\" content=\"mkajic\" \/>\n<meta name=\"twitter:card\" content=\"summary_large_image\" \/>\n<meta name=\"twitter:creator\" content=\"@evropska_kuca\" \/>\n<meta name=\"twitter:site\" content=\"@evropska_kuca\" \/>\n<meta name=\"twitter:label1\" content=\"Written by\" \/>\n\t<meta name=\"twitter:data1\" content=\"mkajic\" \/>\n\t<meta name=\"twitter:label2\" content=\"Est. reading time\" \/>\n\t<meta name=\"twitter:data2\" content=\"2 minutes\" \/>\n<script type=\"application\/ld+json\" class=\"yoast-schema-graph\">{\"@context\":\"https:\\\/\\\/schema.org\",\"@graph\":[{\"@type\":\"Article\",\"@id\":\"https:\\\/\\\/www.evropskakuca.me\\\/me\\\/eu-nastavlja-da-pomaze-romima-u-vrijeme-epidemije-covid-19\\\/#article\",\"isPartOf\":{\"@id\":\"https:\\\/\\\/www.evropskakuca.me\\\/me\\\/eu-nastavlja-da-pomaze-romima-u-vrijeme-epidemije-covid-19\\\/\"},\"author\":{\"name\":\"mkajic\",\"@id\":\"https:\\\/\\\/www.evropskakuca.me\\\/me\\\/#\\\/schema\\\/person\\\/a1d0dcdaefe4a1cd1d60d200ea137ba4\"},\"headline\":\"EU nastavlja da poma\u017ee Romima u vrijeme epidemije COVID-19\",\"datePublished\":\"2020-04-27T12:45:33+00:00\",\"mainEntityOfPage\":{\"@id\":\"https:\\\/\\\/www.evropskakuca.me\\\/me\\\/eu-nastavlja-da-pomaze-romima-u-vrijeme-epidemije-covid-19\\\/\"},\"wordCount\":460,\"publisher\":{\"@id\":\"https:\\\/\\\/www.evropskakuca.me\\\/me\\\/#organization\"},\"image\":{\"@id\":\"https:\\\/\\\/www.evropskakuca.me\\\/me\\\/eu-nastavlja-da-pomaze-romima-u-vrijeme-epidemije-covid-19\\\/#primaryimage\"},\"thumbnailUrl\":\"https:\\\/\\\/www.evropskakuca.me\\\/wp-content\\\/uploads\\\/2020\\\/04\\\/Niksic-002.jpg\",\"inLanguage\":\"me-ME\"},{\"@type\":\"WebPage\",\"@id\":\"https:\\\/\\\/www.evropskakuca.me\\\/me\\\/eu-nastavlja-da-pomaze-romima-u-vrijeme-epidemije-covid-19\\\/\",\"url\":\"https:\\\/\\\/www.evropskakuca.me\\\/me\\\/eu-nastavlja-da-pomaze-romima-u-vrijeme-epidemije-covid-19\\\/\",\"name\":\"EU nastavlja da poma\u017ee Romima u vrijeme epidemije COVID-19 - Europe House\",\"isPartOf\":{\"@id\":\"https:\\\/\\\/www.evropskakuca.me\\\/me\\\/#website\"},\"primaryImageOfPage\":{\"@id\":\"https:\\\/\\\/www.evropskakuca.me\\\/me\\\/eu-nastavlja-da-pomaze-romima-u-vrijeme-epidemije-covid-19\\\/#primaryimage\"},\"image\":{\"@id\":\"https:\\\/\\\/www.evropskakuca.me\\\/me\\\/eu-nastavlja-da-pomaze-romima-u-vrijeme-epidemije-covid-19\\\/#primaryimage\"},\"thumbnailUrl\":\"https:\\\/\\\/www.evropskakuca.me\\\/wp-content\\\/uploads\\\/2020\\\/04\\\/Niksic-002.jpg\",\"datePublished\":\"2020-04-27T12:45:33+00:00\",\"breadcrumb\":{\"@id\":\"https:\\\/\\\/www.evropskakuca.me\\\/me\\\/eu-nastavlja-da-pomaze-romima-u-vrijeme-epidemije-covid-19\\\/#breadcrumb\"},\"inLanguage\":\"me-ME\",\"potentialAction\":[{\"@type\":\"ReadAction\",\"target\":[\"https:\\\/\\\/www.evropskakuca.me\\\/me\\\/eu-nastavlja-da-pomaze-romima-u-vrijeme-epidemije-covid-19\\\/\"]}]},{\"@type\":\"ImageObject\",\"inLanguage\":\"me-ME\",\"@id\":\"https:\\\/\\\/www.evropskakuca.me\\\/me\\\/eu-nastavlja-da-pomaze-romima-u-vrijeme-epidemije-covid-19\\\/#primaryimage\",\"url\":\"https:\\\/\\\/www.evropskakuca.me\\\/wp-content\\\/uploads\\\/2020\\\/04\\\/Niksic-002.jpg\",\"contentUrl\":\"https:\\\/\\\/www.evropskakuca.me\\\/wp-content\\\/uploads\\\/2020\\\/04\\\/Niksic-002.jpg\",\"width\":800,\"height\":600},{\"@type\":\"BreadcrumbList\",\"@id\":\"https:\\\/\\\/www.evropskakuca.me\\\/me\\\/eu-nastavlja-da-pomaze-romima-u-vrijeme-epidemije-covid-19\\\/#breadcrumb\",\"itemListElement\":[{\"@type\":\"ListItem\",\"position\":1,\"name\":\"Home\",\"item\":\"https:\\\/\\\/www.evropskakuca.me\\\/me\\\/\"},{\"@type\":\"ListItem\",\"position\":2,\"name\":\"EU nastavlja da poma\u017ee Romima u vrijeme epidemije COVID-19\"}]},{\"@type\":\"WebSite\",\"@id\":\"https:\\\/\\\/www.evropskakuca.me\\\/me\\\/#website\",\"url\":\"https:\\\/\\\/www.evropskakuca.me\\\/me\\\/\",\"name\":\"Evropean house\",\"description\":\"\",\"publisher\":{\"@id\":\"https:\\\/\\\/www.evropskakuca.me\\\/me\\\/#organization\"},\"potentialAction\":[{\"@type\":\"SearchAction\",\"target\":{\"@type\":\"EntryPoint\",\"urlTemplate\":\"https:\\\/\\\/www.evropskakuca.me\\\/me\\\/?s={search_term_string}\"},\"query-input\":{\"@type\":\"PropertyValueSpecification\",\"valueRequired\":true,\"valueName\":\"search_term_string\"}}],\"inLanguage\":\"me-ME\"},{\"@type\":\"Organization\",\"@id\":\"https:\\\/\\\/www.evropskakuca.me\\\/me\\\/#organization\",\"name\":\"Evropean house\",\"url\":\"https:\\\/\\\/www.evropskakuca.me\\\/me\\\/\",\"logo\":{\"@type\":\"ImageObject\",\"inLanguage\":\"me-ME\",\"@id\":\"https:\\\/\\\/www.evropskakuca.me\\\/me\\\/#\\\/schema\\\/logo\\\/image\\\/\",\"url\":\"https:\\\/\\\/www.evropskakuca.me\\\/wp-content\\\/uploads\\\/2025\\\/01\\\/evropska-kuca-logo-1.png\",\"contentUrl\":\"https:\\\/\\\/www.evropskakuca.me\\\/wp-content\\\/uploads\\\/2025\\\/01\\\/evropska-kuca-logo-1.png\",\"width\":425,\"height\":312,\"caption\":\"Evropean house\"},\"image\":{\"@id\":\"https:\\\/\\\/www.evropskakuca.me\\\/me\\\/#\\\/schema\\\/logo\\\/image\\\/\"},\"sameAs\":[\"https:\\\/\\\/www.facebook.com\\\/evropska.kuca\",\"https:\\\/\\\/x.com\\\/evropska_kuca\",\"https:\\\/\\\/www.instagram.com\\\/evropska_kuca\"]},{\"@type\":\"Person\",\"@id\":\"https:\\\/\\\/www.evropskakuca.me\\\/me\\\/#\\\/schema\\\/person\\\/a1d0dcdaefe4a1cd1d60d200ea137ba4\",\"name\":\"mkajic\",\"image\":{\"@type\":\"ImageObject\",\"inLanguage\":\"me-ME\",\"@id\":\"https:\\\/\\\/secure.gravatar.com\\\/avatar\\\/731fa035cefab7316e6bafd1f25a93fb731a07de14e2d9923f8db4422628eabc?s=96&d=mm&r=g\",\"url\":\"https:\\\/\\\/secure.gravatar.com\\\/avatar\\\/731fa035cefab7316e6bafd1f25a93fb731a07de14e2d9923f8db4422628eabc?s=96&d=mm&r=g\",\"contentUrl\":\"https:\\\/\\\/secure.gravatar.com\\\/avatar\\\/731fa035cefab7316e6bafd1f25a93fb731a07de14e2d9923f8db4422628eabc?s=96&d=mm&r=g\",\"caption\":\"mkajic\"},\"sameAs\":[\"https:\\\/\\\/evropskakuca.me\"],\"url\":\"https:\\\/\\\/www.evropskakuca.me\\\/me\\\/author\\\/mkajic\\\/\"}]}<\/script>\n<!-- \/ Yoast SEO plugin. -->","yoast_head_json":{"title":"EU nastavlja da poma\u017ee Romima u vrijeme epidemije COVID-19 - Europe House","robots":{"index":"index","follow":"follow","max-snippet":"max-snippet:-1","max-image-preview":"max-image-preview:large","max-video-preview":"max-video-preview:-1"},"canonical":"https:\/\/www.evropskakuca.me\/me\/eu-nastavlja-da-pomaze-romima-u-vrijeme-epidemije-covid-19\/","og_locale":"en_US","og_type":"article","og_title":"EU nastavlja da poma\u017ee Romima u vrijeme epidemije COVID-19 - Europe House","og_description":"U okviru ROMACTED programa, koji predstavlja zajedni\u010dku inicijativu EU i Savjeta Evrope, podijeljeno 400 paketa pomo\u0107i","og_url":"https:\/\/www.evropskakuca.me\/me\/eu-nastavlja-da-pomaze-romima-u-vrijeme-epidemije-covid-19\/","og_site_name":"Europe House","article_publisher":"https:\/\/www.facebook.com\/evropska.kuca","article_published_time":"2020-04-27T12:45:33+00:00","og_image":[{"width":800,"height":600,"url":"https:\/\/www.evropskakuca.me\/wp-content\/uploads\/2020\/04\/Niksic-002.jpg","type":"image\/jpeg"}],"author":"mkajic","twitter_card":"summary_large_image","twitter_creator":"@evropska_kuca","twitter_site":"@evropska_kuca","twitter_misc":{"Written by":"mkajic","Est. reading time":"2 minutes"},"schema":{"@context":"https:\/\/schema.org","@graph":[{"@type":"Article","@id":"https:\/\/www.evropskakuca.me\/me\/eu-nastavlja-da-pomaze-romima-u-vrijeme-epidemije-covid-19\/#article","isPartOf":{"@id":"https:\/\/www.evropskakuca.me\/me\/eu-nastavlja-da-pomaze-romima-u-vrijeme-epidemije-covid-19\/"},"author":{"name":"mkajic","@id":"https:\/\/www.evropskakuca.me\/me\/#\/schema\/person\/a1d0dcdaefe4a1cd1d60d200ea137ba4"},"headline":"EU nastavlja da poma\u017ee Romima u vrijeme epidemije COVID-19","datePublished":"2020-04-27T12:45:33+00:00","mainEntityOfPage":{"@id":"https:\/\/www.evropskakuca.me\/me\/eu-nastavlja-da-pomaze-romima-u-vrijeme-epidemije-covid-19\/"},"wordCount":460,"publisher":{"@id":"https:\/\/www.evropskakuca.me\/me\/#organization"},"image":{"@id":"https:\/\/www.evropskakuca.me\/me\/eu-nastavlja-da-pomaze-romima-u-vrijeme-epidemije-covid-19\/#primaryimage"},"thumbnailUrl":"https:\/\/www.evropskakuca.me\/wp-content\/uploads\/2020\/04\/Niksic-002.jpg","inLanguage":"me-ME"},{"@type":"WebPage","@id":"https:\/\/www.evropskakuca.me\/me\/eu-nastavlja-da-pomaze-romima-u-vrijeme-epidemije-covid-19\/","url":"https:\/\/www.evropskakuca.me\/me\/eu-nastavlja-da-pomaze-romima-u-vrijeme-epidemije-covid-19\/","name":"EU nastavlja da poma\u017ee Romima u vrijeme epidemije COVID-19 - Europe House","isPartOf":{"@id":"https:\/\/www.evropskakuca.me\/me\/#website"},"primaryImageOfPage":{"@id":"https:\/\/www.evropskakuca.me\/me\/eu-nastavlja-da-pomaze-romima-u-vrijeme-epidemije-covid-19\/#primaryimage"},"image":{"@id":"https:\/\/www.evropskakuca.me\/me\/eu-nastavlja-da-pomaze-romima-u-vrijeme-epidemije-covid-19\/#primaryimage"},"thumbnailUrl":"https:\/\/www.evropskakuca.me\/wp-content\/uploads\/2020\/04\/Niksic-002.jpg","datePublished":"2020-04-27T12:45:33+00:00","breadcrumb":{"@id":"https:\/\/www.evropskakuca.me\/me\/eu-nastavlja-da-pomaze-romima-u-vrijeme-epidemije-covid-19\/#breadcrumb"},"inLanguage":"me-ME","potentialAction":[{"@type":"ReadAction","target":["https:\/\/www.evropskakuca.me\/me\/eu-nastavlja-da-pomaze-romima-u-vrijeme-epidemije-covid-19\/"]}]},{"@type":"ImageObject","inLanguage":"me-ME","@id":"https:\/\/www.evropskakuca.me\/me\/eu-nastavlja-da-pomaze-romima-u-vrijeme-epidemije-covid-19\/#primaryimage","url":"https:\/\/www.evropskakuca.me\/wp-content\/uploads\/2020\/04\/Niksic-002.jpg","contentUrl":"https:\/\/www.evropskakuca.me\/wp-content\/uploads\/2020\/04\/Niksic-002.jpg","width":800,"height":600},{"@type":"BreadcrumbList","@id":"https:\/\/www.evropskakuca.me\/me\/eu-nastavlja-da-pomaze-romima-u-vrijeme-epidemije-covid-19\/#breadcrumb","itemListElement":[{"@type":"ListItem","position":1,"name":"Home","item":"https:\/\/www.evropskakuca.me\/me\/"},{"@type":"ListItem","position":2,"name":"EU nastavlja da poma\u017ee Romima u vrijeme epidemije COVID-19"}]},{"@type":"WebSite","@id":"https:\/\/www.evropskakuca.me\/me\/#website","url":"https:\/\/www.evropskakuca.me\/me\/","name":"Evropean house","description":"","publisher":{"@id":"https:\/\/www.evropskakuca.me\/me\/#organization"},"potentialAction":[{"@type":"SearchAction","target":{"@type":"EntryPoint","urlTemplate":"https:\/\/www.evropskakuca.me\/me\/?s={search_term_string}"},"query-input":{"@type":"PropertyValueSpecification","valueRequired":true,"valueName":"search_term_string"}}],"inLanguage":"me-ME"},{"@type":"Organization","@id":"https:\/\/www.evropskakuca.me\/me\/#organization","name":"Evropean house","url":"https:\/\/www.evropskakuca.me\/me\/","logo":{"@type":"ImageObject","inLanguage":"me-ME","@id":"https:\/\/www.evropskakuca.me\/me\/#\/schema\/logo\/image\/","url":"https:\/\/www.evropskakuca.me\/wp-content\/uploads\/2025\/01\/evropska-kuca-logo-1.png","contentUrl":"https:\/\/www.evropskakuca.me\/wp-content\/uploads\/2025\/01\/evropska-kuca-logo-1.png","width":425,"height":312,"caption":"Evropean house"},"image":{"@id":"https:\/\/www.evropskakuca.me\/me\/#\/schema\/logo\/image\/"},"sameAs":["https:\/\/www.facebook.com\/evropska.kuca","https:\/\/x.com\/evropska_kuca","https:\/\/www.instagram.com\/evropska_kuca"]},{"@type":"Person","@id":"https:\/\/www.evropskakuca.me\/me\/#\/schema\/person\/a1d0dcdaefe4a1cd1d60d200ea137ba4","name":"mkajic","image":{"@type":"ImageObject","inLanguage":"me-ME","@id":"https:\/\/secure.gravatar.com\/avatar\/731fa035cefab7316e6bafd1f25a93fb731a07de14e2d9923f8db4422628eabc?s=96&d=mm&r=g","url":"https:\/\/secure.gravatar.com\/avatar\/731fa035cefab7316e6bafd1f25a93fb731a07de14e2d9923f8db4422628eabc?s=96&d=mm&r=g","contentUrl":"https:\/\/secure.gravatar.com\/avatar\/731fa035cefab7316e6bafd1f25a93fb731a07de14e2d9923f8db4422628eabc?s=96&d=mm&r=g","caption":"mkajic"},"sameAs":["https:\/\/evropskakuca.me"],"url":"https:\/\/www.evropskakuca.me\/me\/author\/mkajic\/"}]}},"_links":{"self":[{"href":"https:\/\/www.evropskakuca.me\/me\/wp-json\/wp\/v2\/posts\/8408","targetHints":{"allow":["GET"]}}],"collection":[{"href":"https:\/\/www.evropskakuca.me\/me\/wp-json\/wp\/v2\/posts"}],"about":[{"href":"https:\/\/www.evropskakuca.me\/me\/wp-json\/wp\/v2\/types\/post"}],"author":[{"embeddable":true,"href":"https:\/\/www.evropskakuca.me\/me\/wp-json\/wp\/v2\/users\/1"}],"replies":[{"embeddable":true,"href":"https:\/\/www.evropskakuca.me\/me\/wp-json\/wp\/v2\/comments?post=8408"}],"version-history":[{"count":0,"href":"https:\/\/www.evropskakuca.me\/me\/wp-json\/wp\/v2\/posts\/8408\/revisions"}],"wp:featuredmedia":[{"embeddable":true,"href":"https:\/\/www.evropskakuca.me\/me\/wp-json\/wp\/v2\/media\/35218"}],"wp:attachment":[{"href":"https:\/\/www.evropskakuca.me\/me\/wp-json\/wp\/v2\/media?parent=8408"}],"wp:term":[{"taxonomy":"category","embeddable":true,"href":"https:\/\/www.evropskakuca.me\/me\/wp-json\/wp\/v2\/categories?post=8408"},{"taxonomy":"post_tag","embeddable":true,"href":"https:\/\/www.evropskakuca.me\/me\/wp-json\/wp\/v2\/tags?post=8408"}],"curies":[{"name":"wp","href":"https:\/\/api.w.org\/{rel}","templated":true}]}}