{"id":8333,"date":"2020-04-22T09:19:28","date_gmt":"2020-04-22T09:19:28","guid":{"rendered":"http:\/\/www.evropskakuca.me\/me\/?p=8333"},"modified":"2025-01-21T12:18:29","modified_gmt":"2025-01-21T12:18:29","slug":"evropska-unija-u-crnoj-gori-pokrenula-online-kampanju-eu-na-dlanu","status":"publish","type":"post","link":"https:\/\/www.evropskakuca.me\/me\/evropska-unija-u-crnoj-gori-pokrenula-online-kampanju-eu-na-dlanu\/","title":{"rendered":"EVROPSKA UNIJA U CRNOJ GORI POKRENULA ONLINE KAMPANJU \u201cEU na dlanu\u201d"},"content":{"rendered":"<p>Pandemija COVID-19 promijenila je \u017eivote svih nas. Sada vi\u0161e nego ikad provodimo vrijeme zatvoreni u ku\u0107i, na interentu, pretra\u017euju\u0107i sadr\u017eaje koji \u0107e nam pomo\u0107i da ispunimo slobodno vrijeme. Zato su Delegacija Evropske unije u Crnoj Gori i EU info centar pokrenuli online kampanju simboli\u010dnog naziva \u201cEU na dlanu\u201d, koja gra\u0111anima mo\u017ee pomo\u0107i da ovaj krizni period prevazi\u0111u sa manje stresa i zabrinutosti.<\/p>\n<p>U narednim sedmicama, svakodnevno \u0107e na svojim dru\u0161tvenim mre\u017eama i sajtovima objavljivati kvalitetne i korisne sadr\u017eaje, zanimljive svim generacijama. U \u017eelji da u ovim trenucima u\u010dine ne\u0161to dobro za prirodu, veliki dio sadr\u017eaja posvetili su upravo njenoj za\u0161titi. Prate\u0107i EU u Crnoj Gori, mo\u017eete nau\u010diti kako da budete energetski efikasni u svom domu, saznati \u0161ta je to zero waste ishrana, nau\u010diti da sadite ba\u0161tu na va\u0161em balkonu i po\u010deti zdravije da se hranite.<\/p>\n<p><img fetchpriority=\"high\" decoding=\"async\" class=\"alignnone size-large wp-image-8329\" src=\"http:\/\/www.evropskakuca.me\/wp-content\/uploads\/2020\/04\/eu-price-18-1024x683.jpg\" alt=\"\" width=\"1024\" height=\"683\" \/><\/p>\n<p>Za najmla\u0111e, tu su i evropske bajke koje \u0107e im pred spavanje \u010ditati poznati crnogorski glumci. Tokom kampanje, gra\u0111ani \u0107e imati priliku i da upoznaju zemlje \u010dlanice i osvoje vrijedne nagrade kroz EU kviz i igricu.<\/p>\n<p>\u201eNakon \u0161to je Evropska unija izdvojila 3 miliona eura za hitnu pomo\u0107 zdravstvenom sistemu Crne Gore i 50 miliona za dugoro\u010dni oporavak ekonomije i ugro\u017eenih sektora, \u017eeljeli smo i da pomognemo gra\u0111anima da \u0161to lak\u0161e prebrode krizu u kojoj se svi nalazimo. Za njih smo pripremili\u00a0 zanimljive i edukativne sadr\u017eaje, koje mogu da prate individualno ili zajedno sa porodicom. Posebno nam je drago \u0161to smo uspjeli da na interesantan na\u010din predstavimo kako svi zajedno mo\u017eemo bolje da brinemo o prirodi i nastavimo to da radimo i kada kriza bude iza nas\u201c, saop\u0161teno je iz EU info centra povodom po\u010detka ove online kampanje.<\/p>\n<p>Kulminacija kampanje bi\u0107e obilje\u017eavanje Dana Evrope koje \u0107e se, za razliku od prethodnih godina, preseliti na TV ekrane, o \u010demu \u0107e biti vi\u0161e rije\u010di u narednim danima. Partneri Evropske unije u ovoj kampanji su eko edukatorkaAn\u0111ela \u0110ura\u0161kovi\u0107, agro-kompanija \u201eLa Organica\u201c, glumica Branka Femi\u0107 i glumac Pavle Ili\u0107, food bloger Damir Mo\u0161kov i Njema\u010dka organizacija za me\u0111unarodnu saradnju (GIZ).<\/p>\n<p>&nbsp;<\/p>\n<h4>Prate\u0107i tekstovi:<\/h4>\n<p><a href=\"http:\/\/www.evropskakuca.me\/me\/vrijeme-je-za-prirodu\">Vrijeme je za prirodu!<\/a><\/p>\n<p><a href=\"http:\/\/www.evropskakuca.me\/me\/balkonsko-bastovanstvo\">BLOG: Balkonsko ba\u0161tovanstvo<\/a><\/p>\n<p><a href=\"http:\/\/www.evropskakuca.me\/me\/tvoja-basta-epizoda-2-proljecnja-sjetva\">BLOG: Tvoja ba\u0161ta (epizoda 2): Prolje\u0107nja sjetva<\/a><\/p>\n<p><a href=\"http:\/\/www.evropskakuca.me\/me\/osnove-zero-waste-ishrane\">BLOG: Osnove zero-waste ishrane<\/a><\/p>\n<p><a href=\"http:\/\/www.evropskakuca.me\/me\/ishranom-protiv-problema-bacanja-hrane\">BLOG: Ishranom protiv problema bacanja hrane<\/a><\/p>\n<p><a href=\"http:\/\/www.evropskakuca.me\/me\/kako-proizvesti-zdravu-i-otpornu-sadnicu\">BLOG: Kako proizvesti zdravu i otpornu sadnicu?<\/a><\/p>\n<p><a href=\"http:\/\/www.evropskakuca.me\/me\/zacinska-basta\">BLOG: Za\u010dinska ba\u0161ta<\/a><\/p>\n<p><a href=\"http:\/\/www.evropskakuca.me\/me\/ako-ne-jelom-onda-kako-alternativne-metode-spasavanja-jestive-hrane-od-deponije\">BLOG: Ako ne jelom, onda kako: Alternativne metode spa\u0161avanja jestive hrane od deponije<\/a><\/p>\n<p><a href=\"http:\/\/www.evropskakuca.me\/me\/blog-kako-da-uzgajate-salatu-na-terasi\">BLOG: Kako da uzgajate salatu na terasi?<\/a><\/p>\n<p><a href=\"http:\/\/www.evropskakuca.me\/me\/zasto-je-seri-paradajz-zahvalno-gajiti-na-terasi\">BLOG: Za\u0161to je \u0161eri paradajz zahvalno gajiti na terasi?<\/a><\/p>\n<p><a href=\"http:\/\/www.evropskakuca.me\/me\/zero-waste-ishrana-kako-biti-odgovorniji-potrosac\">BLOG: Zero-waste ishrana: Kako biti odgovorniji potro\u0161a\u010d?<\/a><\/p>\n<p><a href=\"http:\/\/www.evropskakuca.me\/me\/blog-korisni-savjeti-za-uzgoj-krastavca-u-vasoj-basti\">BLOG: Korisni savjeti za uzgoj krastavca u va\u0161oj ba\u0161ti<\/a><\/p>\n<p><a href=\"http:\/\/www.evropskakuca.me\/me\/blog-sta-su-klice-i-kako-ih-uzgajati\">BLOG: \u0160ta su klice i kako ih uzgajati?<\/a><\/p>\n<p><a href=\"http:\/\/www.evropskakuca.me\/me\/blog-sta-je-mikrobilje-i-kako-ga-koristimo\">BLOG: \u0160ta je mikrobilje i kako ga koristimo?<\/a><\/p>\n<p><a href=\"http:\/\/www.evropskakuca.me\/me\/spisak-dobitnika-dnevnih-nagrada-u-okviru-kviza-evropa-na-dlanu\/\">Spisak dobitnika dnevnih nagrada u okviru kviza \u201eEvropa na dlanu\u201c<\/a><\/p>\n","protected":false},"excerpt":{"rendered":"<p>Korisni savjeti o za\u0161titi prirode, EU kviz, bajke za djecu, pri\u010de o zemljama \u010dlanicama<\/p>\n","protected":false},"author":1,"featured_media":35279,"comment_status":"closed","ping_status":"closed","sticky":false,"template":"","format":"standard","meta":{"_acf_changed":false,"footnotes":""},"categories":[285,524],"tags":[],"class_list":["post-8333","post","type-post","status-publish","format-standard","has-post-thumbnail","hentry","category-kampanje-i-eventi","category-vesti"],"acf":[],"yoast_head":"<!-- This site is optimized with the Yoast SEO plugin v27.3 - https:\/\/yoast.com\/product\/yoast-seo-wordpress\/ -->\n<title>EVROPSKA UNIJA U CRNOJ GORI POKRENULA ONLINE KAMPANJU \u201cEU na dlanu\u201d - Europe House<\/title>\n<meta name=\"robots\" content=\"index, follow, max-snippet:-1, max-image-preview:large, max-video-preview:-1\" \/>\n<link rel=\"canonical\" href=\"https:\/\/www.evropskakuca.me\/me\/evropska-unija-u-crnoj-gori-pokrenula-online-kampanju-eu-na-dlanu\/\" \/>\n<meta property=\"og:locale\" content=\"en_US\" \/>\n<meta property=\"og:type\" content=\"article\" \/>\n<meta property=\"og:title\" content=\"EVROPSKA UNIJA U CRNOJ GORI POKRENULA ONLINE KAMPANJU \u201cEU na dlanu\u201d - Europe House\" \/>\n<meta property=\"og:description\" content=\"Korisni savjeti o za\u0161titi prirode, EU kviz, bajke za djecu, pri\u010de o zemljama \u010dlanicama\" \/>\n<meta property=\"og:url\" content=\"https:\/\/www.evropskakuca.me\/me\/evropska-unija-u-crnoj-gori-pokrenula-online-kampanju-eu-na-dlanu\/\" \/>\n<meta property=\"og:site_name\" content=\"Europe House\" \/>\n<meta property=\"article:publisher\" content=\"https:\/\/www.facebook.com\/evropska.kuca\" \/>\n<meta property=\"article:published_time\" content=\"2020-04-22T09:19:28+00:00\" \/>\n<meta property=\"article:modified_time\" content=\"2025-01-21T12:18:29+00:00\" \/>\n<meta property=\"og:image\" content=\"https:\/\/www.evropskakuca.me\/wp-content\/uploads\/2020\/04\/la-organica-15-scaled.jpg\" \/>\n\t<meta property=\"og:image:width\" content=\"2560\" \/>\n\t<meta property=\"og:image:height\" content=\"1707\" \/>\n\t<meta property=\"og:image:type\" content=\"image\/jpeg\" \/>\n<meta name=\"author\" content=\"mkajic\" \/>\n<meta name=\"twitter:card\" content=\"summary_large_image\" \/>\n<meta name=\"twitter:creator\" content=\"@evropska_kuca\" \/>\n<meta name=\"twitter:site\" content=\"@evropska_kuca\" \/>\n<meta name=\"twitter:label1\" content=\"Written by\" \/>\n\t<meta name=\"twitter:data1\" content=\"mkajic\" \/>\n\t<meta name=\"twitter:label2\" content=\"Est. reading time\" \/>\n\t<meta name=\"twitter:data2\" content=\"3 minutes\" \/>\n<script type=\"application\/ld+json\" class=\"yoast-schema-graph\">{\"@context\":\"https:\\\/\\\/schema.org\",\"@graph\":[{\"@type\":\"Article\",\"@id\":\"https:\\\/\\\/www.evropskakuca.me\\\/me\\\/evropska-unija-u-crnoj-gori-pokrenula-online-kampanju-eu-na-dlanu\\\/#article\",\"isPartOf\":{\"@id\":\"https:\\\/\\\/www.evropskakuca.me\\\/me\\\/evropska-unija-u-crnoj-gori-pokrenula-online-kampanju-eu-na-dlanu\\\/\"},\"author\":{\"name\":\"mkajic\",\"@id\":\"https:\\\/\\\/www.evropskakuca.me\\\/me\\\/#\\\/schema\\\/person\\\/a1d0dcdaefe4a1cd1d60d200ea137ba4\"},\"headline\":\"EVROPSKA UNIJA U CRNOJ GORI POKRENULA ONLINE KAMPANJU \u201cEU na dlanu\u201d\",\"datePublished\":\"2020-04-22T09:19:28+00:00\",\"dateModified\":\"2025-01-21T12:18:29+00:00\",\"mainEntityOfPage\":{\"@id\":\"https:\\\/\\\/www.evropskakuca.me\\\/me\\\/evropska-unija-u-crnoj-gori-pokrenula-online-kampanju-eu-na-dlanu\\\/\"},\"wordCount\":503,\"publisher\":{\"@id\":\"https:\\\/\\\/www.evropskakuca.me\\\/me\\\/#organization\"},\"image\":{\"@id\":\"https:\\\/\\\/www.evropskakuca.me\\\/me\\\/evropska-unija-u-crnoj-gori-pokrenula-online-kampanju-eu-na-dlanu\\\/#primaryimage\"},\"thumbnailUrl\":\"https:\\\/\\\/www.evropskakuca.me\\\/wp-content\\\/uploads\\\/2020\\\/04\\\/la-organica-15-scaled.jpg\",\"articleSection\":[\"Kampanje i eventi\",\"Vesti\"],\"inLanguage\":\"me-ME\"},{\"@type\":\"WebPage\",\"@id\":\"https:\\\/\\\/www.evropskakuca.me\\\/me\\\/evropska-unija-u-crnoj-gori-pokrenula-online-kampanju-eu-na-dlanu\\\/\",\"url\":\"https:\\\/\\\/www.evropskakuca.me\\\/me\\\/evropska-unija-u-crnoj-gori-pokrenula-online-kampanju-eu-na-dlanu\\\/\",\"name\":\"EVROPSKA UNIJA U CRNOJ GORI POKRENULA ONLINE KAMPANJU \u201cEU na dlanu\u201d - Europe House\",\"isPartOf\":{\"@id\":\"https:\\\/\\\/www.evropskakuca.me\\\/me\\\/#website\"},\"primaryImageOfPage\":{\"@id\":\"https:\\\/\\\/www.evropskakuca.me\\\/me\\\/evropska-unija-u-crnoj-gori-pokrenula-online-kampanju-eu-na-dlanu\\\/#primaryimage\"},\"image\":{\"@id\":\"https:\\\/\\\/www.evropskakuca.me\\\/me\\\/evropska-unija-u-crnoj-gori-pokrenula-online-kampanju-eu-na-dlanu\\\/#primaryimage\"},\"thumbnailUrl\":\"https:\\\/\\\/www.evropskakuca.me\\\/wp-content\\\/uploads\\\/2020\\\/04\\\/la-organica-15-scaled.jpg\",\"datePublished\":\"2020-04-22T09:19:28+00:00\",\"dateModified\":\"2025-01-21T12:18:29+00:00\",\"breadcrumb\":{\"@id\":\"https:\\\/\\\/www.evropskakuca.me\\\/me\\\/evropska-unija-u-crnoj-gori-pokrenula-online-kampanju-eu-na-dlanu\\\/#breadcrumb\"},\"inLanguage\":\"me-ME\",\"potentialAction\":[{\"@type\":\"ReadAction\",\"target\":[\"https:\\\/\\\/www.evropskakuca.me\\\/me\\\/evropska-unija-u-crnoj-gori-pokrenula-online-kampanju-eu-na-dlanu\\\/\"]}]},{\"@type\":\"ImageObject\",\"inLanguage\":\"me-ME\",\"@id\":\"https:\\\/\\\/www.evropskakuca.me\\\/me\\\/evropska-unija-u-crnoj-gori-pokrenula-online-kampanju-eu-na-dlanu\\\/#primaryimage\",\"url\":\"https:\\\/\\\/www.evropskakuca.me\\\/wp-content\\\/uploads\\\/2020\\\/04\\\/la-organica-15-scaled.jpg\",\"contentUrl\":\"https:\\\/\\\/www.evropskakuca.me\\\/wp-content\\\/uploads\\\/2020\\\/04\\\/la-organica-15-scaled.jpg\",\"width\":2560,\"height\":1707},{\"@type\":\"BreadcrumbList\",\"@id\":\"https:\\\/\\\/www.evropskakuca.me\\\/me\\\/evropska-unija-u-crnoj-gori-pokrenula-online-kampanju-eu-na-dlanu\\\/#breadcrumb\",\"itemListElement\":[{\"@type\":\"ListItem\",\"position\":1,\"name\":\"Home\",\"item\":\"https:\\\/\\\/www.evropskakuca.me\\\/me\\\/\"},{\"@type\":\"ListItem\",\"position\":2,\"name\":\"EVROPSKA UNIJA U CRNOJ GORI POKRENULA ONLINE KAMPANJU \u201cEU na dlanu\u201d\"}]},{\"@type\":\"WebSite\",\"@id\":\"https:\\\/\\\/www.evropskakuca.me\\\/me\\\/#website\",\"url\":\"https:\\\/\\\/www.evropskakuca.me\\\/me\\\/\",\"name\":\"Evropean house\",\"description\":\"\",\"publisher\":{\"@id\":\"https:\\\/\\\/www.evropskakuca.me\\\/me\\\/#organization\"},\"potentialAction\":[{\"@type\":\"SearchAction\",\"target\":{\"@type\":\"EntryPoint\",\"urlTemplate\":\"https:\\\/\\\/www.evropskakuca.me\\\/me\\\/?s={search_term_string}\"},\"query-input\":{\"@type\":\"PropertyValueSpecification\",\"valueRequired\":true,\"valueName\":\"search_term_string\"}}],\"inLanguage\":\"me-ME\"},{\"@type\":\"Organization\",\"@id\":\"https:\\\/\\\/www.evropskakuca.me\\\/me\\\/#organization\",\"name\":\"Evropean house\",\"url\":\"https:\\\/\\\/www.evropskakuca.me\\\/me\\\/\",\"logo\":{\"@type\":\"ImageObject\",\"inLanguage\":\"me-ME\",\"@id\":\"https:\\\/\\\/www.evropskakuca.me\\\/me\\\/#\\\/schema\\\/logo\\\/image\\\/\",\"url\":\"https:\\\/\\\/www.evropskakuca.me\\\/wp-content\\\/uploads\\\/2025\\\/01\\\/evropska-kuca-logo-1.png\",\"contentUrl\":\"https:\\\/\\\/www.evropskakuca.me\\\/wp-content\\\/uploads\\\/2025\\\/01\\\/evropska-kuca-logo-1.png\",\"width\":425,\"height\":312,\"caption\":\"Evropean house\"},\"image\":{\"@id\":\"https:\\\/\\\/www.evropskakuca.me\\\/me\\\/#\\\/schema\\\/logo\\\/image\\\/\"},\"sameAs\":[\"https:\\\/\\\/www.facebook.com\\\/evropska.kuca\",\"https:\\\/\\\/x.com\\\/evropska_kuca\",\"https:\\\/\\\/www.instagram.com\\\/evropska_kuca\"]},{\"@type\":\"Person\",\"@id\":\"https:\\\/\\\/www.evropskakuca.me\\\/me\\\/#\\\/schema\\\/person\\\/a1d0dcdaefe4a1cd1d60d200ea137ba4\",\"name\":\"mkajic\",\"image\":{\"@type\":\"ImageObject\",\"inLanguage\":\"me-ME\",\"@id\":\"https:\\\/\\\/secure.gravatar.com\\\/avatar\\\/731fa035cefab7316e6bafd1f25a93fb731a07de14e2d9923f8db4422628eabc?s=96&d=mm&r=g\",\"url\":\"https:\\\/\\\/secure.gravatar.com\\\/avatar\\\/731fa035cefab7316e6bafd1f25a93fb731a07de14e2d9923f8db4422628eabc?s=96&d=mm&r=g\",\"contentUrl\":\"https:\\\/\\\/secure.gravatar.com\\\/avatar\\\/731fa035cefab7316e6bafd1f25a93fb731a07de14e2d9923f8db4422628eabc?s=96&d=mm&r=g\",\"caption\":\"mkajic\"},\"sameAs\":[\"https:\\\/\\\/evropskakuca.me\"],\"url\":\"https:\\\/\\\/www.evropskakuca.me\\\/me\\\/author\\\/mkajic\\\/\"}]}<\/script>\n<!-- \/ Yoast SEO plugin. -->","yoast_head_json":{"title":"EVROPSKA UNIJA U CRNOJ GORI POKRENULA ONLINE KAMPANJU \u201cEU na dlanu\u201d - Europe House","robots":{"index":"index","follow":"follow","max-snippet":"max-snippet:-1","max-image-preview":"max-image-preview:large","max-video-preview":"max-video-preview:-1"},"canonical":"https:\/\/www.evropskakuca.me\/me\/evropska-unija-u-crnoj-gori-pokrenula-online-kampanju-eu-na-dlanu\/","og_locale":"en_US","og_type":"article","og_title":"EVROPSKA UNIJA U CRNOJ GORI POKRENULA ONLINE KAMPANJU \u201cEU na dlanu\u201d - Europe House","og_description":"Korisni savjeti o za\u0161titi prirode, EU kviz, bajke za djecu, pri\u010de o zemljama \u010dlanicama","og_url":"https:\/\/www.evropskakuca.me\/me\/evropska-unija-u-crnoj-gori-pokrenula-online-kampanju-eu-na-dlanu\/","og_site_name":"Europe House","article_publisher":"https:\/\/www.facebook.com\/evropska.kuca","article_published_time":"2020-04-22T09:19:28+00:00","article_modified_time":"2025-01-21T12:18:29+00:00","og_image":[{"width":2560,"height":1707,"url":"https:\/\/www.evropskakuca.me\/wp-content\/uploads\/2020\/04\/la-organica-15-scaled.jpg","type":"image\/jpeg"}],"author":"mkajic","twitter_card":"summary_large_image","twitter_creator":"@evropska_kuca","twitter_site":"@evropska_kuca","twitter_misc":{"Written by":"mkajic","Est. reading time":"3 minutes"},"schema":{"@context":"https:\/\/schema.org","@graph":[{"@type":"Article","@id":"https:\/\/www.evropskakuca.me\/me\/evropska-unija-u-crnoj-gori-pokrenula-online-kampanju-eu-na-dlanu\/#article","isPartOf":{"@id":"https:\/\/www.evropskakuca.me\/me\/evropska-unija-u-crnoj-gori-pokrenula-online-kampanju-eu-na-dlanu\/"},"author":{"name":"mkajic","@id":"https:\/\/www.evropskakuca.me\/me\/#\/schema\/person\/a1d0dcdaefe4a1cd1d60d200ea137ba4"},"headline":"EVROPSKA UNIJA U CRNOJ GORI POKRENULA ONLINE KAMPANJU \u201cEU na dlanu\u201d","datePublished":"2020-04-22T09:19:28+00:00","dateModified":"2025-01-21T12:18:29+00:00","mainEntityOfPage":{"@id":"https:\/\/www.evropskakuca.me\/me\/evropska-unija-u-crnoj-gori-pokrenula-online-kampanju-eu-na-dlanu\/"},"wordCount":503,"publisher":{"@id":"https:\/\/www.evropskakuca.me\/me\/#organization"},"image":{"@id":"https:\/\/www.evropskakuca.me\/me\/evropska-unija-u-crnoj-gori-pokrenula-online-kampanju-eu-na-dlanu\/#primaryimage"},"thumbnailUrl":"https:\/\/www.evropskakuca.me\/wp-content\/uploads\/2020\/04\/la-organica-15-scaled.jpg","articleSection":["Kampanje i eventi","Vesti"],"inLanguage":"me-ME"},{"@type":"WebPage","@id":"https:\/\/www.evropskakuca.me\/me\/evropska-unija-u-crnoj-gori-pokrenula-online-kampanju-eu-na-dlanu\/","url":"https:\/\/www.evropskakuca.me\/me\/evropska-unija-u-crnoj-gori-pokrenula-online-kampanju-eu-na-dlanu\/","name":"EVROPSKA UNIJA U CRNOJ GORI POKRENULA ONLINE KAMPANJU \u201cEU na dlanu\u201d - Europe House","isPartOf":{"@id":"https:\/\/www.evropskakuca.me\/me\/#website"},"primaryImageOfPage":{"@id":"https:\/\/www.evropskakuca.me\/me\/evropska-unija-u-crnoj-gori-pokrenula-online-kampanju-eu-na-dlanu\/#primaryimage"},"image":{"@id":"https:\/\/www.evropskakuca.me\/me\/evropska-unija-u-crnoj-gori-pokrenula-online-kampanju-eu-na-dlanu\/#primaryimage"},"thumbnailUrl":"https:\/\/www.evropskakuca.me\/wp-content\/uploads\/2020\/04\/la-organica-15-scaled.jpg","datePublished":"2020-04-22T09:19:28+00:00","dateModified":"2025-01-21T12:18:29+00:00","breadcrumb":{"@id":"https:\/\/www.evropskakuca.me\/me\/evropska-unija-u-crnoj-gori-pokrenula-online-kampanju-eu-na-dlanu\/#breadcrumb"},"inLanguage":"me-ME","potentialAction":[{"@type":"ReadAction","target":["https:\/\/www.evropskakuca.me\/me\/evropska-unija-u-crnoj-gori-pokrenula-online-kampanju-eu-na-dlanu\/"]}]},{"@type":"ImageObject","inLanguage":"me-ME","@id":"https:\/\/www.evropskakuca.me\/me\/evropska-unija-u-crnoj-gori-pokrenula-online-kampanju-eu-na-dlanu\/#primaryimage","url":"https:\/\/www.evropskakuca.me\/wp-content\/uploads\/2020\/04\/la-organica-15-scaled.jpg","contentUrl":"https:\/\/www.evropskakuca.me\/wp-content\/uploads\/2020\/04\/la-organica-15-scaled.jpg","width":2560,"height":1707},{"@type":"BreadcrumbList","@id":"https:\/\/www.evropskakuca.me\/me\/evropska-unija-u-crnoj-gori-pokrenula-online-kampanju-eu-na-dlanu\/#breadcrumb","itemListElement":[{"@type":"ListItem","position":1,"name":"Home","item":"https:\/\/www.evropskakuca.me\/me\/"},{"@type":"ListItem","position":2,"name":"EVROPSKA UNIJA U CRNOJ GORI POKRENULA ONLINE KAMPANJU \u201cEU na dlanu\u201d"}]},{"@type":"WebSite","@id":"https:\/\/www.evropskakuca.me\/me\/#website","url":"https:\/\/www.evropskakuca.me\/me\/","name":"Evropean house","description":"","publisher":{"@id":"https:\/\/www.evropskakuca.me\/me\/#organization"},"potentialAction":[{"@type":"SearchAction","target":{"@type":"EntryPoint","urlTemplate":"https:\/\/www.evropskakuca.me\/me\/?s={search_term_string}"},"query-input":{"@type":"PropertyValueSpecification","valueRequired":true,"valueName":"search_term_string"}}],"inLanguage":"me-ME"},{"@type":"Organization","@id":"https:\/\/www.evropskakuca.me\/me\/#organization","name":"Evropean house","url":"https:\/\/www.evropskakuca.me\/me\/","logo":{"@type":"ImageObject","inLanguage":"me-ME","@id":"https:\/\/www.evropskakuca.me\/me\/#\/schema\/logo\/image\/","url":"https:\/\/www.evropskakuca.me\/wp-content\/uploads\/2025\/01\/evropska-kuca-logo-1.png","contentUrl":"https:\/\/www.evropskakuca.me\/wp-content\/uploads\/2025\/01\/evropska-kuca-logo-1.png","width":425,"height":312,"caption":"Evropean house"},"image":{"@id":"https:\/\/www.evropskakuca.me\/me\/#\/schema\/logo\/image\/"},"sameAs":["https:\/\/www.facebook.com\/evropska.kuca","https:\/\/x.com\/evropska_kuca","https:\/\/www.instagram.com\/evropska_kuca"]},{"@type":"Person","@id":"https:\/\/www.evropskakuca.me\/me\/#\/schema\/person\/a1d0dcdaefe4a1cd1d60d200ea137ba4","name":"mkajic","image":{"@type":"ImageObject","inLanguage":"me-ME","@id":"https:\/\/secure.gravatar.com\/avatar\/731fa035cefab7316e6bafd1f25a93fb731a07de14e2d9923f8db4422628eabc?s=96&d=mm&r=g","url":"https:\/\/secure.gravatar.com\/avatar\/731fa035cefab7316e6bafd1f25a93fb731a07de14e2d9923f8db4422628eabc?s=96&d=mm&r=g","contentUrl":"https:\/\/secure.gravatar.com\/avatar\/731fa035cefab7316e6bafd1f25a93fb731a07de14e2d9923f8db4422628eabc?s=96&d=mm&r=g","caption":"mkajic"},"sameAs":["https:\/\/evropskakuca.me"],"url":"https:\/\/www.evropskakuca.me\/me\/author\/mkajic\/"}]}},"_links":{"self":[{"href":"https:\/\/www.evropskakuca.me\/me\/wp-json\/wp\/v2\/posts\/8333","targetHints":{"allow":["GET"]}}],"collection":[{"href":"https:\/\/www.evropskakuca.me\/me\/wp-json\/wp\/v2\/posts"}],"about":[{"href":"https:\/\/www.evropskakuca.me\/me\/wp-json\/wp\/v2\/types\/post"}],"author":[{"embeddable":true,"href":"https:\/\/www.evropskakuca.me\/me\/wp-json\/wp\/v2\/users\/1"}],"replies":[{"embeddable":true,"href":"https:\/\/www.evropskakuca.me\/me\/wp-json\/wp\/v2\/comments?post=8333"}],"version-history":[{"count":1,"href":"https:\/\/www.evropskakuca.me\/me\/wp-json\/wp\/v2\/posts\/8333\/revisions"}],"predecessor-version":[{"id":42498,"href":"https:\/\/www.evropskakuca.me\/me\/wp-json\/wp\/v2\/posts\/8333\/revisions\/42498"}],"wp:featuredmedia":[{"embeddable":true,"href":"https:\/\/www.evropskakuca.me\/me\/wp-json\/wp\/v2\/media\/35279"}],"wp:attachment":[{"href":"https:\/\/www.evropskakuca.me\/me\/wp-json\/wp\/v2\/media?parent=8333"}],"wp:term":[{"taxonomy":"category","embeddable":true,"href":"https:\/\/www.evropskakuca.me\/me\/wp-json\/wp\/v2\/categories?post=8333"},{"taxonomy":"post_tag","embeddable":true,"href":"https:\/\/www.evropskakuca.me\/me\/wp-json\/wp\/v2\/tags?post=8333"}],"curies":[{"name":"wp","href":"https:\/\/api.w.org\/{rel}","templated":true}]}}