{"id":8316,"date":"2020-04-21T16:33:23","date_gmt":"2020-04-21T16:33:23","guid":{"rendered":"http:\/\/www.evropskakuca.me\/me\/?p=8316"},"modified":"2020-04-21T16:33:23","modified_gmt":"2020-04-21T16:33:23","slug":"evropska-unija-uputila-novu-pomoc-crnoj-gori","status":"publish","type":"post","link":"https:\/\/www.evropskakuca.me\/me\/evropska-unija-uputila-novu-pomoc-crnoj-gori\/","title":{"rendered":"Evropska unija uputila novu pomoc\u0301 Crnoj Gori"},"content":{"rendered":"<p>Postupaju\u0107i po zahtjevima za pomo\u0107 u borbi protiv pandemije koronavirusa pristiglim kroz Mehanizam civilne za\u0161tite, Evriopska Unija nastavlja da finansira i koordini\u0161e isporuke pomo\u0107i zemljama \u010dlanicama i zemljama svog okru\u017eenja. Crnoj Gori, koja je \u010dlanica Mehanizma civilne za\u0161tite, pomo\u0107 u borbi protiv koronavirusa sti\u017ee iz Austrije. Austrija Crnoj Gori \u0161alje rukavice, dezinfekciona sredstva i druge potrep\u0161tine. Zahvaljuju\u0107i saradnji uspostavljenoj kroz Mehanizam civilne za\u0161tite, Crnoj Gori iz Austrije sti\u017ee 1000 posteljina za jednokratnu upotrebu, 1000 paketa hirur\u0161kih rukavica ( 100 000 komada), 300 kanistera dezinfekcionog rastvora (svaki kanistar sadr\u017ei 5 litara) i 1800 pe\u0161kira.<\/p>\n<p>\u201cOdli\u010dna je vijest da je Crna Gora u moguc\u0301nosti da koristi Mehanizam civilne za\u0161tite EU kao odgovor na pandemiju koronavirusa, kao da je dr\u017eava \u010dlanica EU. Zahvalni smo Austriji \u0161to je poslala ove vrijedne medicinske potrep\u0161tine u Crnu Goru, dok EU koordini\u0161e i sufinansira isporuku po\u0161iljke. To je jo\u0161 jedan pokazatelj solidarnosti EU u ovim te\u0161kim vremenima. \u201c kazao \u0160ef Delegacije EU u Crnoj Gori Aivo Orav povodom austrijske donacije<\/p>\n<p>Austrijska donacija je samo dio sveukupne podr\u0161ke EU Crnoj Gori i regionu Zapadnog Balkana koja tako\u0111e uklju\u010duje i sredstva za dru\u0161tveni i ekonomski oporavak. Od 374 miliona eura kratkoro\u010dne i pomo\u0107i na srednji rok koje je Evropska unija opredjelila za region Zapadnog Balkana Crna Gora \u0107e dobiti 50 miliona. Dodatno je region dobio 38 miliona urgentne pomo\u0107i za sektor zdravstva. Crnoj Gori je opredijeljeno tri miliona eura. Prvi kontingent te pomo\u0107i, koji se realizuje u saradnji sa partnerskim organizacijama Ujedinjenih Nacija, sti\u017ee narednih dana.<\/p>\n<p>\u201cOvaj virus ne poznaje granice i zajedni\u010dki rad je jedini na\u010din da ga zaustavimo. Zahvalan sam Austriji na pokazanom gestu evropske solidarnosti. Na\u0161 Koordinacioni centar za hitne slu\u010dajeve nastavlja da radi radi 24 sata dnevno na pru\u017eanju podr\u0161ke zemljama \u010dlanicama EU i na\u0161im najbli\u017eim prijateljima.\u201d kazao je Janez Lenar\u010di\u010d, Komesar za upravljanje krizama.<\/p>\n<p>Crna Gora je zvani\u010dno postala \u010dlanica Mehanizma civilne za\u0161tite 2015. godine,\u00a0 na dana\u0161nji dan. Op\u0161ti cilj Mehanizma civilne za\u0161tite EU je da promovi\u0161e saradnju izme\u0111u dr\u017eava \u010dlanica EU i \u0161est pridru\u017eenih \u010dlanica u oblasti civilne za\u0161tite, u cilju pobolj\u0161anja prevencije, spremnosti i reagovanja na katastrofe. Kada stepen vanrednog stanja prevazi\u0111e moguc\u0301nosti reagovanja u dr\u017eavi, ona mo\u017ee zatra\u017eiti pomoc\u0301 kroz Mehanizan u kojem Evropska komisija igra klju\u010dnu ulogu. Komisija koordini\u0161e odgovor na katastrofu u Evropi\u00a0 i \u0161ire i snosi najmanje tri \u010detvrtine tro\u0161kova nabavke, transporta I distribucije upu\u0107ene pomo\u0107i.<\/p>\n","protected":false},"excerpt":{"rendered":"<p>Donacija Austrije kroz Mehanizam civilne za\u0161tite <\/p>\n","protected":false},"author":1,"featured_media":35236,"comment_status":"closed","ping_status":"closed","sticky":false,"template":"","format":"standard","meta":{"_acf_changed":false,"footnotes":""},"categories":[287,283],"tags":[],"class_list":["post-8316","post","type-post","status-publish","format-standard","has-post-thumbnail","hentry","category-koronavirusa","category-novosti-me"],"acf":[],"yoast_head":"<!-- This site is optimized with the Yoast SEO plugin v27.3 - https:\/\/yoast.com\/product\/yoast-seo-wordpress\/ -->\n<title>Evropska unija uputila novu pomoc\u0301 Crnoj Gori - Europe House<\/title>\n<meta name=\"robots\" content=\"index, follow, max-snippet:-1, max-image-preview:large, max-video-preview:-1\" \/>\n<link rel=\"canonical\" href=\"https:\/\/www.evropskakuca.me\/me\/evropska-unija-uputila-novu-pomoc-crnoj-gori\/\" \/>\n<meta property=\"og:locale\" content=\"en_US\" \/>\n<meta property=\"og:type\" content=\"article\" \/>\n<meta property=\"og:title\" content=\"Evropska unija uputila novu pomoc\u0301 Crnoj Gori - Europe House\" \/>\n<meta property=\"og:description\" content=\"Donacija Austrije kroz Mehanizam civilne za\u0161tite\" \/>\n<meta property=\"og:url\" content=\"https:\/\/www.evropskakuca.me\/me\/evropska-unija-uputila-novu-pomoc-crnoj-gori\/\" \/>\n<meta property=\"og:site_name\" content=\"Europe House\" \/>\n<meta property=\"article:publisher\" content=\"https:\/\/www.facebook.com\/evropska.kuca\" \/>\n<meta property=\"article:published_time\" content=\"2020-04-21T16:33:23+00:00\" \/>\n<meta property=\"og:image\" content=\"https:\/\/www.evropskakuca.me\/wp-content\/uploads\/2020\/04\/austrija.jpg\" \/>\n\t<meta property=\"og:image:width\" content=\"2047\" \/>\n\t<meta property=\"og:image:height\" content=\"1365\" \/>\n\t<meta property=\"og:image:type\" content=\"image\/jpeg\" \/>\n<meta name=\"author\" content=\"mkajic\" \/>\n<meta name=\"twitter:card\" content=\"summary_large_image\" \/>\n<meta name=\"twitter:creator\" content=\"@evropska_kuca\" \/>\n<meta name=\"twitter:site\" content=\"@evropska_kuca\" \/>\n<meta name=\"twitter:label1\" content=\"Written by\" \/>\n\t<meta name=\"twitter:data1\" content=\"mkajic\" \/>\n\t<meta name=\"twitter:label2\" content=\"Est. reading time\" \/>\n\t<meta name=\"twitter:data2\" content=\"2 minutes\" \/>\n<script type=\"application\/ld+json\" class=\"yoast-schema-graph\">{\"@context\":\"https:\\\/\\\/schema.org\",\"@graph\":[{\"@type\":\"Article\",\"@id\":\"https:\\\/\\\/www.evropskakuca.me\\\/me\\\/evropska-unija-uputila-novu-pomoc-crnoj-gori\\\/#article\",\"isPartOf\":{\"@id\":\"https:\\\/\\\/www.evropskakuca.me\\\/me\\\/evropska-unija-uputila-novu-pomoc-crnoj-gori\\\/\"},\"author\":{\"name\":\"mkajic\",\"@id\":\"https:\\\/\\\/www.evropskakuca.me\\\/me\\\/#\\\/schema\\\/person\\\/a1d0dcdaefe4a1cd1d60d200ea137ba4\"},\"headline\":\"Evropska unija uputila novu pomoc\u0301 Crnoj Gori\",\"datePublished\":\"2020-04-21T16:33:23+00:00\",\"mainEntityOfPage\":{\"@id\":\"https:\\\/\\\/www.evropskakuca.me\\\/me\\\/evropska-unija-uputila-novu-pomoc-crnoj-gori\\\/\"},\"wordCount\":441,\"publisher\":{\"@id\":\"https:\\\/\\\/www.evropskakuca.me\\\/me\\\/#organization\"},\"image\":{\"@id\":\"https:\\\/\\\/www.evropskakuca.me\\\/me\\\/evropska-unija-uputila-novu-pomoc-crnoj-gori\\\/#primaryimage\"},\"thumbnailUrl\":\"https:\\\/\\\/www.evropskakuca.me\\\/wp-content\\\/uploads\\\/2020\\\/04\\\/austrija.jpg\",\"articleSection\":[\"Koronavirusa\",\"Novosti\"],\"inLanguage\":\"me-ME\"},{\"@type\":\"WebPage\",\"@id\":\"https:\\\/\\\/www.evropskakuca.me\\\/me\\\/evropska-unija-uputila-novu-pomoc-crnoj-gori\\\/\",\"url\":\"https:\\\/\\\/www.evropskakuca.me\\\/me\\\/evropska-unija-uputila-novu-pomoc-crnoj-gori\\\/\",\"name\":\"Evropska unija uputila novu pomoc\u0301 Crnoj Gori - Europe House\",\"isPartOf\":{\"@id\":\"https:\\\/\\\/www.evropskakuca.me\\\/me\\\/#website\"},\"primaryImageOfPage\":{\"@id\":\"https:\\\/\\\/www.evropskakuca.me\\\/me\\\/evropska-unija-uputila-novu-pomoc-crnoj-gori\\\/#primaryimage\"},\"image\":{\"@id\":\"https:\\\/\\\/www.evropskakuca.me\\\/me\\\/evropska-unija-uputila-novu-pomoc-crnoj-gori\\\/#primaryimage\"},\"thumbnailUrl\":\"https:\\\/\\\/www.evropskakuca.me\\\/wp-content\\\/uploads\\\/2020\\\/04\\\/austrija.jpg\",\"datePublished\":\"2020-04-21T16:33:23+00:00\",\"breadcrumb\":{\"@id\":\"https:\\\/\\\/www.evropskakuca.me\\\/me\\\/evropska-unija-uputila-novu-pomoc-crnoj-gori\\\/#breadcrumb\"},\"inLanguage\":\"me-ME\",\"potentialAction\":[{\"@type\":\"ReadAction\",\"target\":[\"https:\\\/\\\/www.evropskakuca.me\\\/me\\\/evropska-unija-uputila-novu-pomoc-crnoj-gori\\\/\"]}]},{\"@type\":\"ImageObject\",\"inLanguage\":\"me-ME\",\"@id\":\"https:\\\/\\\/www.evropskakuca.me\\\/me\\\/evropska-unija-uputila-novu-pomoc-crnoj-gori\\\/#primaryimage\",\"url\":\"https:\\\/\\\/www.evropskakuca.me\\\/wp-content\\\/uploads\\\/2020\\\/04\\\/austrija.jpg\",\"contentUrl\":\"https:\\\/\\\/www.evropskakuca.me\\\/wp-content\\\/uploads\\\/2020\\\/04\\\/austrija.jpg\",\"width\":2047,\"height\":1365},{\"@type\":\"BreadcrumbList\",\"@id\":\"https:\\\/\\\/www.evropskakuca.me\\\/me\\\/evropska-unija-uputila-novu-pomoc-crnoj-gori\\\/#breadcrumb\",\"itemListElement\":[{\"@type\":\"ListItem\",\"position\":1,\"name\":\"Home\",\"item\":\"https:\\\/\\\/www.evropskakuca.me\\\/me\\\/\"},{\"@type\":\"ListItem\",\"position\":2,\"name\":\"Evropska unija uputila novu pomoc\u0301 Crnoj Gori\"}]},{\"@type\":\"WebSite\",\"@id\":\"https:\\\/\\\/www.evropskakuca.me\\\/me\\\/#website\",\"url\":\"https:\\\/\\\/www.evropskakuca.me\\\/me\\\/\",\"name\":\"Evropean house\",\"description\":\"\",\"publisher\":{\"@id\":\"https:\\\/\\\/www.evropskakuca.me\\\/me\\\/#organization\"},\"potentialAction\":[{\"@type\":\"SearchAction\",\"target\":{\"@type\":\"EntryPoint\",\"urlTemplate\":\"https:\\\/\\\/www.evropskakuca.me\\\/me\\\/?s={search_term_string}\"},\"query-input\":{\"@type\":\"PropertyValueSpecification\",\"valueRequired\":true,\"valueName\":\"search_term_string\"}}],\"inLanguage\":\"me-ME\"},{\"@type\":\"Organization\",\"@id\":\"https:\\\/\\\/www.evropskakuca.me\\\/me\\\/#organization\",\"name\":\"Evropean house\",\"url\":\"https:\\\/\\\/www.evropskakuca.me\\\/me\\\/\",\"logo\":{\"@type\":\"ImageObject\",\"inLanguage\":\"me-ME\",\"@id\":\"https:\\\/\\\/www.evropskakuca.me\\\/me\\\/#\\\/schema\\\/logo\\\/image\\\/\",\"url\":\"https:\\\/\\\/www.evropskakuca.me\\\/wp-content\\\/uploads\\\/2025\\\/01\\\/evropska-kuca-logo-1.png\",\"contentUrl\":\"https:\\\/\\\/www.evropskakuca.me\\\/wp-content\\\/uploads\\\/2025\\\/01\\\/evropska-kuca-logo-1.png\",\"width\":425,\"height\":312,\"caption\":\"Evropean house\"},\"image\":{\"@id\":\"https:\\\/\\\/www.evropskakuca.me\\\/me\\\/#\\\/schema\\\/logo\\\/image\\\/\"},\"sameAs\":[\"https:\\\/\\\/www.facebook.com\\\/evropska.kuca\",\"https:\\\/\\\/x.com\\\/evropska_kuca\",\"https:\\\/\\\/www.instagram.com\\\/evropska_kuca\"]},{\"@type\":\"Person\",\"@id\":\"https:\\\/\\\/www.evropskakuca.me\\\/me\\\/#\\\/schema\\\/person\\\/a1d0dcdaefe4a1cd1d60d200ea137ba4\",\"name\":\"mkajic\",\"image\":{\"@type\":\"ImageObject\",\"inLanguage\":\"me-ME\",\"@id\":\"https:\\\/\\\/secure.gravatar.com\\\/avatar\\\/731fa035cefab7316e6bafd1f25a93fb731a07de14e2d9923f8db4422628eabc?s=96&d=mm&r=g\",\"url\":\"https:\\\/\\\/secure.gravatar.com\\\/avatar\\\/731fa035cefab7316e6bafd1f25a93fb731a07de14e2d9923f8db4422628eabc?s=96&d=mm&r=g\",\"contentUrl\":\"https:\\\/\\\/secure.gravatar.com\\\/avatar\\\/731fa035cefab7316e6bafd1f25a93fb731a07de14e2d9923f8db4422628eabc?s=96&d=mm&r=g\",\"caption\":\"mkajic\"},\"sameAs\":[\"https:\\\/\\\/evropskakuca.me\"],\"url\":\"https:\\\/\\\/www.evropskakuca.me\\\/me\\\/author\\\/mkajic\\\/\"}]}<\/script>\n<!-- \/ Yoast SEO plugin. -->","yoast_head_json":{"title":"Evropska unija uputila novu pomoc\u0301 Crnoj Gori - Europe House","robots":{"index":"index","follow":"follow","max-snippet":"max-snippet:-1","max-image-preview":"max-image-preview:large","max-video-preview":"max-video-preview:-1"},"canonical":"https:\/\/www.evropskakuca.me\/me\/evropska-unija-uputila-novu-pomoc-crnoj-gori\/","og_locale":"en_US","og_type":"article","og_title":"Evropska unija uputila novu pomoc\u0301 Crnoj Gori - Europe House","og_description":"Donacija Austrije kroz Mehanizam civilne za\u0161tite","og_url":"https:\/\/www.evropskakuca.me\/me\/evropska-unija-uputila-novu-pomoc-crnoj-gori\/","og_site_name":"Europe House","article_publisher":"https:\/\/www.facebook.com\/evropska.kuca","article_published_time":"2020-04-21T16:33:23+00:00","og_image":[{"width":2047,"height":1365,"url":"https:\/\/www.evropskakuca.me\/wp-content\/uploads\/2020\/04\/austrija.jpg","type":"image\/jpeg"}],"author":"mkajic","twitter_card":"summary_large_image","twitter_creator":"@evropska_kuca","twitter_site":"@evropska_kuca","twitter_misc":{"Written by":"mkajic","Est. reading time":"2 minutes"},"schema":{"@context":"https:\/\/schema.org","@graph":[{"@type":"Article","@id":"https:\/\/www.evropskakuca.me\/me\/evropska-unija-uputila-novu-pomoc-crnoj-gori\/#article","isPartOf":{"@id":"https:\/\/www.evropskakuca.me\/me\/evropska-unija-uputila-novu-pomoc-crnoj-gori\/"},"author":{"name":"mkajic","@id":"https:\/\/www.evropskakuca.me\/me\/#\/schema\/person\/a1d0dcdaefe4a1cd1d60d200ea137ba4"},"headline":"Evropska unija uputila novu pomoc\u0301 Crnoj Gori","datePublished":"2020-04-21T16:33:23+00:00","mainEntityOfPage":{"@id":"https:\/\/www.evropskakuca.me\/me\/evropska-unija-uputila-novu-pomoc-crnoj-gori\/"},"wordCount":441,"publisher":{"@id":"https:\/\/www.evropskakuca.me\/me\/#organization"},"image":{"@id":"https:\/\/www.evropskakuca.me\/me\/evropska-unija-uputila-novu-pomoc-crnoj-gori\/#primaryimage"},"thumbnailUrl":"https:\/\/www.evropskakuca.me\/wp-content\/uploads\/2020\/04\/austrija.jpg","articleSection":["Koronavirusa","Novosti"],"inLanguage":"me-ME"},{"@type":"WebPage","@id":"https:\/\/www.evropskakuca.me\/me\/evropska-unija-uputila-novu-pomoc-crnoj-gori\/","url":"https:\/\/www.evropskakuca.me\/me\/evropska-unija-uputila-novu-pomoc-crnoj-gori\/","name":"Evropska unija uputila novu pomoc\u0301 Crnoj Gori - Europe House","isPartOf":{"@id":"https:\/\/www.evropskakuca.me\/me\/#website"},"primaryImageOfPage":{"@id":"https:\/\/www.evropskakuca.me\/me\/evropska-unija-uputila-novu-pomoc-crnoj-gori\/#primaryimage"},"image":{"@id":"https:\/\/www.evropskakuca.me\/me\/evropska-unija-uputila-novu-pomoc-crnoj-gori\/#primaryimage"},"thumbnailUrl":"https:\/\/www.evropskakuca.me\/wp-content\/uploads\/2020\/04\/austrija.jpg","datePublished":"2020-04-21T16:33:23+00:00","breadcrumb":{"@id":"https:\/\/www.evropskakuca.me\/me\/evropska-unija-uputila-novu-pomoc-crnoj-gori\/#breadcrumb"},"inLanguage":"me-ME","potentialAction":[{"@type":"ReadAction","target":["https:\/\/www.evropskakuca.me\/me\/evropska-unija-uputila-novu-pomoc-crnoj-gori\/"]}]},{"@type":"ImageObject","inLanguage":"me-ME","@id":"https:\/\/www.evropskakuca.me\/me\/evropska-unija-uputila-novu-pomoc-crnoj-gori\/#primaryimage","url":"https:\/\/www.evropskakuca.me\/wp-content\/uploads\/2020\/04\/austrija.jpg","contentUrl":"https:\/\/www.evropskakuca.me\/wp-content\/uploads\/2020\/04\/austrija.jpg","width":2047,"height":1365},{"@type":"BreadcrumbList","@id":"https:\/\/www.evropskakuca.me\/me\/evropska-unija-uputila-novu-pomoc-crnoj-gori\/#breadcrumb","itemListElement":[{"@type":"ListItem","position":1,"name":"Home","item":"https:\/\/www.evropskakuca.me\/me\/"},{"@type":"ListItem","position":2,"name":"Evropska unija uputila novu pomoc\u0301 Crnoj Gori"}]},{"@type":"WebSite","@id":"https:\/\/www.evropskakuca.me\/me\/#website","url":"https:\/\/www.evropskakuca.me\/me\/","name":"Evropean house","description":"","publisher":{"@id":"https:\/\/www.evropskakuca.me\/me\/#organization"},"potentialAction":[{"@type":"SearchAction","target":{"@type":"EntryPoint","urlTemplate":"https:\/\/www.evropskakuca.me\/me\/?s={search_term_string}"},"query-input":{"@type":"PropertyValueSpecification","valueRequired":true,"valueName":"search_term_string"}}],"inLanguage":"me-ME"},{"@type":"Organization","@id":"https:\/\/www.evropskakuca.me\/me\/#organization","name":"Evropean house","url":"https:\/\/www.evropskakuca.me\/me\/","logo":{"@type":"ImageObject","inLanguage":"me-ME","@id":"https:\/\/www.evropskakuca.me\/me\/#\/schema\/logo\/image\/","url":"https:\/\/www.evropskakuca.me\/wp-content\/uploads\/2025\/01\/evropska-kuca-logo-1.png","contentUrl":"https:\/\/www.evropskakuca.me\/wp-content\/uploads\/2025\/01\/evropska-kuca-logo-1.png","width":425,"height":312,"caption":"Evropean house"},"image":{"@id":"https:\/\/www.evropskakuca.me\/me\/#\/schema\/logo\/image\/"},"sameAs":["https:\/\/www.facebook.com\/evropska.kuca","https:\/\/x.com\/evropska_kuca","https:\/\/www.instagram.com\/evropska_kuca"]},{"@type":"Person","@id":"https:\/\/www.evropskakuca.me\/me\/#\/schema\/person\/a1d0dcdaefe4a1cd1d60d200ea137ba4","name":"mkajic","image":{"@type":"ImageObject","inLanguage":"me-ME","@id":"https:\/\/secure.gravatar.com\/avatar\/731fa035cefab7316e6bafd1f25a93fb731a07de14e2d9923f8db4422628eabc?s=96&d=mm&r=g","url":"https:\/\/secure.gravatar.com\/avatar\/731fa035cefab7316e6bafd1f25a93fb731a07de14e2d9923f8db4422628eabc?s=96&d=mm&r=g","contentUrl":"https:\/\/secure.gravatar.com\/avatar\/731fa035cefab7316e6bafd1f25a93fb731a07de14e2d9923f8db4422628eabc?s=96&d=mm&r=g","caption":"mkajic"},"sameAs":["https:\/\/evropskakuca.me"],"url":"https:\/\/www.evropskakuca.me\/me\/author\/mkajic\/"}]}},"_links":{"self":[{"href":"https:\/\/www.evropskakuca.me\/me\/wp-json\/wp\/v2\/posts\/8316","targetHints":{"allow":["GET"]}}],"collection":[{"href":"https:\/\/www.evropskakuca.me\/me\/wp-json\/wp\/v2\/posts"}],"about":[{"href":"https:\/\/www.evropskakuca.me\/me\/wp-json\/wp\/v2\/types\/post"}],"author":[{"embeddable":true,"href":"https:\/\/www.evropskakuca.me\/me\/wp-json\/wp\/v2\/users\/1"}],"replies":[{"embeddable":true,"href":"https:\/\/www.evropskakuca.me\/me\/wp-json\/wp\/v2\/comments?post=8316"}],"version-history":[{"count":0,"href":"https:\/\/www.evropskakuca.me\/me\/wp-json\/wp\/v2\/posts\/8316\/revisions"}],"wp:featuredmedia":[{"embeddable":true,"href":"https:\/\/www.evropskakuca.me\/me\/wp-json\/wp\/v2\/media\/35236"}],"wp:attachment":[{"href":"https:\/\/www.evropskakuca.me\/me\/wp-json\/wp\/v2\/media?parent=8316"}],"wp:term":[{"taxonomy":"category","embeddable":true,"href":"https:\/\/www.evropskakuca.me\/me\/wp-json\/wp\/v2\/categories?post=8316"},{"taxonomy":"post_tag","embeddable":true,"href":"https:\/\/www.evropskakuca.me\/me\/wp-json\/wp\/v2\/tags?post=8316"}],"curies":[{"name":"wp","href":"https:\/\/api.w.org\/{rel}","templated":true}]}}