{"id":8236,"date":"2020-04-14T12:19:07","date_gmt":"2020-04-14T12:19:07","guid":{"rendered":"http:\/\/www.evropskakuca.me\/?p=8236"},"modified":"2020-04-14T12:19:07","modified_gmt":"2020-04-14T12:19:07","slug":"tahiri-iz-ove-situacije-treba-da-izademo-pametniji","status":"publish","type":"post","link":"https:\/\/www.evropskakuca.me\/me\/tahiri-iz-ove-situacije-treba-da-izademo-pametniji\/","title":{"rendered":"Tahiri: Iz ove situacije treba da iza\u0111emo pametniji"},"content":{"rendered":"<p>Almir Tahiri je sasvim obi\u010dan mladi\u0107 iz Herceg Novog. Zavr\u0161io je Fakultet politi\u010dkih nauka, usavr\u0161avao se na Centralno Evropskom Univerzitetu u Budimpe\u0161ti i igrom slu\u010daja zaposlio se u jednoj stranoj kompaniji u svom rodnom gradu.<\/p>\n<p>Tokom studija u Podgorici bio je aktivan u civilnom sektoru, bavio se romskim politikama u \u017eelji da olak\u0161a stanje u kojem se nalazi njegova zajednica. Poslije studija i uz posao kojim se bavi, ka\u017ee da je osjetio potrebu da se volonterski uklju\u010di u rad sa romskom djecom u Herceg Novom.<\/p>\n<p>\u201cPodu\u010davam ih engleski i ruski jezik. Govorim im o te\u0161ko\u0107ama sa kojima se susrije\u0107u u ku\u0107i i \u0161koli. Pri\u010dam im o mogu\u0107nostima koje ih \u010dekaju i o onom \u0161to znanje pru\u017ea. Pri\u010dam im o mojoj posjeti Sjedinjenim Dr\u017eavama gdje sam bio zahvaljuju\u0107i studentskoj razmjeni. Govorim im da je svrha \u017eivota iskoristiti sve mogu\u0107nosti koje pru\u017ea.\u201cpri\u010da nam Almir.<\/p>\n<p>Almir je aktivan u pomaganju zajednici i u situaciji borbe sa korona virusom. I sam ka\u017ee, bilo je potrebno objasniti mjere koje je uvela vlada. Zato je radio na snimanju video poruka na romskom jeziku, prevo\u0111enju razli\u010ditih materijala potrebnih da se zajednici objasne razlozi za\u0161to se mora ostati ku\u0107i.<\/p>\n<p>Kad se to zavr\u0161ilo, trebalo je pomo\u0107i onima koji nemaju resursa da izdr\u017ee ostanak ku\u0107i. Almir se aktivno uklju\u010dio u raspodjelu pomo\u0107i koju je finansirala Evropska unija a distribuirale organizacije HELP i \u201cPhiren Amenca\u201c. Samo kroy ovu akciju podijeljeni su paketi sa osnovnim potrep\u0161tinama za 400 romskim porodica u Nik\u0161i\u0107u, Beranama, Bijelom Polju i Herceg Novom.<\/p>\n<p>Almiru ni to nije bilo dosta. Sa svojom bra\u0107om se prijavio kao volonter za Crveni Krst. Sad bra\u0107a Tahiri stoje na raspolaganju svima kojima je pomo\u0107 potrebna. Za situaciju u romskoj zajednici u Herceg Novom ka\u017ee da je dosta slo\u017eena ali i da \u0107e izdr\u017eati. Osta\u0107e kod ku\u0107e dok sve ovo ne pro\u0111e a Almir i za njih i za sve nas ima jedan savjet.<\/p>\n<p>\u201cSjedite kod ku\u0107e i vrijeme koje sada imate iskoristite pametno. Nau\u010dite se ne\u010dem novom. Neki strani jezik na primjer. Pogre\u0161no je tro\u0161iti vrijeme na besmislene stvari. Iz ove situacije treba da iza\u0111emo pametniji.\u201c ka\u017ee Almir Tahiri.<\/p>\n<p>I upravo ovo mo\u017ee biti poruka za sve nas. Kako Almir re\u010de, iz ove situacije treba da iza\u0111emo pametniji.<\/p>\n<p>&nbsp;<\/p>\n<p>&nbsp;<\/p>\n","protected":false},"excerpt":{"rendered":"<p>Volonterizam u doba korone<\/p>\n","protected":false},"author":1,"featured_media":35232,"comment_status":"closed","ping_status":"closed","sticky":false,"template":"","format":"standard","meta":{"_acf_changed":false,"footnotes":""},"categories":[1],"tags":[],"class_list":["post-8236","post","type-post","status-publish","format-standard","has-post-thumbnail","hentry","category-uncategorized"],"acf":[],"yoast_head":"<!-- This site is optimized with the Yoast SEO plugin v27.3 - https:\/\/yoast.com\/product\/yoast-seo-wordpress\/ -->\n<title>Tahiri: Iz ove situacije treba da iza\u0111emo pametniji - Europe House<\/title>\n<meta name=\"robots\" content=\"index, follow, max-snippet:-1, max-image-preview:large, max-video-preview:-1\" \/>\n<link rel=\"canonical\" href=\"https:\/\/www.evropskakuca.me\/me\/tahiri-iz-ove-situacije-treba-da-izademo-pametniji\/\" \/>\n<meta property=\"og:locale\" content=\"en_US\" \/>\n<meta property=\"og:type\" content=\"article\" \/>\n<meta property=\"og:title\" content=\"Tahiri: Iz ove situacije treba da iza\u0111emo pametniji - Europe House\" \/>\n<meta property=\"og:description\" content=\"Volonterizam u doba korone\" \/>\n<meta property=\"og:url\" content=\"https:\/\/www.evropskakuca.me\/me\/tahiri-iz-ove-situacije-treba-da-izademo-pametniji\/\" \/>\n<meta property=\"og:site_name\" content=\"Europe House\" \/>\n<meta property=\"article:publisher\" content=\"https:\/\/www.facebook.com\/evropska.kuca\" \/>\n<meta property=\"article:published_time\" content=\"2020-04-14T12:19:07+00:00\" \/>\n<meta property=\"og:image\" content=\"https:\/\/www.evropskakuca.me\/wp-content\/uploads\/2020\/04\/almir-final.jpg\" \/>\n\t<meta property=\"og:image:width\" content=\"951\" \/>\n\t<meta property=\"og:image:height\" content=\"585\" \/>\n\t<meta property=\"og:image:type\" content=\"image\/jpeg\" \/>\n<meta name=\"author\" content=\"mkajic\" \/>\n<meta name=\"twitter:card\" content=\"summary_large_image\" \/>\n<meta name=\"twitter:creator\" content=\"@evropska_kuca\" \/>\n<meta name=\"twitter:site\" content=\"@evropska_kuca\" \/>\n<meta name=\"twitter:label1\" content=\"Written by\" \/>\n\t<meta name=\"twitter:data1\" content=\"mkajic\" \/>\n\t<meta name=\"twitter:label2\" content=\"Est. reading time\" \/>\n\t<meta name=\"twitter:data2\" content=\"2 minutes\" \/>\n<script type=\"application\/ld+json\" class=\"yoast-schema-graph\">{\"@context\":\"https:\\\/\\\/schema.org\",\"@graph\":[{\"@type\":\"Article\",\"@id\":\"https:\\\/\\\/www.evropskakuca.me\\\/me\\\/tahiri-iz-ove-situacije-treba-da-izademo-pametniji\\\/#article\",\"isPartOf\":{\"@id\":\"https:\\\/\\\/www.evropskakuca.me\\\/me\\\/tahiri-iz-ove-situacije-treba-da-izademo-pametniji\\\/\"},\"author\":{\"name\":\"mkajic\",\"@id\":\"https:\\\/\\\/www.evropskakuca.me\\\/me\\\/#\\\/schema\\\/person\\\/a1d0dcdaefe4a1cd1d60d200ea137ba4\"},\"headline\":\"Tahiri: Iz ove situacije treba da iza\u0111emo pametniji\",\"datePublished\":\"2020-04-14T12:19:07+00:00\",\"mainEntityOfPage\":{\"@id\":\"https:\\\/\\\/www.evropskakuca.me\\\/me\\\/tahiri-iz-ove-situacije-treba-da-izademo-pametniji\\\/\"},\"wordCount\":433,\"publisher\":{\"@id\":\"https:\\\/\\\/www.evropskakuca.me\\\/me\\\/#organization\"},\"image\":{\"@id\":\"https:\\\/\\\/www.evropskakuca.me\\\/me\\\/tahiri-iz-ove-situacije-treba-da-izademo-pametniji\\\/#primaryimage\"},\"thumbnailUrl\":\"https:\\\/\\\/www.evropskakuca.me\\\/wp-content\\\/uploads\\\/2020\\\/04\\\/almir-final.jpg\",\"inLanguage\":\"me-ME\"},{\"@type\":\"WebPage\",\"@id\":\"https:\\\/\\\/www.evropskakuca.me\\\/me\\\/tahiri-iz-ove-situacije-treba-da-izademo-pametniji\\\/\",\"url\":\"https:\\\/\\\/www.evropskakuca.me\\\/me\\\/tahiri-iz-ove-situacije-treba-da-izademo-pametniji\\\/\",\"name\":\"Tahiri: Iz ove situacije treba da iza\u0111emo pametniji - Europe House\",\"isPartOf\":{\"@id\":\"https:\\\/\\\/www.evropskakuca.me\\\/me\\\/#website\"},\"primaryImageOfPage\":{\"@id\":\"https:\\\/\\\/www.evropskakuca.me\\\/me\\\/tahiri-iz-ove-situacije-treba-da-izademo-pametniji\\\/#primaryimage\"},\"image\":{\"@id\":\"https:\\\/\\\/www.evropskakuca.me\\\/me\\\/tahiri-iz-ove-situacije-treba-da-izademo-pametniji\\\/#primaryimage\"},\"thumbnailUrl\":\"https:\\\/\\\/www.evropskakuca.me\\\/wp-content\\\/uploads\\\/2020\\\/04\\\/almir-final.jpg\",\"datePublished\":\"2020-04-14T12:19:07+00:00\",\"breadcrumb\":{\"@id\":\"https:\\\/\\\/www.evropskakuca.me\\\/me\\\/tahiri-iz-ove-situacije-treba-da-izademo-pametniji\\\/#breadcrumb\"},\"inLanguage\":\"me-ME\",\"potentialAction\":[{\"@type\":\"ReadAction\",\"target\":[\"https:\\\/\\\/www.evropskakuca.me\\\/me\\\/tahiri-iz-ove-situacije-treba-da-izademo-pametniji\\\/\"]}]},{\"@type\":\"ImageObject\",\"inLanguage\":\"me-ME\",\"@id\":\"https:\\\/\\\/www.evropskakuca.me\\\/me\\\/tahiri-iz-ove-situacije-treba-da-izademo-pametniji\\\/#primaryimage\",\"url\":\"https:\\\/\\\/www.evropskakuca.me\\\/wp-content\\\/uploads\\\/2020\\\/04\\\/almir-final.jpg\",\"contentUrl\":\"https:\\\/\\\/www.evropskakuca.me\\\/wp-content\\\/uploads\\\/2020\\\/04\\\/almir-final.jpg\",\"width\":951,\"height\":585},{\"@type\":\"BreadcrumbList\",\"@id\":\"https:\\\/\\\/www.evropskakuca.me\\\/me\\\/tahiri-iz-ove-situacije-treba-da-izademo-pametniji\\\/#breadcrumb\",\"itemListElement\":[{\"@type\":\"ListItem\",\"position\":1,\"name\":\"Home\",\"item\":\"https:\\\/\\\/www.evropskakuca.me\\\/me\\\/\"},{\"@type\":\"ListItem\",\"position\":2,\"name\":\"Tahiri: Iz ove situacije treba da iza\u0111emo pametniji\"}]},{\"@type\":\"WebSite\",\"@id\":\"https:\\\/\\\/www.evropskakuca.me\\\/me\\\/#website\",\"url\":\"https:\\\/\\\/www.evropskakuca.me\\\/me\\\/\",\"name\":\"Evropean house\",\"description\":\"\",\"publisher\":{\"@id\":\"https:\\\/\\\/www.evropskakuca.me\\\/me\\\/#organization\"},\"potentialAction\":[{\"@type\":\"SearchAction\",\"target\":{\"@type\":\"EntryPoint\",\"urlTemplate\":\"https:\\\/\\\/www.evropskakuca.me\\\/me\\\/?s={search_term_string}\"},\"query-input\":{\"@type\":\"PropertyValueSpecification\",\"valueRequired\":true,\"valueName\":\"search_term_string\"}}],\"inLanguage\":\"me-ME\"},{\"@type\":\"Organization\",\"@id\":\"https:\\\/\\\/www.evropskakuca.me\\\/me\\\/#organization\",\"name\":\"Evropean house\",\"url\":\"https:\\\/\\\/www.evropskakuca.me\\\/me\\\/\",\"logo\":{\"@type\":\"ImageObject\",\"inLanguage\":\"me-ME\",\"@id\":\"https:\\\/\\\/www.evropskakuca.me\\\/me\\\/#\\\/schema\\\/logo\\\/image\\\/\",\"url\":\"https:\\\/\\\/www.evropskakuca.me\\\/wp-content\\\/uploads\\\/2025\\\/01\\\/evropska-kuca-logo-1.png\",\"contentUrl\":\"https:\\\/\\\/www.evropskakuca.me\\\/wp-content\\\/uploads\\\/2025\\\/01\\\/evropska-kuca-logo-1.png\",\"width\":425,\"height\":312,\"caption\":\"Evropean house\"},\"image\":{\"@id\":\"https:\\\/\\\/www.evropskakuca.me\\\/me\\\/#\\\/schema\\\/logo\\\/image\\\/\"},\"sameAs\":[\"https:\\\/\\\/www.facebook.com\\\/evropska.kuca\",\"https:\\\/\\\/x.com\\\/evropska_kuca\",\"https:\\\/\\\/www.instagram.com\\\/evropska_kuca\"]},{\"@type\":\"Person\",\"@id\":\"https:\\\/\\\/www.evropskakuca.me\\\/me\\\/#\\\/schema\\\/person\\\/a1d0dcdaefe4a1cd1d60d200ea137ba4\",\"name\":\"mkajic\",\"image\":{\"@type\":\"ImageObject\",\"inLanguage\":\"me-ME\",\"@id\":\"https:\\\/\\\/secure.gravatar.com\\\/avatar\\\/731fa035cefab7316e6bafd1f25a93fb731a07de14e2d9923f8db4422628eabc?s=96&d=mm&r=g\",\"url\":\"https:\\\/\\\/secure.gravatar.com\\\/avatar\\\/731fa035cefab7316e6bafd1f25a93fb731a07de14e2d9923f8db4422628eabc?s=96&d=mm&r=g\",\"contentUrl\":\"https:\\\/\\\/secure.gravatar.com\\\/avatar\\\/731fa035cefab7316e6bafd1f25a93fb731a07de14e2d9923f8db4422628eabc?s=96&d=mm&r=g\",\"caption\":\"mkajic\"},\"sameAs\":[\"https:\\\/\\\/evropskakuca.me\"],\"url\":\"https:\\\/\\\/www.evropskakuca.me\\\/me\\\/author\\\/mkajic\\\/\"}]}<\/script>\n<!-- \/ Yoast SEO plugin. -->","yoast_head_json":{"title":"Tahiri: Iz ove situacije treba da iza\u0111emo pametniji - Europe House","robots":{"index":"index","follow":"follow","max-snippet":"max-snippet:-1","max-image-preview":"max-image-preview:large","max-video-preview":"max-video-preview:-1"},"canonical":"https:\/\/www.evropskakuca.me\/me\/tahiri-iz-ove-situacije-treba-da-izademo-pametniji\/","og_locale":"en_US","og_type":"article","og_title":"Tahiri: Iz ove situacije treba da iza\u0111emo pametniji - Europe House","og_description":"Volonterizam u doba korone","og_url":"https:\/\/www.evropskakuca.me\/me\/tahiri-iz-ove-situacije-treba-da-izademo-pametniji\/","og_site_name":"Europe House","article_publisher":"https:\/\/www.facebook.com\/evropska.kuca","article_published_time":"2020-04-14T12:19:07+00:00","og_image":[{"width":951,"height":585,"url":"https:\/\/www.evropskakuca.me\/wp-content\/uploads\/2020\/04\/almir-final.jpg","type":"image\/jpeg"}],"author":"mkajic","twitter_card":"summary_large_image","twitter_creator":"@evropska_kuca","twitter_site":"@evropska_kuca","twitter_misc":{"Written by":"mkajic","Est. reading time":"2 minutes"},"schema":{"@context":"https:\/\/schema.org","@graph":[{"@type":"Article","@id":"https:\/\/www.evropskakuca.me\/me\/tahiri-iz-ove-situacije-treba-da-izademo-pametniji\/#article","isPartOf":{"@id":"https:\/\/www.evropskakuca.me\/me\/tahiri-iz-ove-situacije-treba-da-izademo-pametniji\/"},"author":{"name":"mkajic","@id":"https:\/\/www.evropskakuca.me\/me\/#\/schema\/person\/a1d0dcdaefe4a1cd1d60d200ea137ba4"},"headline":"Tahiri: Iz ove situacije treba da iza\u0111emo pametniji","datePublished":"2020-04-14T12:19:07+00:00","mainEntityOfPage":{"@id":"https:\/\/www.evropskakuca.me\/me\/tahiri-iz-ove-situacije-treba-da-izademo-pametniji\/"},"wordCount":433,"publisher":{"@id":"https:\/\/www.evropskakuca.me\/me\/#organization"},"image":{"@id":"https:\/\/www.evropskakuca.me\/me\/tahiri-iz-ove-situacije-treba-da-izademo-pametniji\/#primaryimage"},"thumbnailUrl":"https:\/\/www.evropskakuca.me\/wp-content\/uploads\/2020\/04\/almir-final.jpg","inLanguage":"me-ME"},{"@type":"WebPage","@id":"https:\/\/www.evropskakuca.me\/me\/tahiri-iz-ove-situacije-treba-da-izademo-pametniji\/","url":"https:\/\/www.evropskakuca.me\/me\/tahiri-iz-ove-situacije-treba-da-izademo-pametniji\/","name":"Tahiri: Iz ove situacije treba da iza\u0111emo pametniji - Europe House","isPartOf":{"@id":"https:\/\/www.evropskakuca.me\/me\/#website"},"primaryImageOfPage":{"@id":"https:\/\/www.evropskakuca.me\/me\/tahiri-iz-ove-situacije-treba-da-izademo-pametniji\/#primaryimage"},"image":{"@id":"https:\/\/www.evropskakuca.me\/me\/tahiri-iz-ove-situacije-treba-da-izademo-pametniji\/#primaryimage"},"thumbnailUrl":"https:\/\/www.evropskakuca.me\/wp-content\/uploads\/2020\/04\/almir-final.jpg","datePublished":"2020-04-14T12:19:07+00:00","breadcrumb":{"@id":"https:\/\/www.evropskakuca.me\/me\/tahiri-iz-ove-situacije-treba-da-izademo-pametniji\/#breadcrumb"},"inLanguage":"me-ME","potentialAction":[{"@type":"ReadAction","target":["https:\/\/www.evropskakuca.me\/me\/tahiri-iz-ove-situacije-treba-da-izademo-pametniji\/"]}]},{"@type":"ImageObject","inLanguage":"me-ME","@id":"https:\/\/www.evropskakuca.me\/me\/tahiri-iz-ove-situacije-treba-da-izademo-pametniji\/#primaryimage","url":"https:\/\/www.evropskakuca.me\/wp-content\/uploads\/2020\/04\/almir-final.jpg","contentUrl":"https:\/\/www.evropskakuca.me\/wp-content\/uploads\/2020\/04\/almir-final.jpg","width":951,"height":585},{"@type":"BreadcrumbList","@id":"https:\/\/www.evropskakuca.me\/me\/tahiri-iz-ove-situacije-treba-da-izademo-pametniji\/#breadcrumb","itemListElement":[{"@type":"ListItem","position":1,"name":"Home","item":"https:\/\/www.evropskakuca.me\/me\/"},{"@type":"ListItem","position":2,"name":"Tahiri: Iz ove situacije treba da iza\u0111emo pametniji"}]},{"@type":"WebSite","@id":"https:\/\/www.evropskakuca.me\/me\/#website","url":"https:\/\/www.evropskakuca.me\/me\/","name":"Evropean house","description":"","publisher":{"@id":"https:\/\/www.evropskakuca.me\/me\/#organization"},"potentialAction":[{"@type":"SearchAction","target":{"@type":"EntryPoint","urlTemplate":"https:\/\/www.evropskakuca.me\/me\/?s={search_term_string}"},"query-input":{"@type":"PropertyValueSpecification","valueRequired":true,"valueName":"search_term_string"}}],"inLanguage":"me-ME"},{"@type":"Organization","@id":"https:\/\/www.evropskakuca.me\/me\/#organization","name":"Evropean house","url":"https:\/\/www.evropskakuca.me\/me\/","logo":{"@type":"ImageObject","inLanguage":"me-ME","@id":"https:\/\/www.evropskakuca.me\/me\/#\/schema\/logo\/image\/","url":"https:\/\/www.evropskakuca.me\/wp-content\/uploads\/2025\/01\/evropska-kuca-logo-1.png","contentUrl":"https:\/\/www.evropskakuca.me\/wp-content\/uploads\/2025\/01\/evropska-kuca-logo-1.png","width":425,"height":312,"caption":"Evropean house"},"image":{"@id":"https:\/\/www.evropskakuca.me\/me\/#\/schema\/logo\/image\/"},"sameAs":["https:\/\/www.facebook.com\/evropska.kuca","https:\/\/x.com\/evropska_kuca","https:\/\/www.instagram.com\/evropska_kuca"]},{"@type":"Person","@id":"https:\/\/www.evropskakuca.me\/me\/#\/schema\/person\/a1d0dcdaefe4a1cd1d60d200ea137ba4","name":"mkajic","image":{"@type":"ImageObject","inLanguage":"me-ME","@id":"https:\/\/secure.gravatar.com\/avatar\/731fa035cefab7316e6bafd1f25a93fb731a07de14e2d9923f8db4422628eabc?s=96&d=mm&r=g","url":"https:\/\/secure.gravatar.com\/avatar\/731fa035cefab7316e6bafd1f25a93fb731a07de14e2d9923f8db4422628eabc?s=96&d=mm&r=g","contentUrl":"https:\/\/secure.gravatar.com\/avatar\/731fa035cefab7316e6bafd1f25a93fb731a07de14e2d9923f8db4422628eabc?s=96&d=mm&r=g","caption":"mkajic"},"sameAs":["https:\/\/evropskakuca.me"],"url":"https:\/\/www.evropskakuca.me\/me\/author\/mkajic\/"}]}},"_links":{"self":[{"href":"https:\/\/www.evropskakuca.me\/me\/wp-json\/wp\/v2\/posts\/8236","targetHints":{"allow":["GET"]}}],"collection":[{"href":"https:\/\/www.evropskakuca.me\/me\/wp-json\/wp\/v2\/posts"}],"about":[{"href":"https:\/\/www.evropskakuca.me\/me\/wp-json\/wp\/v2\/types\/post"}],"author":[{"embeddable":true,"href":"https:\/\/www.evropskakuca.me\/me\/wp-json\/wp\/v2\/users\/1"}],"replies":[{"embeddable":true,"href":"https:\/\/www.evropskakuca.me\/me\/wp-json\/wp\/v2\/comments?post=8236"}],"version-history":[{"count":0,"href":"https:\/\/www.evropskakuca.me\/me\/wp-json\/wp\/v2\/posts\/8236\/revisions"}],"wp:featuredmedia":[{"embeddable":true,"href":"https:\/\/www.evropskakuca.me\/me\/wp-json\/wp\/v2\/media\/35232"}],"wp:attachment":[{"href":"https:\/\/www.evropskakuca.me\/me\/wp-json\/wp\/v2\/media?parent=8236"}],"wp:term":[{"taxonomy":"category","embeddable":true,"href":"https:\/\/www.evropskakuca.me\/me\/wp-json\/wp\/v2\/categories?post=8236"},{"taxonomy":"post_tag","embeddable":true,"href":"https:\/\/www.evropskakuca.me\/me\/wp-json\/wp\/v2\/tags?post=8236"}],"curies":[{"name":"wp","href":"https:\/\/api.w.org\/{rel}","templated":true}]}}