{"id":8215,"date":"2020-04-10T08:40:15","date_gmt":"2020-04-10T08:40:15","guid":{"rendered":"http:\/\/www.evropskakuca.me\/me\/?p=8215"},"modified":"2020-04-10T08:40:15","modified_gmt":"2020-04-10T08:40:15","slug":"reload-projekti-u-doba-korone-primjer-kako-pozitivno-odgovoriti-na-izazove","status":"publish","type":"post","link":"https:\/\/www.evropskakuca.me\/me\/reload-projekti-u-doba-korone-primjer-kako-pozitivno-odgovoriti-na-izazove\/","title":{"rendered":"ReLOad projekti u doba korone: Primjer kako pozitivno odgovoriti na izazove"},"content":{"rendered":"<p>Pandemija COVID-19 promijenila je \u017eivote svih nas. Prihvatili smo druga\u010diji sistem funkcionisanja, usvojili nove navike, promijenili na\u010din razmi\u0161ljanja. Na novu realnost reagovali su i korisnici ReLOad programa, koji su\u00a0 odlu\u010dili da, umjesto brige i dokolice, na\u0111u nova kreativna rje\u0161enja kako bi ostvarili ciljeve iz svojih projekata.<\/p>\n<p>Za po\u010detak da objasnimo \u0161ta je to <a href=\"http:\/\/www.evropskakuca.me\/me\/devet-novih-projekata-nevladinih-organizacija-za-kvaliteniji-zivot-u-podgorici\/\">ReLOaD<\/a>.\u00a0 ReLOaD je Regionalni program lokalne demokratije na Zapadnom Balkanu, koji \u017eeli da unaprijedi saradnju izme\u0111u lokalnih samouprava i nevladinih organizacija, kako bi \u017eivoti gra\u0111ana postali bolji. Program finansira Evropska unija, a sprovodi Program Ujedinjenih nacija za razvoj (UNDP).<\/p>\n<p><img fetchpriority=\"high\" decoding=\"async\" class=\"alignnone size-large wp-image-8224\" src=\"http:\/\/www.evropskakuca.me\/wp-content\/uploads\/2020\/04\/crtez.png\" alt=\"\" width=\"500\" height=\"263\" \/><\/p>\n<p>Nekoliko nevladinih organizacija, koje su dobile sredstva u okviru ReLOaD programa, zapitale su se &#8211; koji su to izazovi i mogu\u0107nosti u novim okolnostima? \u0160ta raditi sa malom djecom, a \u0161ta ako tek o\u010dekujete bebu? Kako da se za\u0161titimo na internetu, gdje provodimo sve vi\u0161e vremena? \u010cime popuniti slobodno vrijeme kojeg sada imamo na pretek? Na ta pitanja odogovore su dale nevladine organizacije Centar za savjetovanje i li\u010dni razvoj i Moja podr\u0161ka dojenju iz Tivta i Roditelji,, Digitalizuj.me i Centar za prava djeteta iz Podgorice.<\/p>\n<p>Nevladina organizacija <a href=\"https:\/\/www.roditelji.me\/blog\/category\/ostanidoma\/\">Roditelji<\/a> organizovala je besplatan vebinar (online predavanje) na temu #OstaniDoma sa djecom. Posvetili su ga prilago\u0111avanju \u010dlanova porodice na nove dnevne rutine, osmi\u0161ljavanju zajedni\u010dkih igara, ali i savjetima kako podsta\u0107i djecu da se samostalno igraju.<\/p>\n<p><img decoding=\"async\" class=\"alignnone size-large wp-image-8222\" src=\"http:\/\/www.evropskakuca.me\/wp-content\/uploads\/2020\/04\/reload-crtez-2-693x1024.jpg\" alt=\"\" width=\"693\" height=\"1024\" \/><\/p>\n<p>Centar za savjetovanje i li\u010dni razvoj i <a href=\"https:\/\/www.facebook.com\/dojenje\/\">NVO\u00a0 Moja podr\u0161ka dojenju<\/a> iz Tivta dobile su sredstva da organizuju radionice o dojenju za trudnice i porodilje. U skladu sa preventivnim mjerama Vlade u borbi protiv pandemije COVID-19, bilo im je jasno da se sa trudnicama i porodiljama ne mogu sresti. Zato su svoje predavanje organizovale online, a pored savjeta kako nahraniti novoro\u0111en\u010de, uklju\u010dili su i psiholo\u0161ke savjete trudnicama, koje danas osje\u0107aju pove\u0107an strah za sebe i svoje potomstvo. Ukoliko \u017eelite da poha\u0111ate ove online radionice, mo\u017eete im se priklju\u010diti <a href=\"https:\/\/www.facebook.com\/dojenje\/\">ovdje<\/a>.<\/p>\n<p>Slobodno vrijeme, kojeg sada imamo na pretek, uglavnom provodimo na internetu. Zato je NVO Digitalizuj.me iz Podgorice pripremila <a href=\"https:\/\/www.facebook.com\/DigitalizujMe\/posts\/2798741770179537\">video<\/a> za mlade, u kojem obja\u0161njava kako da se za\u0161tite od napada na internetu.<\/p>\n<p><a href=\"https:\/\/www.facebook.com\/CentarzapravadjetetaCrneGore\/\">Centar za prava djeteta iz Podgorice<\/a> organizuje psiho-socijalne i kreativno-edukativne grupne aktivnosti putem Viber grupa, u kojima djeci i roditeljima predla\u017eu kako da lak\u0161e prevazi\u0111u nove okolnosti, bolje organizuju slobodno vrijeme i sprovode redovne aktivnostii. Tako\u0111e, Centar organizuje i individualni rad sa korisnicima koji osje\u0107aju strah, pretjeranu brigu, neizvjesnost ili uznemirenost.<\/p>\n<p>Ovi korisnici ReLOad programa pokazali su da se na krizu i izazove mo\u017ee odgovoriti pozitivno, uz malo vi\u0161e kreativnosti i \u017eelje da pomognemo drugima. Da li i vi mo\u017eete da slijedite njihov primjer?<\/p>\n","protected":false},"excerpt":{"rendered":"<p>Na kreativan i inovativan na\u010din, osmislili aktivnosti za porodice i mlade <\/p>\n","protected":false},"author":1,"featured_media":35308,"comment_status":"closed","ping_status":"closed","sticky":false,"template":"","format":"standard","meta":{"_acf_changed":false,"footnotes":""},"categories":[287,283],"tags":[],"class_list":["post-8215","post","type-post","status-publish","format-standard","has-post-thumbnail","hentry","category-koronavirusa","category-novosti-me"],"acf":[],"yoast_head":"<!-- This site is optimized with the Yoast SEO plugin v27.3 - https:\/\/yoast.com\/product\/yoast-seo-wordpress\/ -->\n<title>ReLOad projekti u doba korone: Primjer kako pozitivno odgovoriti na izazove - Europe House<\/title>\n<meta name=\"robots\" content=\"index, follow, max-snippet:-1, max-image-preview:large, max-video-preview:-1\" \/>\n<link rel=\"canonical\" href=\"https:\/\/www.evropskakuca.me\/me\/reload-projekti-u-doba-korone-primjer-kako-pozitivno-odgovoriti-na-izazove\/\" \/>\n<meta property=\"og:locale\" content=\"en_US\" \/>\n<meta property=\"og:type\" content=\"article\" \/>\n<meta property=\"og:title\" content=\"ReLOad projekti u doba korone: Primjer kako pozitivno odgovoriti na izazove - Europe House\" \/>\n<meta property=\"og:description\" content=\"Na kreativan i inovativan na\u010din, osmislili aktivnosti za porodice i mlade\" \/>\n<meta property=\"og:url\" content=\"https:\/\/www.evropskakuca.me\/me\/reload-projekti-u-doba-korone-primjer-kako-pozitivno-odgovoriti-na-izazove\/\" \/>\n<meta property=\"og:site_name\" content=\"Europe House\" \/>\n<meta property=\"article:publisher\" content=\"https:\/\/www.facebook.com\/evropska.kuca\" \/>\n<meta property=\"article:published_time\" content=\"2020-04-10T08:40:15+00:00\" \/>\n<meta property=\"og:image\" content=\"https:\/\/www.evropskakuca.me\/wp-content\/uploads\/2020\/04\/srca-zastava.jpg\" \/>\n\t<meta property=\"og:image:width\" content=\"800\" \/>\n\t<meta property=\"og:image:height\" content=\"533\" \/>\n\t<meta property=\"og:image:type\" content=\"image\/jpeg\" \/>\n<meta name=\"author\" content=\"mkajic\" \/>\n<meta name=\"twitter:card\" content=\"summary_large_image\" \/>\n<meta name=\"twitter:creator\" content=\"@evropska_kuca\" \/>\n<meta name=\"twitter:site\" content=\"@evropska_kuca\" \/>\n<meta name=\"twitter:label1\" content=\"Written by\" \/>\n\t<meta name=\"twitter:data1\" content=\"mkajic\" \/>\n\t<meta name=\"twitter:label2\" content=\"Est. reading time\" \/>\n\t<meta name=\"twitter:data2\" content=\"2 minutes\" \/>\n<script type=\"application\/ld+json\" class=\"yoast-schema-graph\">{\"@context\":\"https:\\\/\\\/schema.org\",\"@graph\":[{\"@type\":\"Article\",\"@id\":\"https:\\\/\\\/www.evropskakuca.me\\\/me\\\/reload-projekti-u-doba-korone-primjer-kako-pozitivno-odgovoriti-na-izazove\\\/#article\",\"isPartOf\":{\"@id\":\"https:\\\/\\\/www.evropskakuca.me\\\/me\\\/reload-projekti-u-doba-korone-primjer-kako-pozitivno-odgovoriti-na-izazove\\\/\"},\"author\":{\"name\":\"mkajic\",\"@id\":\"https:\\\/\\\/www.evropskakuca.me\\\/me\\\/#\\\/schema\\\/person\\\/a1d0dcdaefe4a1cd1d60d200ea137ba4\"},\"headline\":\"ReLOad projekti u doba korone: Primjer kako pozitivno odgovoriti na izazove\",\"datePublished\":\"2020-04-10T08:40:15+00:00\",\"mainEntityOfPage\":{\"@id\":\"https:\\\/\\\/www.evropskakuca.me\\\/me\\\/reload-projekti-u-doba-korone-primjer-kako-pozitivno-odgovoriti-na-izazove\\\/\"},\"wordCount\":472,\"publisher\":{\"@id\":\"https:\\\/\\\/www.evropskakuca.me\\\/me\\\/#organization\"},\"image\":{\"@id\":\"https:\\\/\\\/www.evropskakuca.me\\\/me\\\/reload-projekti-u-doba-korone-primjer-kako-pozitivno-odgovoriti-na-izazove\\\/#primaryimage\"},\"thumbnailUrl\":\"https:\\\/\\\/www.evropskakuca.me\\\/wp-content\\\/uploads\\\/2020\\\/04\\\/srca-zastava.jpg\",\"articleSection\":[\"Koronavirusa\",\"Novosti\"],\"inLanguage\":\"me-ME\"},{\"@type\":\"WebPage\",\"@id\":\"https:\\\/\\\/www.evropskakuca.me\\\/me\\\/reload-projekti-u-doba-korone-primjer-kako-pozitivno-odgovoriti-na-izazove\\\/\",\"url\":\"https:\\\/\\\/www.evropskakuca.me\\\/me\\\/reload-projekti-u-doba-korone-primjer-kako-pozitivno-odgovoriti-na-izazove\\\/\",\"name\":\"ReLOad projekti u doba korone: Primjer kako pozitivno odgovoriti na izazove - Europe House\",\"isPartOf\":{\"@id\":\"https:\\\/\\\/www.evropskakuca.me\\\/me\\\/#website\"},\"primaryImageOfPage\":{\"@id\":\"https:\\\/\\\/www.evropskakuca.me\\\/me\\\/reload-projekti-u-doba-korone-primjer-kako-pozitivno-odgovoriti-na-izazove\\\/#primaryimage\"},\"image\":{\"@id\":\"https:\\\/\\\/www.evropskakuca.me\\\/me\\\/reload-projekti-u-doba-korone-primjer-kako-pozitivno-odgovoriti-na-izazove\\\/#primaryimage\"},\"thumbnailUrl\":\"https:\\\/\\\/www.evropskakuca.me\\\/wp-content\\\/uploads\\\/2020\\\/04\\\/srca-zastava.jpg\",\"datePublished\":\"2020-04-10T08:40:15+00:00\",\"breadcrumb\":{\"@id\":\"https:\\\/\\\/www.evropskakuca.me\\\/me\\\/reload-projekti-u-doba-korone-primjer-kako-pozitivno-odgovoriti-na-izazove\\\/#breadcrumb\"},\"inLanguage\":\"me-ME\",\"potentialAction\":[{\"@type\":\"ReadAction\",\"target\":[\"https:\\\/\\\/www.evropskakuca.me\\\/me\\\/reload-projekti-u-doba-korone-primjer-kako-pozitivno-odgovoriti-na-izazove\\\/\"]}]},{\"@type\":\"ImageObject\",\"inLanguage\":\"me-ME\",\"@id\":\"https:\\\/\\\/www.evropskakuca.me\\\/me\\\/reload-projekti-u-doba-korone-primjer-kako-pozitivno-odgovoriti-na-izazove\\\/#primaryimage\",\"url\":\"https:\\\/\\\/www.evropskakuca.me\\\/wp-content\\\/uploads\\\/2020\\\/04\\\/srca-zastava.jpg\",\"contentUrl\":\"https:\\\/\\\/www.evropskakuca.me\\\/wp-content\\\/uploads\\\/2020\\\/04\\\/srca-zastava.jpg\",\"width\":800,\"height\":533},{\"@type\":\"BreadcrumbList\",\"@id\":\"https:\\\/\\\/www.evropskakuca.me\\\/me\\\/reload-projekti-u-doba-korone-primjer-kako-pozitivno-odgovoriti-na-izazove\\\/#breadcrumb\",\"itemListElement\":[{\"@type\":\"ListItem\",\"position\":1,\"name\":\"Home\",\"item\":\"https:\\\/\\\/www.evropskakuca.me\\\/me\\\/\"},{\"@type\":\"ListItem\",\"position\":2,\"name\":\"ReLOad projekti u doba korone: Primjer kako pozitivno odgovoriti na izazove\"}]},{\"@type\":\"WebSite\",\"@id\":\"https:\\\/\\\/www.evropskakuca.me\\\/me\\\/#website\",\"url\":\"https:\\\/\\\/www.evropskakuca.me\\\/me\\\/\",\"name\":\"Evropean house\",\"description\":\"\",\"publisher\":{\"@id\":\"https:\\\/\\\/www.evropskakuca.me\\\/me\\\/#organization\"},\"potentialAction\":[{\"@type\":\"SearchAction\",\"target\":{\"@type\":\"EntryPoint\",\"urlTemplate\":\"https:\\\/\\\/www.evropskakuca.me\\\/me\\\/?s={search_term_string}\"},\"query-input\":{\"@type\":\"PropertyValueSpecification\",\"valueRequired\":true,\"valueName\":\"search_term_string\"}}],\"inLanguage\":\"me-ME\"},{\"@type\":\"Organization\",\"@id\":\"https:\\\/\\\/www.evropskakuca.me\\\/me\\\/#organization\",\"name\":\"Evropean house\",\"url\":\"https:\\\/\\\/www.evropskakuca.me\\\/me\\\/\",\"logo\":{\"@type\":\"ImageObject\",\"inLanguage\":\"me-ME\",\"@id\":\"https:\\\/\\\/www.evropskakuca.me\\\/me\\\/#\\\/schema\\\/logo\\\/image\\\/\",\"url\":\"https:\\\/\\\/www.evropskakuca.me\\\/wp-content\\\/uploads\\\/2025\\\/01\\\/evropska-kuca-logo-1.png\",\"contentUrl\":\"https:\\\/\\\/www.evropskakuca.me\\\/wp-content\\\/uploads\\\/2025\\\/01\\\/evropska-kuca-logo-1.png\",\"width\":425,\"height\":312,\"caption\":\"Evropean house\"},\"image\":{\"@id\":\"https:\\\/\\\/www.evropskakuca.me\\\/me\\\/#\\\/schema\\\/logo\\\/image\\\/\"},\"sameAs\":[\"https:\\\/\\\/www.facebook.com\\\/evropska.kuca\",\"https:\\\/\\\/x.com\\\/evropska_kuca\",\"https:\\\/\\\/www.instagram.com\\\/evropska_kuca\"]},{\"@type\":\"Person\",\"@id\":\"https:\\\/\\\/www.evropskakuca.me\\\/me\\\/#\\\/schema\\\/person\\\/a1d0dcdaefe4a1cd1d60d200ea137ba4\",\"name\":\"mkajic\",\"image\":{\"@type\":\"ImageObject\",\"inLanguage\":\"me-ME\",\"@id\":\"https:\\\/\\\/secure.gravatar.com\\\/avatar\\\/731fa035cefab7316e6bafd1f25a93fb731a07de14e2d9923f8db4422628eabc?s=96&d=mm&r=g\",\"url\":\"https:\\\/\\\/secure.gravatar.com\\\/avatar\\\/731fa035cefab7316e6bafd1f25a93fb731a07de14e2d9923f8db4422628eabc?s=96&d=mm&r=g\",\"contentUrl\":\"https:\\\/\\\/secure.gravatar.com\\\/avatar\\\/731fa035cefab7316e6bafd1f25a93fb731a07de14e2d9923f8db4422628eabc?s=96&d=mm&r=g\",\"caption\":\"mkajic\"},\"sameAs\":[\"https:\\\/\\\/evropskakuca.me\"],\"url\":\"https:\\\/\\\/www.evropskakuca.me\\\/me\\\/author\\\/mkajic\\\/\"}]}<\/script>\n<!-- \/ Yoast SEO plugin. -->","yoast_head_json":{"title":"ReLOad projekti u doba korone: Primjer kako pozitivno odgovoriti na izazove - Europe House","robots":{"index":"index","follow":"follow","max-snippet":"max-snippet:-1","max-image-preview":"max-image-preview:large","max-video-preview":"max-video-preview:-1"},"canonical":"https:\/\/www.evropskakuca.me\/me\/reload-projekti-u-doba-korone-primjer-kako-pozitivno-odgovoriti-na-izazove\/","og_locale":"en_US","og_type":"article","og_title":"ReLOad projekti u doba korone: Primjer kako pozitivno odgovoriti na izazove - Europe House","og_description":"Na kreativan i inovativan na\u010din, osmislili aktivnosti za porodice i mlade","og_url":"https:\/\/www.evropskakuca.me\/me\/reload-projekti-u-doba-korone-primjer-kako-pozitivno-odgovoriti-na-izazove\/","og_site_name":"Europe House","article_publisher":"https:\/\/www.facebook.com\/evropska.kuca","article_published_time":"2020-04-10T08:40:15+00:00","og_image":[{"width":800,"height":533,"url":"https:\/\/www.evropskakuca.me\/wp-content\/uploads\/2020\/04\/srca-zastava.jpg","type":"image\/jpeg"}],"author":"mkajic","twitter_card":"summary_large_image","twitter_creator":"@evropska_kuca","twitter_site":"@evropska_kuca","twitter_misc":{"Written by":"mkajic","Est. reading time":"2 minutes"},"schema":{"@context":"https:\/\/schema.org","@graph":[{"@type":"Article","@id":"https:\/\/www.evropskakuca.me\/me\/reload-projekti-u-doba-korone-primjer-kako-pozitivno-odgovoriti-na-izazove\/#article","isPartOf":{"@id":"https:\/\/www.evropskakuca.me\/me\/reload-projekti-u-doba-korone-primjer-kako-pozitivno-odgovoriti-na-izazove\/"},"author":{"name":"mkajic","@id":"https:\/\/www.evropskakuca.me\/me\/#\/schema\/person\/a1d0dcdaefe4a1cd1d60d200ea137ba4"},"headline":"ReLOad projekti u doba korone: Primjer kako pozitivno odgovoriti na izazove","datePublished":"2020-04-10T08:40:15+00:00","mainEntityOfPage":{"@id":"https:\/\/www.evropskakuca.me\/me\/reload-projekti-u-doba-korone-primjer-kako-pozitivno-odgovoriti-na-izazove\/"},"wordCount":472,"publisher":{"@id":"https:\/\/www.evropskakuca.me\/me\/#organization"},"image":{"@id":"https:\/\/www.evropskakuca.me\/me\/reload-projekti-u-doba-korone-primjer-kako-pozitivno-odgovoriti-na-izazove\/#primaryimage"},"thumbnailUrl":"https:\/\/www.evropskakuca.me\/wp-content\/uploads\/2020\/04\/srca-zastava.jpg","articleSection":["Koronavirusa","Novosti"],"inLanguage":"me-ME"},{"@type":"WebPage","@id":"https:\/\/www.evropskakuca.me\/me\/reload-projekti-u-doba-korone-primjer-kako-pozitivno-odgovoriti-na-izazove\/","url":"https:\/\/www.evropskakuca.me\/me\/reload-projekti-u-doba-korone-primjer-kako-pozitivno-odgovoriti-na-izazove\/","name":"ReLOad projekti u doba korone: Primjer kako pozitivno odgovoriti na izazove - Europe House","isPartOf":{"@id":"https:\/\/www.evropskakuca.me\/me\/#website"},"primaryImageOfPage":{"@id":"https:\/\/www.evropskakuca.me\/me\/reload-projekti-u-doba-korone-primjer-kako-pozitivno-odgovoriti-na-izazove\/#primaryimage"},"image":{"@id":"https:\/\/www.evropskakuca.me\/me\/reload-projekti-u-doba-korone-primjer-kako-pozitivno-odgovoriti-na-izazove\/#primaryimage"},"thumbnailUrl":"https:\/\/www.evropskakuca.me\/wp-content\/uploads\/2020\/04\/srca-zastava.jpg","datePublished":"2020-04-10T08:40:15+00:00","breadcrumb":{"@id":"https:\/\/www.evropskakuca.me\/me\/reload-projekti-u-doba-korone-primjer-kako-pozitivno-odgovoriti-na-izazove\/#breadcrumb"},"inLanguage":"me-ME","potentialAction":[{"@type":"ReadAction","target":["https:\/\/www.evropskakuca.me\/me\/reload-projekti-u-doba-korone-primjer-kako-pozitivno-odgovoriti-na-izazove\/"]}]},{"@type":"ImageObject","inLanguage":"me-ME","@id":"https:\/\/www.evropskakuca.me\/me\/reload-projekti-u-doba-korone-primjer-kako-pozitivno-odgovoriti-na-izazove\/#primaryimage","url":"https:\/\/www.evropskakuca.me\/wp-content\/uploads\/2020\/04\/srca-zastava.jpg","contentUrl":"https:\/\/www.evropskakuca.me\/wp-content\/uploads\/2020\/04\/srca-zastava.jpg","width":800,"height":533},{"@type":"BreadcrumbList","@id":"https:\/\/www.evropskakuca.me\/me\/reload-projekti-u-doba-korone-primjer-kako-pozitivno-odgovoriti-na-izazove\/#breadcrumb","itemListElement":[{"@type":"ListItem","position":1,"name":"Home","item":"https:\/\/www.evropskakuca.me\/me\/"},{"@type":"ListItem","position":2,"name":"ReLOad projekti u doba korone: Primjer kako pozitivno odgovoriti na izazove"}]},{"@type":"WebSite","@id":"https:\/\/www.evropskakuca.me\/me\/#website","url":"https:\/\/www.evropskakuca.me\/me\/","name":"Evropean house","description":"","publisher":{"@id":"https:\/\/www.evropskakuca.me\/me\/#organization"},"potentialAction":[{"@type":"SearchAction","target":{"@type":"EntryPoint","urlTemplate":"https:\/\/www.evropskakuca.me\/me\/?s={search_term_string}"},"query-input":{"@type":"PropertyValueSpecification","valueRequired":true,"valueName":"search_term_string"}}],"inLanguage":"me-ME"},{"@type":"Organization","@id":"https:\/\/www.evropskakuca.me\/me\/#organization","name":"Evropean house","url":"https:\/\/www.evropskakuca.me\/me\/","logo":{"@type":"ImageObject","inLanguage":"me-ME","@id":"https:\/\/www.evropskakuca.me\/me\/#\/schema\/logo\/image\/","url":"https:\/\/www.evropskakuca.me\/wp-content\/uploads\/2025\/01\/evropska-kuca-logo-1.png","contentUrl":"https:\/\/www.evropskakuca.me\/wp-content\/uploads\/2025\/01\/evropska-kuca-logo-1.png","width":425,"height":312,"caption":"Evropean house"},"image":{"@id":"https:\/\/www.evropskakuca.me\/me\/#\/schema\/logo\/image\/"},"sameAs":["https:\/\/www.facebook.com\/evropska.kuca","https:\/\/x.com\/evropska_kuca","https:\/\/www.instagram.com\/evropska_kuca"]},{"@type":"Person","@id":"https:\/\/www.evropskakuca.me\/me\/#\/schema\/person\/a1d0dcdaefe4a1cd1d60d200ea137ba4","name":"mkajic","image":{"@type":"ImageObject","inLanguage":"me-ME","@id":"https:\/\/secure.gravatar.com\/avatar\/731fa035cefab7316e6bafd1f25a93fb731a07de14e2d9923f8db4422628eabc?s=96&d=mm&r=g","url":"https:\/\/secure.gravatar.com\/avatar\/731fa035cefab7316e6bafd1f25a93fb731a07de14e2d9923f8db4422628eabc?s=96&d=mm&r=g","contentUrl":"https:\/\/secure.gravatar.com\/avatar\/731fa035cefab7316e6bafd1f25a93fb731a07de14e2d9923f8db4422628eabc?s=96&d=mm&r=g","caption":"mkajic"},"sameAs":["https:\/\/evropskakuca.me"],"url":"https:\/\/www.evropskakuca.me\/me\/author\/mkajic\/"}]}},"_links":{"self":[{"href":"https:\/\/www.evropskakuca.me\/me\/wp-json\/wp\/v2\/posts\/8215","targetHints":{"allow":["GET"]}}],"collection":[{"href":"https:\/\/www.evropskakuca.me\/me\/wp-json\/wp\/v2\/posts"}],"about":[{"href":"https:\/\/www.evropskakuca.me\/me\/wp-json\/wp\/v2\/types\/post"}],"author":[{"embeddable":true,"href":"https:\/\/www.evropskakuca.me\/me\/wp-json\/wp\/v2\/users\/1"}],"replies":[{"embeddable":true,"href":"https:\/\/www.evropskakuca.me\/me\/wp-json\/wp\/v2\/comments?post=8215"}],"version-history":[{"count":0,"href":"https:\/\/www.evropskakuca.me\/me\/wp-json\/wp\/v2\/posts\/8215\/revisions"}],"wp:featuredmedia":[{"embeddable":true,"href":"https:\/\/www.evropskakuca.me\/me\/wp-json\/wp\/v2\/media\/35308"}],"wp:attachment":[{"href":"https:\/\/www.evropskakuca.me\/me\/wp-json\/wp\/v2\/media?parent=8215"}],"wp:term":[{"taxonomy":"category","embeddable":true,"href":"https:\/\/www.evropskakuca.me\/me\/wp-json\/wp\/v2\/categories?post=8215"},{"taxonomy":"post_tag","embeddable":true,"href":"https:\/\/www.evropskakuca.me\/me\/wp-json\/wp\/v2\/tags?post=8215"}],"curies":[{"name":"wp","href":"https:\/\/api.w.org\/{rel}","templated":true}]}}