{"id":8147,"date":"2020-04-08T08:47:10","date_gmt":"2020-04-08T08:47:10","guid":{"rendered":"http:\/\/www.evropskakuca.me\/me\/?p=8147"},"modified":"2020-04-08T08:47:10","modified_gmt":"2020-04-08T08:47:10","slug":"e-roma-manusa-bare-tradicijasa-thaj-kulturasa-bi-lengoro-themesa","status":"publish","type":"post","link":"https:\/\/www.evropskakuca.me\/me\/e-roma-manusa-bare-tradicijasa-thaj-kulturasa-bi-lengoro-themesa\/","title":{"rendered":"E Roma, manu\u0161a bare tradicijasa thaj kulturasa bi lengoro themesa"},"content":{"rendered":"<p>E Roma si manu\u0161a kotar indijsko than, a lengoro dumutano d\u017eivdipasko than si Pend\u017eab, than ko sjeverozapad e Indijako. E Roma mukle piro than angle e milja ber\u0161a thaj katar kova vakti d\u017eivdisaren trujal i lumija. Majbaro numero e Romengo d\u017eivdisarol ani Europa. \u010ca\u010do numero e Romengo phare si te d\u017eanolpe, a jekh procena si kaj si \u0111i kol de\u0161uduj milionora. E Roma si majbaro minoriteto ani Europa, a \u00a020 milje d\u017eivdisaren ani Crna Gora.<\/p>\n<p>Ande romani istoria sasa disave bare migracie. Angluni si kana po\u010dmisarda o iseljavanje katar i Indija angle e milja ber\u0161a. Disave d\u017eangle va\u0107aren kaj avilo d\u017ei ke pobut migracie katar i India. O dujto beri migracia, pend\u017eardi sar o Aresajipe, sasa katar o jugozapad e Azijako ande Europa ke 14. \u0161elber\u0161a. O trito migracia sasa katar i Europa ande Amerika ane 19. thaj 20. \u0161elber\u0161a, pale \u0107hindimasko e romane phanlomasko (ropstva) ande i Europa 1856-1864. Disave d\u017eangle va\u0107aren kaj ad\u017eive, katar o vahti kana pelo e Berlinsko zido, \u0107erdol vi jekh bari migracia.<\/p>\n<p>E Roma najlen piro them (dr\u017eava), ama si manu\u0161a save isilen butd\u017eangli tradicia thaj kultura. Sar manu\u0161a bi pire themesko \u0161elber\u0161enca d\u017eivdisarde tuj \u0107eren bu\u0107i but zanatenca. Bu\u0107i sastresa sasa jekh katar majva\u017eno zanatora thaj va\u0107arolpe kaj kova si e romsgi kultura. Muzika, savi buten dikhen sar glavno d\u017eanglipe e romane ulturako, si agja vi phirnipe vi zanato. Angle korkorolengiri romai muzika, e Roma salen thaj vad\u017ei silen baro uticaj ande evolucija ko flamenko muzika thaj \u0107helipe.<\/p>\n<p>Lumijako \u0111ive e Romango si baro\u0111ive katar o 8. aprilo 1974. ber\u0161, kana e Roma angluno drom pe Luijako kongreso e Romengo ande Londono ande decizia te si\u0111aren dromesa d\u017ei ko emancipacia thaj pola\u0107hipe. Pe gova Kongreso e Roma linde piri himna thaj piro barjako. Pale e bodli thaj \u010darjalji bojava isi loli rota savi mothol butber\u0161engo phiripe e Romengo sar migracia. E himna \u201c\u0110elem, \u0111elem\u201d sila agja vi simbolika, \u00a0sose \u0111elem pe romani \u010dhib zna\u010dil \u0111elem, \u0111elem.<\/p>\n<p>But pend\u017earde Roma ni\u0161an\u0107erde piri lumijako umjetnost, d\u017eanglipe thaj sporto. E \u0160aban Bajramovi\u0107e \u0107huta o magazino Time ma\u0161kar e de\u0161 majla\u0107he d\u017eez muzi\u010darija ande planeta. Esma Red\u017eepova si \u010dhutini makar e 50 majbare krle ando them. La\u0107i angluni gjili save korkori hramosardala, \u010caje \u0160ukarije, \u0107erdilji selikani gjilji thaj bioficialno himna savore Romengi.<\/p>\n<p><img fetchpriority=\"high\" decoding=\"async\" class=\"alignnone size-large wp-image-8148\" src=\"http:\/\/www.evropskakuca.me\/wp-content\/uploads\/2020\/04\/carli-na-romskom-1024x1024.jpg\" alt=\"\" width=\"1024\" height=\"1024\" \/><\/p>\n<p>Sode o \u010carli \u010caplin mukla manu\u0161enge? Kava aktoro, phenen, bijando si ande romano karavano ki zapadno Anglijska. Leso dad thaj dajori sesa aktora a o Ser \u010carls Spenser \u010caplin si ikona pokretno sliken\u0111e. Vi jekh Rom avilo \u0111i ki titula e Britansko vitezesa. Ser Majkl Kejn, dvostruko dobitniko oskaresobijando ande romani familia.<\/p>\n<p><img decoding=\"async\" class=\"alignnone size-large wp-image-8150\" src=\"http:\/\/www.evropskakuca.me\/wp-content\/uploads\/2020\/04\/kejn-na-romskom-1024x1024.jpg\" alt=\"\" width=\"1024\" height=\"1024\" \/><\/p>\n<p>Kaj e Roma si baro narodo si i \u010dinjenica kaj silen vi nobelovca. O dr. August Krogh, dansko dobitniko ki Nobelova nagrada, profesoro ande Univerziteto ko Kopenhagen ma\u0161kar e 1916. i 1945, sale romane darhi. Krogh linda but d\u017eangle arakhadipe ki zoofiziologija. Dobitniko si Nobelovo nagrade\u0107e ki medicina 1920. godine kaj arakhla sa \u010derdol regulacija e kapilarenge kana e mi\u0161ic\u0301ora \u0107eren bu\u0107i, studie save si objavljivime ande leskiri knjiga\/lil Anatomija thaj fiziologija kapilarengi (1922).<\/p>\n<p><img decoding=\"async\" class=\"alignnone size-large wp-image-8152\" src=\"http:\/\/www.evropskakuca.me\/wp-content\/uploads\/2020\/04\/kroh-na-romskom-1024x1024.jpg\" alt=\"\" width=\"1024\" height=\"1024\" \/><\/p>\n<p>\u010ca\u010de \u0161el ber\u0161a katar e Kroghova\u0107i Nobelovo nagrada e Roma vad\u017ei marenpe pala lengi socialno inkluzia. E Roma vad\u017ei marenpe mamuj e englopa\u0107ajpe save pratinen olen ande len\u0111e droma. Thaj keda god te d\u017ean va\u0107aren o \u0107a\u0107ipe kaj o anav Rom zna\u010dil manu\u0161.<\/p>\n<p>Gja thaj gja \u2026 e manu\u0161a \u0111an. <a href=\"https:\/\/www.youtube.com\/watch?v=E5qTEkiTqxI\">https:\/\/www.youtube.com\/watch?v=E5qTEkiTqxI<\/a><\/p>\n","protected":false},"excerpt":{"rendered":"<p>Angle o Dive e Romengo<\/p>\n","protected":false},"author":1,"featured_media":35298,"comment_status":"closed","ping_status":"closed","sticky":false,"template":"","format":"standard","meta":{"_acf_changed":false,"footnotes":""},"categories":[283],"tags":[],"class_list":["post-8147","post","type-post","status-publish","format-standard","has-post-thumbnail","hentry","category-novosti-me"],"acf":[],"yoast_head":"<!-- This site is optimized with the Yoast SEO plugin v27.3 - https:\/\/yoast.com\/product\/yoast-seo-wordpress\/ -->\n<title>E Roma, manu\u0161a bare tradicijasa thaj kulturasa bi lengoro themesa - Europe House<\/title>\n<meta name=\"robots\" content=\"index, follow, max-snippet:-1, max-image-preview:large, max-video-preview:-1\" \/>\n<link rel=\"canonical\" href=\"https:\/\/www.evropskakuca.me\/me\/e-roma-manusa-bare-tradicijasa-thaj-kulturasa-bi-lengoro-themesa\/\" \/>\n<meta property=\"og:locale\" content=\"en_US\" \/>\n<meta property=\"og:type\" content=\"article\" \/>\n<meta property=\"og:title\" content=\"E Roma, manu\u0161a bare tradicijasa thaj kulturasa bi lengoro themesa - Europe House\" \/>\n<meta property=\"og:description\" content=\"Angle o Dive e Romengo\" \/>\n<meta property=\"og:url\" content=\"https:\/\/www.evropskakuca.me\/me\/e-roma-manusa-bare-tradicijasa-thaj-kulturasa-bi-lengoro-themesa\/\" \/>\n<meta property=\"og:site_name\" content=\"Europe House\" \/>\n<meta property=\"article:publisher\" content=\"https:\/\/www.facebook.com\/evropska.kuca\" \/>\n<meta property=\"article:published_time\" content=\"2020-04-08T08:47:10+00:00\" \/>\n<meta property=\"og:image\" content=\"https:\/\/www.evropskakuca.me\/wp-content\/uploads\/2020\/04\/romska-zastava-002.png\" \/>\n\t<meta property=\"og:image:width\" content=\"1200\" \/>\n\t<meta property=\"og:image:height\" content=\"800\" \/>\n\t<meta property=\"og:image:type\" content=\"image\/png\" \/>\n<meta name=\"author\" content=\"mkajic\" \/>\n<meta name=\"twitter:card\" content=\"summary_large_image\" \/>\n<meta name=\"twitter:creator\" content=\"@evropska_kuca\" \/>\n<meta name=\"twitter:site\" content=\"@evropska_kuca\" \/>\n<meta name=\"twitter:label1\" content=\"Written by\" \/>\n\t<meta name=\"twitter:data1\" content=\"mkajic\" \/>\n\t<meta name=\"twitter:label2\" content=\"Est. reading time\" \/>\n\t<meta name=\"twitter:data2\" content=\"3 minutes\" \/>\n<script type=\"application\/ld+json\" class=\"yoast-schema-graph\">{\"@context\":\"https:\\\/\\\/schema.org\",\"@graph\":[{\"@type\":\"Article\",\"@id\":\"https:\\\/\\\/www.evropskakuca.me\\\/me\\\/e-roma-manusa-bare-tradicijasa-thaj-kulturasa-bi-lengoro-themesa\\\/#article\",\"isPartOf\":{\"@id\":\"https:\\\/\\\/www.evropskakuca.me\\\/me\\\/e-roma-manusa-bare-tradicijasa-thaj-kulturasa-bi-lengoro-themesa\\\/\"},\"author\":{\"name\":\"mkajic\",\"@id\":\"https:\\\/\\\/www.evropskakuca.me\\\/me\\\/#\\\/schema\\\/person\\\/a1d0dcdaefe4a1cd1d60d200ea137ba4\"},\"headline\":\"E Roma, manu\u0161a bare tradicijasa thaj kulturasa bi lengoro themesa\",\"datePublished\":\"2020-04-08T08:47:10+00:00\",\"mainEntityOfPage\":{\"@id\":\"https:\\\/\\\/www.evropskakuca.me\\\/me\\\/e-roma-manusa-bare-tradicijasa-thaj-kulturasa-bi-lengoro-themesa\\\/\"},\"wordCount\":629,\"publisher\":{\"@id\":\"https:\\\/\\\/www.evropskakuca.me\\\/me\\\/#organization\"},\"image\":{\"@id\":\"https:\\\/\\\/www.evropskakuca.me\\\/me\\\/e-roma-manusa-bare-tradicijasa-thaj-kulturasa-bi-lengoro-themesa\\\/#primaryimage\"},\"thumbnailUrl\":\"https:\\\/\\\/www.evropskakuca.me\\\/wp-content\\\/uploads\\\/2020\\\/04\\\/romska-zastava-002.png\",\"articleSection\":[\"Novosti\"],\"inLanguage\":\"me-ME\"},{\"@type\":\"WebPage\",\"@id\":\"https:\\\/\\\/www.evropskakuca.me\\\/me\\\/e-roma-manusa-bare-tradicijasa-thaj-kulturasa-bi-lengoro-themesa\\\/\",\"url\":\"https:\\\/\\\/www.evropskakuca.me\\\/me\\\/e-roma-manusa-bare-tradicijasa-thaj-kulturasa-bi-lengoro-themesa\\\/\",\"name\":\"E Roma, manu\u0161a bare tradicijasa thaj kulturasa bi lengoro themesa - Europe House\",\"isPartOf\":{\"@id\":\"https:\\\/\\\/www.evropskakuca.me\\\/me\\\/#website\"},\"primaryImageOfPage\":{\"@id\":\"https:\\\/\\\/www.evropskakuca.me\\\/me\\\/e-roma-manusa-bare-tradicijasa-thaj-kulturasa-bi-lengoro-themesa\\\/#primaryimage\"},\"image\":{\"@id\":\"https:\\\/\\\/www.evropskakuca.me\\\/me\\\/e-roma-manusa-bare-tradicijasa-thaj-kulturasa-bi-lengoro-themesa\\\/#primaryimage\"},\"thumbnailUrl\":\"https:\\\/\\\/www.evropskakuca.me\\\/wp-content\\\/uploads\\\/2020\\\/04\\\/romska-zastava-002.png\",\"datePublished\":\"2020-04-08T08:47:10+00:00\",\"breadcrumb\":{\"@id\":\"https:\\\/\\\/www.evropskakuca.me\\\/me\\\/e-roma-manusa-bare-tradicijasa-thaj-kulturasa-bi-lengoro-themesa\\\/#breadcrumb\"},\"inLanguage\":\"me-ME\",\"potentialAction\":[{\"@type\":\"ReadAction\",\"target\":[\"https:\\\/\\\/www.evropskakuca.me\\\/me\\\/e-roma-manusa-bare-tradicijasa-thaj-kulturasa-bi-lengoro-themesa\\\/\"]}]},{\"@type\":\"ImageObject\",\"inLanguage\":\"me-ME\",\"@id\":\"https:\\\/\\\/www.evropskakuca.me\\\/me\\\/e-roma-manusa-bare-tradicijasa-thaj-kulturasa-bi-lengoro-themesa\\\/#primaryimage\",\"url\":\"https:\\\/\\\/www.evropskakuca.me\\\/wp-content\\\/uploads\\\/2020\\\/04\\\/romska-zastava-002.png\",\"contentUrl\":\"https:\\\/\\\/www.evropskakuca.me\\\/wp-content\\\/uploads\\\/2020\\\/04\\\/romska-zastava-002.png\",\"width\":1200,\"height\":800},{\"@type\":\"BreadcrumbList\",\"@id\":\"https:\\\/\\\/www.evropskakuca.me\\\/me\\\/e-roma-manusa-bare-tradicijasa-thaj-kulturasa-bi-lengoro-themesa\\\/#breadcrumb\",\"itemListElement\":[{\"@type\":\"ListItem\",\"position\":1,\"name\":\"Home\",\"item\":\"https:\\\/\\\/www.evropskakuca.me\\\/me\\\/\"},{\"@type\":\"ListItem\",\"position\":2,\"name\":\"E Roma, manu\u0161a bare tradicijasa thaj kulturasa bi lengoro themesa\"}]},{\"@type\":\"WebSite\",\"@id\":\"https:\\\/\\\/www.evropskakuca.me\\\/me\\\/#website\",\"url\":\"https:\\\/\\\/www.evropskakuca.me\\\/me\\\/\",\"name\":\"Evropean house\",\"description\":\"\",\"publisher\":{\"@id\":\"https:\\\/\\\/www.evropskakuca.me\\\/me\\\/#organization\"},\"potentialAction\":[{\"@type\":\"SearchAction\",\"target\":{\"@type\":\"EntryPoint\",\"urlTemplate\":\"https:\\\/\\\/www.evropskakuca.me\\\/me\\\/?s={search_term_string}\"},\"query-input\":{\"@type\":\"PropertyValueSpecification\",\"valueRequired\":true,\"valueName\":\"search_term_string\"}}],\"inLanguage\":\"me-ME\"},{\"@type\":\"Organization\",\"@id\":\"https:\\\/\\\/www.evropskakuca.me\\\/me\\\/#organization\",\"name\":\"Evropean house\",\"url\":\"https:\\\/\\\/www.evropskakuca.me\\\/me\\\/\",\"logo\":{\"@type\":\"ImageObject\",\"inLanguage\":\"me-ME\",\"@id\":\"https:\\\/\\\/www.evropskakuca.me\\\/me\\\/#\\\/schema\\\/logo\\\/image\\\/\",\"url\":\"https:\\\/\\\/www.evropskakuca.me\\\/wp-content\\\/uploads\\\/2025\\\/01\\\/evropska-kuca-logo-1.png\",\"contentUrl\":\"https:\\\/\\\/www.evropskakuca.me\\\/wp-content\\\/uploads\\\/2025\\\/01\\\/evropska-kuca-logo-1.png\",\"width\":425,\"height\":312,\"caption\":\"Evropean house\"},\"image\":{\"@id\":\"https:\\\/\\\/www.evropskakuca.me\\\/me\\\/#\\\/schema\\\/logo\\\/image\\\/\"},\"sameAs\":[\"https:\\\/\\\/www.facebook.com\\\/evropska.kuca\",\"https:\\\/\\\/x.com\\\/evropska_kuca\",\"https:\\\/\\\/www.instagram.com\\\/evropska_kuca\"]},{\"@type\":\"Person\",\"@id\":\"https:\\\/\\\/www.evropskakuca.me\\\/me\\\/#\\\/schema\\\/person\\\/a1d0dcdaefe4a1cd1d60d200ea137ba4\",\"name\":\"mkajic\",\"image\":{\"@type\":\"ImageObject\",\"inLanguage\":\"me-ME\",\"@id\":\"https:\\\/\\\/secure.gravatar.com\\\/avatar\\\/731fa035cefab7316e6bafd1f25a93fb731a07de14e2d9923f8db4422628eabc?s=96&d=mm&r=g\",\"url\":\"https:\\\/\\\/secure.gravatar.com\\\/avatar\\\/731fa035cefab7316e6bafd1f25a93fb731a07de14e2d9923f8db4422628eabc?s=96&d=mm&r=g\",\"contentUrl\":\"https:\\\/\\\/secure.gravatar.com\\\/avatar\\\/731fa035cefab7316e6bafd1f25a93fb731a07de14e2d9923f8db4422628eabc?s=96&d=mm&r=g\",\"caption\":\"mkajic\"},\"sameAs\":[\"https:\\\/\\\/evropskakuca.me\"],\"url\":\"https:\\\/\\\/www.evropskakuca.me\\\/me\\\/author\\\/mkajic\\\/\"}]}<\/script>\n<!-- \/ Yoast SEO plugin. -->","yoast_head_json":{"title":"E Roma, manu\u0161a bare tradicijasa thaj kulturasa bi lengoro themesa - Europe House","robots":{"index":"index","follow":"follow","max-snippet":"max-snippet:-1","max-image-preview":"max-image-preview:large","max-video-preview":"max-video-preview:-1"},"canonical":"https:\/\/www.evropskakuca.me\/me\/e-roma-manusa-bare-tradicijasa-thaj-kulturasa-bi-lengoro-themesa\/","og_locale":"en_US","og_type":"article","og_title":"E Roma, manu\u0161a bare tradicijasa thaj kulturasa bi lengoro themesa - Europe House","og_description":"Angle o Dive e Romengo","og_url":"https:\/\/www.evropskakuca.me\/me\/e-roma-manusa-bare-tradicijasa-thaj-kulturasa-bi-lengoro-themesa\/","og_site_name":"Europe House","article_publisher":"https:\/\/www.facebook.com\/evropska.kuca","article_published_time":"2020-04-08T08:47:10+00:00","og_image":[{"width":1200,"height":800,"url":"https:\/\/www.evropskakuca.me\/wp-content\/uploads\/2020\/04\/romska-zastava-002.png","type":"image\/png"}],"author":"mkajic","twitter_card":"summary_large_image","twitter_creator":"@evropska_kuca","twitter_site":"@evropska_kuca","twitter_misc":{"Written by":"mkajic","Est. reading time":"3 minutes"},"schema":{"@context":"https:\/\/schema.org","@graph":[{"@type":"Article","@id":"https:\/\/www.evropskakuca.me\/me\/e-roma-manusa-bare-tradicijasa-thaj-kulturasa-bi-lengoro-themesa\/#article","isPartOf":{"@id":"https:\/\/www.evropskakuca.me\/me\/e-roma-manusa-bare-tradicijasa-thaj-kulturasa-bi-lengoro-themesa\/"},"author":{"name":"mkajic","@id":"https:\/\/www.evropskakuca.me\/me\/#\/schema\/person\/a1d0dcdaefe4a1cd1d60d200ea137ba4"},"headline":"E Roma, manu\u0161a bare tradicijasa thaj kulturasa bi lengoro themesa","datePublished":"2020-04-08T08:47:10+00:00","mainEntityOfPage":{"@id":"https:\/\/www.evropskakuca.me\/me\/e-roma-manusa-bare-tradicijasa-thaj-kulturasa-bi-lengoro-themesa\/"},"wordCount":629,"publisher":{"@id":"https:\/\/www.evropskakuca.me\/me\/#organization"},"image":{"@id":"https:\/\/www.evropskakuca.me\/me\/e-roma-manusa-bare-tradicijasa-thaj-kulturasa-bi-lengoro-themesa\/#primaryimage"},"thumbnailUrl":"https:\/\/www.evropskakuca.me\/wp-content\/uploads\/2020\/04\/romska-zastava-002.png","articleSection":["Novosti"],"inLanguage":"me-ME"},{"@type":"WebPage","@id":"https:\/\/www.evropskakuca.me\/me\/e-roma-manusa-bare-tradicijasa-thaj-kulturasa-bi-lengoro-themesa\/","url":"https:\/\/www.evropskakuca.me\/me\/e-roma-manusa-bare-tradicijasa-thaj-kulturasa-bi-lengoro-themesa\/","name":"E Roma, manu\u0161a bare tradicijasa thaj kulturasa bi lengoro themesa - Europe House","isPartOf":{"@id":"https:\/\/www.evropskakuca.me\/me\/#website"},"primaryImageOfPage":{"@id":"https:\/\/www.evropskakuca.me\/me\/e-roma-manusa-bare-tradicijasa-thaj-kulturasa-bi-lengoro-themesa\/#primaryimage"},"image":{"@id":"https:\/\/www.evropskakuca.me\/me\/e-roma-manusa-bare-tradicijasa-thaj-kulturasa-bi-lengoro-themesa\/#primaryimage"},"thumbnailUrl":"https:\/\/www.evropskakuca.me\/wp-content\/uploads\/2020\/04\/romska-zastava-002.png","datePublished":"2020-04-08T08:47:10+00:00","breadcrumb":{"@id":"https:\/\/www.evropskakuca.me\/me\/e-roma-manusa-bare-tradicijasa-thaj-kulturasa-bi-lengoro-themesa\/#breadcrumb"},"inLanguage":"me-ME","potentialAction":[{"@type":"ReadAction","target":["https:\/\/www.evropskakuca.me\/me\/e-roma-manusa-bare-tradicijasa-thaj-kulturasa-bi-lengoro-themesa\/"]}]},{"@type":"ImageObject","inLanguage":"me-ME","@id":"https:\/\/www.evropskakuca.me\/me\/e-roma-manusa-bare-tradicijasa-thaj-kulturasa-bi-lengoro-themesa\/#primaryimage","url":"https:\/\/www.evropskakuca.me\/wp-content\/uploads\/2020\/04\/romska-zastava-002.png","contentUrl":"https:\/\/www.evropskakuca.me\/wp-content\/uploads\/2020\/04\/romska-zastava-002.png","width":1200,"height":800},{"@type":"BreadcrumbList","@id":"https:\/\/www.evropskakuca.me\/me\/e-roma-manusa-bare-tradicijasa-thaj-kulturasa-bi-lengoro-themesa\/#breadcrumb","itemListElement":[{"@type":"ListItem","position":1,"name":"Home","item":"https:\/\/www.evropskakuca.me\/me\/"},{"@type":"ListItem","position":2,"name":"E Roma, manu\u0161a bare tradicijasa thaj kulturasa bi lengoro themesa"}]},{"@type":"WebSite","@id":"https:\/\/www.evropskakuca.me\/me\/#website","url":"https:\/\/www.evropskakuca.me\/me\/","name":"Evropean house","description":"","publisher":{"@id":"https:\/\/www.evropskakuca.me\/me\/#organization"},"potentialAction":[{"@type":"SearchAction","target":{"@type":"EntryPoint","urlTemplate":"https:\/\/www.evropskakuca.me\/me\/?s={search_term_string}"},"query-input":{"@type":"PropertyValueSpecification","valueRequired":true,"valueName":"search_term_string"}}],"inLanguage":"me-ME"},{"@type":"Organization","@id":"https:\/\/www.evropskakuca.me\/me\/#organization","name":"Evropean house","url":"https:\/\/www.evropskakuca.me\/me\/","logo":{"@type":"ImageObject","inLanguage":"me-ME","@id":"https:\/\/www.evropskakuca.me\/me\/#\/schema\/logo\/image\/","url":"https:\/\/www.evropskakuca.me\/wp-content\/uploads\/2025\/01\/evropska-kuca-logo-1.png","contentUrl":"https:\/\/www.evropskakuca.me\/wp-content\/uploads\/2025\/01\/evropska-kuca-logo-1.png","width":425,"height":312,"caption":"Evropean house"},"image":{"@id":"https:\/\/www.evropskakuca.me\/me\/#\/schema\/logo\/image\/"},"sameAs":["https:\/\/www.facebook.com\/evropska.kuca","https:\/\/x.com\/evropska_kuca","https:\/\/www.instagram.com\/evropska_kuca"]},{"@type":"Person","@id":"https:\/\/www.evropskakuca.me\/me\/#\/schema\/person\/a1d0dcdaefe4a1cd1d60d200ea137ba4","name":"mkajic","image":{"@type":"ImageObject","inLanguage":"me-ME","@id":"https:\/\/secure.gravatar.com\/avatar\/731fa035cefab7316e6bafd1f25a93fb731a07de14e2d9923f8db4422628eabc?s=96&d=mm&r=g","url":"https:\/\/secure.gravatar.com\/avatar\/731fa035cefab7316e6bafd1f25a93fb731a07de14e2d9923f8db4422628eabc?s=96&d=mm&r=g","contentUrl":"https:\/\/secure.gravatar.com\/avatar\/731fa035cefab7316e6bafd1f25a93fb731a07de14e2d9923f8db4422628eabc?s=96&d=mm&r=g","caption":"mkajic"},"sameAs":["https:\/\/evropskakuca.me"],"url":"https:\/\/www.evropskakuca.me\/me\/author\/mkajic\/"}]}},"_links":{"self":[{"href":"https:\/\/www.evropskakuca.me\/me\/wp-json\/wp\/v2\/posts\/8147","targetHints":{"allow":["GET"]}}],"collection":[{"href":"https:\/\/www.evropskakuca.me\/me\/wp-json\/wp\/v2\/posts"}],"about":[{"href":"https:\/\/www.evropskakuca.me\/me\/wp-json\/wp\/v2\/types\/post"}],"author":[{"embeddable":true,"href":"https:\/\/www.evropskakuca.me\/me\/wp-json\/wp\/v2\/users\/1"}],"replies":[{"embeddable":true,"href":"https:\/\/www.evropskakuca.me\/me\/wp-json\/wp\/v2\/comments?post=8147"}],"version-history":[{"count":0,"href":"https:\/\/www.evropskakuca.me\/me\/wp-json\/wp\/v2\/posts\/8147\/revisions"}],"wp:featuredmedia":[{"embeddable":true,"href":"https:\/\/www.evropskakuca.me\/me\/wp-json\/wp\/v2\/media\/35298"}],"wp:attachment":[{"href":"https:\/\/www.evropskakuca.me\/me\/wp-json\/wp\/v2\/media?parent=8147"}],"wp:term":[{"taxonomy":"category","embeddable":true,"href":"https:\/\/www.evropskakuca.me\/me\/wp-json\/wp\/v2\/categories?post=8147"},{"taxonomy":"post_tag","embeddable":true,"href":"https:\/\/www.evropskakuca.me\/me\/wp-json\/wp\/v2\/tags?post=8147"}],"curies":[{"name":"wp","href":"https:\/\/api.w.org\/{rel}","templated":true}]}}