{"id":8135,"date":"2020-04-08T08:38:55","date_gmt":"2020-04-08T08:38:55","guid":{"rendered":"http:\/\/www.evropskakuca.me\/?p=8135"},"modified":"2020-04-08T08:38:55","modified_gmt":"2020-04-08T08:38:55","slug":"romi-nomadski-narod-velike-tradicije-i-kulture","status":"publish","type":"post","link":"https:\/\/www.evropskakuca.me\/me\/romi-nomadski-narod-velike-tradicije-i-kulture\/","title":{"rendered":"Romi, nomadski narod velike tradicije i kulture"},"content":{"rendered":"<p>Romi su narod indijskog porijekla a njihova postojbina je Pend\u017eab, pokrajina na sjeverozapadu Indije. Romi su svoju postojbinu napustili prije milenijum i od tada \u017eive \u0161irom svijeta. Najve\u0107i broj Roma \u017eivi u Evropi. Ta\u010dan broj Roma te\u0161ko je utvrditi a procjenjuje se na dvanaest miliona. Romi su najbrojnija manjina u Evropi a njih 20 hiljada \u017eivi u Crnoj Gori.<\/p>\n<p>U romskoj istoriji bilo je nekoliko velikih migracija. Prva je bila po\u010detno iseljavanje iz Indije prije oko hiljadu godina. Neki nau\u010dnici tvrde da je mo\u017eda do\u0161lo do vi\u0161e migracija iz Indije. Druga velika migracija, poznata kao Aresajipe, bila je iz jugozapadne Azije u Evropu u 14. vijeku. Trec\u0301a migracija bila je iz Evrope u Ameriku u 19. i po\u010detkom 20. vijeka, nakon ukidanja romskog ropstva u Evropi 1856-1864. Neki nau\u010dnici tvrde da se danas, od pada Berlinskog zida, doga\u0111a jo\u0161 jedna velika migracija.<\/p>\n<p>Romi nemaju svoju dr\u017eavu ali su narod koji ima zna\u010dajnu tradiciju i kulturu. Kao nomadski narod vijekovima su opstajali bave\u0107i se razlli\u010ditim zanatima. Obrada metala je jedan od najva\u017enijih zanata i smatralo se da je to isklju\u010divo obilje\u017eje romske kulture. \u00a0Muzika, koju mnogi vide kao glavno obilje\u017eje romske kulture, zapravo je isto tako vje\u0161tina i zanat. Pored sopstvene romske muzike, Romi su imali i jo\u0161 uvijek imaju veliki uticaj u evoluciji flamenko muzike i plesa.<\/p>\n<p>Svjetski dan Roma se proslavlja od 8. aprila 1974. godine, kad su se Romi prvi put na Svjetskom kongresu Roma u Londonu odlu\u010dili da krenu putevima br\u017ee emancipacije i napretka. Na tom Kongresu Romi su dobili svoju himnu i svoju zastavu. Na pozadini plave i zelene boje nacrtan je crveni to\u010dak kao simbol vje\u010ditog kretanja Roma. I himna \u201c\u0110elem, \u0111elem\u201d ima istu simboliku, jer \u0111elem na romskom zna\u010di idem, putujem.<\/p>\n<p><img fetchpriority=\"high\" decoding=\"async\" class=\"alignnone size-large wp-image-8140\" src=\"http:\/\/www.evropskakuca.me\/wp-content\/uploads\/2020\/04\/saban-ra-1024x1024.jpg\" alt=\"\" width=\"1024\" height=\"1024\" \/><\/p>\n<p>Mnogi poznati Romi obilje\u017eili su svjetsku umjetnost, nauku i sport. \u0160abana Bajramovi\u0107a je magazine Time uvrstio u deset najboljih d\u017eez muzi\u010dara na planeti. Esma Red\u017eepova je uvr\u0161tena u 50 velikih glasova svijeta. Njena prva snimljena pjesma i pjesma koju je sama napisala, \u010caje \u0160ukarije, postala je\u00a0 narodna \u00a0pjesma i nezvani\u010dna himna svih Roma.<\/p>\n<p><img decoding=\"async\" class=\"alignnone size-large wp-image-8138\" src=\"http:\/\/www.evropskakuca.me\/wp-content\/uploads\/2020\/04\/carli-caplin-ra-1024x1024.jpg\" alt=\"\" width=\"1024\" height=\"1024\" \/><\/p>\n<p>Koliko je tek \u010carli \u010caplin ostavio \u010dovje\u010danstvu? Ovaj glumac, ka\u017eu, ro\u0111en je u romskom karavanu u zapadnoj Engleskoj. Njegovi roditelji su bili glumci i zabavlja\u010di a Ser \u010carls Spenser \u010caplin je ikona pokretnih slika. Jo\u0161 jedan Rom stigao je do titule britanskog viteza. Ser Majkl Kejn, dvostruki dobitnik oskara ro\u0111en je u romskoj porodici.<\/p>\n<p><img decoding=\"async\" class=\"alignnone size-large wp-image-8142\" src=\"http:\/\/www.evropskakuca.me\/wp-content\/uploads\/2020\/04\/majk-kejn-ra-1024x1024.jpg\" alt=\"\" width=\"1024\" height=\"1024\" \/><\/p>\n<p>Da su Romi veliki narod dokazuje \u010dinjenica da imaju i nobelovca. Dr. August Krogh, danski dobitnik Nobelove nagrade, profesor na Univerzitetu u Kopenhagenu izme\u0111u 1916. i 1945, imao je romske korijene. Krogh je postigao nekoliko zna\u010dajnih otkric\u0301a u zoofiziologiji. Dobitnik je Nobelove nagrade za medicinu 1920. godine za otkric\u0301e regulacije kapilara tokom mi\u0161ic\u0301nog rada, studije koje su objavljene u njegovoj knjizi Anatomija i fiziologija kapilara (1922).<\/p>\n<p><img loading=\"lazy\" decoding=\"async\" class=\"alignnone size-large wp-image-8144\" src=\"http:\/\/www.evropskakuca.me\/wp-content\/uploads\/2020\/04\/kroh-1024x1024.jpg\" alt=\"\" width=\"1024\" height=\"1024\" \/><\/p>\n<p>Ta\u010dno stotinu godina od Kroghove Nobelove nagrade Romi se i dalje bore za potpunu socijalnu inkluziju. Romi se i dalje bore protiv predrasuda koje ih prate na njihovim putevima. I kuda god da putuju pronose istinu da Rom zna\u010di \u010dovjek.<\/p>\n<p>I ovako i onako\u2026ljudi putuju. <a href=\"https:\/\/www.youtube.com\/watch?v=E5qTEkiTqxI\">https:\/\/www.youtube.com\/watch?v=E5qTEkiTqxI<\/a><\/p>\n<p>&nbsp;<\/p>\n<h4>Prate\u0107i tekst<\/h4>\n<p>E Roma, manu\u0161a bare tradicijasa thaj kulturasa bi lengoro themesa <a href=\"http:\/\/www.evropskakuca.me\/me\/e-roma-manusa-bare-tradicijasa-thaj-kulturasa-bi-lengoro-themesa\/\">http:\/\/www.evropskakuca.me\/me\/e-roma-manusa-bare-tradicijasa-thaj-kulturasa-bi-lengoro-themesa\/<\/a><\/p>\n","protected":false},"excerpt":{"rendered":"<p>U susret Danu Roma<\/p>\n","protected":false},"author":1,"featured_media":35298,"comment_status":"closed","ping_status":"closed","sticky":false,"template":"","format":"standard","meta":{"_acf_changed":false,"footnotes":""},"categories":[285],"tags":[],"class_list":["post-8135","post","type-post","status-publish","format-standard","has-post-thumbnail","hentry","category-kampanje-i-eventi"],"acf":[],"yoast_head":"<!-- This site is optimized with the Yoast SEO plugin v27.3 - https:\/\/yoast.com\/product\/yoast-seo-wordpress\/ -->\n<title>Romi, nomadski narod velike tradicije i kulture - Europe House<\/title>\n<meta name=\"robots\" content=\"index, follow, max-snippet:-1, max-image-preview:large, max-video-preview:-1\" \/>\n<link rel=\"canonical\" href=\"https:\/\/www.evropskakuca.me\/me\/romi-nomadski-narod-velike-tradicije-i-kulture\/\" \/>\n<meta property=\"og:locale\" content=\"en_US\" \/>\n<meta property=\"og:type\" content=\"article\" \/>\n<meta property=\"og:title\" content=\"Romi, nomadski narod velike tradicije i kulture - Europe House\" \/>\n<meta property=\"og:description\" content=\"U susret Danu Roma\" \/>\n<meta property=\"og:url\" content=\"https:\/\/www.evropskakuca.me\/me\/romi-nomadski-narod-velike-tradicije-i-kulture\/\" \/>\n<meta property=\"og:site_name\" content=\"Europe House\" \/>\n<meta property=\"article:publisher\" content=\"https:\/\/www.facebook.com\/evropska.kuca\" \/>\n<meta property=\"article:published_time\" content=\"2020-04-08T08:38:55+00:00\" \/>\n<meta property=\"og:image\" content=\"https:\/\/www.evropskakuca.me\/wp-content\/uploads\/2020\/04\/romska-zastava-002.png\" \/>\n\t<meta property=\"og:image:width\" content=\"1200\" \/>\n\t<meta property=\"og:image:height\" content=\"800\" \/>\n\t<meta property=\"og:image:type\" content=\"image\/png\" \/>\n<meta name=\"author\" content=\"mkajic\" \/>\n<meta name=\"twitter:card\" content=\"summary_large_image\" \/>\n<meta name=\"twitter:creator\" content=\"@evropska_kuca\" \/>\n<meta name=\"twitter:site\" content=\"@evropska_kuca\" \/>\n<meta name=\"twitter:label1\" content=\"Written by\" \/>\n\t<meta name=\"twitter:data1\" content=\"mkajic\" \/>\n\t<meta name=\"twitter:label2\" content=\"Est. reading time\" \/>\n\t<meta name=\"twitter:data2\" content=\"3 minutes\" \/>\n<script type=\"application\/ld+json\" class=\"yoast-schema-graph\">{\"@context\":\"https:\\\/\\\/schema.org\",\"@graph\":[{\"@type\":\"Article\",\"@id\":\"https:\\\/\\\/www.evropskakuca.me\\\/me\\\/romi-nomadski-narod-velike-tradicije-i-kulture\\\/#article\",\"isPartOf\":{\"@id\":\"https:\\\/\\\/www.evropskakuca.me\\\/me\\\/romi-nomadski-narod-velike-tradicije-i-kulture\\\/\"},\"author\":{\"name\":\"mkajic\",\"@id\":\"https:\\\/\\\/www.evropskakuca.me\\\/me\\\/#\\\/schema\\\/person\\\/a1d0dcdaefe4a1cd1d60d200ea137ba4\"},\"headline\":\"Romi, nomadski narod velike tradicije i kulture\",\"datePublished\":\"2020-04-08T08:38:55+00:00\",\"mainEntityOfPage\":{\"@id\":\"https:\\\/\\\/www.evropskakuca.me\\\/me\\\/romi-nomadski-narod-velike-tradicije-i-kulture\\\/\"},\"wordCount\":578,\"publisher\":{\"@id\":\"https:\\\/\\\/www.evropskakuca.me\\\/me\\\/#organization\"},\"image\":{\"@id\":\"https:\\\/\\\/www.evropskakuca.me\\\/me\\\/romi-nomadski-narod-velike-tradicije-i-kulture\\\/#primaryimage\"},\"thumbnailUrl\":\"https:\\\/\\\/www.evropskakuca.me\\\/wp-content\\\/uploads\\\/2020\\\/04\\\/romska-zastava-002.png\",\"articleSection\":[\"Kampanje i eventi\"],\"inLanguage\":\"me-ME\"},{\"@type\":\"WebPage\",\"@id\":\"https:\\\/\\\/www.evropskakuca.me\\\/me\\\/romi-nomadski-narod-velike-tradicije-i-kulture\\\/\",\"url\":\"https:\\\/\\\/www.evropskakuca.me\\\/me\\\/romi-nomadski-narod-velike-tradicije-i-kulture\\\/\",\"name\":\"Romi, nomadski narod velike tradicije i kulture - Europe House\",\"isPartOf\":{\"@id\":\"https:\\\/\\\/www.evropskakuca.me\\\/me\\\/#website\"},\"primaryImageOfPage\":{\"@id\":\"https:\\\/\\\/www.evropskakuca.me\\\/me\\\/romi-nomadski-narod-velike-tradicije-i-kulture\\\/#primaryimage\"},\"image\":{\"@id\":\"https:\\\/\\\/www.evropskakuca.me\\\/me\\\/romi-nomadski-narod-velike-tradicije-i-kulture\\\/#primaryimage\"},\"thumbnailUrl\":\"https:\\\/\\\/www.evropskakuca.me\\\/wp-content\\\/uploads\\\/2020\\\/04\\\/romska-zastava-002.png\",\"datePublished\":\"2020-04-08T08:38:55+00:00\",\"breadcrumb\":{\"@id\":\"https:\\\/\\\/www.evropskakuca.me\\\/me\\\/romi-nomadski-narod-velike-tradicije-i-kulture\\\/#breadcrumb\"},\"inLanguage\":\"me-ME\",\"potentialAction\":[{\"@type\":\"ReadAction\",\"target\":[\"https:\\\/\\\/www.evropskakuca.me\\\/me\\\/romi-nomadski-narod-velike-tradicije-i-kulture\\\/\"]}]},{\"@type\":\"ImageObject\",\"inLanguage\":\"me-ME\",\"@id\":\"https:\\\/\\\/www.evropskakuca.me\\\/me\\\/romi-nomadski-narod-velike-tradicije-i-kulture\\\/#primaryimage\",\"url\":\"https:\\\/\\\/www.evropskakuca.me\\\/wp-content\\\/uploads\\\/2020\\\/04\\\/romska-zastava-002.png\",\"contentUrl\":\"https:\\\/\\\/www.evropskakuca.me\\\/wp-content\\\/uploads\\\/2020\\\/04\\\/romska-zastava-002.png\",\"width\":1200,\"height\":800},{\"@type\":\"BreadcrumbList\",\"@id\":\"https:\\\/\\\/www.evropskakuca.me\\\/me\\\/romi-nomadski-narod-velike-tradicije-i-kulture\\\/#breadcrumb\",\"itemListElement\":[{\"@type\":\"ListItem\",\"position\":1,\"name\":\"Home\",\"item\":\"https:\\\/\\\/www.evropskakuca.me\\\/me\\\/\"},{\"@type\":\"ListItem\",\"position\":2,\"name\":\"Romi, nomadski narod velike tradicije i kulture\"}]},{\"@type\":\"WebSite\",\"@id\":\"https:\\\/\\\/www.evropskakuca.me\\\/me\\\/#website\",\"url\":\"https:\\\/\\\/www.evropskakuca.me\\\/me\\\/\",\"name\":\"Evropean house\",\"description\":\"\",\"publisher\":{\"@id\":\"https:\\\/\\\/www.evropskakuca.me\\\/me\\\/#organization\"},\"potentialAction\":[{\"@type\":\"SearchAction\",\"target\":{\"@type\":\"EntryPoint\",\"urlTemplate\":\"https:\\\/\\\/www.evropskakuca.me\\\/me\\\/?s={search_term_string}\"},\"query-input\":{\"@type\":\"PropertyValueSpecification\",\"valueRequired\":true,\"valueName\":\"search_term_string\"}}],\"inLanguage\":\"me-ME\"},{\"@type\":\"Organization\",\"@id\":\"https:\\\/\\\/www.evropskakuca.me\\\/me\\\/#organization\",\"name\":\"Evropean house\",\"url\":\"https:\\\/\\\/www.evropskakuca.me\\\/me\\\/\",\"logo\":{\"@type\":\"ImageObject\",\"inLanguage\":\"me-ME\",\"@id\":\"https:\\\/\\\/www.evropskakuca.me\\\/me\\\/#\\\/schema\\\/logo\\\/image\\\/\",\"url\":\"https:\\\/\\\/www.evropskakuca.me\\\/wp-content\\\/uploads\\\/2025\\\/01\\\/evropska-kuca-logo-1.png\",\"contentUrl\":\"https:\\\/\\\/www.evropskakuca.me\\\/wp-content\\\/uploads\\\/2025\\\/01\\\/evropska-kuca-logo-1.png\",\"width\":425,\"height\":312,\"caption\":\"Evropean house\"},\"image\":{\"@id\":\"https:\\\/\\\/www.evropskakuca.me\\\/me\\\/#\\\/schema\\\/logo\\\/image\\\/\"},\"sameAs\":[\"https:\\\/\\\/www.facebook.com\\\/evropska.kuca\",\"https:\\\/\\\/x.com\\\/evropska_kuca\",\"https:\\\/\\\/www.instagram.com\\\/evropska_kuca\"]},{\"@type\":\"Person\",\"@id\":\"https:\\\/\\\/www.evropskakuca.me\\\/me\\\/#\\\/schema\\\/person\\\/a1d0dcdaefe4a1cd1d60d200ea137ba4\",\"name\":\"mkajic\",\"image\":{\"@type\":\"ImageObject\",\"inLanguage\":\"me-ME\",\"@id\":\"https:\\\/\\\/secure.gravatar.com\\\/avatar\\\/731fa035cefab7316e6bafd1f25a93fb731a07de14e2d9923f8db4422628eabc?s=96&d=mm&r=g\",\"url\":\"https:\\\/\\\/secure.gravatar.com\\\/avatar\\\/731fa035cefab7316e6bafd1f25a93fb731a07de14e2d9923f8db4422628eabc?s=96&d=mm&r=g\",\"contentUrl\":\"https:\\\/\\\/secure.gravatar.com\\\/avatar\\\/731fa035cefab7316e6bafd1f25a93fb731a07de14e2d9923f8db4422628eabc?s=96&d=mm&r=g\",\"caption\":\"mkajic\"},\"sameAs\":[\"https:\\\/\\\/evropskakuca.me\"],\"url\":\"https:\\\/\\\/www.evropskakuca.me\\\/me\\\/author\\\/mkajic\\\/\"}]}<\/script>\n<!-- \/ Yoast SEO plugin. -->","yoast_head_json":{"title":"Romi, nomadski narod velike tradicije i kulture - Europe House","robots":{"index":"index","follow":"follow","max-snippet":"max-snippet:-1","max-image-preview":"max-image-preview:large","max-video-preview":"max-video-preview:-1"},"canonical":"https:\/\/www.evropskakuca.me\/me\/romi-nomadski-narod-velike-tradicije-i-kulture\/","og_locale":"en_US","og_type":"article","og_title":"Romi, nomadski narod velike tradicije i kulture - Europe House","og_description":"U susret Danu Roma","og_url":"https:\/\/www.evropskakuca.me\/me\/romi-nomadski-narod-velike-tradicije-i-kulture\/","og_site_name":"Europe House","article_publisher":"https:\/\/www.facebook.com\/evropska.kuca","article_published_time":"2020-04-08T08:38:55+00:00","og_image":[{"width":1200,"height":800,"url":"https:\/\/www.evropskakuca.me\/wp-content\/uploads\/2020\/04\/romska-zastava-002.png","type":"image\/png"}],"author":"mkajic","twitter_card":"summary_large_image","twitter_creator":"@evropska_kuca","twitter_site":"@evropska_kuca","twitter_misc":{"Written by":"mkajic","Est. reading time":"3 minutes"},"schema":{"@context":"https:\/\/schema.org","@graph":[{"@type":"Article","@id":"https:\/\/www.evropskakuca.me\/me\/romi-nomadski-narod-velike-tradicije-i-kulture\/#article","isPartOf":{"@id":"https:\/\/www.evropskakuca.me\/me\/romi-nomadski-narod-velike-tradicije-i-kulture\/"},"author":{"name":"mkajic","@id":"https:\/\/www.evropskakuca.me\/me\/#\/schema\/person\/a1d0dcdaefe4a1cd1d60d200ea137ba4"},"headline":"Romi, nomadski narod velike tradicije i kulture","datePublished":"2020-04-08T08:38:55+00:00","mainEntityOfPage":{"@id":"https:\/\/www.evropskakuca.me\/me\/romi-nomadski-narod-velike-tradicije-i-kulture\/"},"wordCount":578,"publisher":{"@id":"https:\/\/www.evropskakuca.me\/me\/#organization"},"image":{"@id":"https:\/\/www.evropskakuca.me\/me\/romi-nomadski-narod-velike-tradicije-i-kulture\/#primaryimage"},"thumbnailUrl":"https:\/\/www.evropskakuca.me\/wp-content\/uploads\/2020\/04\/romska-zastava-002.png","articleSection":["Kampanje i eventi"],"inLanguage":"me-ME"},{"@type":"WebPage","@id":"https:\/\/www.evropskakuca.me\/me\/romi-nomadski-narod-velike-tradicije-i-kulture\/","url":"https:\/\/www.evropskakuca.me\/me\/romi-nomadski-narod-velike-tradicije-i-kulture\/","name":"Romi, nomadski narod velike tradicije i kulture - Europe House","isPartOf":{"@id":"https:\/\/www.evropskakuca.me\/me\/#website"},"primaryImageOfPage":{"@id":"https:\/\/www.evropskakuca.me\/me\/romi-nomadski-narod-velike-tradicije-i-kulture\/#primaryimage"},"image":{"@id":"https:\/\/www.evropskakuca.me\/me\/romi-nomadski-narod-velike-tradicije-i-kulture\/#primaryimage"},"thumbnailUrl":"https:\/\/www.evropskakuca.me\/wp-content\/uploads\/2020\/04\/romska-zastava-002.png","datePublished":"2020-04-08T08:38:55+00:00","breadcrumb":{"@id":"https:\/\/www.evropskakuca.me\/me\/romi-nomadski-narod-velike-tradicije-i-kulture\/#breadcrumb"},"inLanguage":"me-ME","potentialAction":[{"@type":"ReadAction","target":["https:\/\/www.evropskakuca.me\/me\/romi-nomadski-narod-velike-tradicije-i-kulture\/"]}]},{"@type":"ImageObject","inLanguage":"me-ME","@id":"https:\/\/www.evropskakuca.me\/me\/romi-nomadski-narod-velike-tradicije-i-kulture\/#primaryimage","url":"https:\/\/www.evropskakuca.me\/wp-content\/uploads\/2020\/04\/romska-zastava-002.png","contentUrl":"https:\/\/www.evropskakuca.me\/wp-content\/uploads\/2020\/04\/romska-zastava-002.png","width":1200,"height":800},{"@type":"BreadcrumbList","@id":"https:\/\/www.evropskakuca.me\/me\/romi-nomadski-narod-velike-tradicije-i-kulture\/#breadcrumb","itemListElement":[{"@type":"ListItem","position":1,"name":"Home","item":"https:\/\/www.evropskakuca.me\/me\/"},{"@type":"ListItem","position":2,"name":"Romi, nomadski narod velike tradicije i kulture"}]},{"@type":"WebSite","@id":"https:\/\/www.evropskakuca.me\/me\/#website","url":"https:\/\/www.evropskakuca.me\/me\/","name":"Evropean house","description":"","publisher":{"@id":"https:\/\/www.evropskakuca.me\/me\/#organization"},"potentialAction":[{"@type":"SearchAction","target":{"@type":"EntryPoint","urlTemplate":"https:\/\/www.evropskakuca.me\/me\/?s={search_term_string}"},"query-input":{"@type":"PropertyValueSpecification","valueRequired":true,"valueName":"search_term_string"}}],"inLanguage":"me-ME"},{"@type":"Organization","@id":"https:\/\/www.evropskakuca.me\/me\/#organization","name":"Evropean house","url":"https:\/\/www.evropskakuca.me\/me\/","logo":{"@type":"ImageObject","inLanguage":"me-ME","@id":"https:\/\/www.evropskakuca.me\/me\/#\/schema\/logo\/image\/","url":"https:\/\/www.evropskakuca.me\/wp-content\/uploads\/2025\/01\/evropska-kuca-logo-1.png","contentUrl":"https:\/\/www.evropskakuca.me\/wp-content\/uploads\/2025\/01\/evropska-kuca-logo-1.png","width":425,"height":312,"caption":"Evropean house"},"image":{"@id":"https:\/\/www.evropskakuca.me\/me\/#\/schema\/logo\/image\/"},"sameAs":["https:\/\/www.facebook.com\/evropska.kuca","https:\/\/x.com\/evropska_kuca","https:\/\/www.instagram.com\/evropska_kuca"]},{"@type":"Person","@id":"https:\/\/www.evropskakuca.me\/me\/#\/schema\/person\/a1d0dcdaefe4a1cd1d60d200ea137ba4","name":"mkajic","image":{"@type":"ImageObject","inLanguage":"me-ME","@id":"https:\/\/secure.gravatar.com\/avatar\/731fa035cefab7316e6bafd1f25a93fb731a07de14e2d9923f8db4422628eabc?s=96&d=mm&r=g","url":"https:\/\/secure.gravatar.com\/avatar\/731fa035cefab7316e6bafd1f25a93fb731a07de14e2d9923f8db4422628eabc?s=96&d=mm&r=g","contentUrl":"https:\/\/secure.gravatar.com\/avatar\/731fa035cefab7316e6bafd1f25a93fb731a07de14e2d9923f8db4422628eabc?s=96&d=mm&r=g","caption":"mkajic"},"sameAs":["https:\/\/evropskakuca.me"],"url":"https:\/\/www.evropskakuca.me\/me\/author\/mkajic\/"}]}},"_links":{"self":[{"href":"https:\/\/www.evropskakuca.me\/me\/wp-json\/wp\/v2\/posts\/8135","targetHints":{"allow":["GET"]}}],"collection":[{"href":"https:\/\/www.evropskakuca.me\/me\/wp-json\/wp\/v2\/posts"}],"about":[{"href":"https:\/\/www.evropskakuca.me\/me\/wp-json\/wp\/v2\/types\/post"}],"author":[{"embeddable":true,"href":"https:\/\/www.evropskakuca.me\/me\/wp-json\/wp\/v2\/users\/1"}],"replies":[{"embeddable":true,"href":"https:\/\/www.evropskakuca.me\/me\/wp-json\/wp\/v2\/comments?post=8135"}],"version-history":[{"count":0,"href":"https:\/\/www.evropskakuca.me\/me\/wp-json\/wp\/v2\/posts\/8135\/revisions"}],"wp:featuredmedia":[{"embeddable":true,"href":"https:\/\/www.evropskakuca.me\/me\/wp-json\/wp\/v2\/media\/35298"}],"wp:attachment":[{"href":"https:\/\/www.evropskakuca.me\/me\/wp-json\/wp\/v2\/media?parent=8135"}],"wp:term":[{"taxonomy":"category","embeddable":true,"href":"https:\/\/www.evropskakuca.me\/me\/wp-json\/wp\/v2\/categories?post=8135"},{"taxonomy":"post_tag","embeddable":true,"href":"https:\/\/www.evropskakuca.me\/me\/wp-json\/wp\/v2\/tags?post=8135"}],"curies":[{"name":"wp","href":"https:\/\/api.w.org\/{rel}","templated":true}]}}