{"id":8069,"date":"2020-04-03T10:50:14","date_gmt":"2020-04-03T10:50:14","guid":{"rendered":"http:\/\/www.evropskakuca.me\/me\/?p=8069"},"modified":"2020-04-03T10:50:14","modified_gmt":"2020-04-03T10:50:14","slug":"komisija-lansirala-covid-19-sistem-za-podrsku-klinickom-menadzmentu","status":"publish","type":"post","link":"https:\/\/www.evropskakuca.me\/me\/komisija-lansirala-covid-19-sistem-za-podrsku-klinickom-menadzmentu\/","title":{"rendered":"Komisija lansirala \u201eCOVID-19 sistem za podr\u0161ku klini\u010dkom menad\u017ementu\u201c"},"content":{"rendered":"<p>24. marta Evropska komisija pokrenula je \u201eSistem podr\u0161ke za klini\u010dki menad\u017ement COVID-19\u201c sa ciljem da pru\u017ei podr\u0161ku klini\u010darima u bolnicama koje se trenutno suo\u010davaju sa koronavirusnim udarom \u0161irom Evrope.<\/p>\n<p>Na osnovu iskustva s evropskim referentnim mre\u017eama, inicijativa c\u0301e pomoc\u0301i da se uspostave brze veze \u0161irom Evrope izme\u0111u bolnica koje su dr\u017eave \u010dlanice navele kao referentne centre za COVID-19. Klini\u010dari se mogu osloniti na posebnu slu\u017ebu za pomoc\u0301 kojom upravlja DG SANTE za uspostavljanje veb konferencija i razmjenu\u00a0 informacija sa kolegama u Evropi o moguc\u0301im medicinskim tretmanima i o tome kako rje\u0161avati te\u0161ke i slo\u017eene slu\u010dajeve.<\/p>\n<p>Ova sinergija ima za cilj da ubrza usvajanje specifi\u010dnih opcija lije\u010denja i pomogne u smanjenju nekih nesigurnosti zbog nepoznatih aspekata virusa. Na kraju, u vitalnom interesu pacijenata zara\u017eenih COVID-19 je da njihovi ljekari mogu sa nekim da razgovaraju o njihovim slu\u010dajevima i dobiju najbolji moguc\u0301i savjet.<\/p>\n<p>\u0160irenje pandemije COVID-19 uti\u010de na zemlje sa razli\u010ditim nivoima razvoja i u razli\u010dito vrijeme. Mnogim pacijentima je potrebna visoko specijalizovana njega. Prakti\u010dno iskustvo u upravljanju pacijentima, posebno te\u0161kim slu\u010dajevima, je malo i ra\u0161trkano u Evropi. Iako su iskustvo i broj slu\u010dajeva koje lije\u010de pojedine bolnice va\u017eni, drugi se tek po\u010dinju baviti slo\u017eenim pacijentima. Konkretne tehnike i tretmani primjenjeni na pacijentima sa COVID-19 u mnogim su slu\u010dajevima eksperimentalni i postoje odre\u0111ena ograni\u010denja za pristup novoste\u010denim saznanjima iz prethodnih nedelja i meseci.<\/p>\n","protected":false},"excerpt":{"rendered":"<p>24. marta Evropska komisija pokrenula je \u201eSistem podr\u0161ke za klini\u010dki menad\u017ement COVID-19\u201c sa ciljem da pru\u017ei podr\u0161ku klini\u010darima u bolnicama koje se trenutno suo\u010davaju sa koronavirusnim udarom \u0161irom Evrope. Na osnovu iskustva s evropskim referentnim mre\u017eama, inicijativa c\u0301e pomoc\u0301i da se uspostave brze veze \u0161irom Evrope izme\u0111u bolnica koje su dr\u017eave \u010dlanice navele kao referentne [&hellip;]<\/p>\n","protected":false},"author":1,"featured_media":35154,"comment_status":"closed","ping_status":"closed","sticky":false,"template":"","format":"standard","meta":{"_acf_changed":false,"footnotes":""},"categories":[],"tags":[],"class_list":["post-8069","post","type-post","status-publish","format-standard","has-post-thumbnail","hentry"],"acf":[],"yoast_head":"<!-- This site is optimized with the Yoast SEO plugin v27.3 - https:\/\/yoast.com\/product\/yoast-seo-wordpress\/ -->\n<title>Komisija lansirala \u201eCOVID-19 sistem za podr\u0161ku klini\u010dkom menad\u017ementu\u201c - Europe House<\/title>\n<meta name=\"robots\" content=\"index, follow, max-snippet:-1, max-image-preview:large, max-video-preview:-1\" \/>\n<link rel=\"canonical\" href=\"https:\/\/www.evropskakuca.me\/me\/komisija-lansirala-covid-19-sistem-za-podrsku-klinickom-menadzmentu\/\" \/>\n<meta property=\"og:locale\" content=\"en_US\" \/>\n<meta property=\"og:type\" content=\"article\" \/>\n<meta property=\"og:title\" content=\"Komisija lansirala \u201eCOVID-19 sistem za podr\u0161ku klini\u010dkom menad\u017ementu\u201c - Europe House\" \/>\n<meta property=\"og:description\" content=\"24. marta Evropska komisija pokrenula je \u201eSistem podr\u0161ke za klini\u010dki menad\u017ement COVID-19\u201c sa ciljem da pru\u017ei podr\u0161ku klini\u010darima u bolnicama koje se trenutno suo\u010davaju sa koronavirusnim udarom \u0161irom Evrope. Na osnovu iskustva s evropskim referentnim mre\u017eama, inicijativa c\u0301e pomoc\u0301i da se uspostave brze veze \u0161irom Evrope izme\u0111u bolnica koje su dr\u017eave \u010dlanice navele kao referentne [&hellip;]\" \/>\n<meta property=\"og:url\" content=\"https:\/\/www.evropskakuca.me\/me\/komisija-lansirala-covid-19-sistem-za-podrsku-klinickom-menadzmentu\/\" \/>\n<meta property=\"og:site_name\" content=\"Europe House\" \/>\n<meta property=\"article:publisher\" content=\"https:\/\/www.facebook.com\/evropska.kuca\" \/>\n<meta property=\"article:published_time\" content=\"2020-04-03T10:50:14+00:00\" \/>\n<meta property=\"og:image\" content=\"https:\/\/www.evropskakuca.me\/wp-content\/uploads\/2020\/04\/20140912PHT61808_original-scaled.jpg\" \/>\n\t<meta property=\"og:image:width\" content=\"2560\" \/>\n\t<meta property=\"og:image:height\" content=\"1085\" \/>\n\t<meta property=\"og:image:type\" content=\"image\/jpeg\" \/>\n<meta name=\"author\" content=\"mkajic\" \/>\n<meta name=\"twitter:card\" content=\"summary_large_image\" \/>\n<meta name=\"twitter:creator\" content=\"@evropska_kuca\" \/>\n<meta name=\"twitter:site\" content=\"@evropska_kuca\" \/>\n<meta name=\"twitter:label1\" content=\"Written by\" \/>\n\t<meta name=\"twitter:data1\" content=\"mkajic\" \/>\n\t<meta name=\"twitter:label2\" content=\"Est. reading time\" \/>\n\t<meta name=\"twitter:data2\" content=\"1 minute\" \/>\n<script type=\"application\/ld+json\" class=\"yoast-schema-graph\">{\"@context\":\"https:\\\/\\\/schema.org\",\"@graph\":[{\"@type\":\"Article\",\"@id\":\"https:\\\/\\\/www.evropskakuca.me\\\/me\\\/komisija-lansirala-covid-19-sistem-za-podrsku-klinickom-menadzmentu\\\/#article\",\"isPartOf\":{\"@id\":\"https:\\\/\\\/www.evropskakuca.me\\\/me\\\/komisija-lansirala-covid-19-sistem-za-podrsku-klinickom-menadzmentu\\\/\"},\"author\":{\"name\":\"mkajic\",\"@id\":\"https:\\\/\\\/www.evropskakuca.me\\\/me\\\/#\\\/schema\\\/person\\\/a1d0dcdaefe4a1cd1d60d200ea137ba4\"},\"headline\":\"Komisija lansirala \u201eCOVID-19 sistem za podr\u0161ku klini\u010dkom menad\u017ementu\u201c\",\"datePublished\":\"2020-04-03T10:50:14+00:00\",\"mainEntityOfPage\":{\"@id\":\"https:\\\/\\\/www.evropskakuca.me\\\/me\\\/komisija-lansirala-covid-19-sistem-za-podrsku-klinickom-menadzmentu\\\/\"},\"wordCount\":271,\"publisher\":{\"@id\":\"https:\\\/\\\/www.evropskakuca.me\\\/me\\\/#organization\"},\"image\":{\"@id\":\"https:\\\/\\\/www.evropskakuca.me\\\/me\\\/komisija-lansirala-covid-19-sistem-za-podrsku-klinickom-menadzmentu\\\/#primaryimage\"},\"thumbnailUrl\":\"https:\\\/\\\/www.evropskakuca.me\\\/wp-content\\\/uploads\\\/2020\\\/04\\\/20140912PHT61808_original-scaled.jpg\",\"inLanguage\":\"me-ME\"},{\"@type\":\"WebPage\",\"@id\":\"https:\\\/\\\/www.evropskakuca.me\\\/me\\\/komisija-lansirala-covid-19-sistem-za-podrsku-klinickom-menadzmentu\\\/\",\"url\":\"https:\\\/\\\/www.evropskakuca.me\\\/me\\\/komisija-lansirala-covid-19-sistem-za-podrsku-klinickom-menadzmentu\\\/\",\"name\":\"Komisija lansirala \u201eCOVID-19 sistem za podr\u0161ku klini\u010dkom menad\u017ementu\u201c - Europe House\",\"isPartOf\":{\"@id\":\"https:\\\/\\\/www.evropskakuca.me\\\/me\\\/#website\"},\"primaryImageOfPage\":{\"@id\":\"https:\\\/\\\/www.evropskakuca.me\\\/me\\\/komisija-lansirala-covid-19-sistem-za-podrsku-klinickom-menadzmentu\\\/#primaryimage\"},\"image\":{\"@id\":\"https:\\\/\\\/www.evropskakuca.me\\\/me\\\/komisija-lansirala-covid-19-sistem-za-podrsku-klinickom-menadzmentu\\\/#primaryimage\"},\"thumbnailUrl\":\"https:\\\/\\\/www.evropskakuca.me\\\/wp-content\\\/uploads\\\/2020\\\/04\\\/20140912PHT61808_original-scaled.jpg\",\"datePublished\":\"2020-04-03T10:50:14+00:00\",\"breadcrumb\":{\"@id\":\"https:\\\/\\\/www.evropskakuca.me\\\/me\\\/komisija-lansirala-covid-19-sistem-za-podrsku-klinickom-menadzmentu\\\/#breadcrumb\"},\"inLanguage\":\"me-ME\",\"potentialAction\":[{\"@type\":\"ReadAction\",\"target\":[\"https:\\\/\\\/www.evropskakuca.me\\\/me\\\/komisija-lansirala-covid-19-sistem-za-podrsku-klinickom-menadzmentu\\\/\"]}]},{\"@type\":\"ImageObject\",\"inLanguage\":\"me-ME\",\"@id\":\"https:\\\/\\\/www.evropskakuca.me\\\/me\\\/komisija-lansirala-covid-19-sistem-za-podrsku-klinickom-menadzmentu\\\/#primaryimage\",\"url\":\"https:\\\/\\\/www.evropskakuca.me\\\/wp-content\\\/uploads\\\/2020\\\/04\\\/20140912PHT61808_original-scaled.jpg\",\"contentUrl\":\"https:\\\/\\\/www.evropskakuca.me\\\/wp-content\\\/uploads\\\/2020\\\/04\\\/20140912PHT61808_original-scaled.jpg\",\"width\":2560,\"height\":1085},{\"@type\":\"BreadcrumbList\",\"@id\":\"https:\\\/\\\/www.evropskakuca.me\\\/me\\\/komisija-lansirala-covid-19-sistem-za-podrsku-klinickom-menadzmentu\\\/#breadcrumb\",\"itemListElement\":[{\"@type\":\"ListItem\",\"position\":1,\"name\":\"Home\",\"item\":\"https:\\\/\\\/www.evropskakuca.me\\\/me\\\/\"},{\"@type\":\"ListItem\",\"position\":2,\"name\":\"Komisija lansirala \u201eCOVID-19 sistem za podr\u0161ku klini\u010dkom menad\u017ementu\u201c\"}]},{\"@type\":\"WebSite\",\"@id\":\"https:\\\/\\\/www.evropskakuca.me\\\/me\\\/#website\",\"url\":\"https:\\\/\\\/www.evropskakuca.me\\\/me\\\/\",\"name\":\"Evropean house\",\"description\":\"\",\"publisher\":{\"@id\":\"https:\\\/\\\/www.evropskakuca.me\\\/me\\\/#organization\"},\"potentialAction\":[{\"@type\":\"SearchAction\",\"target\":{\"@type\":\"EntryPoint\",\"urlTemplate\":\"https:\\\/\\\/www.evropskakuca.me\\\/me\\\/?s={search_term_string}\"},\"query-input\":{\"@type\":\"PropertyValueSpecification\",\"valueRequired\":true,\"valueName\":\"search_term_string\"}}],\"inLanguage\":\"me-ME\"},{\"@type\":\"Organization\",\"@id\":\"https:\\\/\\\/www.evropskakuca.me\\\/me\\\/#organization\",\"name\":\"Evropean house\",\"url\":\"https:\\\/\\\/www.evropskakuca.me\\\/me\\\/\",\"logo\":{\"@type\":\"ImageObject\",\"inLanguage\":\"me-ME\",\"@id\":\"https:\\\/\\\/www.evropskakuca.me\\\/me\\\/#\\\/schema\\\/logo\\\/image\\\/\",\"url\":\"https:\\\/\\\/www.evropskakuca.me\\\/wp-content\\\/uploads\\\/2025\\\/01\\\/evropska-kuca-logo-1.png\",\"contentUrl\":\"https:\\\/\\\/www.evropskakuca.me\\\/wp-content\\\/uploads\\\/2025\\\/01\\\/evropska-kuca-logo-1.png\",\"width\":425,\"height\":312,\"caption\":\"Evropean house\"},\"image\":{\"@id\":\"https:\\\/\\\/www.evropskakuca.me\\\/me\\\/#\\\/schema\\\/logo\\\/image\\\/\"},\"sameAs\":[\"https:\\\/\\\/www.facebook.com\\\/evropska.kuca\",\"https:\\\/\\\/x.com\\\/evropska_kuca\",\"https:\\\/\\\/www.instagram.com\\\/evropska_kuca\"]},{\"@type\":\"Person\",\"@id\":\"https:\\\/\\\/www.evropskakuca.me\\\/me\\\/#\\\/schema\\\/person\\\/a1d0dcdaefe4a1cd1d60d200ea137ba4\",\"name\":\"mkajic\",\"image\":{\"@type\":\"ImageObject\",\"inLanguage\":\"me-ME\",\"@id\":\"https:\\\/\\\/secure.gravatar.com\\\/avatar\\\/731fa035cefab7316e6bafd1f25a93fb731a07de14e2d9923f8db4422628eabc?s=96&d=mm&r=g\",\"url\":\"https:\\\/\\\/secure.gravatar.com\\\/avatar\\\/731fa035cefab7316e6bafd1f25a93fb731a07de14e2d9923f8db4422628eabc?s=96&d=mm&r=g\",\"contentUrl\":\"https:\\\/\\\/secure.gravatar.com\\\/avatar\\\/731fa035cefab7316e6bafd1f25a93fb731a07de14e2d9923f8db4422628eabc?s=96&d=mm&r=g\",\"caption\":\"mkajic\"},\"sameAs\":[\"https:\\\/\\\/evropskakuca.me\"],\"url\":\"https:\\\/\\\/www.evropskakuca.me\\\/me\\\/author\\\/mkajic\\\/\"}]}<\/script>\n<!-- \/ Yoast SEO plugin. -->","yoast_head_json":{"title":"Komisija lansirala \u201eCOVID-19 sistem za podr\u0161ku klini\u010dkom menad\u017ementu\u201c - Europe House","robots":{"index":"index","follow":"follow","max-snippet":"max-snippet:-1","max-image-preview":"max-image-preview:large","max-video-preview":"max-video-preview:-1"},"canonical":"https:\/\/www.evropskakuca.me\/me\/komisija-lansirala-covid-19-sistem-za-podrsku-klinickom-menadzmentu\/","og_locale":"en_US","og_type":"article","og_title":"Komisija lansirala \u201eCOVID-19 sistem za podr\u0161ku klini\u010dkom menad\u017ementu\u201c - Europe House","og_description":"24. marta Evropska komisija pokrenula je \u201eSistem podr\u0161ke za klini\u010dki menad\u017ement COVID-19\u201c sa ciljem da pru\u017ei podr\u0161ku klini\u010darima u bolnicama koje se trenutno suo\u010davaju sa koronavirusnim udarom \u0161irom Evrope. Na osnovu iskustva s evropskim referentnim mre\u017eama, inicijativa c\u0301e pomoc\u0301i da se uspostave brze veze \u0161irom Evrope izme\u0111u bolnica koje su dr\u017eave \u010dlanice navele kao referentne [&hellip;]","og_url":"https:\/\/www.evropskakuca.me\/me\/komisija-lansirala-covid-19-sistem-za-podrsku-klinickom-menadzmentu\/","og_site_name":"Europe House","article_publisher":"https:\/\/www.facebook.com\/evropska.kuca","article_published_time":"2020-04-03T10:50:14+00:00","og_image":[{"width":2560,"height":1085,"url":"https:\/\/www.evropskakuca.me\/wp-content\/uploads\/2020\/04\/20140912PHT61808_original-scaled.jpg","type":"image\/jpeg"}],"author":"mkajic","twitter_card":"summary_large_image","twitter_creator":"@evropska_kuca","twitter_site":"@evropska_kuca","twitter_misc":{"Written by":"mkajic","Est. reading time":"1 minute"},"schema":{"@context":"https:\/\/schema.org","@graph":[{"@type":"Article","@id":"https:\/\/www.evropskakuca.me\/me\/komisija-lansirala-covid-19-sistem-za-podrsku-klinickom-menadzmentu\/#article","isPartOf":{"@id":"https:\/\/www.evropskakuca.me\/me\/komisija-lansirala-covid-19-sistem-za-podrsku-klinickom-menadzmentu\/"},"author":{"name":"mkajic","@id":"https:\/\/www.evropskakuca.me\/me\/#\/schema\/person\/a1d0dcdaefe4a1cd1d60d200ea137ba4"},"headline":"Komisija lansirala \u201eCOVID-19 sistem za podr\u0161ku klini\u010dkom menad\u017ementu\u201c","datePublished":"2020-04-03T10:50:14+00:00","mainEntityOfPage":{"@id":"https:\/\/www.evropskakuca.me\/me\/komisija-lansirala-covid-19-sistem-za-podrsku-klinickom-menadzmentu\/"},"wordCount":271,"publisher":{"@id":"https:\/\/www.evropskakuca.me\/me\/#organization"},"image":{"@id":"https:\/\/www.evropskakuca.me\/me\/komisija-lansirala-covid-19-sistem-za-podrsku-klinickom-menadzmentu\/#primaryimage"},"thumbnailUrl":"https:\/\/www.evropskakuca.me\/wp-content\/uploads\/2020\/04\/20140912PHT61808_original-scaled.jpg","inLanguage":"me-ME"},{"@type":"WebPage","@id":"https:\/\/www.evropskakuca.me\/me\/komisija-lansirala-covid-19-sistem-za-podrsku-klinickom-menadzmentu\/","url":"https:\/\/www.evropskakuca.me\/me\/komisija-lansirala-covid-19-sistem-za-podrsku-klinickom-menadzmentu\/","name":"Komisija lansirala \u201eCOVID-19 sistem za podr\u0161ku klini\u010dkom menad\u017ementu\u201c - Europe House","isPartOf":{"@id":"https:\/\/www.evropskakuca.me\/me\/#website"},"primaryImageOfPage":{"@id":"https:\/\/www.evropskakuca.me\/me\/komisija-lansirala-covid-19-sistem-za-podrsku-klinickom-menadzmentu\/#primaryimage"},"image":{"@id":"https:\/\/www.evropskakuca.me\/me\/komisija-lansirala-covid-19-sistem-za-podrsku-klinickom-menadzmentu\/#primaryimage"},"thumbnailUrl":"https:\/\/www.evropskakuca.me\/wp-content\/uploads\/2020\/04\/20140912PHT61808_original-scaled.jpg","datePublished":"2020-04-03T10:50:14+00:00","breadcrumb":{"@id":"https:\/\/www.evropskakuca.me\/me\/komisija-lansirala-covid-19-sistem-za-podrsku-klinickom-menadzmentu\/#breadcrumb"},"inLanguage":"me-ME","potentialAction":[{"@type":"ReadAction","target":["https:\/\/www.evropskakuca.me\/me\/komisija-lansirala-covid-19-sistem-za-podrsku-klinickom-menadzmentu\/"]}]},{"@type":"ImageObject","inLanguage":"me-ME","@id":"https:\/\/www.evropskakuca.me\/me\/komisija-lansirala-covid-19-sistem-za-podrsku-klinickom-menadzmentu\/#primaryimage","url":"https:\/\/www.evropskakuca.me\/wp-content\/uploads\/2020\/04\/20140912PHT61808_original-scaled.jpg","contentUrl":"https:\/\/www.evropskakuca.me\/wp-content\/uploads\/2020\/04\/20140912PHT61808_original-scaled.jpg","width":2560,"height":1085},{"@type":"BreadcrumbList","@id":"https:\/\/www.evropskakuca.me\/me\/komisija-lansirala-covid-19-sistem-za-podrsku-klinickom-menadzmentu\/#breadcrumb","itemListElement":[{"@type":"ListItem","position":1,"name":"Home","item":"https:\/\/www.evropskakuca.me\/me\/"},{"@type":"ListItem","position":2,"name":"Komisija lansirala \u201eCOVID-19 sistem za podr\u0161ku klini\u010dkom menad\u017ementu\u201c"}]},{"@type":"WebSite","@id":"https:\/\/www.evropskakuca.me\/me\/#website","url":"https:\/\/www.evropskakuca.me\/me\/","name":"Evropean house","description":"","publisher":{"@id":"https:\/\/www.evropskakuca.me\/me\/#organization"},"potentialAction":[{"@type":"SearchAction","target":{"@type":"EntryPoint","urlTemplate":"https:\/\/www.evropskakuca.me\/me\/?s={search_term_string}"},"query-input":{"@type":"PropertyValueSpecification","valueRequired":true,"valueName":"search_term_string"}}],"inLanguage":"me-ME"},{"@type":"Organization","@id":"https:\/\/www.evropskakuca.me\/me\/#organization","name":"Evropean house","url":"https:\/\/www.evropskakuca.me\/me\/","logo":{"@type":"ImageObject","inLanguage":"me-ME","@id":"https:\/\/www.evropskakuca.me\/me\/#\/schema\/logo\/image\/","url":"https:\/\/www.evropskakuca.me\/wp-content\/uploads\/2025\/01\/evropska-kuca-logo-1.png","contentUrl":"https:\/\/www.evropskakuca.me\/wp-content\/uploads\/2025\/01\/evropska-kuca-logo-1.png","width":425,"height":312,"caption":"Evropean house"},"image":{"@id":"https:\/\/www.evropskakuca.me\/me\/#\/schema\/logo\/image\/"},"sameAs":["https:\/\/www.facebook.com\/evropska.kuca","https:\/\/x.com\/evropska_kuca","https:\/\/www.instagram.com\/evropska_kuca"]},{"@type":"Person","@id":"https:\/\/www.evropskakuca.me\/me\/#\/schema\/person\/a1d0dcdaefe4a1cd1d60d200ea137ba4","name":"mkajic","image":{"@type":"ImageObject","inLanguage":"me-ME","@id":"https:\/\/secure.gravatar.com\/avatar\/731fa035cefab7316e6bafd1f25a93fb731a07de14e2d9923f8db4422628eabc?s=96&d=mm&r=g","url":"https:\/\/secure.gravatar.com\/avatar\/731fa035cefab7316e6bafd1f25a93fb731a07de14e2d9923f8db4422628eabc?s=96&d=mm&r=g","contentUrl":"https:\/\/secure.gravatar.com\/avatar\/731fa035cefab7316e6bafd1f25a93fb731a07de14e2d9923f8db4422628eabc?s=96&d=mm&r=g","caption":"mkajic"},"sameAs":["https:\/\/evropskakuca.me"],"url":"https:\/\/www.evropskakuca.me\/me\/author\/mkajic\/"}]}},"_links":{"self":[{"href":"https:\/\/www.evropskakuca.me\/me\/wp-json\/wp\/v2\/posts\/8069","targetHints":{"allow":["GET"]}}],"collection":[{"href":"https:\/\/www.evropskakuca.me\/me\/wp-json\/wp\/v2\/posts"}],"about":[{"href":"https:\/\/www.evropskakuca.me\/me\/wp-json\/wp\/v2\/types\/post"}],"author":[{"embeddable":true,"href":"https:\/\/www.evropskakuca.me\/me\/wp-json\/wp\/v2\/users\/1"}],"replies":[{"embeddable":true,"href":"https:\/\/www.evropskakuca.me\/me\/wp-json\/wp\/v2\/comments?post=8069"}],"version-history":[{"count":0,"href":"https:\/\/www.evropskakuca.me\/me\/wp-json\/wp\/v2\/posts\/8069\/revisions"}],"wp:featuredmedia":[{"embeddable":true,"href":"https:\/\/www.evropskakuca.me\/me\/wp-json\/wp\/v2\/media\/35154"}],"wp:attachment":[{"href":"https:\/\/www.evropskakuca.me\/me\/wp-json\/wp\/v2\/media?parent=8069"}],"wp:term":[{"taxonomy":"category","embeddable":true,"href":"https:\/\/www.evropskakuca.me\/me\/wp-json\/wp\/v2\/categories?post=8069"},{"taxonomy":"post_tag","embeddable":true,"href":"https:\/\/www.evropskakuca.me\/me\/wp-json\/wp\/v2\/tags?post=8069"}],"curies":[{"name":"wp","href":"https:\/\/api.w.org\/{rel}","templated":true}]}}