{"id":8062,"date":"2020-04-03T08:48:05","date_gmt":"2020-04-03T08:48:05","guid":{"rendered":"http:\/\/www.evropskakuca.me\/me\/?p=8062"},"modified":"2020-04-03T08:48:05","modified_gmt":"2020-04-03T08:48:05","slug":"zajednicka-izjava-ambasadora-drzava-clanica-eu-akreditovanih-u-crnoj-gori-i-sefa-delegacije-eu","status":"publish","type":"post","link":"https:\/\/www.evropskakuca.me\/me\/zajednicka-izjava-ambasadora-drzava-clanica-eu-akreditovanih-u-crnoj-gori-i-sefa-delegacije-eu\/","title":{"rendered":"Zajedni\u010dka izjava ambasadora dr\u017eava \u010dlanica EU akreditovanih u Crnoj Gori i \u0161efa Delegacije EU"},"content":{"rendered":"<p>Evropa se suo\u010dava sa nevi\u0111enom, vanrednom situacijom u javnom zdravstvu, ali \u010dak i u ovim te\u0161kim vremenima Evropska unija je tu za na\u0161e partnere iz Zapadnog Balkana &#8211; kako sada usred krize izazvane koronavirusom, tako i poslije toga.<\/p>\n<p>Ju\u010de je potpisan sporazum izme\u0111u Evropske unije, UNDP-a i Vlade Crne Gore kao odgovor na potrebu Crne Gore za neposrednom podr\u0161kom u rje\u0161avanju pandemije Covid-19. Ovim sporazumom je predvi\u0111eno tri miliona eura iz sredstava EU, za ubla\u017eavanje hitnih potreba crnogorskog zdravstvenog sistema, kroz nabavku medicinskih ure\u0111aja i ljekarske opreme, uklju\u010duju\u0107i izme\u0111u ostalog, i 50.000 hirur\u0161kih maski i 35.000 maski za li\u010dnu upotrebu, 80.000 rukavica, 100 medicinskih respiratora, 10 digitalnih rendgenskih ma\u0161ina i 50.000 drugih predmeta za\u0161titne opreme, kao \u0161to su laboratorijski setovi, nao\u010dare, medicinski ogrta\u010di i za\u0161titna odijela.<\/p>\n<p>Crna Gora je, zajedno sa ostalim na\u0161im partnerima iz Zapadnog Balkana, tako\u0111e uklju\u010dena u inicijative EU za borbu protiv pandemije Covid-19, poput zajedni\u010dkih programa nabavke za\u0161titne li\u010dne opreme i opreme za intenzivnu njegu, kao i projekta Evropskog centra za sprje\u010davanje i kontrolu bolesti, koji se odnosi na ja\u010danje kapaciteta za istra\u017eivanje i kontrolu zaraznih bolesti, spremnosti javnog zdravstva da djeluje u vanrednim situacijama i mikrobiolo\u0161kih laboratorijskih sistema. Ova neposredna podr\u0161ka je nastavak pomo\u0107i koju je EU ve\u0107 pru\u017eila zdravstvenom sektoru u Crnoj Gori, u iznosu od ukupno \u010detiri miliona eura. Planirano je da se daljnja pomo\u0107 od 8,4 miliona eura za zdravstveni sistem distribuira od 2021. godine. Sva ova podr\u0161ka koju je Evropska Unija pru\u017eila, zajedni\u010dki je doprinos svih dr\u017eava \u010dlanica EU i izraz solidarnosti evropskih gra\u0111ana. Pored toga, tokom ovih posljednjih sedmica, veliki broj gra\u0111ana Crne Gore i EU bio je u mogu\u0107nosti da se vrati svojim mati\u010dnim zemljama, zahvaljuju\u0107i do sada nevi\u0111enim naporima i bliskoj saradnji izme\u0111u dr\u017eava \u010dlanica EU, crnogorske vlasti i Delegacije Evropske unije.<\/p>\n<p>Na\u0161a podr\u0161ka se ovdje ne zaustavlja. Kako bismo doprinijeli ubla\u017eavanju posljedica koje koronavirus ostavlja na dru\u0161tvene i ekonomske tokove, EU \u0107e kratkoro\u010dno i srednjero\u010dno pomo\u0107i oporavku na\u0161ih partnera iz Zapadnog Balkana. To se odnosi na na\u0161u podr\u0161ku privatnom sektoru, pove\u0107anje socijalne za\u0161tite, sa posebnim fokusom na ranjive grupe, i ja\u010danje javnog zdravstvenog sektora. U ove svrhe, za Crnu Goru \u0107e biti izdvojeno 50 miliona eura. EU tako\u0111e blisko sara\u0111uje sa relevantnim finansijskim institucijama na pru\u017eanju koordinisanog odgovora za podr\u0161ku realnoj ekonomiji, uklju\u010duju\u0107i mala i srednja preduze\u0107a, i za podr\u0161ku likvidnosti, tako\u0111e bankarskog sektora. Osim toga, Unija sara\u0111uje sa relevantnim regionalnim tijelima na rje\u0161avanju pitanja koja uti\u010du na snadbijevanje i olak\u0161avanje kretanja robe, tako \u0161to podr\u017eava Zapadni Balkan u \u0161irenju zelenih traka u regionu.<\/p>\n<p>Drugi va\u017ean znak posve\u0107enosti Evropske unije Zapadnom Balkanu i da ispunjavamo data obec\u0301anja, je odluka o otvaranju pregovora o pristupanju sa Republikom Sjevernom Makedonijom i Republikom Albanijom. Donosec\u0301i ovu va\u017enu odluku usred krize, Evropska unija je pokazala sposobnost dono\u0161enja geopoliti\u010dkih odluka \u010dak i u tako te\u0161kim vremenima, i da usmjerava svoj pogled ka buduc\u0301nosti: zajedni\u010dkoj buduc\u0301nosti izgra\u0111enoj na zajedni\u010dkim vrijednostima.<\/p>\n<p>Bi\u0107emo uz Crnu Goru i u dobrim vremenima, ali i onda kada se suo\u010dava sa neda\u0107ama. Svi smo zajedno u ovome i moramo paziti jedni na druge. U tome jeste su\u0161tina Evrope.<\/p>\n","protected":false},"excerpt":{"rendered":"<p>Evropa se suo\u010dava sa nevi\u0111enom, vanrednom situacijom u javnom zdravstvu, ali \u010dak i u ovim te\u0161kim vremenima Evropska unija je tu za na\u0161e partnere iz Zapadnog Balkana &#8211; kako sada usred krize izazvane koronavirusom, tako i poslije toga. Ju\u010de je potpisan sporazum izme\u0111u Evropske unije, UNDP-a i Vlade Crne Gore kao odgovor na potrebu Crne [&hellip;]<\/p>\n","protected":false},"author":1,"featured_media":35246,"comment_status":"closed","ping_status":"closed","sticky":false,"template":"","format":"standard","meta":{"_acf_changed":false,"footnotes":""},"categories":[],"tags":[],"class_list":["post-8062","post","type-post","status-publish","format-standard","has-post-thumbnail","hentry"],"acf":[],"yoast_head":"<!-- This site is optimized with the Yoast SEO plugin v27.3 - https:\/\/yoast.com\/product\/yoast-seo-wordpress\/ -->\n<title>Zajedni\u010dka izjava ambasadora dr\u017eava \u010dlanica EU akreditovanih u Crnoj Gori i \u0161efa Delegacije EU - Europe House<\/title>\n<meta name=\"robots\" content=\"index, follow, max-snippet:-1, max-image-preview:large, max-video-preview:-1\" \/>\n<link rel=\"canonical\" href=\"https:\/\/www.evropskakuca.me\/me\/zajednicka-izjava-ambasadora-drzava-clanica-eu-akreditovanih-u-crnoj-gori-i-sefa-delegacije-eu\/\" \/>\n<meta property=\"og:locale\" content=\"en_US\" \/>\n<meta property=\"og:type\" content=\"article\" \/>\n<meta property=\"og:title\" content=\"Zajedni\u010dka izjava ambasadora dr\u017eava \u010dlanica EU akreditovanih u Crnoj Gori i \u0161efa Delegacije EU - Europe House\" \/>\n<meta property=\"og:description\" content=\"Evropa se suo\u010dava sa nevi\u0111enom, vanrednom situacijom u javnom zdravstvu, ali \u010dak i u ovim te\u0161kim vremenima Evropska unija je tu za na\u0161e partnere iz Zapadnog Balkana &#8211; kako sada usred krize izazvane koronavirusom, tako i poslije toga. Ju\u010de je potpisan sporazum izme\u0111u Evropske unije, UNDP-a i Vlade Crne Gore kao odgovor na potrebu Crne [&hellip;]\" \/>\n<meta property=\"og:url\" content=\"https:\/\/www.evropskakuca.me\/me\/zajednicka-izjava-ambasadora-drzava-clanica-eu-akreditovanih-u-crnoj-gori-i-sefa-delegacije-eu\/\" \/>\n<meta property=\"og:site_name\" content=\"Europe House\" \/>\n<meta property=\"article:publisher\" content=\"https:\/\/www.facebook.com\/evropska.kuca\" \/>\n<meta property=\"article:published_time\" content=\"2020-04-03T08:48:05+00:00\" \/>\n<meta property=\"og:image\" content=\"https:\/\/www.evropskakuca.me\/wp-content\/uploads\/2020\/04\/eu-cg.jpg\" \/>\n\t<meta property=\"og:image:width\" content=\"1008\" \/>\n\t<meta property=\"og:image:height\" content=\"363\" \/>\n\t<meta property=\"og:image:type\" content=\"image\/jpeg\" \/>\n<meta name=\"author\" content=\"mkajic\" \/>\n<meta name=\"twitter:card\" content=\"summary_large_image\" \/>\n<meta name=\"twitter:creator\" content=\"@evropska_kuca\" \/>\n<meta name=\"twitter:site\" content=\"@evropska_kuca\" \/>\n<meta name=\"twitter:label1\" content=\"Written by\" \/>\n\t<meta name=\"twitter:data1\" content=\"mkajic\" \/>\n\t<meta name=\"twitter:label2\" content=\"Est. reading time\" \/>\n\t<meta name=\"twitter:data2\" content=\"3 minutes\" \/>\n<script type=\"application\/ld+json\" class=\"yoast-schema-graph\">{\"@context\":\"https:\\\/\\\/schema.org\",\"@graph\":[{\"@type\":\"Article\",\"@id\":\"https:\\\/\\\/www.evropskakuca.me\\\/me\\\/zajednicka-izjava-ambasadora-drzava-clanica-eu-akreditovanih-u-crnoj-gori-i-sefa-delegacije-eu\\\/#article\",\"isPartOf\":{\"@id\":\"https:\\\/\\\/www.evropskakuca.me\\\/me\\\/zajednicka-izjava-ambasadora-drzava-clanica-eu-akreditovanih-u-crnoj-gori-i-sefa-delegacije-eu\\\/\"},\"author\":{\"name\":\"mkajic\",\"@id\":\"https:\\\/\\\/www.evropskakuca.me\\\/me\\\/#\\\/schema\\\/person\\\/a1d0dcdaefe4a1cd1d60d200ea137ba4\"},\"headline\":\"Zajedni\u010dka izjava ambasadora dr\u017eava \u010dlanica EU akreditovanih u Crnoj Gori i \u0161efa Delegacije EU\",\"datePublished\":\"2020-04-03T08:48:05+00:00\",\"mainEntityOfPage\":{\"@id\":\"https:\\\/\\\/www.evropskakuca.me\\\/me\\\/zajednicka-izjava-ambasadora-drzava-clanica-eu-akreditovanih-u-crnoj-gori-i-sefa-delegacije-eu\\\/\"},\"wordCount\":606,\"publisher\":{\"@id\":\"https:\\\/\\\/www.evropskakuca.me\\\/me\\\/#organization\"},\"image\":{\"@id\":\"https:\\\/\\\/www.evropskakuca.me\\\/me\\\/zajednicka-izjava-ambasadora-drzava-clanica-eu-akreditovanih-u-crnoj-gori-i-sefa-delegacije-eu\\\/#primaryimage\"},\"thumbnailUrl\":\"https:\\\/\\\/www.evropskakuca.me\\\/wp-content\\\/uploads\\\/2020\\\/04\\\/eu-cg.jpg\",\"inLanguage\":\"me-ME\"},{\"@type\":\"WebPage\",\"@id\":\"https:\\\/\\\/www.evropskakuca.me\\\/me\\\/zajednicka-izjava-ambasadora-drzava-clanica-eu-akreditovanih-u-crnoj-gori-i-sefa-delegacije-eu\\\/\",\"url\":\"https:\\\/\\\/www.evropskakuca.me\\\/me\\\/zajednicka-izjava-ambasadora-drzava-clanica-eu-akreditovanih-u-crnoj-gori-i-sefa-delegacije-eu\\\/\",\"name\":\"Zajedni\u010dka izjava ambasadora dr\u017eava \u010dlanica EU akreditovanih u Crnoj Gori i \u0161efa Delegacije EU - Europe House\",\"isPartOf\":{\"@id\":\"https:\\\/\\\/www.evropskakuca.me\\\/me\\\/#website\"},\"primaryImageOfPage\":{\"@id\":\"https:\\\/\\\/www.evropskakuca.me\\\/me\\\/zajednicka-izjava-ambasadora-drzava-clanica-eu-akreditovanih-u-crnoj-gori-i-sefa-delegacije-eu\\\/#primaryimage\"},\"image\":{\"@id\":\"https:\\\/\\\/www.evropskakuca.me\\\/me\\\/zajednicka-izjava-ambasadora-drzava-clanica-eu-akreditovanih-u-crnoj-gori-i-sefa-delegacije-eu\\\/#primaryimage\"},\"thumbnailUrl\":\"https:\\\/\\\/www.evropskakuca.me\\\/wp-content\\\/uploads\\\/2020\\\/04\\\/eu-cg.jpg\",\"datePublished\":\"2020-04-03T08:48:05+00:00\",\"breadcrumb\":{\"@id\":\"https:\\\/\\\/www.evropskakuca.me\\\/me\\\/zajednicka-izjava-ambasadora-drzava-clanica-eu-akreditovanih-u-crnoj-gori-i-sefa-delegacije-eu\\\/#breadcrumb\"},\"inLanguage\":\"me-ME\",\"potentialAction\":[{\"@type\":\"ReadAction\",\"target\":[\"https:\\\/\\\/www.evropskakuca.me\\\/me\\\/zajednicka-izjava-ambasadora-drzava-clanica-eu-akreditovanih-u-crnoj-gori-i-sefa-delegacije-eu\\\/\"]}]},{\"@type\":\"ImageObject\",\"inLanguage\":\"me-ME\",\"@id\":\"https:\\\/\\\/www.evropskakuca.me\\\/me\\\/zajednicka-izjava-ambasadora-drzava-clanica-eu-akreditovanih-u-crnoj-gori-i-sefa-delegacije-eu\\\/#primaryimage\",\"url\":\"https:\\\/\\\/www.evropskakuca.me\\\/wp-content\\\/uploads\\\/2020\\\/04\\\/eu-cg.jpg\",\"contentUrl\":\"https:\\\/\\\/www.evropskakuca.me\\\/wp-content\\\/uploads\\\/2020\\\/04\\\/eu-cg.jpg\",\"width\":1008,\"height\":363},{\"@type\":\"BreadcrumbList\",\"@id\":\"https:\\\/\\\/www.evropskakuca.me\\\/me\\\/zajednicka-izjava-ambasadora-drzava-clanica-eu-akreditovanih-u-crnoj-gori-i-sefa-delegacije-eu\\\/#breadcrumb\",\"itemListElement\":[{\"@type\":\"ListItem\",\"position\":1,\"name\":\"Home\",\"item\":\"https:\\\/\\\/www.evropskakuca.me\\\/me\\\/\"},{\"@type\":\"ListItem\",\"position\":2,\"name\":\"Zajedni\u010dka izjava ambasadora dr\u017eava \u010dlanica EU akreditovanih u Crnoj Gori i \u0161efa Delegacije EU\"}]},{\"@type\":\"WebSite\",\"@id\":\"https:\\\/\\\/www.evropskakuca.me\\\/me\\\/#website\",\"url\":\"https:\\\/\\\/www.evropskakuca.me\\\/me\\\/\",\"name\":\"Evropean house\",\"description\":\"\",\"publisher\":{\"@id\":\"https:\\\/\\\/www.evropskakuca.me\\\/me\\\/#organization\"},\"potentialAction\":[{\"@type\":\"SearchAction\",\"target\":{\"@type\":\"EntryPoint\",\"urlTemplate\":\"https:\\\/\\\/www.evropskakuca.me\\\/me\\\/?s={search_term_string}\"},\"query-input\":{\"@type\":\"PropertyValueSpecification\",\"valueRequired\":true,\"valueName\":\"search_term_string\"}}],\"inLanguage\":\"me-ME\"},{\"@type\":\"Organization\",\"@id\":\"https:\\\/\\\/www.evropskakuca.me\\\/me\\\/#organization\",\"name\":\"Evropean house\",\"url\":\"https:\\\/\\\/www.evropskakuca.me\\\/me\\\/\",\"logo\":{\"@type\":\"ImageObject\",\"inLanguage\":\"me-ME\",\"@id\":\"https:\\\/\\\/www.evropskakuca.me\\\/me\\\/#\\\/schema\\\/logo\\\/image\\\/\",\"url\":\"https:\\\/\\\/www.evropskakuca.me\\\/wp-content\\\/uploads\\\/2025\\\/01\\\/evropska-kuca-logo-1.png\",\"contentUrl\":\"https:\\\/\\\/www.evropskakuca.me\\\/wp-content\\\/uploads\\\/2025\\\/01\\\/evropska-kuca-logo-1.png\",\"width\":425,\"height\":312,\"caption\":\"Evropean house\"},\"image\":{\"@id\":\"https:\\\/\\\/www.evropskakuca.me\\\/me\\\/#\\\/schema\\\/logo\\\/image\\\/\"},\"sameAs\":[\"https:\\\/\\\/www.facebook.com\\\/evropska.kuca\",\"https:\\\/\\\/x.com\\\/evropska_kuca\",\"https:\\\/\\\/www.instagram.com\\\/evropska_kuca\"]},{\"@type\":\"Person\",\"@id\":\"https:\\\/\\\/www.evropskakuca.me\\\/me\\\/#\\\/schema\\\/person\\\/a1d0dcdaefe4a1cd1d60d200ea137ba4\",\"name\":\"mkajic\",\"image\":{\"@type\":\"ImageObject\",\"inLanguage\":\"me-ME\",\"@id\":\"https:\\\/\\\/secure.gravatar.com\\\/avatar\\\/731fa035cefab7316e6bafd1f25a93fb731a07de14e2d9923f8db4422628eabc?s=96&d=mm&r=g\",\"url\":\"https:\\\/\\\/secure.gravatar.com\\\/avatar\\\/731fa035cefab7316e6bafd1f25a93fb731a07de14e2d9923f8db4422628eabc?s=96&d=mm&r=g\",\"contentUrl\":\"https:\\\/\\\/secure.gravatar.com\\\/avatar\\\/731fa035cefab7316e6bafd1f25a93fb731a07de14e2d9923f8db4422628eabc?s=96&d=mm&r=g\",\"caption\":\"mkajic\"},\"sameAs\":[\"https:\\\/\\\/evropskakuca.me\"],\"url\":\"https:\\\/\\\/www.evropskakuca.me\\\/me\\\/author\\\/mkajic\\\/\"}]}<\/script>\n<!-- \/ Yoast SEO plugin. -->","yoast_head_json":{"title":"Zajedni\u010dka izjava ambasadora dr\u017eava \u010dlanica EU akreditovanih u Crnoj Gori i \u0161efa Delegacije EU - Europe House","robots":{"index":"index","follow":"follow","max-snippet":"max-snippet:-1","max-image-preview":"max-image-preview:large","max-video-preview":"max-video-preview:-1"},"canonical":"https:\/\/www.evropskakuca.me\/me\/zajednicka-izjava-ambasadora-drzava-clanica-eu-akreditovanih-u-crnoj-gori-i-sefa-delegacije-eu\/","og_locale":"en_US","og_type":"article","og_title":"Zajedni\u010dka izjava ambasadora dr\u017eava \u010dlanica EU akreditovanih u Crnoj Gori i \u0161efa Delegacije EU - Europe House","og_description":"Evropa se suo\u010dava sa nevi\u0111enom, vanrednom situacijom u javnom zdravstvu, ali \u010dak i u ovim te\u0161kim vremenima Evropska unija je tu za na\u0161e partnere iz Zapadnog Balkana &#8211; kako sada usred krize izazvane koronavirusom, tako i poslije toga. Ju\u010de je potpisan sporazum izme\u0111u Evropske unije, UNDP-a i Vlade Crne Gore kao odgovor na potrebu Crne [&hellip;]","og_url":"https:\/\/www.evropskakuca.me\/me\/zajednicka-izjava-ambasadora-drzava-clanica-eu-akreditovanih-u-crnoj-gori-i-sefa-delegacije-eu\/","og_site_name":"Europe House","article_publisher":"https:\/\/www.facebook.com\/evropska.kuca","article_published_time":"2020-04-03T08:48:05+00:00","og_image":[{"width":1008,"height":363,"url":"https:\/\/www.evropskakuca.me\/wp-content\/uploads\/2020\/04\/eu-cg.jpg","type":"image\/jpeg"}],"author":"mkajic","twitter_card":"summary_large_image","twitter_creator":"@evropska_kuca","twitter_site":"@evropska_kuca","twitter_misc":{"Written by":"mkajic","Est. reading time":"3 minutes"},"schema":{"@context":"https:\/\/schema.org","@graph":[{"@type":"Article","@id":"https:\/\/www.evropskakuca.me\/me\/zajednicka-izjava-ambasadora-drzava-clanica-eu-akreditovanih-u-crnoj-gori-i-sefa-delegacije-eu\/#article","isPartOf":{"@id":"https:\/\/www.evropskakuca.me\/me\/zajednicka-izjava-ambasadora-drzava-clanica-eu-akreditovanih-u-crnoj-gori-i-sefa-delegacije-eu\/"},"author":{"name":"mkajic","@id":"https:\/\/www.evropskakuca.me\/me\/#\/schema\/person\/a1d0dcdaefe4a1cd1d60d200ea137ba4"},"headline":"Zajedni\u010dka izjava ambasadora dr\u017eava \u010dlanica EU akreditovanih u Crnoj Gori i \u0161efa Delegacije EU","datePublished":"2020-04-03T08:48:05+00:00","mainEntityOfPage":{"@id":"https:\/\/www.evropskakuca.me\/me\/zajednicka-izjava-ambasadora-drzava-clanica-eu-akreditovanih-u-crnoj-gori-i-sefa-delegacije-eu\/"},"wordCount":606,"publisher":{"@id":"https:\/\/www.evropskakuca.me\/me\/#organization"},"image":{"@id":"https:\/\/www.evropskakuca.me\/me\/zajednicka-izjava-ambasadora-drzava-clanica-eu-akreditovanih-u-crnoj-gori-i-sefa-delegacije-eu\/#primaryimage"},"thumbnailUrl":"https:\/\/www.evropskakuca.me\/wp-content\/uploads\/2020\/04\/eu-cg.jpg","inLanguage":"me-ME"},{"@type":"WebPage","@id":"https:\/\/www.evropskakuca.me\/me\/zajednicka-izjava-ambasadora-drzava-clanica-eu-akreditovanih-u-crnoj-gori-i-sefa-delegacije-eu\/","url":"https:\/\/www.evropskakuca.me\/me\/zajednicka-izjava-ambasadora-drzava-clanica-eu-akreditovanih-u-crnoj-gori-i-sefa-delegacije-eu\/","name":"Zajedni\u010dka izjava ambasadora dr\u017eava \u010dlanica EU akreditovanih u Crnoj Gori i \u0161efa Delegacije EU - Europe House","isPartOf":{"@id":"https:\/\/www.evropskakuca.me\/me\/#website"},"primaryImageOfPage":{"@id":"https:\/\/www.evropskakuca.me\/me\/zajednicka-izjava-ambasadora-drzava-clanica-eu-akreditovanih-u-crnoj-gori-i-sefa-delegacije-eu\/#primaryimage"},"image":{"@id":"https:\/\/www.evropskakuca.me\/me\/zajednicka-izjava-ambasadora-drzava-clanica-eu-akreditovanih-u-crnoj-gori-i-sefa-delegacije-eu\/#primaryimage"},"thumbnailUrl":"https:\/\/www.evropskakuca.me\/wp-content\/uploads\/2020\/04\/eu-cg.jpg","datePublished":"2020-04-03T08:48:05+00:00","breadcrumb":{"@id":"https:\/\/www.evropskakuca.me\/me\/zajednicka-izjava-ambasadora-drzava-clanica-eu-akreditovanih-u-crnoj-gori-i-sefa-delegacije-eu\/#breadcrumb"},"inLanguage":"me-ME","potentialAction":[{"@type":"ReadAction","target":["https:\/\/www.evropskakuca.me\/me\/zajednicka-izjava-ambasadora-drzava-clanica-eu-akreditovanih-u-crnoj-gori-i-sefa-delegacije-eu\/"]}]},{"@type":"ImageObject","inLanguage":"me-ME","@id":"https:\/\/www.evropskakuca.me\/me\/zajednicka-izjava-ambasadora-drzava-clanica-eu-akreditovanih-u-crnoj-gori-i-sefa-delegacije-eu\/#primaryimage","url":"https:\/\/www.evropskakuca.me\/wp-content\/uploads\/2020\/04\/eu-cg.jpg","contentUrl":"https:\/\/www.evropskakuca.me\/wp-content\/uploads\/2020\/04\/eu-cg.jpg","width":1008,"height":363},{"@type":"BreadcrumbList","@id":"https:\/\/www.evropskakuca.me\/me\/zajednicka-izjava-ambasadora-drzava-clanica-eu-akreditovanih-u-crnoj-gori-i-sefa-delegacije-eu\/#breadcrumb","itemListElement":[{"@type":"ListItem","position":1,"name":"Home","item":"https:\/\/www.evropskakuca.me\/me\/"},{"@type":"ListItem","position":2,"name":"Zajedni\u010dka izjava ambasadora dr\u017eava \u010dlanica EU akreditovanih u Crnoj Gori i \u0161efa Delegacije EU"}]},{"@type":"WebSite","@id":"https:\/\/www.evropskakuca.me\/me\/#website","url":"https:\/\/www.evropskakuca.me\/me\/","name":"Evropean house","description":"","publisher":{"@id":"https:\/\/www.evropskakuca.me\/me\/#organization"},"potentialAction":[{"@type":"SearchAction","target":{"@type":"EntryPoint","urlTemplate":"https:\/\/www.evropskakuca.me\/me\/?s={search_term_string}"},"query-input":{"@type":"PropertyValueSpecification","valueRequired":true,"valueName":"search_term_string"}}],"inLanguage":"me-ME"},{"@type":"Organization","@id":"https:\/\/www.evropskakuca.me\/me\/#organization","name":"Evropean house","url":"https:\/\/www.evropskakuca.me\/me\/","logo":{"@type":"ImageObject","inLanguage":"me-ME","@id":"https:\/\/www.evropskakuca.me\/me\/#\/schema\/logo\/image\/","url":"https:\/\/www.evropskakuca.me\/wp-content\/uploads\/2025\/01\/evropska-kuca-logo-1.png","contentUrl":"https:\/\/www.evropskakuca.me\/wp-content\/uploads\/2025\/01\/evropska-kuca-logo-1.png","width":425,"height":312,"caption":"Evropean house"},"image":{"@id":"https:\/\/www.evropskakuca.me\/me\/#\/schema\/logo\/image\/"},"sameAs":["https:\/\/www.facebook.com\/evropska.kuca","https:\/\/x.com\/evropska_kuca","https:\/\/www.instagram.com\/evropska_kuca"]},{"@type":"Person","@id":"https:\/\/www.evropskakuca.me\/me\/#\/schema\/person\/a1d0dcdaefe4a1cd1d60d200ea137ba4","name":"mkajic","image":{"@type":"ImageObject","inLanguage":"me-ME","@id":"https:\/\/secure.gravatar.com\/avatar\/731fa035cefab7316e6bafd1f25a93fb731a07de14e2d9923f8db4422628eabc?s=96&d=mm&r=g","url":"https:\/\/secure.gravatar.com\/avatar\/731fa035cefab7316e6bafd1f25a93fb731a07de14e2d9923f8db4422628eabc?s=96&d=mm&r=g","contentUrl":"https:\/\/secure.gravatar.com\/avatar\/731fa035cefab7316e6bafd1f25a93fb731a07de14e2d9923f8db4422628eabc?s=96&d=mm&r=g","caption":"mkajic"},"sameAs":["https:\/\/evropskakuca.me"],"url":"https:\/\/www.evropskakuca.me\/me\/author\/mkajic\/"}]}},"_links":{"self":[{"href":"https:\/\/www.evropskakuca.me\/me\/wp-json\/wp\/v2\/posts\/8062","targetHints":{"allow":["GET"]}}],"collection":[{"href":"https:\/\/www.evropskakuca.me\/me\/wp-json\/wp\/v2\/posts"}],"about":[{"href":"https:\/\/www.evropskakuca.me\/me\/wp-json\/wp\/v2\/types\/post"}],"author":[{"embeddable":true,"href":"https:\/\/www.evropskakuca.me\/me\/wp-json\/wp\/v2\/users\/1"}],"replies":[{"embeddable":true,"href":"https:\/\/www.evropskakuca.me\/me\/wp-json\/wp\/v2\/comments?post=8062"}],"version-history":[{"count":0,"href":"https:\/\/www.evropskakuca.me\/me\/wp-json\/wp\/v2\/posts\/8062\/revisions"}],"wp:featuredmedia":[{"embeddable":true,"href":"https:\/\/www.evropskakuca.me\/me\/wp-json\/wp\/v2\/media\/35246"}],"wp:attachment":[{"href":"https:\/\/www.evropskakuca.me\/me\/wp-json\/wp\/v2\/media?parent=8062"}],"wp:term":[{"taxonomy":"category","embeddable":true,"href":"https:\/\/www.evropskakuca.me\/me\/wp-json\/wp\/v2\/categories?post=8062"},{"taxonomy":"post_tag","embeddable":true,"href":"https:\/\/www.evropskakuca.me\/me\/wp-json\/wp\/v2\/tags?post=8062"}],"curies":[{"name":"wp","href":"https:\/\/api.w.org\/{rel}","templated":true}]}}