{"id":7991,"date":"2020-03-25T15:11:44","date_gmt":"2020-03-25T15:11:44","guid":{"rendered":"http:\/\/www.evropskakuca.me\/me\/?p=7991"},"modified":"2020-03-25T15:11:44","modified_gmt":"2020-03-25T15:11:44","slug":"eu-stoji-uz-crnu-goru-u-borbi-protiv-covid-19","status":"publish","type":"post","link":"https:\/\/www.evropskakuca.me\/me\/eu-stoji-uz-crnu-goru-u-borbi-protiv-covid-19\/","title":{"rendered":"EU stoji uz Crnu Goru u borbi protiv COVID-19"},"content":{"rendered":"<p>Evropska unija stoji uz Crnu Goru i sve zemlje Zapadnog Balkana, kako bi im pomogla u rje\u0161avanju epidemije COVID-19 i njenih posljedica.<\/p>\n<p>Evropska unija je zato opredijelila Crnoj Gori tri miliona eura za hitne potrebe zdravstvenog sektora..U saradnji sa dr\u017eavnim organima, po\u010dela je i pripreme za dugoro\u010dni program ubla\u017eavanja posljedica krize, vrijedan 50 miliona eura, kroz reprogramiranje vec\u0301 dostupnih pretpristupnih fondova namijenjenih Crnoj Gori. Ova sredstva su namijenjena za zdravstveni sektor, kao i za ubla\u017eavanje socijalnih i ekonomskih posljedica krize.<\/p>\n<p><em>\u201eEvropa se suo\u010dava sa do sada nevi\u0111enom krizom javnog zdravlja. U ovim te\u0161kim vremenima, saradnja i solidarnost su klju\u010dni. EU je najve\u0107i partner i donator Crne Gore; za podr\u0161ku i reformu zdravstvenog sistema smo do sada ve\u0107 donirali 12 miliona eura. I danas stojimo rame uz rame sa na\u0161im crnogorskim prijateljima. Zato smo obezbijedili 3 miliona eura koje \u0107e Crna Gora mo\u0107i da iskoristi za hitne potrebe, poput nabavke opreme i higijenskih sredstava za zdravstvene ustanove. U skladu sa potrebama Vlade Crne Gore, osmi\u0161ljavamo program vrijedan 50 miliona eura, koji \u0107e pru\u017eiti dodatnu dugoro\u010dnu pomo\u0107 zdravstvu kao i podsta\u0107i ekonomiju, podr\u017eati preduzetnike, obezbijediti najugro\u017eenije i podr\u017eati ostale pogo\u0111ene sektore nakon pandemije. Siguran sam da \u0107emo, zajedno, iza\u0107i ja\u010di iz ove krize\u201c, <\/em>izjavio je Aivo Orav, ambasador Evropske unije i \u0161ef Delegacije EU u Crnoj Gori.<\/p>\n<p>Evropska unija tako\u0111e tra\u017ei na\u010dine da uklju\u010di Crnu Goru u nove inicijative, preduzete u dr\u017eavama \u010dlanicama kao odgovor na pandemiju COVID-19 i kako najbolje iskoristiti postojec\u0301e regionalne programe EU za pomoc\u0301 regionu Zapadnog Balkana. Bic\u0301e ubrzana implementacija ostalih planiranih programa i projekata u Crnoj Gori koji mogu omogu\u0107iti olak\u0161ice privatnom sektoru, tr\u017ei\u0161tu rada i socijalnom sektoru.<\/p>\n<p>Delegacija EU u Podgorici c\u0301e u narednom periodu blisko sara\u0111ivati sa crnogorskim vlastima u nadgledanju razvoja trenutne situacije vezane za pandemiju COVID-19 i u pru\u017eanju pomoc\u0301i ljudima kojima je to najpotrebnije u Crnoj Gori. Rade\u0107i zajedno, prebrodi\u0107emo ovu krizu osna\u017eeni.<\/p>\n<p><strong>Pomo\u0107 najugro\u017eenijim porodicama<\/strong><\/p>\n<p>Evropska unija je vec\u0301 na terenu i pru\u017ea pomoc\u0301 kroz njene postojec\u0301e projekte. Zajedno sa HELP-om, NVO \u201ePhiren Amenca \u2013 Kora\u010dajte sa nama\u201c i Crvenim krstom zapo\u010deli smo distribuciju 600 paketa hitne pomoc\u0301i za 400 romskih i egipatskih porodica u Nik\u0161ic\u0301u, Beranama, Bijelom Polju i Herceg Novom.<\/p>\n<p><strong>Pomo\u0107 EU zdravstvenom sistemu Crne Gore<\/strong><\/p>\n<p>EU je vec\u0301 bespovratno ulo\u017eila blizu \u010detiri miliona eura u zdravstveni sektor, a dodatnih 8 miliona je u pripremi. Finansirala je nabavku 12 vozila hitne pomoc\u0301i za domove zdravlja \u0161irom Crne Gore, kao i opreme za Gorske slu\u017ebe spasavanja. EU podr\u017eava i organizacije civilnog dru\u0161tva, koje obavljaju va\u017ean posao u zdravstvenom sektoru, kao \u0161to su unaprije\u0111enje medicinske njege trudnica i majki, obezbje\u0111ivanje jednakog pristupa zdravlju i pravdi marginalizovanim grupama, destigmatizacija mentalnog zdravlja i opremanje organizacija za spa\u0161avanje od poplava u hitnim slu\u010dajevima, posebno u pograni\u010dnim podru\u010djima.<\/p>\n<p>Zajedno sa Ministarstvom zdravlja, pripremljen je dodatni program zdravstvene pomoc\u0301i vrijedan 8 miliona eura, koji \u0107e po\u010deti 2021. godine. EU c\u0301e podr\u017eati izgradnju novog bolni\u010dkog krila u sklopu podgori\u010dkog Klini\u010dkog centra i dogradnju i opremanje do 12 mikrobiolo\u0161kih laboratorija.<\/p>\n<p><strong>Ekonomsko-socijalna podr\u0161ka EU<\/strong><\/p>\n<p>Postojec\u0301i Program Evropske unije i Crne Gore za zapo\u0161ljavanje, obrazovanje i socijalnu pomoc\u0301, vrijedan 18 miliona eura, ve\u0107 je obezbijedio preduzetnicima, nezaposlenima i drugim ugro\u017eenim grupama bespovratna sredstva da zapo\u010dnu posao. Program \u0107e se dodatno koristiti za ubla\u017eavanje posljedica ove krize.<\/p>\n<p>&nbsp;<\/p>\n","protected":false},"excerpt":{"rendered":"<p>EU donirala tri miliona eura za hitne potrebe zdravstvenog sektora i po\u010dela pripreme za dugoro\u010dni program ubla\u017eavanja krize vrijedan 50 miliona eura<\/p>\n","protected":false},"author":1,"featured_media":35130,"comment_status":"closed","ping_status":"closed","sticky":false,"template":"","format":"standard","meta":{"_acf_changed":false,"footnotes":""},"categories":[],"tags":[],"class_list":["post-7991","post","type-post","status-publish","format-standard","has-post-thumbnail","hentry"],"acf":[],"yoast_head":"<!-- This site is optimized with the Yoast SEO plugin v27.3 - https:\/\/yoast.com\/product\/yoast-seo-wordpress\/ -->\n<title>EU stoji uz Crnu Goru u borbi protiv COVID-19 - Europe House<\/title>\n<meta name=\"robots\" content=\"index, follow, max-snippet:-1, max-image-preview:large, max-video-preview:-1\" \/>\n<link rel=\"canonical\" href=\"https:\/\/www.evropskakuca.me\/me\/eu-stoji-uz-crnu-goru-u-borbi-protiv-covid-19\/\" \/>\n<meta property=\"og:locale\" content=\"en_US\" \/>\n<meta property=\"og:type\" content=\"article\" \/>\n<meta property=\"og:title\" content=\"EU stoji uz Crnu Goru u borbi protiv COVID-19 - Europe House\" \/>\n<meta property=\"og:description\" content=\"EU donirala tri miliona eura za hitne potrebe zdravstvenog sektora i po\u010dela pripreme za dugoro\u010dni program ubla\u017eavanja krize vrijedan 50 miliona eura\" \/>\n<meta property=\"og:url\" content=\"https:\/\/www.evropskakuca.me\/me\/eu-stoji-uz-crnu-goru-u-borbi-protiv-covid-19\/\" \/>\n<meta property=\"og:site_name\" content=\"Europe House\" \/>\n<meta property=\"article:publisher\" content=\"https:\/\/www.facebook.com\/evropska.kuca\" \/>\n<meta property=\"article:published_time\" content=\"2020-03-25T15:11:44+00:00\" \/>\n<meta property=\"og:image\" content=\"https:\/\/www.evropskakuca.me\/wp-content\/uploads\/2020\/03\/cg-eu.jpg\" \/>\n\t<meta property=\"og:image:width\" content=\"800\" \/>\n\t<meta property=\"og:image:height\" content=\"450\" \/>\n\t<meta property=\"og:image:type\" content=\"image\/jpeg\" \/>\n<meta name=\"author\" content=\"mkajic\" \/>\n<meta name=\"twitter:card\" content=\"summary_large_image\" \/>\n<meta name=\"twitter:creator\" content=\"@evropska_kuca\" \/>\n<meta name=\"twitter:site\" content=\"@evropska_kuca\" \/>\n<meta name=\"twitter:label1\" content=\"Written by\" \/>\n\t<meta name=\"twitter:data1\" content=\"mkajic\" \/>\n\t<meta name=\"twitter:label2\" content=\"Est. reading time\" \/>\n\t<meta name=\"twitter:data2\" content=\"3 minutes\" \/>\n<script type=\"application\/ld+json\" class=\"yoast-schema-graph\">{\"@context\":\"https:\\\/\\\/schema.org\",\"@graph\":[{\"@type\":\"Article\",\"@id\":\"https:\\\/\\\/www.evropskakuca.me\\\/me\\\/eu-stoji-uz-crnu-goru-u-borbi-protiv-covid-19\\\/#article\",\"isPartOf\":{\"@id\":\"https:\\\/\\\/www.evropskakuca.me\\\/me\\\/eu-stoji-uz-crnu-goru-u-borbi-protiv-covid-19\\\/\"},\"author\":{\"name\":\"mkajic\",\"@id\":\"https:\\\/\\\/www.evropskakuca.me\\\/me\\\/#\\\/schema\\\/person\\\/a1d0dcdaefe4a1cd1d60d200ea137ba4\"},\"headline\":\"EU stoji uz Crnu Goru u borbi protiv COVID-19\",\"datePublished\":\"2020-03-25T15:11:44+00:00\",\"mainEntityOfPage\":{\"@id\":\"https:\\\/\\\/www.evropskakuca.me\\\/me\\\/eu-stoji-uz-crnu-goru-u-borbi-protiv-covid-19\\\/\"},\"wordCount\":610,\"publisher\":{\"@id\":\"https:\\\/\\\/www.evropskakuca.me\\\/me\\\/#organization\"},\"image\":{\"@id\":\"https:\\\/\\\/www.evropskakuca.me\\\/me\\\/eu-stoji-uz-crnu-goru-u-borbi-protiv-covid-19\\\/#primaryimage\"},\"thumbnailUrl\":\"https:\\\/\\\/www.evropskakuca.me\\\/wp-content\\\/uploads\\\/2020\\\/03\\\/cg-eu.jpg\",\"inLanguage\":\"me-ME\"},{\"@type\":\"WebPage\",\"@id\":\"https:\\\/\\\/www.evropskakuca.me\\\/me\\\/eu-stoji-uz-crnu-goru-u-borbi-protiv-covid-19\\\/\",\"url\":\"https:\\\/\\\/www.evropskakuca.me\\\/me\\\/eu-stoji-uz-crnu-goru-u-borbi-protiv-covid-19\\\/\",\"name\":\"EU stoji uz Crnu Goru u borbi protiv COVID-19 - Europe House\",\"isPartOf\":{\"@id\":\"https:\\\/\\\/www.evropskakuca.me\\\/me\\\/#website\"},\"primaryImageOfPage\":{\"@id\":\"https:\\\/\\\/www.evropskakuca.me\\\/me\\\/eu-stoji-uz-crnu-goru-u-borbi-protiv-covid-19\\\/#primaryimage\"},\"image\":{\"@id\":\"https:\\\/\\\/www.evropskakuca.me\\\/me\\\/eu-stoji-uz-crnu-goru-u-borbi-protiv-covid-19\\\/#primaryimage\"},\"thumbnailUrl\":\"https:\\\/\\\/www.evropskakuca.me\\\/wp-content\\\/uploads\\\/2020\\\/03\\\/cg-eu.jpg\",\"datePublished\":\"2020-03-25T15:11:44+00:00\",\"breadcrumb\":{\"@id\":\"https:\\\/\\\/www.evropskakuca.me\\\/me\\\/eu-stoji-uz-crnu-goru-u-borbi-protiv-covid-19\\\/#breadcrumb\"},\"inLanguage\":\"me-ME\",\"potentialAction\":[{\"@type\":\"ReadAction\",\"target\":[\"https:\\\/\\\/www.evropskakuca.me\\\/me\\\/eu-stoji-uz-crnu-goru-u-borbi-protiv-covid-19\\\/\"]}]},{\"@type\":\"ImageObject\",\"inLanguage\":\"me-ME\",\"@id\":\"https:\\\/\\\/www.evropskakuca.me\\\/me\\\/eu-stoji-uz-crnu-goru-u-borbi-protiv-covid-19\\\/#primaryimage\",\"url\":\"https:\\\/\\\/www.evropskakuca.me\\\/wp-content\\\/uploads\\\/2020\\\/03\\\/cg-eu.jpg\",\"contentUrl\":\"https:\\\/\\\/www.evropskakuca.me\\\/wp-content\\\/uploads\\\/2020\\\/03\\\/cg-eu.jpg\",\"width\":800,\"height\":450},{\"@type\":\"BreadcrumbList\",\"@id\":\"https:\\\/\\\/www.evropskakuca.me\\\/me\\\/eu-stoji-uz-crnu-goru-u-borbi-protiv-covid-19\\\/#breadcrumb\",\"itemListElement\":[{\"@type\":\"ListItem\",\"position\":1,\"name\":\"Home\",\"item\":\"https:\\\/\\\/www.evropskakuca.me\\\/me\\\/\"},{\"@type\":\"ListItem\",\"position\":2,\"name\":\"EU stoji uz Crnu Goru u borbi protiv COVID-19\"}]},{\"@type\":\"WebSite\",\"@id\":\"https:\\\/\\\/www.evropskakuca.me\\\/me\\\/#website\",\"url\":\"https:\\\/\\\/www.evropskakuca.me\\\/me\\\/\",\"name\":\"Evropean house\",\"description\":\"\",\"publisher\":{\"@id\":\"https:\\\/\\\/www.evropskakuca.me\\\/me\\\/#organization\"},\"potentialAction\":[{\"@type\":\"SearchAction\",\"target\":{\"@type\":\"EntryPoint\",\"urlTemplate\":\"https:\\\/\\\/www.evropskakuca.me\\\/me\\\/?s={search_term_string}\"},\"query-input\":{\"@type\":\"PropertyValueSpecification\",\"valueRequired\":true,\"valueName\":\"search_term_string\"}}],\"inLanguage\":\"me-ME\"},{\"@type\":\"Organization\",\"@id\":\"https:\\\/\\\/www.evropskakuca.me\\\/me\\\/#organization\",\"name\":\"Evropean house\",\"url\":\"https:\\\/\\\/www.evropskakuca.me\\\/me\\\/\",\"logo\":{\"@type\":\"ImageObject\",\"inLanguage\":\"me-ME\",\"@id\":\"https:\\\/\\\/www.evropskakuca.me\\\/me\\\/#\\\/schema\\\/logo\\\/image\\\/\",\"url\":\"https:\\\/\\\/www.evropskakuca.me\\\/wp-content\\\/uploads\\\/2025\\\/01\\\/evropska-kuca-logo-1.png\",\"contentUrl\":\"https:\\\/\\\/www.evropskakuca.me\\\/wp-content\\\/uploads\\\/2025\\\/01\\\/evropska-kuca-logo-1.png\",\"width\":425,\"height\":312,\"caption\":\"Evropean house\"},\"image\":{\"@id\":\"https:\\\/\\\/www.evropskakuca.me\\\/me\\\/#\\\/schema\\\/logo\\\/image\\\/\"},\"sameAs\":[\"https:\\\/\\\/www.facebook.com\\\/evropska.kuca\",\"https:\\\/\\\/x.com\\\/evropska_kuca\",\"https:\\\/\\\/www.instagram.com\\\/evropska_kuca\"]},{\"@type\":\"Person\",\"@id\":\"https:\\\/\\\/www.evropskakuca.me\\\/me\\\/#\\\/schema\\\/person\\\/a1d0dcdaefe4a1cd1d60d200ea137ba4\",\"name\":\"mkajic\",\"image\":{\"@type\":\"ImageObject\",\"inLanguage\":\"me-ME\",\"@id\":\"https:\\\/\\\/secure.gravatar.com\\\/avatar\\\/731fa035cefab7316e6bafd1f25a93fb731a07de14e2d9923f8db4422628eabc?s=96&d=mm&r=g\",\"url\":\"https:\\\/\\\/secure.gravatar.com\\\/avatar\\\/731fa035cefab7316e6bafd1f25a93fb731a07de14e2d9923f8db4422628eabc?s=96&d=mm&r=g\",\"contentUrl\":\"https:\\\/\\\/secure.gravatar.com\\\/avatar\\\/731fa035cefab7316e6bafd1f25a93fb731a07de14e2d9923f8db4422628eabc?s=96&d=mm&r=g\",\"caption\":\"mkajic\"},\"sameAs\":[\"https:\\\/\\\/evropskakuca.me\"],\"url\":\"https:\\\/\\\/www.evropskakuca.me\\\/me\\\/author\\\/mkajic\\\/\"}]}<\/script>\n<!-- \/ Yoast SEO plugin. -->","yoast_head_json":{"title":"EU stoji uz Crnu Goru u borbi protiv COVID-19 - Europe House","robots":{"index":"index","follow":"follow","max-snippet":"max-snippet:-1","max-image-preview":"max-image-preview:large","max-video-preview":"max-video-preview:-1"},"canonical":"https:\/\/www.evropskakuca.me\/me\/eu-stoji-uz-crnu-goru-u-borbi-protiv-covid-19\/","og_locale":"en_US","og_type":"article","og_title":"EU stoji uz Crnu Goru u borbi protiv COVID-19 - Europe House","og_description":"EU donirala tri miliona eura za hitne potrebe zdravstvenog sektora i po\u010dela pripreme za dugoro\u010dni program ubla\u017eavanja krize vrijedan 50 miliona eura","og_url":"https:\/\/www.evropskakuca.me\/me\/eu-stoji-uz-crnu-goru-u-borbi-protiv-covid-19\/","og_site_name":"Europe House","article_publisher":"https:\/\/www.facebook.com\/evropska.kuca","article_published_time":"2020-03-25T15:11:44+00:00","og_image":[{"width":800,"height":450,"url":"https:\/\/www.evropskakuca.me\/wp-content\/uploads\/2020\/03\/cg-eu.jpg","type":"image\/jpeg"}],"author":"mkajic","twitter_card":"summary_large_image","twitter_creator":"@evropska_kuca","twitter_site":"@evropska_kuca","twitter_misc":{"Written by":"mkajic","Est. reading time":"3 minutes"},"schema":{"@context":"https:\/\/schema.org","@graph":[{"@type":"Article","@id":"https:\/\/www.evropskakuca.me\/me\/eu-stoji-uz-crnu-goru-u-borbi-protiv-covid-19\/#article","isPartOf":{"@id":"https:\/\/www.evropskakuca.me\/me\/eu-stoji-uz-crnu-goru-u-borbi-protiv-covid-19\/"},"author":{"name":"mkajic","@id":"https:\/\/www.evropskakuca.me\/me\/#\/schema\/person\/a1d0dcdaefe4a1cd1d60d200ea137ba4"},"headline":"EU stoji uz Crnu Goru u borbi protiv COVID-19","datePublished":"2020-03-25T15:11:44+00:00","mainEntityOfPage":{"@id":"https:\/\/www.evropskakuca.me\/me\/eu-stoji-uz-crnu-goru-u-borbi-protiv-covid-19\/"},"wordCount":610,"publisher":{"@id":"https:\/\/www.evropskakuca.me\/me\/#organization"},"image":{"@id":"https:\/\/www.evropskakuca.me\/me\/eu-stoji-uz-crnu-goru-u-borbi-protiv-covid-19\/#primaryimage"},"thumbnailUrl":"https:\/\/www.evropskakuca.me\/wp-content\/uploads\/2020\/03\/cg-eu.jpg","inLanguage":"me-ME"},{"@type":"WebPage","@id":"https:\/\/www.evropskakuca.me\/me\/eu-stoji-uz-crnu-goru-u-borbi-protiv-covid-19\/","url":"https:\/\/www.evropskakuca.me\/me\/eu-stoji-uz-crnu-goru-u-borbi-protiv-covid-19\/","name":"EU stoji uz Crnu Goru u borbi protiv COVID-19 - Europe House","isPartOf":{"@id":"https:\/\/www.evropskakuca.me\/me\/#website"},"primaryImageOfPage":{"@id":"https:\/\/www.evropskakuca.me\/me\/eu-stoji-uz-crnu-goru-u-borbi-protiv-covid-19\/#primaryimage"},"image":{"@id":"https:\/\/www.evropskakuca.me\/me\/eu-stoji-uz-crnu-goru-u-borbi-protiv-covid-19\/#primaryimage"},"thumbnailUrl":"https:\/\/www.evropskakuca.me\/wp-content\/uploads\/2020\/03\/cg-eu.jpg","datePublished":"2020-03-25T15:11:44+00:00","breadcrumb":{"@id":"https:\/\/www.evropskakuca.me\/me\/eu-stoji-uz-crnu-goru-u-borbi-protiv-covid-19\/#breadcrumb"},"inLanguage":"me-ME","potentialAction":[{"@type":"ReadAction","target":["https:\/\/www.evropskakuca.me\/me\/eu-stoji-uz-crnu-goru-u-borbi-protiv-covid-19\/"]}]},{"@type":"ImageObject","inLanguage":"me-ME","@id":"https:\/\/www.evropskakuca.me\/me\/eu-stoji-uz-crnu-goru-u-borbi-protiv-covid-19\/#primaryimage","url":"https:\/\/www.evropskakuca.me\/wp-content\/uploads\/2020\/03\/cg-eu.jpg","contentUrl":"https:\/\/www.evropskakuca.me\/wp-content\/uploads\/2020\/03\/cg-eu.jpg","width":800,"height":450},{"@type":"BreadcrumbList","@id":"https:\/\/www.evropskakuca.me\/me\/eu-stoji-uz-crnu-goru-u-borbi-protiv-covid-19\/#breadcrumb","itemListElement":[{"@type":"ListItem","position":1,"name":"Home","item":"https:\/\/www.evropskakuca.me\/me\/"},{"@type":"ListItem","position":2,"name":"EU stoji uz Crnu Goru u borbi protiv COVID-19"}]},{"@type":"WebSite","@id":"https:\/\/www.evropskakuca.me\/me\/#website","url":"https:\/\/www.evropskakuca.me\/me\/","name":"Evropean house","description":"","publisher":{"@id":"https:\/\/www.evropskakuca.me\/me\/#organization"},"potentialAction":[{"@type":"SearchAction","target":{"@type":"EntryPoint","urlTemplate":"https:\/\/www.evropskakuca.me\/me\/?s={search_term_string}"},"query-input":{"@type":"PropertyValueSpecification","valueRequired":true,"valueName":"search_term_string"}}],"inLanguage":"me-ME"},{"@type":"Organization","@id":"https:\/\/www.evropskakuca.me\/me\/#organization","name":"Evropean house","url":"https:\/\/www.evropskakuca.me\/me\/","logo":{"@type":"ImageObject","inLanguage":"me-ME","@id":"https:\/\/www.evropskakuca.me\/me\/#\/schema\/logo\/image\/","url":"https:\/\/www.evropskakuca.me\/wp-content\/uploads\/2025\/01\/evropska-kuca-logo-1.png","contentUrl":"https:\/\/www.evropskakuca.me\/wp-content\/uploads\/2025\/01\/evropska-kuca-logo-1.png","width":425,"height":312,"caption":"Evropean house"},"image":{"@id":"https:\/\/www.evropskakuca.me\/me\/#\/schema\/logo\/image\/"},"sameAs":["https:\/\/www.facebook.com\/evropska.kuca","https:\/\/x.com\/evropska_kuca","https:\/\/www.instagram.com\/evropska_kuca"]},{"@type":"Person","@id":"https:\/\/www.evropskakuca.me\/me\/#\/schema\/person\/a1d0dcdaefe4a1cd1d60d200ea137ba4","name":"mkajic","image":{"@type":"ImageObject","inLanguage":"me-ME","@id":"https:\/\/secure.gravatar.com\/avatar\/731fa035cefab7316e6bafd1f25a93fb731a07de14e2d9923f8db4422628eabc?s=96&d=mm&r=g","url":"https:\/\/secure.gravatar.com\/avatar\/731fa035cefab7316e6bafd1f25a93fb731a07de14e2d9923f8db4422628eabc?s=96&d=mm&r=g","contentUrl":"https:\/\/secure.gravatar.com\/avatar\/731fa035cefab7316e6bafd1f25a93fb731a07de14e2d9923f8db4422628eabc?s=96&d=mm&r=g","caption":"mkajic"},"sameAs":["https:\/\/evropskakuca.me"],"url":"https:\/\/www.evropskakuca.me\/me\/author\/mkajic\/"}]}},"_links":{"self":[{"href":"https:\/\/www.evropskakuca.me\/me\/wp-json\/wp\/v2\/posts\/7991","targetHints":{"allow":["GET"]}}],"collection":[{"href":"https:\/\/www.evropskakuca.me\/me\/wp-json\/wp\/v2\/posts"}],"about":[{"href":"https:\/\/www.evropskakuca.me\/me\/wp-json\/wp\/v2\/types\/post"}],"author":[{"embeddable":true,"href":"https:\/\/www.evropskakuca.me\/me\/wp-json\/wp\/v2\/users\/1"}],"replies":[{"embeddable":true,"href":"https:\/\/www.evropskakuca.me\/me\/wp-json\/wp\/v2\/comments?post=7991"}],"version-history":[{"count":0,"href":"https:\/\/www.evropskakuca.me\/me\/wp-json\/wp\/v2\/posts\/7991\/revisions"}],"wp:featuredmedia":[{"embeddable":true,"href":"https:\/\/www.evropskakuca.me\/me\/wp-json\/wp\/v2\/media\/35130"}],"wp:attachment":[{"href":"https:\/\/www.evropskakuca.me\/me\/wp-json\/wp\/v2\/media?parent=7991"}],"wp:term":[{"taxonomy":"category","embeddable":true,"href":"https:\/\/www.evropskakuca.me\/me\/wp-json\/wp\/v2\/categories?post=7991"},{"taxonomy":"post_tag","embeddable":true,"href":"https:\/\/www.evropskakuca.me\/me\/wp-json\/wp\/v2\/tags?post=7991"}],"curies":[{"name":"wp","href":"https:\/\/api.w.org\/{rel}","templated":true}]}}