{"id":7975,"date":"2020-03-25T06:21:35","date_gmt":"2020-03-25T06:21:35","guid":{"rendered":"http:\/\/www.evropskakuca.me\/me\/?p=7975"},"modified":"2020-03-25T06:21:35","modified_gmt":"2020-03-25T06:21:35","slug":"uz-finansijsku-podrsku-eu-help-i-phiren-amenca-podijelice-600-paketa-pomoci-romima-i-egipcanima","status":"publish","type":"post","link":"https:\/\/www.evropskakuca.me\/me\/uz-finansijsku-podrsku-eu-help-i-phiren-amenca-podijelice-600-paketa-pomoci-romima-i-egipcanima\/","title":{"rendered":"Uz finansijsku podr\u0161ku EU, HELP i Phiren Amenca podijeli\u0107e 600 paketa pomo\u0107i Romima i Egip\u0107anima"},"content":{"rendered":"<p>Organizacija Help i Romska organizacija mladih \u201cKora\u010dajte sa nama \u2013 Phiren Amenca\u201d, uz finansijsku podr\u0161ku Evropske unije podijeli\u0107e urgentnu pomo\u0107 jednoj od najugro\u017eenijih i najranjivijih kategorija u Crnoj Gori, Romima i Egip\u0107anima (RE). Odluka o dodijeli urgentne pomo\u0107i donesena je u skladu sa misijom pru\u017eanja pomo\u0107i i iskazivanja solidarnosti u borbi sa pandemijom korona virusa.<\/p>\n<p>U okviru akcije bi\u0107e podijeljeno ukupno 600 paketa pomo\u0107i za oko 400 RE porodica u Nik\u0161i\u0107u, Beranama, Bijelom Polju i Herceg Novom. Porodice sa vi\u0161e od \u0161est \u010dlanova dobi\u0107e po dva paketa u kojima se nalaze, bra\u0161no, ulje, \u0161e\u0107er, pa\u0161ta, ri\u017ea i sapun.<\/p>\n<p>Ukupna vrijednost ovih 600 paketa iznosi oko 12.400 eura i bi\u0107e distriburani u RE naseljima Gra\u010danica u Nik\u0161i\u0107u, Riversajd i Talum u Beranama, Strojtanici, Rakonjama i \u017deljezniku u Bijelom Polju i naselju Drenovik u Herceg-Novom.<\/p>\n<p>U\u00a0 skladu sa mjerama koje je Vlada uvela u poku\u0161aju da sprije\u010di \u0161irenje virusa COVID19, a imaju\u0107i u vidu da mjere podrazumijevaju ograni\u010denje kretanja i poseban re\u017eim snadbijavanja za potro\u0161a\u010de, distribucija \u0107e se vr\u0161iti u saradnji sa lokalnim kriznim \u0161tabovima u navedenim op\u0161tinama.<\/p>\n","protected":false},"excerpt":{"rendered":"<p>Organizacija Help i Romska organizacija mladih \u201cKora\u010dajte sa nama \u2013 Phiren Amenca\u201d, uz finansijsku podr\u0161ku Evropske unije podijeli\u0107e urgentnu pomo\u0107 jednoj od najugro\u017eenijih i najranjivijih kategorija u Crnoj Gori, Romima i Egip\u0107anima (RE). Odluka o dodijeli urgentne pomo\u0107i donesena je u skladu sa misijom pru\u017eanja pomo\u0107i i iskazivanja solidarnosti u borbi sa pandemijom korona virusa. [&hellip;]<\/p>\n","protected":false},"author":1,"featured_media":35092,"comment_status":"closed","ping_status":"closed","sticky":false,"template":"","format":"standard","meta":{"_acf_changed":false,"footnotes":""},"categories":[],"tags":[],"class_list":["post-7975","post","type-post","status-publish","format-standard","has-post-thumbnail","hentry"],"acf":[],"yoast_head":"<!-- This site is optimized with the Yoast SEO plugin v27.3 - https:\/\/yoast.com\/product\/yoast-seo-wordpress\/ -->\n<title>Uz finansijsku podr\u0161ku EU, HELP i Phiren Amenca podijeli\u0107e 600 paketa pomo\u0107i Romima i Egip\u0107anima - Europe House<\/title>\n<meta name=\"robots\" content=\"index, follow, max-snippet:-1, max-image-preview:large, max-video-preview:-1\" \/>\n<link rel=\"canonical\" href=\"https:\/\/www.evropskakuca.me\/me\/uz-finansijsku-podrsku-eu-help-i-phiren-amenca-podijelice-600-paketa-pomoci-romima-i-egipcanima\/\" \/>\n<meta property=\"og:locale\" content=\"en_US\" \/>\n<meta property=\"og:type\" content=\"article\" \/>\n<meta property=\"og:title\" content=\"Uz finansijsku podr\u0161ku EU, HELP i Phiren Amenca podijeli\u0107e 600 paketa pomo\u0107i Romima i Egip\u0107anima - Europe House\" \/>\n<meta property=\"og:description\" content=\"Organizacija Help i Romska organizacija mladih \u201cKora\u010dajte sa nama \u2013 Phiren Amenca\u201d, uz finansijsku podr\u0161ku Evropske unije podijeli\u0107e urgentnu pomo\u0107 jednoj od najugro\u017eenijih i najranjivijih kategorija u Crnoj Gori, Romima i Egip\u0107anima (RE). Odluka o dodijeli urgentne pomo\u0107i donesena je u skladu sa misijom pru\u017eanja pomo\u0107i i iskazivanja solidarnosti u borbi sa pandemijom korona virusa. [&hellip;]\" \/>\n<meta property=\"og:url\" content=\"https:\/\/www.evropskakuca.me\/me\/uz-finansijsku-podrsku-eu-help-i-phiren-amenca-podijelice-600-paketa-pomoci-romima-i-egipcanima\/\" \/>\n<meta property=\"og:site_name\" content=\"Europe House\" \/>\n<meta property=\"article:publisher\" content=\"https:\/\/www.facebook.com\/evropska.kuca\" \/>\n<meta property=\"article:published_time\" content=\"2020-03-25T06:21:35+00:00\" \/>\n<meta property=\"og:image\" content=\"https:\/\/www.evropskakuca.me\/wp-content\/uploads\/2020\/03\/IMG_3125-002-scaled.jpg\" \/>\n\t<meta property=\"og:image:width\" content=\"2381\" \/>\n\t<meta property=\"og:image:height\" content=\"2560\" \/>\n\t<meta property=\"og:image:type\" content=\"image\/jpeg\" \/>\n<meta name=\"author\" content=\"mkajic\" \/>\n<meta name=\"twitter:card\" content=\"summary_large_image\" \/>\n<meta name=\"twitter:creator\" content=\"@evropska_kuca\" \/>\n<meta name=\"twitter:site\" content=\"@evropska_kuca\" \/>\n<meta name=\"twitter:label1\" content=\"Written by\" \/>\n\t<meta name=\"twitter:data1\" content=\"mkajic\" \/>\n\t<meta name=\"twitter:label2\" content=\"Est. reading time\" \/>\n\t<meta name=\"twitter:data2\" content=\"1 minute\" \/>\n<script type=\"application\/ld+json\" class=\"yoast-schema-graph\">{\"@context\":\"https:\\\/\\\/schema.org\",\"@graph\":[{\"@type\":\"Article\",\"@id\":\"https:\\\/\\\/www.evropskakuca.me\\\/me\\\/uz-finansijsku-podrsku-eu-help-i-phiren-amenca-podijelice-600-paketa-pomoci-romima-i-egipcanima\\\/#article\",\"isPartOf\":{\"@id\":\"https:\\\/\\\/www.evropskakuca.me\\\/me\\\/uz-finansijsku-podrsku-eu-help-i-phiren-amenca-podijelice-600-paketa-pomoci-romima-i-egipcanima\\\/\"},\"author\":{\"name\":\"mkajic\",\"@id\":\"https:\\\/\\\/www.evropskakuca.me\\\/me\\\/#\\\/schema\\\/person\\\/a1d0dcdaefe4a1cd1d60d200ea137ba4\"},\"headline\":\"Uz finansijsku podr\u0161ku EU, HELP i Phiren Amenca podijeli\u0107e 600 paketa pomo\u0107i Romima i Egip\u0107anima\",\"datePublished\":\"2020-03-25T06:21:35+00:00\",\"mainEntityOfPage\":{\"@id\":\"https:\\\/\\\/www.evropskakuca.me\\\/me\\\/uz-finansijsku-podrsku-eu-help-i-phiren-amenca-podijelice-600-paketa-pomoci-romima-i-egipcanima\\\/\"},\"wordCount\":220,\"publisher\":{\"@id\":\"https:\\\/\\\/www.evropskakuca.me\\\/me\\\/#organization\"},\"image\":{\"@id\":\"https:\\\/\\\/www.evropskakuca.me\\\/me\\\/uz-finansijsku-podrsku-eu-help-i-phiren-amenca-podijelice-600-paketa-pomoci-romima-i-egipcanima\\\/#primaryimage\"},\"thumbnailUrl\":\"https:\\\/\\\/www.evropskakuca.me\\\/wp-content\\\/uploads\\\/2020\\\/03\\\/IMG_3125-002-scaled.jpg\",\"inLanguage\":\"me-ME\"},{\"@type\":\"WebPage\",\"@id\":\"https:\\\/\\\/www.evropskakuca.me\\\/me\\\/uz-finansijsku-podrsku-eu-help-i-phiren-amenca-podijelice-600-paketa-pomoci-romima-i-egipcanima\\\/\",\"url\":\"https:\\\/\\\/www.evropskakuca.me\\\/me\\\/uz-finansijsku-podrsku-eu-help-i-phiren-amenca-podijelice-600-paketa-pomoci-romima-i-egipcanima\\\/\",\"name\":\"Uz finansijsku podr\u0161ku EU, HELP i Phiren Amenca podijeli\u0107e 600 paketa pomo\u0107i Romima i Egip\u0107anima - Europe House\",\"isPartOf\":{\"@id\":\"https:\\\/\\\/www.evropskakuca.me\\\/me\\\/#website\"},\"primaryImageOfPage\":{\"@id\":\"https:\\\/\\\/www.evropskakuca.me\\\/me\\\/uz-finansijsku-podrsku-eu-help-i-phiren-amenca-podijelice-600-paketa-pomoci-romima-i-egipcanima\\\/#primaryimage\"},\"image\":{\"@id\":\"https:\\\/\\\/www.evropskakuca.me\\\/me\\\/uz-finansijsku-podrsku-eu-help-i-phiren-amenca-podijelice-600-paketa-pomoci-romima-i-egipcanima\\\/#primaryimage\"},\"thumbnailUrl\":\"https:\\\/\\\/www.evropskakuca.me\\\/wp-content\\\/uploads\\\/2020\\\/03\\\/IMG_3125-002-scaled.jpg\",\"datePublished\":\"2020-03-25T06:21:35+00:00\",\"breadcrumb\":{\"@id\":\"https:\\\/\\\/www.evropskakuca.me\\\/me\\\/uz-finansijsku-podrsku-eu-help-i-phiren-amenca-podijelice-600-paketa-pomoci-romima-i-egipcanima\\\/#breadcrumb\"},\"inLanguage\":\"me-ME\",\"potentialAction\":[{\"@type\":\"ReadAction\",\"target\":[\"https:\\\/\\\/www.evropskakuca.me\\\/me\\\/uz-finansijsku-podrsku-eu-help-i-phiren-amenca-podijelice-600-paketa-pomoci-romima-i-egipcanima\\\/\"]}]},{\"@type\":\"ImageObject\",\"inLanguage\":\"me-ME\",\"@id\":\"https:\\\/\\\/www.evropskakuca.me\\\/me\\\/uz-finansijsku-podrsku-eu-help-i-phiren-amenca-podijelice-600-paketa-pomoci-romima-i-egipcanima\\\/#primaryimage\",\"url\":\"https:\\\/\\\/www.evropskakuca.me\\\/wp-content\\\/uploads\\\/2020\\\/03\\\/IMG_3125-002-scaled.jpg\",\"contentUrl\":\"https:\\\/\\\/www.evropskakuca.me\\\/wp-content\\\/uploads\\\/2020\\\/03\\\/IMG_3125-002-scaled.jpg\",\"width\":2381,\"height\":2560},{\"@type\":\"BreadcrumbList\",\"@id\":\"https:\\\/\\\/www.evropskakuca.me\\\/me\\\/uz-finansijsku-podrsku-eu-help-i-phiren-amenca-podijelice-600-paketa-pomoci-romima-i-egipcanima\\\/#breadcrumb\",\"itemListElement\":[{\"@type\":\"ListItem\",\"position\":1,\"name\":\"Home\",\"item\":\"https:\\\/\\\/www.evropskakuca.me\\\/me\\\/\"},{\"@type\":\"ListItem\",\"position\":2,\"name\":\"Uz finansijsku podr\u0161ku EU, HELP i Phiren Amenca podijeli\u0107e 600 paketa pomo\u0107i Romima i Egip\u0107anima\"}]},{\"@type\":\"WebSite\",\"@id\":\"https:\\\/\\\/www.evropskakuca.me\\\/me\\\/#website\",\"url\":\"https:\\\/\\\/www.evropskakuca.me\\\/me\\\/\",\"name\":\"Evropean house\",\"description\":\"\",\"publisher\":{\"@id\":\"https:\\\/\\\/www.evropskakuca.me\\\/me\\\/#organization\"},\"potentialAction\":[{\"@type\":\"SearchAction\",\"target\":{\"@type\":\"EntryPoint\",\"urlTemplate\":\"https:\\\/\\\/www.evropskakuca.me\\\/me\\\/?s={search_term_string}\"},\"query-input\":{\"@type\":\"PropertyValueSpecification\",\"valueRequired\":true,\"valueName\":\"search_term_string\"}}],\"inLanguage\":\"me-ME\"},{\"@type\":\"Organization\",\"@id\":\"https:\\\/\\\/www.evropskakuca.me\\\/me\\\/#organization\",\"name\":\"Evropean house\",\"url\":\"https:\\\/\\\/www.evropskakuca.me\\\/me\\\/\",\"logo\":{\"@type\":\"ImageObject\",\"inLanguage\":\"me-ME\",\"@id\":\"https:\\\/\\\/www.evropskakuca.me\\\/me\\\/#\\\/schema\\\/logo\\\/image\\\/\",\"url\":\"https:\\\/\\\/www.evropskakuca.me\\\/wp-content\\\/uploads\\\/2025\\\/01\\\/evropska-kuca-logo-1.png\",\"contentUrl\":\"https:\\\/\\\/www.evropskakuca.me\\\/wp-content\\\/uploads\\\/2025\\\/01\\\/evropska-kuca-logo-1.png\",\"width\":425,\"height\":312,\"caption\":\"Evropean house\"},\"image\":{\"@id\":\"https:\\\/\\\/www.evropskakuca.me\\\/me\\\/#\\\/schema\\\/logo\\\/image\\\/\"},\"sameAs\":[\"https:\\\/\\\/www.facebook.com\\\/evropska.kuca\",\"https:\\\/\\\/x.com\\\/evropska_kuca\",\"https:\\\/\\\/www.instagram.com\\\/evropska_kuca\"]},{\"@type\":\"Person\",\"@id\":\"https:\\\/\\\/www.evropskakuca.me\\\/me\\\/#\\\/schema\\\/person\\\/a1d0dcdaefe4a1cd1d60d200ea137ba4\",\"name\":\"mkajic\",\"image\":{\"@type\":\"ImageObject\",\"inLanguage\":\"me-ME\",\"@id\":\"https:\\\/\\\/secure.gravatar.com\\\/avatar\\\/731fa035cefab7316e6bafd1f25a93fb731a07de14e2d9923f8db4422628eabc?s=96&d=mm&r=g\",\"url\":\"https:\\\/\\\/secure.gravatar.com\\\/avatar\\\/731fa035cefab7316e6bafd1f25a93fb731a07de14e2d9923f8db4422628eabc?s=96&d=mm&r=g\",\"contentUrl\":\"https:\\\/\\\/secure.gravatar.com\\\/avatar\\\/731fa035cefab7316e6bafd1f25a93fb731a07de14e2d9923f8db4422628eabc?s=96&d=mm&r=g\",\"caption\":\"mkajic\"},\"sameAs\":[\"https:\\\/\\\/evropskakuca.me\"],\"url\":\"https:\\\/\\\/www.evropskakuca.me\\\/me\\\/author\\\/mkajic\\\/\"}]}<\/script>\n<!-- \/ Yoast SEO plugin. -->","yoast_head_json":{"title":"Uz finansijsku podr\u0161ku EU, HELP i Phiren Amenca podijeli\u0107e 600 paketa pomo\u0107i Romima i Egip\u0107anima - Europe House","robots":{"index":"index","follow":"follow","max-snippet":"max-snippet:-1","max-image-preview":"max-image-preview:large","max-video-preview":"max-video-preview:-1"},"canonical":"https:\/\/www.evropskakuca.me\/me\/uz-finansijsku-podrsku-eu-help-i-phiren-amenca-podijelice-600-paketa-pomoci-romima-i-egipcanima\/","og_locale":"en_US","og_type":"article","og_title":"Uz finansijsku podr\u0161ku EU, HELP i Phiren Amenca podijeli\u0107e 600 paketa pomo\u0107i Romima i Egip\u0107anima - Europe House","og_description":"Organizacija Help i Romska organizacija mladih \u201cKora\u010dajte sa nama \u2013 Phiren Amenca\u201d, uz finansijsku podr\u0161ku Evropske unije podijeli\u0107e urgentnu pomo\u0107 jednoj od najugro\u017eenijih i najranjivijih kategorija u Crnoj Gori, Romima i Egip\u0107anima (RE). Odluka o dodijeli urgentne pomo\u0107i donesena je u skladu sa misijom pru\u017eanja pomo\u0107i i iskazivanja solidarnosti u borbi sa pandemijom korona virusa. [&hellip;]","og_url":"https:\/\/www.evropskakuca.me\/me\/uz-finansijsku-podrsku-eu-help-i-phiren-amenca-podijelice-600-paketa-pomoci-romima-i-egipcanima\/","og_site_name":"Europe House","article_publisher":"https:\/\/www.facebook.com\/evropska.kuca","article_published_time":"2020-03-25T06:21:35+00:00","og_image":[{"width":2381,"height":2560,"url":"https:\/\/www.evropskakuca.me\/wp-content\/uploads\/2020\/03\/IMG_3125-002-scaled.jpg","type":"image\/jpeg"}],"author":"mkajic","twitter_card":"summary_large_image","twitter_creator":"@evropska_kuca","twitter_site":"@evropska_kuca","twitter_misc":{"Written by":"mkajic","Est. reading time":"1 minute"},"schema":{"@context":"https:\/\/schema.org","@graph":[{"@type":"Article","@id":"https:\/\/www.evropskakuca.me\/me\/uz-finansijsku-podrsku-eu-help-i-phiren-amenca-podijelice-600-paketa-pomoci-romima-i-egipcanima\/#article","isPartOf":{"@id":"https:\/\/www.evropskakuca.me\/me\/uz-finansijsku-podrsku-eu-help-i-phiren-amenca-podijelice-600-paketa-pomoci-romima-i-egipcanima\/"},"author":{"name":"mkajic","@id":"https:\/\/www.evropskakuca.me\/me\/#\/schema\/person\/a1d0dcdaefe4a1cd1d60d200ea137ba4"},"headline":"Uz finansijsku podr\u0161ku EU, HELP i Phiren Amenca podijeli\u0107e 600 paketa pomo\u0107i Romima i Egip\u0107anima","datePublished":"2020-03-25T06:21:35+00:00","mainEntityOfPage":{"@id":"https:\/\/www.evropskakuca.me\/me\/uz-finansijsku-podrsku-eu-help-i-phiren-amenca-podijelice-600-paketa-pomoci-romima-i-egipcanima\/"},"wordCount":220,"publisher":{"@id":"https:\/\/www.evropskakuca.me\/me\/#organization"},"image":{"@id":"https:\/\/www.evropskakuca.me\/me\/uz-finansijsku-podrsku-eu-help-i-phiren-amenca-podijelice-600-paketa-pomoci-romima-i-egipcanima\/#primaryimage"},"thumbnailUrl":"https:\/\/www.evropskakuca.me\/wp-content\/uploads\/2020\/03\/IMG_3125-002-scaled.jpg","inLanguage":"me-ME"},{"@type":"WebPage","@id":"https:\/\/www.evropskakuca.me\/me\/uz-finansijsku-podrsku-eu-help-i-phiren-amenca-podijelice-600-paketa-pomoci-romima-i-egipcanima\/","url":"https:\/\/www.evropskakuca.me\/me\/uz-finansijsku-podrsku-eu-help-i-phiren-amenca-podijelice-600-paketa-pomoci-romima-i-egipcanima\/","name":"Uz finansijsku podr\u0161ku EU, HELP i Phiren Amenca podijeli\u0107e 600 paketa pomo\u0107i Romima i Egip\u0107anima - Europe House","isPartOf":{"@id":"https:\/\/www.evropskakuca.me\/me\/#website"},"primaryImageOfPage":{"@id":"https:\/\/www.evropskakuca.me\/me\/uz-finansijsku-podrsku-eu-help-i-phiren-amenca-podijelice-600-paketa-pomoci-romima-i-egipcanima\/#primaryimage"},"image":{"@id":"https:\/\/www.evropskakuca.me\/me\/uz-finansijsku-podrsku-eu-help-i-phiren-amenca-podijelice-600-paketa-pomoci-romima-i-egipcanima\/#primaryimage"},"thumbnailUrl":"https:\/\/www.evropskakuca.me\/wp-content\/uploads\/2020\/03\/IMG_3125-002-scaled.jpg","datePublished":"2020-03-25T06:21:35+00:00","breadcrumb":{"@id":"https:\/\/www.evropskakuca.me\/me\/uz-finansijsku-podrsku-eu-help-i-phiren-amenca-podijelice-600-paketa-pomoci-romima-i-egipcanima\/#breadcrumb"},"inLanguage":"me-ME","potentialAction":[{"@type":"ReadAction","target":["https:\/\/www.evropskakuca.me\/me\/uz-finansijsku-podrsku-eu-help-i-phiren-amenca-podijelice-600-paketa-pomoci-romima-i-egipcanima\/"]}]},{"@type":"ImageObject","inLanguage":"me-ME","@id":"https:\/\/www.evropskakuca.me\/me\/uz-finansijsku-podrsku-eu-help-i-phiren-amenca-podijelice-600-paketa-pomoci-romima-i-egipcanima\/#primaryimage","url":"https:\/\/www.evropskakuca.me\/wp-content\/uploads\/2020\/03\/IMG_3125-002-scaled.jpg","contentUrl":"https:\/\/www.evropskakuca.me\/wp-content\/uploads\/2020\/03\/IMG_3125-002-scaled.jpg","width":2381,"height":2560},{"@type":"BreadcrumbList","@id":"https:\/\/www.evropskakuca.me\/me\/uz-finansijsku-podrsku-eu-help-i-phiren-amenca-podijelice-600-paketa-pomoci-romima-i-egipcanima\/#breadcrumb","itemListElement":[{"@type":"ListItem","position":1,"name":"Home","item":"https:\/\/www.evropskakuca.me\/me\/"},{"@type":"ListItem","position":2,"name":"Uz finansijsku podr\u0161ku EU, HELP i Phiren Amenca podijeli\u0107e 600 paketa pomo\u0107i Romima i Egip\u0107anima"}]},{"@type":"WebSite","@id":"https:\/\/www.evropskakuca.me\/me\/#website","url":"https:\/\/www.evropskakuca.me\/me\/","name":"Evropean house","description":"","publisher":{"@id":"https:\/\/www.evropskakuca.me\/me\/#organization"},"potentialAction":[{"@type":"SearchAction","target":{"@type":"EntryPoint","urlTemplate":"https:\/\/www.evropskakuca.me\/me\/?s={search_term_string}"},"query-input":{"@type":"PropertyValueSpecification","valueRequired":true,"valueName":"search_term_string"}}],"inLanguage":"me-ME"},{"@type":"Organization","@id":"https:\/\/www.evropskakuca.me\/me\/#organization","name":"Evropean house","url":"https:\/\/www.evropskakuca.me\/me\/","logo":{"@type":"ImageObject","inLanguage":"me-ME","@id":"https:\/\/www.evropskakuca.me\/me\/#\/schema\/logo\/image\/","url":"https:\/\/www.evropskakuca.me\/wp-content\/uploads\/2025\/01\/evropska-kuca-logo-1.png","contentUrl":"https:\/\/www.evropskakuca.me\/wp-content\/uploads\/2025\/01\/evropska-kuca-logo-1.png","width":425,"height":312,"caption":"Evropean house"},"image":{"@id":"https:\/\/www.evropskakuca.me\/me\/#\/schema\/logo\/image\/"},"sameAs":["https:\/\/www.facebook.com\/evropska.kuca","https:\/\/x.com\/evropska_kuca","https:\/\/www.instagram.com\/evropska_kuca"]},{"@type":"Person","@id":"https:\/\/www.evropskakuca.me\/me\/#\/schema\/person\/a1d0dcdaefe4a1cd1d60d200ea137ba4","name":"mkajic","image":{"@type":"ImageObject","inLanguage":"me-ME","@id":"https:\/\/secure.gravatar.com\/avatar\/731fa035cefab7316e6bafd1f25a93fb731a07de14e2d9923f8db4422628eabc?s=96&d=mm&r=g","url":"https:\/\/secure.gravatar.com\/avatar\/731fa035cefab7316e6bafd1f25a93fb731a07de14e2d9923f8db4422628eabc?s=96&d=mm&r=g","contentUrl":"https:\/\/secure.gravatar.com\/avatar\/731fa035cefab7316e6bafd1f25a93fb731a07de14e2d9923f8db4422628eabc?s=96&d=mm&r=g","caption":"mkajic"},"sameAs":["https:\/\/evropskakuca.me"],"url":"https:\/\/www.evropskakuca.me\/me\/author\/mkajic\/"}]}},"_links":{"self":[{"href":"https:\/\/www.evropskakuca.me\/me\/wp-json\/wp\/v2\/posts\/7975","targetHints":{"allow":["GET"]}}],"collection":[{"href":"https:\/\/www.evropskakuca.me\/me\/wp-json\/wp\/v2\/posts"}],"about":[{"href":"https:\/\/www.evropskakuca.me\/me\/wp-json\/wp\/v2\/types\/post"}],"author":[{"embeddable":true,"href":"https:\/\/www.evropskakuca.me\/me\/wp-json\/wp\/v2\/users\/1"}],"replies":[{"embeddable":true,"href":"https:\/\/www.evropskakuca.me\/me\/wp-json\/wp\/v2\/comments?post=7975"}],"version-history":[{"count":0,"href":"https:\/\/www.evropskakuca.me\/me\/wp-json\/wp\/v2\/posts\/7975\/revisions"}],"wp:featuredmedia":[{"embeddable":true,"href":"https:\/\/www.evropskakuca.me\/me\/wp-json\/wp\/v2\/media\/35092"}],"wp:attachment":[{"href":"https:\/\/www.evropskakuca.me\/me\/wp-json\/wp\/v2\/media?parent=7975"}],"wp:term":[{"taxonomy":"category","embeddable":true,"href":"https:\/\/www.evropskakuca.me\/me\/wp-json\/wp\/v2\/categories?post=7975"},{"taxonomy":"post_tag","embeddable":true,"href":"https:\/\/www.evropskakuca.me\/me\/wp-json\/wp\/v2\/tags?post=7975"}],"curies":[{"name":"wp","href":"https:\/\/api.w.org\/{rel}","templated":true}]}}