{"id":7924,"date":"2020-03-20T13:32:55","date_gmt":"2020-03-20T13:32:55","guid":{"rendered":"http:\/\/www.evropskakuca.me\/me\/?p=7924"},"modified":"2020-03-20T13:32:55","modified_gmt":"2020-03-20T13:32:55","slug":"koristiti-eu-fond-solidarnosti-za-krizu-izazvanu-virusom-covid-19","status":"publish","type":"post","link":"https:\/\/www.evropskakuca.me\/me\/koristiti-eu-fond-solidarnosti-za-krizu-izazvanu-virusom-covid-19\/","title":{"rendered":"Koristiti EU Fond Solidarnosti za krizu izazvanu virusom COVID-19"},"content":{"rendered":"<p>Evropska komisija podnijela je predlog uredbe kojom se mijenja postojec\u0301e zakonodavstvo EU a koje se ti\u010de Fonda solidarnosti EU, tako da resurse Fonda mogu koristiti i dr\u017eave \u010dlanice i zemlje u pregovara\u010dkom statusu, (trenutno Crna Gora, Srbija i Turska), u slu\u010dajevima opasnosti po javno zdravlje.<\/p>\n<p>\u201cKriza sa kojom se suo\u010davamo zbog coronavirusa ima i veoma zna\u010dajnu ljudsku dimenziju i potencijalno veliki ekonomski uticaj\u2026 Kao dio ovog zajedni\u010dkog koordinisanog odgovora, Fond solidarnosti EU (EUSF) mo\u017ee igrati va\u017enu ulogu u pokazivanju solidarnosti EU prema dr\u017eavama \u010dlanicama u rje\u0161avanju vanredne situacije \u201c, navodi se u predlogu.<\/p>\n<p>Fond solidarnosti EU postoji od 2002. godine, ali se koristio samo u situacijama velikih katastrofa uzrokovanih prirodnim nepogodama kao \u0161to su poplave, oluje, zemljotresi, vulkanske erupcije, \u0161umski po\u017eari ili su\u0161a.<\/p>\n<p>Dr\u017eava koja ispunjava uslove (dr\u017eava \u010dlanica ili dr\u017eava u pregovorima o statusu) mo\u017ee podnijeti zahtjev za sredstva Fonda ako se direktna \u0161teta od katastrofe procijeni na preko 3 milijarde eura ili 0,6% Bruto Doma\u0107eg Proizvoda.<\/p>\n<p>Komisija je tako\u0111e predlo\u017eila da se iznos sredstava koji dr\u017eava \u010dlanica upla\u0107uje Fondu povec\u0301a na 25% od ukupnog iznosa ili na 100 miliona eura. Prema predlogu, prethodni avansi (10% ili 30 miliona) pokazali su se nedovoljnim.<\/p>\n<p>U slu\u010daju da se predlog prihvati, pomoc\u0301 bi bila izraz finansijskog doprinosa Fonda. Najkasnije \u0161est mjeseci nakon isteka perioda od osamnaest meseci u kome se grant mora koristiti, dr\u017eava korisnica c\u0301e predstaviti izvje\u0161taj o utro\u0161ku finansijskog doprinosa iz Fonda.<\/p>\n<p>Predlog Komisije izradio je Generalni direktorat za regionalnu i urbanu politiku 13. marta i trenutno je u proceduri usvajanja. Treba da ga usvoje i Savjet ministara i Evropski parlament.<\/p>\n<p>Prva faza usvajanja u Savjetu zavr\u0161ena je, a Radna grupa za strukturne mjere je podr\u017eala dokument, uklju\u010dujuc\u0301i predlog za njegovo brzo usvajanje, i poslala ga Odboru stalnih predstavnika, \u0161to je nivo ispod vladinih ministara EU.<\/p>\n<p>Izvor: European Western Balkans<\/p>\n<p>&nbsp;<\/p>\n","protected":false},"excerpt":{"rendered":"<p>EK predla\u017ee dr\u017eavama \u010dlanicama i zemljama u pregovara\u010dkom statusu <\/p>\n","protected":false},"author":1,"featured_media":35096,"comment_status":"open","ping_status":"open","sticky":false,"template":"","format":"standard","meta":{"_acf_changed":false,"footnotes":""},"categories":[],"tags":[],"class_list":["post-7924","post","type-post","status-publish","format-standard","has-post-thumbnail","hentry"],"acf":[],"yoast_head":"<!-- This site is optimized with the Yoast SEO plugin v27.3 - https:\/\/yoast.com\/product\/yoast-seo-wordpress\/ -->\n<title>Koristiti EU Fond Solidarnosti za krizu izazvanu virusom COVID-19 - Europe House<\/title>\n<meta name=\"robots\" content=\"index, follow, max-snippet:-1, max-image-preview:large, max-video-preview:-1\" \/>\n<link rel=\"canonical\" href=\"https:\/\/www.evropskakuca.me\/me\/koristiti-eu-fond-solidarnosti-za-krizu-izazvanu-virusom-covid-19\/\" \/>\n<meta property=\"og:locale\" content=\"en_US\" \/>\n<meta property=\"og:type\" content=\"article\" \/>\n<meta property=\"og:title\" content=\"Koristiti EU Fond Solidarnosti za krizu izazvanu virusom COVID-19 - Europe House\" \/>\n<meta property=\"og:description\" content=\"EK predla\u017ee dr\u017eavama \u010dlanicama i zemljama u pregovara\u010dkom statusu\" \/>\n<meta property=\"og:url\" content=\"https:\/\/www.evropskakuca.me\/me\/koristiti-eu-fond-solidarnosti-za-krizu-izazvanu-virusom-covid-19\/\" \/>\n<meta property=\"og:site_name\" content=\"Europe House\" \/>\n<meta property=\"article:publisher\" content=\"https:\/\/www.facebook.com\/evropska.kuca\" \/>\n<meta property=\"article:published_time\" content=\"2020-03-20T13:32:55+00:00\" \/>\n<meta property=\"og:image\" content=\"https:\/\/www.evropskakuca.me\/wp-content\/uploads\/2020\/03\/P032197000202-862599.jpg\" \/>\n\t<meta property=\"og:image:width\" content=\"640\" \/>\n\t<meta property=\"og:image:height\" content=\"426\" \/>\n\t<meta property=\"og:image:type\" content=\"image\/jpeg\" \/>\n<meta name=\"author\" content=\"mkajic\" \/>\n<meta name=\"twitter:card\" content=\"summary_large_image\" \/>\n<meta name=\"twitter:creator\" content=\"@evropska_kuca\" \/>\n<meta name=\"twitter:site\" content=\"@evropska_kuca\" \/>\n<meta name=\"twitter:label1\" content=\"Written by\" \/>\n\t<meta name=\"twitter:data1\" content=\"mkajic\" \/>\n\t<meta name=\"twitter:label2\" content=\"Est. reading time\" \/>\n\t<meta name=\"twitter:data2\" content=\"2 minutes\" \/>\n<script type=\"application\/ld+json\" class=\"yoast-schema-graph\">{\"@context\":\"https:\\\/\\\/schema.org\",\"@graph\":[{\"@type\":\"Article\",\"@id\":\"https:\\\/\\\/www.evropskakuca.me\\\/me\\\/koristiti-eu-fond-solidarnosti-za-krizu-izazvanu-virusom-covid-19\\\/#article\",\"isPartOf\":{\"@id\":\"https:\\\/\\\/www.evropskakuca.me\\\/me\\\/koristiti-eu-fond-solidarnosti-za-krizu-izazvanu-virusom-covid-19\\\/\"},\"author\":{\"name\":\"mkajic\",\"@id\":\"https:\\\/\\\/www.evropskakuca.me\\\/me\\\/#\\\/schema\\\/person\\\/a1d0dcdaefe4a1cd1d60d200ea137ba4\"},\"headline\":\"Koristiti EU Fond Solidarnosti za krizu izazvanu virusom COVID-19\",\"datePublished\":\"2020-03-20T13:32:55+00:00\",\"mainEntityOfPage\":{\"@id\":\"https:\\\/\\\/www.evropskakuca.me\\\/me\\\/koristiti-eu-fond-solidarnosti-za-krizu-izazvanu-virusom-covid-19\\\/\"},\"wordCount\":335,\"commentCount\":0,\"publisher\":{\"@id\":\"https:\\\/\\\/www.evropskakuca.me\\\/me\\\/#organization\"},\"image\":{\"@id\":\"https:\\\/\\\/www.evropskakuca.me\\\/me\\\/koristiti-eu-fond-solidarnosti-za-krizu-izazvanu-virusom-covid-19\\\/#primaryimage\"},\"thumbnailUrl\":\"https:\\\/\\\/www.evropskakuca.me\\\/wp-content\\\/uploads\\\/2020\\\/03\\\/P032197000202-862599.jpg\",\"inLanguage\":\"me-ME\",\"potentialAction\":[{\"@type\":\"CommentAction\",\"name\":\"Comment\",\"target\":[\"https:\\\/\\\/www.evropskakuca.me\\\/me\\\/koristiti-eu-fond-solidarnosti-za-krizu-izazvanu-virusom-covid-19\\\/#respond\"]}]},{\"@type\":\"WebPage\",\"@id\":\"https:\\\/\\\/www.evropskakuca.me\\\/me\\\/koristiti-eu-fond-solidarnosti-za-krizu-izazvanu-virusom-covid-19\\\/\",\"url\":\"https:\\\/\\\/www.evropskakuca.me\\\/me\\\/koristiti-eu-fond-solidarnosti-za-krizu-izazvanu-virusom-covid-19\\\/\",\"name\":\"Koristiti EU Fond Solidarnosti za krizu izazvanu virusom COVID-19 - Europe House\",\"isPartOf\":{\"@id\":\"https:\\\/\\\/www.evropskakuca.me\\\/me\\\/#website\"},\"primaryImageOfPage\":{\"@id\":\"https:\\\/\\\/www.evropskakuca.me\\\/me\\\/koristiti-eu-fond-solidarnosti-za-krizu-izazvanu-virusom-covid-19\\\/#primaryimage\"},\"image\":{\"@id\":\"https:\\\/\\\/www.evropskakuca.me\\\/me\\\/koristiti-eu-fond-solidarnosti-za-krizu-izazvanu-virusom-covid-19\\\/#primaryimage\"},\"thumbnailUrl\":\"https:\\\/\\\/www.evropskakuca.me\\\/wp-content\\\/uploads\\\/2020\\\/03\\\/P032197000202-862599.jpg\",\"datePublished\":\"2020-03-20T13:32:55+00:00\",\"breadcrumb\":{\"@id\":\"https:\\\/\\\/www.evropskakuca.me\\\/me\\\/koristiti-eu-fond-solidarnosti-za-krizu-izazvanu-virusom-covid-19\\\/#breadcrumb\"},\"inLanguage\":\"me-ME\",\"potentialAction\":[{\"@type\":\"ReadAction\",\"target\":[\"https:\\\/\\\/www.evropskakuca.me\\\/me\\\/koristiti-eu-fond-solidarnosti-za-krizu-izazvanu-virusom-covid-19\\\/\"]}]},{\"@type\":\"ImageObject\",\"inLanguage\":\"me-ME\",\"@id\":\"https:\\\/\\\/www.evropskakuca.me\\\/me\\\/koristiti-eu-fond-solidarnosti-za-krizu-izazvanu-virusom-covid-19\\\/#primaryimage\",\"url\":\"https:\\\/\\\/www.evropskakuca.me\\\/wp-content\\\/uploads\\\/2020\\\/03\\\/P032197000202-862599.jpg\",\"contentUrl\":\"https:\\\/\\\/www.evropskakuca.me\\\/wp-content\\\/uploads\\\/2020\\\/03\\\/P032197000202-862599.jpg\",\"width\":640,\"height\":426},{\"@type\":\"BreadcrumbList\",\"@id\":\"https:\\\/\\\/www.evropskakuca.me\\\/me\\\/koristiti-eu-fond-solidarnosti-za-krizu-izazvanu-virusom-covid-19\\\/#breadcrumb\",\"itemListElement\":[{\"@type\":\"ListItem\",\"position\":1,\"name\":\"Home\",\"item\":\"https:\\\/\\\/www.evropskakuca.me\\\/me\\\/\"},{\"@type\":\"ListItem\",\"position\":2,\"name\":\"Koristiti EU Fond Solidarnosti za krizu izazvanu virusom COVID-19\"}]},{\"@type\":\"WebSite\",\"@id\":\"https:\\\/\\\/www.evropskakuca.me\\\/me\\\/#website\",\"url\":\"https:\\\/\\\/www.evropskakuca.me\\\/me\\\/\",\"name\":\"Evropean house\",\"description\":\"\",\"publisher\":{\"@id\":\"https:\\\/\\\/www.evropskakuca.me\\\/me\\\/#organization\"},\"potentialAction\":[{\"@type\":\"SearchAction\",\"target\":{\"@type\":\"EntryPoint\",\"urlTemplate\":\"https:\\\/\\\/www.evropskakuca.me\\\/me\\\/?s={search_term_string}\"},\"query-input\":{\"@type\":\"PropertyValueSpecification\",\"valueRequired\":true,\"valueName\":\"search_term_string\"}}],\"inLanguage\":\"me-ME\"},{\"@type\":\"Organization\",\"@id\":\"https:\\\/\\\/www.evropskakuca.me\\\/me\\\/#organization\",\"name\":\"Evropean house\",\"url\":\"https:\\\/\\\/www.evropskakuca.me\\\/me\\\/\",\"logo\":{\"@type\":\"ImageObject\",\"inLanguage\":\"me-ME\",\"@id\":\"https:\\\/\\\/www.evropskakuca.me\\\/me\\\/#\\\/schema\\\/logo\\\/image\\\/\",\"url\":\"https:\\\/\\\/www.evropskakuca.me\\\/wp-content\\\/uploads\\\/2025\\\/01\\\/evropska-kuca-logo-1.png\",\"contentUrl\":\"https:\\\/\\\/www.evropskakuca.me\\\/wp-content\\\/uploads\\\/2025\\\/01\\\/evropska-kuca-logo-1.png\",\"width\":425,\"height\":312,\"caption\":\"Evropean house\"},\"image\":{\"@id\":\"https:\\\/\\\/www.evropskakuca.me\\\/me\\\/#\\\/schema\\\/logo\\\/image\\\/\"},\"sameAs\":[\"https:\\\/\\\/www.facebook.com\\\/evropska.kuca\",\"https:\\\/\\\/x.com\\\/evropska_kuca\",\"https:\\\/\\\/www.instagram.com\\\/evropska_kuca\"]},{\"@type\":\"Person\",\"@id\":\"https:\\\/\\\/www.evropskakuca.me\\\/me\\\/#\\\/schema\\\/person\\\/a1d0dcdaefe4a1cd1d60d200ea137ba4\",\"name\":\"mkajic\",\"image\":{\"@type\":\"ImageObject\",\"inLanguage\":\"me-ME\",\"@id\":\"https:\\\/\\\/secure.gravatar.com\\\/avatar\\\/731fa035cefab7316e6bafd1f25a93fb731a07de14e2d9923f8db4422628eabc?s=96&d=mm&r=g\",\"url\":\"https:\\\/\\\/secure.gravatar.com\\\/avatar\\\/731fa035cefab7316e6bafd1f25a93fb731a07de14e2d9923f8db4422628eabc?s=96&d=mm&r=g\",\"contentUrl\":\"https:\\\/\\\/secure.gravatar.com\\\/avatar\\\/731fa035cefab7316e6bafd1f25a93fb731a07de14e2d9923f8db4422628eabc?s=96&d=mm&r=g\",\"caption\":\"mkajic\"},\"sameAs\":[\"https:\\\/\\\/evropskakuca.me\"],\"url\":\"https:\\\/\\\/www.evropskakuca.me\\\/me\\\/author\\\/mkajic\\\/\"}]}<\/script>\n<!-- \/ Yoast SEO plugin. -->","yoast_head_json":{"title":"Koristiti EU Fond Solidarnosti za krizu izazvanu virusom COVID-19 - Europe House","robots":{"index":"index","follow":"follow","max-snippet":"max-snippet:-1","max-image-preview":"max-image-preview:large","max-video-preview":"max-video-preview:-1"},"canonical":"https:\/\/www.evropskakuca.me\/me\/koristiti-eu-fond-solidarnosti-za-krizu-izazvanu-virusom-covid-19\/","og_locale":"en_US","og_type":"article","og_title":"Koristiti EU Fond Solidarnosti za krizu izazvanu virusom COVID-19 - Europe House","og_description":"EK predla\u017ee dr\u017eavama \u010dlanicama i zemljama u pregovara\u010dkom statusu","og_url":"https:\/\/www.evropskakuca.me\/me\/koristiti-eu-fond-solidarnosti-za-krizu-izazvanu-virusom-covid-19\/","og_site_name":"Europe House","article_publisher":"https:\/\/www.facebook.com\/evropska.kuca","article_published_time":"2020-03-20T13:32:55+00:00","og_image":[{"width":640,"height":426,"url":"https:\/\/www.evropskakuca.me\/wp-content\/uploads\/2020\/03\/P032197000202-862599.jpg","type":"image\/jpeg"}],"author":"mkajic","twitter_card":"summary_large_image","twitter_creator":"@evropska_kuca","twitter_site":"@evropska_kuca","twitter_misc":{"Written by":"mkajic","Est. reading time":"2 minutes"},"schema":{"@context":"https:\/\/schema.org","@graph":[{"@type":"Article","@id":"https:\/\/www.evropskakuca.me\/me\/koristiti-eu-fond-solidarnosti-za-krizu-izazvanu-virusom-covid-19\/#article","isPartOf":{"@id":"https:\/\/www.evropskakuca.me\/me\/koristiti-eu-fond-solidarnosti-za-krizu-izazvanu-virusom-covid-19\/"},"author":{"name":"mkajic","@id":"https:\/\/www.evropskakuca.me\/me\/#\/schema\/person\/a1d0dcdaefe4a1cd1d60d200ea137ba4"},"headline":"Koristiti EU Fond Solidarnosti za krizu izazvanu virusom COVID-19","datePublished":"2020-03-20T13:32:55+00:00","mainEntityOfPage":{"@id":"https:\/\/www.evropskakuca.me\/me\/koristiti-eu-fond-solidarnosti-za-krizu-izazvanu-virusom-covid-19\/"},"wordCount":335,"commentCount":0,"publisher":{"@id":"https:\/\/www.evropskakuca.me\/me\/#organization"},"image":{"@id":"https:\/\/www.evropskakuca.me\/me\/koristiti-eu-fond-solidarnosti-za-krizu-izazvanu-virusom-covid-19\/#primaryimage"},"thumbnailUrl":"https:\/\/www.evropskakuca.me\/wp-content\/uploads\/2020\/03\/P032197000202-862599.jpg","inLanguage":"me-ME","potentialAction":[{"@type":"CommentAction","name":"Comment","target":["https:\/\/www.evropskakuca.me\/me\/koristiti-eu-fond-solidarnosti-za-krizu-izazvanu-virusom-covid-19\/#respond"]}]},{"@type":"WebPage","@id":"https:\/\/www.evropskakuca.me\/me\/koristiti-eu-fond-solidarnosti-za-krizu-izazvanu-virusom-covid-19\/","url":"https:\/\/www.evropskakuca.me\/me\/koristiti-eu-fond-solidarnosti-za-krizu-izazvanu-virusom-covid-19\/","name":"Koristiti EU Fond Solidarnosti za krizu izazvanu virusom COVID-19 - Europe House","isPartOf":{"@id":"https:\/\/www.evropskakuca.me\/me\/#website"},"primaryImageOfPage":{"@id":"https:\/\/www.evropskakuca.me\/me\/koristiti-eu-fond-solidarnosti-za-krizu-izazvanu-virusom-covid-19\/#primaryimage"},"image":{"@id":"https:\/\/www.evropskakuca.me\/me\/koristiti-eu-fond-solidarnosti-za-krizu-izazvanu-virusom-covid-19\/#primaryimage"},"thumbnailUrl":"https:\/\/www.evropskakuca.me\/wp-content\/uploads\/2020\/03\/P032197000202-862599.jpg","datePublished":"2020-03-20T13:32:55+00:00","breadcrumb":{"@id":"https:\/\/www.evropskakuca.me\/me\/koristiti-eu-fond-solidarnosti-za-krizu-izazvanu-virusom-covid-19\/#breadcrumb"},"inLanguage":"me-ME","potentialAction":[{"@type":"ReadAction","target":["https:\/\/www.evropskakuca.me\/me\/koristiti-eu-fond-solidarnosti-za-krizu-izazvanu-virusom-covid-19\/"]}]},{"@type":"ImageObject","inLanguage":"me-ME","@id":"https:\/\/www.evropskakuca.me\/me\/koristiti-eu-fond-solidarnosti-za-krizu-izazvanu-virusom-covid-19\/#primaryimage","url":"https:\/\/www.evropskakuca.me\/wp-content\/uploads\/2020\/03\/P032197000202-862599.jpg","contentUrl":"https:\/\/www.evropskakuca.me\/wp-content\/uploads\/2020\/03\/P032197000202-862599.jpg","width":640,"height":426},{"@type":"BreadcrumbList","@id":"https:\/\/www.evropskakuca.me\/me\/koristiti-eu-fond-solidarnosti-za-krizu-izazvanu-virusom-covid-19\/#breadcrumb","itemListElement":[{"@type":"ListItem","position":1,"name":"Home","item":"https:\/\/www.evropskakuca.me\/me\/"},{"@type":"ListItem","position":2,"name":"Koristiti EU Fond Solidarnosti za krizu izazvanu virusom COVID-19"}]},{"@type":"WebSite","@id":"https:\/\/www.evropskakuca.me\/me\/#website","url":"https:\/\/www.evropskakuca.me\/me\/","name":"Evropean house","description":"","publisher":{"@id":"https:\/\/www.evropskakuca.me\/me\/#organization"},"potentialAction":[{"@type":"SearchAction","target":{"@type":"EntryPoint","urlTemplate":"https:\/\/www.evropskakuca.me\/me\/?s={search_term_string}"},"query-input":{"@type":"PropertyValueSpecification","valueRequired":true,"valueName":"search_term_string"}}],"inLanguage":"me-ME"},{"@type":"Organization","@id":"https:\/\/www.evropskakuca.me\/me\/#organization","name":"Evropean house","url":"https:\/\/www.evropskakuca.me\/me\/","logo":{"@type":"ImageObject","inLanguage":"me-ME","@id":"https:\/\/www.evropskakuca.me\/me\/#\/schema\/logo\/image\/","url":"https:\/\/www.evropskakuca.me\/wp-content\/uploads\/2025\/01\/evropska-kuca-logo-1.png","contentUrl":"https:\/\/www.evropskakuca.me\/wp-content\/uploads\/2025\/01\/evropska-kuca-logo-1.png","width":425,"height":312,"caption":"Evropean house"},"image":{"@id":"https:\/\/www.evropskakuca.me\/me\/#\/schema\/logo\/image\/"},"sameAs":["https:\/\/www.facebook.com\/evropska.kuca","https:\/\/x.com\/evropska_kuca","https:\/\/www.instagram.com\/evropska_kuca"]},{"@type":"Person","@id":"https:\/\/www.evropskakuca.me\/me\/#\/schema\/person\/a1d0dcdaefe4a1cd1d60d200ea137ba4","name":"mkajic","image":{"@type":"ImageObject","inLanguage":"me-ME","@id":"https:\/\/secure.gravatar.com\/avatar\/731fa035cefab7316e6bafd1f25a93fb731a07de14e2d9923f8db4422628eabc?s=96&d=mm&r=g","url":"https:\/\/secure.gravatar.com\/avatar\/731fa035cefab7316e6bafd1f25a93fb731a07de14e2d9923f8db4422628eabc?s=96&d=mm&r=g","contentUrl":"https:\/\/secure.gravatar.com\/avatar\/731fa035cefab7316e6bafd1f25a93fb731a07de14e2d9923f8db4422628eabc?s=96&d=mm&r=g","caption":"mkajic"},"sameAs":["https:\/\/evropskakuca.me"],"url":"https:\/\/www.evropskakuca.me\/me\/author\/mkajic\/"}]}},"_links":{"self":[{"href":"https:\/\/www.evropskakuca.me\/me\/wp-json\/wp\/v2\/posts\/7924","targetHints":{"allow":["GET"]}}],"collection":[{"href":"https:\/\/www.evropskakuca.me\/me\/wp-json\/wp\/v2\/posts"}],"about":[{"href":"https:\/\/www.evropskakuca.me\/me\/wp-json\/wp\/v2\/types\/post"}],"author":[{"embeddable":true,"href":"https:\/\/www.evropskakuca.me\/me\/wp-json\/wp\/v2\/users\/1"}],"replies":[{"embeddable":true,"href":"https:\/\/www.evropskakuca.me\/me\/wp-json\/wp\/v2\/comments?post=7924"}],"version-history":[{"count":0,"href":"https:\/\/www.evropskakuca.me\/me\/wp-json\/wp\/v2\/posts\/7924\/revisions"}],"wp:featuredmedia":[{"embeddable":true,"href":"https:\/\/www.evropskakuca.me\/me\/wp-json\/wp\/v2\/media\/35096"}],"wp:attachment":[{"href":"https:\/\/www.evropskakuca.me\/me\/wp-json\/wp\/v2\/media?parent=7924"}],"wp:term":[{"taxonomy":"category","embeddable":true,"href":"https:\/\/www.evropskakuca.me\/me\/wp-json\/wp\/v2\/categories?post=7924"},{"taxonomy":"post_tag","embeddable":true,"href":"https:\/\/www.evropskakuca.me\/me\/wp-json\/wp\/v2\/tags?post=7924"}],"curies":[{"name":"wp","href":"https:\/\/api.w.org\/{rel}","templated":true}]}}