{"id":7917,"date":"2020-03-20T12:55:08","date_gmt":"2020-03-20T12:55:08","guid":{"rendered":"http:\/\/www.evropskakuca.me\/me\/?p=7917"},"modified":"2020-03-20T12:55:08","modified_gmt":"2020-03-20T12:55:08","slug":"evropska-komisija-pravi-zalihe-medicinske-opreme","status":"publish","type":"post","link":"https:\/\/www.evropskakuca.me\/me\/evropska-komisija-pravi-zalihe-medicinske-opreme\/","title":{"rendered":"Evropska komisija pravi zalihe medicinske opreme"},"content":{"rendered":"<p>Evropska komisija odlu\u010dila je da napravi strate\u0161ku zalihu medicinske opreme &#8211; rescEU, kako bi pomogla zemljama \u010dlanicama Mehanizma civilne za\u0161tite EU da se izbore sa pandemijom COVID-19. Zalihe medicinske opreme podrazumijevaju respiratore, maske za vi\u0161ekratnu upotrebu, vakcine i druge terapije, kao i laboratorijski materijal.<\/p>\n<p>RescEU je dio Mehanizma civilne za\u0161tite EU, osnovanog 2001. godine, kako bi ja\u010dao saradnju dr\u017eava u\u010desnica u oblasti civilne za\u0161tite, u cilju pobolj\u0161anja prevencije, spremnosti i reagovanja na katastrofe. Pored dr\u017eava \u010dlanica EU, u Mehanizmu u\u010destvuje i Crna Gora od 2014. godine, kao i Island, Norve\u0161ka, Srbija, Sjeverna Makedonija i Turska.<\/p>\n<p>\u201eSa prvom ikad zajedni\u010dkom evropskom rezervom medicinske opreme za hitnu pomoc\u0301, mi smo solidarnost EU sproveli u djelo. Od toga \u0107e korist imati na\u0161e dr\u017eave \u010dlanice i svi na\u0161i gra\u0111ani. Pomaganje drugima je jedini put kojim idemo naprijed\u201d, kazala je predsjednica Evropske komisije Ursula fon der Lajen.<\/p>\n<p>Kako funkcioni\u0161e rescEU zaliha? Domac\u0301in skladi\u0161ta c\u0301e biti jedna ili vi\u0161e dr\u017eava \u010dlanica. Dr\u017eava domac\u0301in c\u0301e biti odgovorna za nabavku opreme, dok \u0107e Evropska komisija finansirati 90% zaliha. Koordinacioni centar za hitne slu\u010dajeve upravljac\u0301e distribucijom opreme kako bi osigurao da ona ide tamo gdje je najpotrebnije. Po\u010detni bud\u017eet EU za zalihe je 50 miliona eura.<\/p>\n<p>\u201cEU preduzima korake kako bi dr\u017eavama stigla dodatna oprema. Zalihe \u0107e biti iskori\u0161c\u0301ene za podr\u0161ku dr\u017eavama \u010dlanicama koje se suo\u010davaju sa nedostatkom opreme potrebne za lije\u010denje zara\u017eenih pacijenata, za\u0161titu zdravstvenih radnika i pomoc\u0301 za usporavanje \u0161irenja virusa. Na\u0161 plan je da napredujemo bez odlaganja\u201d, rekao je evropski komesar za upravljanje krizama Janez Lezar\u010di\u010d.<\/p>\n<p>Ova mjera stupa na snagu danas &#8211; petak, 20. mart. Dr\u017eava \u010dlanica koja \u017eeli da ugosti zalihe resceEU-a mo\u017ee konkurisati za direktno odobrenje od Evropske komisije. Direktna donacija pokriva 90% tro\u0161kova zaliha, a preostalih 10% snosi dr\u017eava \u010dlanica.<\/p>\n<p><strong>Pozadina<\/strong><\/p>\n<p>Od svog osnivanja 2001. godine, Mehanizam civilne za\u0161tite EU odgovorio je na preko 330 zahtijeva za pomoc\u0301 unutar i izvan EU. Mehanizam posjeduje avione za za\u0161titu od po\u017eara i helikoptere, a kada nivo vanrednog stanja prevazi\u0111e moguc\u0301nosti reagovanja u nekoj dr\u017eavi, ona mo\u017ee zatra\u017eiti pomoc\u0301 putem Mehanizma.<\/p>\n","protected":false},"excerpt":{"rendered":"<p>Sa prvom ikad zajedni\u010dkom evropskom rezervom medicinske opreme za hitnu pomoc\u0301, mi smo solidarnost EU sproveli u djelo, kazala je predsjednica Evropske komisije Ursula fon der Lajen<\/p>\n","protected":false},"author":1,"featured_media":0,"comment_status":"open","ping_status":"open","sticky":false,"template":"","format":"standard","meta":{"_acf_changed":false,"footnotes":""},"categories":[],"tags":[],"class_list":["post-7917","post","type-post","status-publish","format-standard","hentry"],"acf":[],"yoast_head":"<!-- This site is optimized with the Yoast SEO plugin v27.3 - https:\/\/yoast.com\/product\/yoast-seo-wordpress\/ -->\n<title>Evropska komisija pravi zalihe medicinske opreme - Europe House<\/title>\n<meta name=\"robots\" content=\"index, follow, max-snippet:-1, max-image-preview:large, max-video-preview:-1\" \/>\n<link rel=\"canonical\" href=\"https:\/\/www.evropskakuca.me\/me\/evropska-komisija-pravi-zalihe-medicinske-opreme\/\" \/>\n<meta property=\"og:locale\" content=\"en_US\" \/>\n<meta property=\"og:type\" content=\"article\" \/>\n<meta property=\"og:title\" content=\"Evropska komisija pravi zalihe medicinske opreme - Europe House\" \/>\n<meta property=\"og:description\" content=\"Sa prvom ikad zajedni\u010dkom evropskom rezervom medicinske opreme za hitnu pomoc\u0301, mi smo solidarnost EU sproveli u djelo, kazala je predsjednica Evropske komisije Ursula fon der Lajen\" \/>\n<meta property=\"og:url\" content=\"https:\/\/www.evropskakuca.me\/me\/evropska-komisija-pravi-zalihe-medicinske-opreme\/\" \/>\n<meta property=\"og:site_name\" content=\"Europe House\" \/>\n<meta property=\"article:publisher\" content=\"https:\/\/www.facebook.com\/evropska.kuca\" \/>\n<meta property=\"article:published_time\" content=\"2020-03-20T12:55:08+00:00\" \/>\n<meta name=\"author\" content=\"mkajic\" \/>\n<meta name=\"twitter:card\" content=\"summary_large_image\" \/>\n<meta name=\"twitter:creator\" content=\"@evropska_kuca\" \/>\n<meta name=\"twitter:site\" content=\"@evropska_kuca\" \/>\n<meta name=\"twitter:label1\" content=\"Written by\" \/>\n\t<meta name=\"twitter:data1\" content=\"mkajic\" \/>\n\t<meta name=\"twitter:label2\" content=\"Est. reading time\" \/>\n\t<meta name=\"twitter:data2\" content=\"2 minutes\" \/>\n<script type=\"application\/ld+json\" class=\"yoast-schema-graph\">{\"@context\":\"https:\\\/\\\/schema.org\",\"@graph\":[{\"@type\":\"Article\",\"@id\":\"https:\\\/\\\/www.evropskakuca.me\\\/me\\\/evropska-komisija-pravi-zalihe-medicinske-opreme\\\/#article\",\"isPartOf\":{\"@id\":\"https:\\\/\\\/www.evropskakuca.me\\\/me\\\/evropska-komisija-pravi-zalihe-medicinske-opreme\\\/\"},\"author\":{\"name\":\"mkajic\",\"@id\":\"https:\\\/\\\/www.evropskakuca.me\\\/me\\\/#\\\/schema\\\/person\\\/a1d0dcdaefe4a1cd1d60d200ea137ba4\"},\"headline\":\"Evropska komisija pravi zalihe medicinske opreme\",\"datePublished\":\"2020-03-20T12:55:08+00:00\",\"mainEntityOfPage\":{\"@id\":\"https:\\\/\\\/www.evropskakuca.me\\\/me\\\/evropska-komisija-pravi-zalihe-medicinske-opreme\\\/\"},\"wordCount\":386,\"commentCount\":0,\"publisher\":{\"@id\":\"https:\\\/\\\/www.evropskakuca.me\\\/me\\\/#organization\"},\"inLanguage\":\"me-ME\",\"potentialAction\":[{\"@type\":\"CommentAction\",\"name\":\"Comment\",\"target\":[\"https:\\\/\\\/www.evropskakuca.me\\\/me\\\/evropska-komisija-pravi-zalihe-medicinske-opreme\\\/#respond\"]}]},{\"@type\":\"WebPage\",\"@id\":\"https:\\\/\\\/www.evropskakuca.me\\\/me\\\/evropska-komisija-pravi-zalihe-medicinske-opreme\\\/\",\"url\":\"https:\\\/\\\/www.evropskakuca.me\\\/me\\\/evropska-komisija-pravi-zalihe-medicinske-opreme\\\/\",\"name\":\"Evropska komisija pravi zalihe medicinske opreme - Europe House\",\"isPartOf\":{\"@id\":\"https:\\\/\\\/www.evropskakuca.me\\\/me\\\/#website\"},\"datePublished\":\"2020-03-20T12:55:08+00:00\",\"breadcrumb\":{\"@id\":\"https:\\\/\\\/www.evropskakuca.me\\\/me\\\/evropska-komisija-pravi-zalihe-medicinske-opreme\\\/#breadcrumb\"},\"inLanguage\":\"me-ME\",\"potentialAction\":[{\"@type\":\"ReadAction\",\"target\":[\"https:\\\/\\\/www.evropskakuca.me\\\/me\\\/evropska-komisija-pravi-zalihe-medicinske-opreme\\\/\"]}]},{\"@type\":\"BreadcrumbList\",\"@id\":\"https:\\\/\\\/www.evropskakuca.me\\\/me\\\/evropska-komisija-pravi-zalihe-medicinske-opreme\\\/#breadcrumb\",\"itemListElement\":[{\"@type\":\"ListItem\",\"position\":1,\"name\":\"Home\",\"item\":\"https:\\\/\\\/www.evropskakuca.me\\\/me\\\/\"},{\"@type\":\"ListItem\",\"position\":2,\"name\":\"Evropska komisija pravi zalihe medicinske opreme\"}]},{\"@type\":\"WebSite\",\"@id\":\"https:\\\/\\\/www.evropskakuca.me\\\/me\\\/#website\",\"url\":\"https:\\\/\\\/www.evropskakuca.me\\\/me\\\/\",\"name\":\"Evropean house\",\"description\":\"\",\"publisher\":{\"@id\":\"https:\\\/\\\/www.evropskakuca.me\\\/me\\\/#organization\"},\"potentialAction\":[{\"@type\":\"SearchAction\",\"target\":{\"@type\":\"EntryPoint\",\"urlTemplate\":\"https:\\\/\\\/www.evropskakuca.me\\\/me\\\/?s={search_term_string}\"},\"query-input\":{\"@type\":\"PropertyValueSpecification\",\"valueRequired\":true,\"valueName\":\"search_term_string\"}}],\"inLanguage\":\"me-ME\"},{\"@type\":\"Organization\",\"@id\":\"https:\\\/\\\/www.evropskakuca.me\\\/me\\\/#organization\",\"name\":\"Evropean house\",\"url\":\"https:\\\/\\\/www.evropskakuca.me\\\/me\\\/\",\"logo\":{\"@type\":\"ImageObject\",\"inLanguage\":\"me-ME\",\"@id\":\"https:\\\/\\\/www.evropskakuca.me\\\/me\\\/#\\\/schema\\\/logo\\\/image\\\/\",\"url\":\"https:\\\/\\\/www.evropskakuca.me\\\/wp-content\\\/uploads\\\/2025\\\/01\\\/evropska-kuca-logo-1.png\",\"contentUrl\":\"https:\\\/\\\/www.evropskakuca.me\\\/wp-content\\\/uploads\\\/2025\\\/01\\\/evropska-kuca-logo-1.png\",\"width\":425,\"height\":312,\"caption\":\"Evropean house\"},\"image\":{\"@id\":\"https:\\\/\\\/www.evropskakuca.me\\\/me\\\/#\\\/schema\\\/logo\\\/image\\\/\"},\"sameAs\":[\"https:\\\/\\\/www.facebook.com\\\/evropska.kuca\",\"https:\\\/\\\/x.com\\\/evropska_kuca\",\"https:\\\/\\\/www.instagram.com\\\/evropska_kuca\"]},{\"@type\":\"Person\",\"@id\":\"https:\\\/\\\/www.evropskakuca.me\\\/me\\\/#\\\/schema\\\/person\\\/a1d0dcdaefe4a1cd1d60d200ea137ba4\",\"name\":\"mkajic\",\"image\":{\"@type\":\"ImageObject\",\"inLanguage\":\"me-ME\",\"@id\":\"https:\\\/\\\/secure.gravatar.com\\\/avatar\\\/731fa035cefab7316e6bafd1f25a93fb731a07de14e2d9923f8db4422628eabc?s=96&d=mm&r=g\",\"url\":\"https:\\\/\\\/secure.gravatar.com\\\/avatar\\\/731fa035cefab7316e6bafd1f25a93fb731a07de14e2d9923f8db4422628eabc?s=96&d=mm&r=g\",\"contentUrl\":\"https:\\\/\\\/secure.gravatar.com\\\/avatar\\\/731fa035cefab7316e6bafd1f25a93fb731a07de14e2d9923f8db4422628eabc?s=96&d=mm&r=g\",\"caption\":\"mkajic\"},\"sameAs\":[\"https:\\\/\\\/evropskakuca.me\"],\"url\":\"https:\\\/\\\/www.evropskakuca.me\\\/me\\\/author\\\/mkajic\\\/\"}]}<\/script>\n<!-- \/ Yoast SEO plugin. -->","yoast_head_json":{"title":"Evropska komisija pravi zalihe medicinske opreme - Europe House","robots":{"index":"index","follow":"follow","max-snippet":"max-snippet:-1","max-image-preview":"max-image-preview:large","max-video-preview":"max-video-preview:-1"},"canonical":"https:\/\/www.evropskakuca.me\/me\/evropska-komisija-pravi-zalihe-medicinske-opreme\/","og_locale":"en_US","og_type":"article","og_title":"Evropska komisija pravi zalihe medicinske opreme - Europe House","og_description":"Sa prvom ikad zajedni\u010dkom evropskom rezervom medicinske opreme za hitnu pomoc\u0301, mi smo solidarnost EU sproveli u djelo, kazala je predsjednica Evropske komisije Ursula fon der Lajen","og_url":"https:\/\/www.evropskakuca.me\/me\/evropska-komisija-pravi-zalihe-medicinske-opreme\/","og_site_name":"Europe House","article_publisher":"https:\/\/www.facebook.com\/evropska.kuca","article_published_time":"2020-03-20T12:55:08+00:00","author":"mkajic","twitter_card":"summary_large_image","twitter_creator":"@evropska_kuca","twitter_site":"@evropska_kuca","twitter_misc":{"Written by":"mkajic","Est. reading time":"2 minutes"},"schema":{"@context":"https:\/\/schema.org","@graph":[{"@type":"Article","@id":"https:\/\/www.evropskakuca.me\/me\/evropska-komisija-pravi-zalihe-medicinske-opreme\/#article","isPartOf":{"@id":"https:\/\/www.evropskakuca.me\/me\/evropska-komisija-pravi-zalihe-medicinske-opreme\/"},"author":{"name":"mkajic","@id":"https:\/\/www.evropskakuca.me\/me\/#\/schema\/person\/a1d0dcdaefe4a1cd1d60d200ea137ba4"},"headline":"Evropska komisija pravi zalihe medicinske opreme","datePublished":"2020-03-20T12:55:08+00:00","mainEntityOfPage":{"@id":"https:\/\/www.evropskakuca.me\/me\/evropska-komisija-pravi-zalihe-medicinske-opreme\/"},"wordCount":386,"commentCount":0,"publisher":{"@id":"https:\/\/www.evropskakuca.me\/me\/#organization"},"inLanguage":"me-ME","potentialAction":[{"@type":"CommentAction","name":"Comment","target":["https:\/\/www.evropskakuca.me\/me\/evropska-komisija-pravi-zalihe-medicinske-opreme\/#respond"]}]},{"@type":"WebPage","@id":"https:\/\/www.evropskakuca.me\/me\/evropska-komisija-pravi-zalihe-medicinske-opreme\/","url":"https:\/\/www.evropskakuca.me\/me\/evropska-komisija-pravi-zalihe-medicinske-opreme\/","name":"Evropska komisija pravi zalihe medicinske opreme - Europe House","isPartOf":{"@id":"https:\/\/www.evropskakuca.me\/me\/#website"},"datePublished":"2020-03-20T12:55:08+00:00","breadcrumb":{"@id":"https:\/\/www.evropskakuca.me\/me\/evropska-komisija-pravi-zalihe-medicinske-opreme\/#breadcrumb"},"inLanguage":"me-ME","potentialAction":[{"@type":"ReadAction","target":["https:\/\/www.evropskakuca.me\/me\/evropska-komisija-pravi-zalihe-medicinske-opreme\/"]}]},{"@type":"BreadcrumbList","@id":"https:\/\/www.evropskakuca.me\/me\/evropska-komisija-pravi-zalihe-medicinske-opreme\/#breadcrumb","itemListElement":[{"@type":"ListItem","position":1,"name":"Home","item":"https:\/\/www.evropskakuca.me\/me\/"},{"@type":"ListItem","position":2,"name":"Evropska komisija pravi zalihe medicinske opreme"}]},{"@type":"WebSite","@id":"https:\/\/www.evropskakuca.me\/me\/#website","url":"https:\/\/www.evropskakuca.me\/me\/","name":"Evropean house","description":"","publisher":{"@id":"https:\/\/www.evropskakuca.me\/me\/#organization"},"potentialAction":[{"@type":"SearchAction","target":{"@type":"EntryPoint","urlTemplate":"https:\/\/www.evropskakuca.me\/me\/?s={search_term_string}"},"query-input":{"@type":"PropertyValueSpecification","valueRequired":true,"valueName":"search_term_string"}}],"inLanguage":"me-ME"},{"@type":"Organization","@id":"https:\/\/www.evropskakuca.me\/me\/#organization","name":"Evropean house","url":"https:\/\/www.evropskakuca.me\/me\/","logo":{"@type":"ImageObject","inLanguage":"me-ME","@id":"https:\/\/www.evropskakuca.me\/me\/#\/schema\/logo\/image\/","url":"https:\/\/www.evropskakuca.me\/wp-content\/uploads\/2025\/01\/evropska-kuca-logo-1.png","contentUrl":"https:\/\/www.evropskakuca.me\/wp-content\/uploads\/2025\/01\/evropska-kuca-logo-1.png","width":425,"height":312,"caption":"Evropean house"},"image":{"@id":"https:\/\/www.evropskakuca.me\/me\/#\/schema\/logo\/image\/"},"sameAs":["https:\/\/www.facebook.com\/evropska.kuca","https:\/\/x.com\/evropska_kuca","https:\/\/www.instagram.com\/evropska_kuca"]},{"@type":"Person","@id":"https:\/\/www.evropskakuca.me\/me\/#\/schema\/person\/a1d0dcdaefe4a1cd1d60d200ea137ba4","name":"mkajic","image":{"@type":"ImageObject","inLanguage":"me-ME","@id":"https:\/\/secure.gravatar.com\/avatar\/731fa035cefab7316e6bafd1f25a93fb731a07de14e2d9923f8db4422628eabc?s=96&d=mm&r=g","url":"https:\/\/secure.gravatar.com\/avatar\/731fa035cefab7316e6bafd1f25a93fb731a07de14e2d9923f8db4422628eabc?s=96&d=mm&r=g","contentUrl":"https:\/\/secure.gravatar.com\/avatar\/731fa035cefab7316e6bafd1f25a93fb731a07de14e2d9923f8db4422628eabc?s=96&d=mm&r=g","caption":"mkajic"},"sameAs":["https:\/\/evropskakuca.me"],"url":"https:\/\/www.evropskakuca.me\/me\/author\/mkajic\/"}]}},"_links":{"self":[{"href":"https:\/\/www.evropskakuca.me\/me\/wp-json\/wp\/v2\/posts\/7917","targetHints":{"allow":["GET"]}}],"collection":[{"href":"https:\/\/www.evropskakuca.me\/me\/wp-json\/wp\/v2\/posts"}],"about":[{"href":"https:\/\/www.evropskakuca.me\/me\/wp-json\/wp\/v2\/types\/post"}],"author":[{"embeddable":true,"href":"https:\/\/www.evropskakuca.me\/me\/wp-json\/wp\/v2\/users\/1"}],"replies":[{"embeddable":true,"href":"https:\/\/www.evropskakuca.me\/me\/wp-json\/wp\/v2\/comments?post=7917"}],"version-history":[{"count":0,"href":"https:\/\/www.evropskakuca.me\/me\/wp-json\/wp\/v2\/posts\/7917\/revisions"}],"wp:attachment":[{"href":"https:\/\/www.evropskakuca.me\/me\/wp-json\/wp\/v2\/media?parent=7917"}],"wp:term":[{"taxonomy":"category","embeddable":true,"href":"https:\/\/www.evropskakuca.me\/me\/wp-json\/wp\/v2\/categories?post=7917"},{"taxonomy":"post_tag","embeddable":true,"href":"https:\/\/www.evropskakuca.me\/me\/wp-json\/wp\/v2\/tags?post=7917"}],"curies":[{"name":"wp","href":"https:\/\/api.w.org\/{rel}","templated":true}]}}