{"id":7903,"date":"2020-03-04T11:58:53","date_gmt":"2020-03-04T11:58:53","guid":{"rendered":"http:\/\/www.evropskakuca.me\/?p=7903"},"modified":"2020-03-04T11:58:53","modified_gmt":"2020-03-04T11:58:53","slug":"politicki-dogovor-da-kontinent-postane-klimatski-neutralan-do-2050-godine-da-postane-zakonska-obaveza","status":"publish","type":"post","link":"https:\/\/www.evropskakuca.me\/me\/politicki-dogovor-da-kontinent-postane-klimatski-neutralan-do-2050-godine-da-postane-zakonska-obaveza\/","title":{"rendered":"Politi\u010dki dogovor da kontinent postane klimatski neutralan do 2050. godine da postane zakonska obaveza"},"content":{"rendered":"<p>Evropska komisija objavila je predlog prvog <a href=\"https:\/\/ec.europa.eu\/clima\/policies\/eu-climate-action\/law_en\">Evropskog zakona o klimi<\/a>, kojim bi se politi\u010dki preuzeta obaveza o klimatskoj neutralnosti do 2050. godine, pretvorila u zakonsku obavezu. Zakon o klimi odre\u0111uje pravac kretanja za sve politike EU i omogu\u0107ava transparentnost i predvidljivost za javne organe, kompanije i gra\u0111ane. Istovremeno, Komisija pokrec\u0301e javnu konsultaciju o buduc\u0301em <a href=\"https:\/\/ec.europa.eu\/clima\/policies\/eu-climate-action\/pact_en\">Evropskom klimatskom paktu<\/a>. Kroz ove konsultacije, javnost c\u0301e biti uklju\u010dena u ko-osmi\u0161ljavanje ovog instrumenta.<\/p>\n<p>Predsjednica Evropske komisije Ursula von der Lajen istakla je da \u0107e ovaj zakon postaviti kamen-temeljac za Evropu kao lidera na globalnom nivou.<\/p>\n<p><img fetchpriority=\"high\" decoding=\"async\" class=\"alignnone size-full wp-image-7906\" src=\"http:\/\/www.evropskakuca.me\/wp-content\/uploads\/2020\/03\/esrawwgx0aiwj6o-1.jpg\" alt=\"\" width=\"750\" height=\"501\" \/><\/p>\n<p>\u201eDanas djelujemo tako da EU postane prvi klimatski neutralni kontinent na svijetu do 2050. godine. Zakon o klimi pravni je prevod na\u0161eg politi\u010dkog opredjeljenja i nepovratno nas postavlja na put ka odr\u017eivoj buduc\u0301nosti. To je srce evropskog zelenog ugovora. Nudi predvidljivost i transparentnost za evropsku industriju i investitore. I daje smjer na\u0161oj strategiji zelenog rasta i garantuje da c\u0301e tranzicija biti postepena i pravi\u010dna,&#8221; kazala je\u00a0 predsjednica Evropske komisije.<\/p>\n<p>EU bi do 2050. godine trebalo da postigne \u201eklimatski neutralnu\u201c ekonomiju, \u0161to zna\u010di da bi emisija ugljen-dioksida i drugih gasova \u0161tetnih za klimu, trebalo da bude jednaka nuli. Da bi postigla taj cilj, Evropska komisija je najavila da \u0107e poslije sveobuhvatne procjene rezultata 2030. godine predlo\u017eiti novi cilj smanjenja emisije \u0161tetnih gasova i predlo\u017eiti dopunu zakona o klimi. Institucije EU i dr\u017eave \u010dlanice kolektivno su obavezne da preduzmu potrebne mjere na nacionalnom i nivou EU, kako bi ispunile cilj.<\/p>\n<p>\u201eEvropski zakon o klimi je poruka na\u0161im me\u0111unarodnim partnerima da je ovo godina za zajedni\u010dko podizanje globalne ambicije, u cilju ostvarivanja na\u0161ih zajedni\u010dkih ciljeva Pari\u0161kog sporazuma. Zakon o klimi osigurac\u0301e da ostanemo usredsre\u0111eni i disciplinovani, da ostanemo na pravom putu i \u200b\u200bodgovorni smo za rezultate,&#8221; kazao je potpredsjednik za evropsko zeleno poslovanje Frans Timermans.<\/p>\n<p><img decoding=\"async\" class=\"alignnone size-large wp-image-7908\" src=\"http:\/\/www.evropskakuca.me\/wp-content\/uploads\/2020\/03\/green-1024x538.jpg\" alt=\"\" width=\"1024\" height=\"538\" \/><\/p>\n<p>Zakon o klimi uklju\u010duje mjere za prac\u0301enje napretka i prilago\u0111avanje na\u0161ih postupaka u skladu sa postojec\u0301im sistemima, kao \u0161to su proces upravljanja nacionalnim energetskim i klimatskim planovima dr\u017eava \u010dlanica, redovni izve\u0161taji Evropske agencije za \u017eivotnu sredinu i najnoviji nau\u010dni dokazi o klimatskim promjenama i njihovim uticajima. Napredak c\u0301e se preispitivati svakih pet godina, u skladu sa Pari\u0161kim sporazumom. Zakon o klimi tako\u0111e podrazumijeva:<\/p>\n<ul>\n<li>Na osnovu sveobuhvatne procjene uticaja, Komisija c\u0301e predlo\u017eiti novi cilj EU za 2030. godinu za smanjenje emisije gasova sa efektom staklene ba\u0161te. Zakon o klimi bic\u0301e izmijenjen nakon zavr\u0161etka procjene uticaja.<\/li>\n<li>Do juna 2021. Komisija c\u0301e pregledati i po potrebi predlo\u017eiti reviziju svih relevantnih instrumenata politike za postizanje dodatnih smanjenja emisija za 2030. godinu.<\/li>\n<li>Komisija predla\u017ee postavljanje putanje za smanjenje emisije gasova sa efektom staklene ba\u0161te za \u010ditavu EU za period 2030-2050 za mjerenje napretka i pru\u017eanje predvidljivosti javnim vlastima, preduzec\u0301ima i gra\u0111anima.<\/li>\n<li>Do septembra 2023. i nakon toga, svakih pet godina, Komisija c\u0301e procjenjivati uskla\u0111enost mjera EU i nacionalnih dr\u017eava sa ciljem klimatske neutralnosti i putanjom 2030-2050.<\/li>\n<li>Komisija c\u0301e biti ovla\u0161c\u0301ena da izdaje preporuke dr\u017eavama \u010dlanicama \u010diji postupci nisu u skladu sa ciljem klimatske neutralnosti, a dr\u017eave \u010dlanice bic\u0301e u obavezi da vode ra\u010duna o tim preporukama. Komisija tako\u0111e mo\u017ee preispitati adekvatnost putanje i mjera \u0161irom Unije.<\/li>\n<li>Od dr\u017eava \u010dlanica c\u0301e se tako\u0111e tra\u017eiti da razviju i primjene strategije prilago\u0111avanja za ja\u010danje otpornosti i smanjenje ranjivosti na posljedice klimatskih promjena.<\/li>\n<\/ul>\n<p><img decoding=\"async\" class=\"alignnone size-large wp-image-7910\" src=\"http:\/\/www.evropskakuca.me\/wp-content\/uploads\/2020\/03\/green-2-1024x538.jpg\" alt=\"\" width=\"1024\" height=\"538\" \/><\/p>\n<p><strong>Oblikovanje evropskog klimatskog pakta i buduc\u0301e politike<\/strong><\/p>\n<p>Pored vladinih politika i regulacija, svi sektori dru\u0161tva i ekonomije igraju ulogu u tranziciji u klimatsko neutralnu Evropsku uniju. Zato je Komisija pokrenula javnu raspravu o novom evropskom klimatskom paktu, \u0161irokoj inicijativi koja c\u0301e gra\u0111anima i zainteresovanim stranama dati glas i ulogu u dizajniranju novih klimatskih akcija, razmjeni informacija, pokretanju lokalnih aktivnosti i izlaganju rje\u0161enja koja mogu da prate drugi. Javna rasprava bic\u0301e otvorena 12 nedjelja. Inputi c\u0301e se koristiti za oblikovanje Klimatskog pakta koji c\u0301e biti pokrenut prije odr\u017eavanja Konferencije Ujedinjenih nacija o klimatskim promenama u Glazgovu u novembru 2020. (COP26).<\/p>\n<p><strong>Pozadina<\/strong><\/p>\n<p>Ambicija EU da postane prvi klimatski neutralan blok u svijetu do 2050. godine u srcu je <a href=\"https:\/\/ec.europa.eu\/info\/node\/123797\">Evropskog zelenog ugovora<\/a>, koji je Komisiji predstavila Von Der Lajen 11. decembra 2019. Komisija je prvo iznijela svoju viziju za klimatsko neutralnu EU do 2050. godine u novembru 2018. godine, u skladu s ciljem Pari\u0161kog sporazuma da globalno povec\u0301anje temperature ostane ispod 2 \u00b0 C i nastavi napore da se odr\u017ei na 1,5 \u00b0 C. Evropski parlament odobrio je EU cilj postizanja neto nula stakleni\u010dkih gasova \u00a014. marta 2019. Evropski savjet odobrio je 12. decembra 2019. cilj klimatsko neutralne EU do 2050. godine.<\/p>\n","protected":false},"excerpt":{"rendered":"<p>Evropska komisija predstavila Evropski zakon o klimi <\/p>\n","protected":false},"author":1,"featured_media":35086,"comment_status":"open","ping_status":"open","sticky":false,"template":"","format":"standard","meta":{"_acf_changed":false,"footnotes":""},"categories":[1],"tags":[],"class_list":["post-7903","post","type-post","status-publish","format-standard","has-post-thumbnail","hentry","category-uncategorized"],"acf":[],"yoast_head":"<!-- This site is optimized with the Yoast SEO plugin v27.3 - https:\/\/yoast.com\/product\/yoast-seo-wordpress\/ -->\n<title>Politi\u010dki dogovor da kontinent postane klimatski neutralan do 2050. godine da postane zakonska obaveza - Europe House<\/title>\n<meta name=\"robots\" content=\"index, follow, max-snippet:-1, max-image-preview:large, max-video-preview:-1\" \/>\n<link rel=\"canonical\" href=\"https:\/\/www.evropskakuca.me\/me\/politicki-dogovor-da-kontinent-postane-klimatski-neutralan-do-2050-godine-da-postane-zakonska-obaveza\/\" \/>\n<meta property=\"og:locale\" content=\"en_US\" \/>\n<meta property=\"og:type\" content=\"article\" \/>\n<meta property=\"og:title\" content=\"Politi\u010dki dogovor da kontinent postane klimatski neutralan do 2050. godine da postane zakonska obaveza - Europe House\" \/>\n<meta property=\"og:description\" content=\"Evropska komisija predstavila Evropski zakon o klimi\" \/>\n<meta property=\"og:url\" content=\"https:\/\/www.evropskakuca.me\/me\/politicki-dogovor-da-kontinent-postane-klimatski-neutralan-do-2050-godine-da-postane-zakonska-obaveza\/\" \/>\n<meta property=\"og:site_name\" content=\"Europe House\" \/>\n<meta property=\"article:publisher\" content=\"https:\/\/www.facebook.com\/evropska.kuca\" \/>\n<meta property=\"article:published_time\" content=\"2020-03-04T11:58:53+00:00\" \/>\n<meta property=\"og:image\" content=\"https:\/\/www.evropskakuca.me\/wp-content\/uploads\/2020\/03\/89380788_2879722312075230_2401612731145781248_o-1.jpg\" \/>\n\t<meta property=\"og:image:width\" content=\"750\" \/>\n\t<meta property=\"og:image:height\" content=\"500\" \/>\n\t<meta property=\"og:image:type\" content=\"image\/jpeg\" \/>\n<meta name=\"author\" content=\"mkajic\" \/>\n<meta name=\"twitter:card\" content=\"summary_large_image\" \/>\n<meta name=\"twitter:creator\" content=\"@evropska_kuca\" \/>\n<meta name=\"twitter:site\" content=\"@evropska_kuca\" \/>\n<meta name=\"twitter:label1\" content=\"Written by\" \/>\n\t<meta name=\"twitter:data1\" content=\"mkajic\" \/>\n\t<meta name=\"twitter:label2\" content=\"Est. reading time\" \/>\n\t<meta name=\"twitter:data2\" content=\"4 minutes\" \/>\n<script type=\"application\/ld+json\" class=\"yoast-schema-graph\">{\"@context\":\"https:\\\/\\\/schema.org\",\"@graph\":[{\"@type\":\"Article\",\"@id\":\"https:\\\/\\\/www.evropskakuca.me\\\/me\\\/politicki-dogovor-da-kontinent-postane-klimatski-neutralan-do-2050-godine-da-postane-zakonska-obaveza\\\/#article\",\"isPartOf\":{\"@id\":\"https:\\\/\\\/www.evropskakuca.me\\\/me\\\/politicki-dogovor-da-kontinent-postane-klimatski-neutralan-do-2050-godine-da-postane-zakonska-obaveza\\\/\"},\"author\":{\"name\":\"mkajic\",\"@id\":\"https:\\\/\\\/www.evropskakuca.me\\\/me\\\/#\\\/schema\\\/person\\\/a1d0dcdaefe4a1cd1d60d200ea137ba4\"},\"headline\":\"Politi\u010dki dogovor da kontinent postane klimatski neutralan do 2050. godine da postane zakonska obaveza\",\"datePublished\":\"2020-03-04T11:58:53+00:00\",\"mainEntityOfPage\":{\"@id\":\"https:\\\/\\\/www.evropskakuca.me\\\/me\\\/politicki-dogovor-da-kontinent-postane-klimatski-neutralan-do-2050-godine-da-postane-zakonska-obaveza\\\/\"},\"wordCount\":797,\"commentCount\":0,\"publisher\":{\"@id\":\"https:\\\/\\\/www.evropskakuca.me\\\/me\\\/#organization\"},\"image\":{\"@id\":\"https:\\\/\\\/www.evropskakuca.me\\\/me\\\/politicki-dogovor-da-kontinent-postane-klimatski-neutralan-do-2050-godine-da-postane-zakonska-obaveza\\\/#primaryimage\"},\"thumbnailUrl\":\"https:\\\/\\\/www.evropskakuca.me\\\/wp-content\\\/uploads\\\/2020\\\/03\\\/89380788_2879722312075230_2401612731145781248_o-1.jpg\",\"inLanguage\":\"me-ME\",\"potentialAction\":[{\"@type\":\"CommentAction\",\"name\":\"Comment\",\"target\":[\"https:\\\/\\\/www.evropskakuca.me\\\/me\\\/politicki-dogovor-da-kontinent-postane-klimatski-neutralan-do-2050-godine-da-postane-zakonska-obaveza\\\/#respond\"]}]},{\"@type\":\"WebPage\",\"@id\":\"https:\\\/\\\/www.evropskakuca.me\\\/me\\\/politicki-dogovor-da-kontinent-postane-klimatski-neutralan-do-2050-godine-da-postane-zakonska-obaveza\\\/\",\"url\":\"https:\\\/\\\/www.evropskakuca.me\\\/me\\\/politicki-dogovor-da-kontinent-postane-klimatski-neutralan-do-2050-godine-da-postane-zakonska-obaveza\\\/\",\"name\":\"Politi\u010dki dogovor da kontinent postane klimatski neutralan do 2050. godine da postane zakonska obaveza - Europe House\",\"isPartOf\":{\"@id\":\"https:\\\/\\\/www.evropskakuca.me\\\/me\\\/#website\"},\"primaryImageOfPage\":{\"@id\":\"https:\\\/\\\/www.evropskakuca.me\\\/me\\\/politicki-dogovor-da-kontinent-postane-klimatski-neutralan-do-2050-godine-da-postane-zakonska-obaveza\\\/#primaryimage\"},\"image\":{\"@id\":\"https:\\\/\\\/www.evropskakuca.me\\\/me\\\/politicki-dogovor-da-kontinent-postane-klimatski-neutralan-do-2050-godine-da-postane-zakonska-obaveza\\\/#primaryimage\"},\"thumbnailUrl\":\"https:\\\/\\\/www.evropskakuca.me\\\/wp-content\\\/uploads\\\/2020\\\/03\\\/89380788_2879722312075230_2401612731145781248_o-1.jpg\",\"datePublished\":\"2020-03-04T11:58:53+00:00\",\"breadcrumb\":{\"@id\":\"https:\\\/\\\/www.evropskakuca.me\\\/me\\\/politicki-dogovor-da-kontinent-postane-klimatski-neutralan-do-2050-godine-da-postane-zakonska-obaveza\\\/#breadcrumb\"},\"inLanguage\":\"me-ME\",\"potentialAction\":[{\"@type\":\"ReadAction\",\"target\":[\"https:\\\/\\\/www.evropskakuca.me\\\/me\\\/politicki-dogovor-da-kontinent-postane-klimatski-neutralan-do-2050-godine-da-postane-zakonska-obaveza\\\/\"]}]},{\"@type\":\"ImageObject\",\"inLanguage\":\"me-ME\",\"@id\":\"https:\\\/\\\/www.evropskakuca.me\\\/me\\\/politicki-dogovor-da-kontinent-postane-klimatski-neutralan-do-2050-godine-da-postane-zakonska-obaveza\\\/#primaryimage\",\"url\":\"https:\\\/\\\/www.evropskakuca.me\\\/wp-content\\\/uploads\\\/2020\\\/03\\\/89380788_2879722312075230_2401612731145781248_o-1.jpg\",\"contentUrl\":\"https:\\\/\\\/www.evropskakuca.me\\\/wp-content\\\/uploads\\\/2020\\\/03\\\/89380788_2879722312075230_2401612731145781248_o-1.jpg\",\"width\":750,\"height\":500},{\"@type\":\"BreadcrumbList\",\"@id\":\"https:\\\/\\\/www.evropskakuca.me\\\/me\\\/politicki-dogovor-da-kontinent-postane-klimatski-neutralan-do-2050-godine-da-postane-zakonska-obaveza\\\/#breadcrumb\",\"itemListElement\":[{\"@type\":\"ListItem\",\"position\":1,\"name\":\"Home\",\"item\":\"https:\\\/\\\/www.evropskakuca.me\\\/me\\\/\"},{\"@type\":\"ListItem\",\"position\":2,\"name\":\"Politi\u010dki dogovor da kontinent postane klimatski neutralan do 2050. godine da postane zakonska obaveza\"}]},{\"@type\":\"WebSite\",\"@id\":\"https:\\\/\\\/www.evropskakuca.me\\\/me\\\/#website\",\"url\":\"https:\\\/\\\/www.evropskakuca.me\\\/me\\\/\",\"name\":\"Evropean house\",\"description\":\"\",\"publisher\":{\"@id\":\"https:\\\/\\\/www.evropskakuca.me\\\/me\\\/#organization\"},\"potentialAction\":[{\"@type\":\"SearchAction\",\"target\":{\"@type\":\"EntryPoint\",\"urlTemplate\":\"https:\\\/\\\/www.evropskakuca.me\\\/me\\\/?s={search_term_string}\"},\"query-input\":{\"@type\":\"PropertyValueSpecification\",\"valueRequired\":true,\"valueName\":\"search_term_string\"}}],\"inLanguage\":\"me-ME\"},{\"@type\":\"Organization\",\"@id\":\"https:\\\/\\\/www.evropskakuca.me\\\/me\\\/#organization\",\"name\":\"Evropean house\",\"url\":\"https:\\\/\\\/www.evropskakuca.me\\\/me\\\/\",\"logo\":{\"@type\":\"ImageObject\",\"inLanguage\":\"me-ME\",\"@id\":\"https:\\\/\\\/www.evropskakuca.me\\\/me\\\/#\\\/schema\\\/logo\\\/image\\\/\",\"url\":\"https:\\\/\\\/www.evropskakuca.me\\\/wp-content\\\/uploads\\\/2025\\\/01\\\/evropska-kuca-logo-1.png\",\"contentUrl\":\"https:\\\/\\\/www.evropskakuca.me\\\/wp-content\\\/uploads\\\/2025\\\/01\\\/evropska-kuca-logo-1.png\",\"width\":425,\"height\":312,\"caption\":\"Evropean house\"},\"image\":{\"@id\":\"https:\\\/\\\/www.evropskakuca.me\\\/me\\\/#\\\/schema\\\/logo\\\/image\\\/\"},\"sameAs\":[\"https:\\\/\\\/www.facebook.com\\\/evropska.kuca\",\"https:\\\/\\\/x.com\\\/evropska_kuca\",\"https:\\\/\\\/www.instagram.com\\\/evropska_kuca\"]},{\"@type\":\"Person\",\"@id\":\"https:\\\/\\\/www.evropskakuca.me\\\/me\\\/#\\\/schema\\\/person\\\/a1d0dcdaefe4a1cd1d60d200ea137ba4\",\"name\":\"mkajic\",\"image\":{\"@type\":\"ImageObject\",\"inLanguage\":\"me-ME\",\"@id\":\"https:\\\/\\\/secure.gravatar.com\\\/avatar\\\/731fa035cefab7316e6bafd1f25a93fb731a07de14e2d9923f8db4422628eabc?s=96&d=mm&r=g\",\"url\":\"https:\\\/\\\/secure.gravatar.com\\\/avatar\\\/731fa035cefab7316e6bafd1f25a93fb731a07de14e2d9923f8db4422628eabc?s=96&d=mm&r=g\",\"contentUrl\":\"https:\\\/\\\/secure.gravatar.com\\\/avatar\\\/731fa035cefab7316e6bafd1f25a93fb731a07de14e2d9923f8db4422628eabc?s=96&d=mm&r=g\",\"caption\":\"mkajic\"},\"sameAs\":[\"https:\\\/\\\/evropskakuca.me\"],\"url\":\"https:\\\/\\\/www.evropskakuca.me\\\/me\\\/author\\\/mkajic\\\/\"}]}<\/script>\n<!-- \/ Yoast SEO plugin. -->","yoast_head_json":{"title":"Politi\u010dki dogovor da kontinent postane klimatski neutralan do 2050. godine da postane zakonska obaveza - Europe House","robots":{"index":"index","follow":"follow","max-snippet":"max-snippet:-1","max-image-preview":"max-image-preview:large","max-video-preview":"max-video-preview:-1"},"canonical":"https:\/\/www.evropskakuca.me\/me\/politicki-dogovor-da-kontinent-postane-klimatski-neutralan-do-2050-godine-da-postane-zakonska-obaveza\/","og_locale":"en_US","og_type":"article","og_title":"Politi\u010dki dogovor da kontinent postane klimatski neutralan do 2050. godine da postane zakonska obaveza - Europe House","og_description":"Evropska komisija predstavila Evropski zakon o klimi","og_url":"https:\/\/www.evropskakuca.me\/me\/politicki-dogovor-da-kontinent-postane-klimatski-neutralan-do-2050-godine-da-postane-zakonska-obaveza\/","og_site_name":"Europe House","article_publisher":"https:\/\/www.facebook.com\/evropska.kuca","article_published_time":"2020-03-04T11:58:53+00:00","og_image":[{"width":750,"height":500,"url":"https:\/\/www.evropskakuca.me\/wp-content\/uploads\/2020\/03\/89380788_2879722312075230_2401612731145781248_o-1.jpg","type":"image\/jpeg"}],"author":"mkajic","twitter_card":"summary_large_image","twitter_creator":"@evropska_kuca","twitter_site":"@evropska_kuca","twitter_misc":{"Written by":"mkajic","Est. reading time":"4 minutes"},"schema":{"@context":"https:\/\/schema.org","@graph":[{"@type":"Article","@id":"https:\/\/www.evropskakuca.me\/me\/politicki-dogovor-da-kontinent-postane-klimatski-neutralan-do-2050-godine-da-postane-zakonska-obaveza\/#article","isPartOf":{"@id":"https:\/\/www.evropskakuca.me\/me\/politicki-dogovor-da-kontinent-postane-klimatski-neutralan-do-2050-godine-da-postane-zakonska-obaveza\/"},"author":{"name":"mkajic","@id":"https:\/\/www.evropskakuca.me\/me\/#\/schema\/person\/a1d0dcdaefe4a1cd1d60d200ea137ba4"},"headline":"Politi\u010dki dogovor da kontinent postane klimatski neutralan do 2050. godine da postane zakonska obaveza","datePublished":"2020-03-04T11:58:53+00:00","mainEntityOfPage":{"@id":"https:\/\/www.evropskakuca.me\/me\/politicki-dogovor-da-kontinent-postane-klimatski-neutralan-do-2050-godine-da-postane-zakonska-obaveza\/"},"wordCount":797,"commentCount":0,"publisher":{"@id":"https:\/\/www.evropskakuca.me\/me\/#organization"},"image":{"@id":"https:\/\/www.evropskakuca.me\/me\/politicki-dogovor-da-kontinent-postane-klimatski-neutralan-do-2050-godine-da-postane-zakonska-obaveza\/#primaryimage"},"thumbnailUrl":"https:\/\/www.evropskakuca.me\/wp-content\/uploads\/2020\/03\/89380788_2879722312075230_2401612731145781248_o-1.jpg","inLanguage":"me-ME","potentialAction":[{"@type":"CommentAction","name":"Comment","target":["https:\/\/www.evropskakuca.me\/me\/politicki-dogovor-da-kontinent-postane-klimatski-neutralan-do-2050-godine-da-postane-zakonska-obaveza\/#respond"]}]},{"@type":"WebPage","@id":"https:\/\/www.evropskakuca.me\/me\/politicki-dogovor-da-kontinent-postane-klimatski-neutralan-do-2050-godine-da-postane-zakonska-obaveza\/","url":"https:\/\/www.evropskakuca.me\/me\/politicki-dogovor-da-kontinent-postane-klimatski-neutralan-do-2050-godine-da-postane-zakonska-obaveza\/","name":"Politi\u010dki dogovor da kontinent postane klimatski neutralan do 2050. godine da postane zakonska obaveza - Europe House","isPartOf":{"@id":"https:\/\/www.evropskakuca.me\/me\/#website"},"primaryImageOfPage":{"@id":"https:\/\/www.evropskakuca.me\/me\/politicki-dogovor-da-kontinent-postane-klimatski-neutralan-do-2050-godine-da-postane-zakonska-obaveza\/#primaryimage"},"image":{"@id":"https:\/\/www.evropskakuca.me\/me\/politicki-dogovor-da-kontinent-postane-klimatski-neutralan-do-2050-godine-da-postane-zakonska-obaveza\/#primaryimage"},"thumbnailUrl":"https:\/\/www.evropskakuca.me\/wp-content\/uploads\/2020\/03\/89380788_2879722312075230_2401612731145781248_o-1.jpg","datePublished":"2020-03-04T11:58:53+00:00","breadcrumb":{"@id":"https:\/\/www.evropskakuca.me\/me\/politicki-dogovor-da-kontinent-postane-klimatski-neutralan-do-2050-godine-da-postane-zakonska-obaveza\/#breadcrumb"},"inLanguage":"me-ME","potentialAction":[{"@type":"ReadAction","target":["https:\/\/www.evropskakuca.me\/me\/politicki-dogovor-da-kontinent-postane-klimatski-neutralan-do-2050-godine-da-postane-zakonska-obaveza\/"]}]},{"@type":"ImageObject","inLanguage":"me-ME","@id":"https:\/\/www.evropskakuca.me\/me\/politicki-dogovor-da-kontinent-postane-klimatski-neutralan-do-2050-godine-da-postane-zakonska-obaveza\/#primaryimage","url":"https:\/\/www.evropskakuca.me\/wp-content\/uploads\/2020\/03\/89380788_2879722312075230_2401612731145781248_o-1.jpg","contentUrl":"https:\/\/www.evropskakuca.me\/wp-content\/uploads\/2020\/03\/89380788_2879722312075230_2401612731145781248_o-1.jpg","width":750,"height":500},{"@type":"BreadcrumbList","@id":"https:\/\/www.evropskakuca.me\/me\/politicki-dogovor-da-kontinent-postane-klimatski-neutralan-do-2050-godine-da-postane-zakonska-obaveza\/#breadcrumb","itemListElement":[{"@type":"ListItem","position":1,"name":"Home","item":"https:\/\/www.evropskakuca.me\/me\/"},{"@type":"ListItem","position":2,"name":"Politi\u010dki dogovor da kontinent postane klimatski neutralan do 2050. godine da postane zakonska obaveza"}]},{"@type":"WebSite","@id":"https:\/\/www.evropskakuca.me\/me\/#website","url":"https:\/\/www.evropskakuca.me\/me\/","name":"Evropean house","description":"","publisher":{"@id":"https:\/\/www.evropskakuca.me\/me\/#organization"},"potentialAction":[{"@type":"SearchAction","target":{"@type":"EntryPoint","urlTemplate":"https:\/\/www.evropskakuca.me\/me\/?s={search_term_string}"},"query-input":{"@type":"PropertyValueSpecification","valueRequired":true,"valueName":"search_term_string"}}],"inLanguage":"me-ME"},{"@type":"Organization","@id":"https:\/\/www.evropskakuca.me\/me\/#organization","name":"Evropean house","url":"https:\/\/www.evropskakuca.me\/me\/","logo":{"@type":"ImageObject","inLanguage":"me-ME","@id":"https:\/\/www.evropskakuca.me\/me\/#\/schema\/logo\/image\/","url":"https:\/\/www.evropskakuca.me\/wp-content\/uploads\/2025\/01\/evropska-kuca-logo-1.png","contentUrl":"https:\/\/www.evropskakuca.me\/wp-content\/uploads\/2025\/01\/evropska-kuca-logo-1.png","width":425,"height":312,"caption":"Evropean house"},"image":{"@id":"https:\/\/www.evropskakuca.me\/me\/#\/schema\/logo\/image\/"},"sameAs":["https:\/\/www.facebook.com\/evropska.kuca","https:\/\/x.com\/evropska_kuca","https:\/\/www.instagram.com\/evropska_kuca"]},{"@type":"Person","@id":"https:\/\/www.evropskakuca.me\/me\/#\/schema\/person\/a1d0dcdaefe4a1cd1d60d200ea137ba4","name":"mkajic","image":{"@type":"ImageObject","inLanguage":"me-ME","@id":"https:\/\/secure.gravatar.com\/avatar\/731fa035cefab7316e6bafd1f25a93fb731a07de14e2d9923f8db4422628eabc?s=96&d=mm&r=g","url":"https:\/\/secure.gravatar.com\/avatar\/731fa035cefab7316e6bafd1f25a93fb731a07de14e2d9923f8db4422628eabc?s=96&d=mm&r=g","contentUrl":"https:\/\/secure.gravatar.com\/avatar\/731fa035cefab7316e6bafd1f25a93fb731a07de14e2d9923f8db4422628eabc?s=96&d=mm&r=g","caption":"mkajic"},"sameAs":["https:\/\/evropskakuca.me"],"url":"https:\/\/www.evropskakuca.me\/me\/author\/mkajic\/"}]}},"_links":{"self":[{"href":"https:\/\/www.evropskakuca.me\/me\/wp-json\/wp\/v2\/posts\/7903","targetHints":{"allow":["GET"]}}],"collection":[{"href":"https:\/\/www.evropskakuca.me\/me\/wp-json\/wp\/v2\/posts"}],"about":[{"href":"https:\/\/www.evropskakuca.me\/me\/wp-json\/wp\/v2\/types\/post"}],"author":[{"embeddable":true,"href":"https:\/\/www.evropskakuca.me\/me\/wp-json\/wp\/v2\/users\/1"}],"replies":[{"embeddable":true,"href":"https:\/\/www.evropskakuca.me\/me\/wp-json\/wp\/v2\/comments?post=7903"}],"version-history":[{"count":0,"href":"https:\/\/www.evropskakuca.me\/me\/wp-json\/wp\/v2\/posts\/7903\/revisions"}],"wp:featuredmedia":[{"embeddable":true,"href":"https:\/\/www.evropskakuca.me\/me\/wp-json\/wp\/v2\/media\/35086"}],"wp:attachment":[{"href":"https:\/\/www.evropskakuca.me\/me\/wp-json\/wp\/v2\/media?parent=7903"}],"wp:term":[{"taxonomy":"category","embeddable":true,"href":"https:\/\/www.evropskakuca.me\/me\/wp-json\/wp\/v2\/categories?post=7903"},{"taxonomy":"post_tag","embeddable":true,"href":"https:\/\/www.evropskakuca.me\/me\/wp-json\/wp\/v2\/tags?post=7903"}],"curies":[{"name":"wp","href":"https:\/\/api.w.org\/{rel}","templated":true}]}}